{"id":26200,"date":"2022-06-29T09:40:34","date_gmt":"2022-06-29T09:40:34","guid":{"rendered":"https:\/\/larevistadigital.com.ar\/blog\/?p=26200"},"modified":"2022-06-29T09:40:34","modified_gmt":"2022-06-29T09:40:34","slug":"mar-del-plata-vecinos-aseguran-que-la-vieja-terminal-es-tierra-de-nadie-y-piden-el-cambio-del-jefe-de-la-departamental","status":"publish","type":"post","link":"https:\/\/larevistadigital.com.ar\/blog\/mar-del-plata-vecinos-aseguran-que-la-vieja-terminal-es-tierra-de-nadie-y-piden-el-cambio-del-jefe-de-la-departamental\/","title":{"rendered":"MAR DEL PLATA: VECINOS ASEGURAN QUE \u00abLA VIEJA TERMINAL ES TIERRA DE NADIE\u00bb Y PIDEN EL CAMBIO DEL JEFE DE LA DEPARTAMENTAL"},"content":{"rendered":"<h2>As\u00ed lo indicaron los vecinos de la zona el \u00absupuesto\u00bb operativo cerrojo que dispuso Jos\u00e9 Segovia para el fin de semana.<em> \u00abNo nos quiere atender, esto es zona liberada. Dimos todas las pruebas con filmaciones, fotograf\u00edas, marcamos el corredor narco y no pasa nada\u00bb<\/em>, aseguraron.<\/h2>\n<p><strong>MAR DEL PLATA &#8211;\u00a0<\/strong> Como respuesta a la gran cantidad de hechos delictivos y violencia en la Vieja Terminal, el Jefe de la Departamental asegur\u00f3, seg\u00fan fuentes relacionadas a este medio, que dispuso una\u00a0<strong>serie de operativos cerrojo<\/strong>. Algo que seg\u00fan los vecinos, en realidad no se hizo.<\/p>\n<blockquote>\n<h3>Prostituci\u00f3n, narcomenudeo, robos, violaciones y hasta asesinatos destacan a la nueva Zona Roja de Mar del Plata y\u00a0<strong>lo que ofusca a Jos\u00e9 Segovia son los art\u00edculos period\u00edsticos que no hacen m\u00e1s que reflejar su falta de empat\u00eda<\/strong>\u00a0con los vecinos de la Vieja Terminal.<\/h3>\n<\/blockquote>\n<p><strong><em>\u00abHonestamente estamos cada vez peor\u00bb<\/em><\/strong>, comenz\u00f3 en di\u00e1logo con\u00a0<em><strong>El Marplatense<\/strong><\/em> la referente vecinal, <strong>Virginia Sosa<\/strong>. \u00abNing\u00fan comisario de zona quiere hablar con los vecinos. Tuvimos la violaci\u00f3n de una chica y no se sabe si quien fue arrestado es el culpable, el caso de la granada qued\u00f3 en la nada. Las cosas que se reflejan es gracias a los vecinos que estamos comunicados por el grupo de Whatsapp.\u00a0<strong>Los operativos que se hicieron fueron gracias a las denuncias de los vecinos y el reflejo de los medios<\/strong>\u00ab, sentenci\u00f3 la mujer.<\/p>\n<p><strong>\u00abEl jefe de la Departamental (Jos\u00e9 Segovia) no nos quiere atender, esto es zona liberada.\u00a0Dimos todas las pruebas con filmaciones, fotograf\u00edas, marcamos el corredor narco y no pasa nada.\u00a0Los polic\u00edas hablaron con nosotros, los que estaban parados en las esquinas y nos dicen que tienen \u00f3rdenes que no pueden tocar a nadie, ni tampoco impedir el paso de nadie, solo tienen que estar parados all\u00ed y solo viernes y s\u00e1bados. Los dem\u00e1s d\u00edas no hay nadie, y est\u00e1n desde las 23 horas con el cono azul\u00bb<\/strong>, detall\u00f3 <strong>Sosa<\/strong>.<\/p>\n<blockquote>\n<h3>Asimismo, barajaron otra opci\u00f3n: <strong><em>\u00abHablamos con la secretaria de Seguridad, les expusimos una idea como \u201cOjos en Alerta\u201d, con un grupo de referentes de vecinos y all\u00ed ten\u00eda que estar un jefe de operaciones de la departamental o la segunda, junto con alguien del COM, pero no hay nada.\u00a0Esto es un arr\u00e9glense como puedan ustedes, da una imagen triste\u00bb<\/em><\/strong>, se quej\u00f3 la vecina.<\/h3>\n<\/blockquote>\n<p><em><strong>\u00abLamentablemente, si esto sigue as\u00ed es imperioso que cambien al jefe de la Departamental.\u00a0Ni el barrio, ni la ciudad se merecen vivir esto\u00bb<\/strong><\/em>, cerr\u00f3<strong> Sosa<\/strong>.<\/p>\n","protected":false},"excerpt":{"rendered":"<div class=\"mh-excerpt\"><p>As\u00ed lo indicaron los vecinos de la zona el \u00absupuesto\u00bb operativo cerrojo que dispuso Jos\u00e9 Segovia para el fin de semana. \u00abNo nos quiere atender, esto es zona liberada. Dimos todas las pruebas con filmaciones, <a class=\"mh-excerpt-more\" href=\"https:\/\/larevistadigital.com.ar\/blog\/mar-del-plata-vecinos-aseguran-que-la-vieja-terminal-es-tierra-de-nadie-y-piden-el-cambio-del-jefe-de-la-departamental\/\" title=\"MAR DEL PLATA: VECINOS ASEGURAN QUE \u00abLA VIEJA TERMINAL ES TIERRA DE NADIE\u00bb Y PIDEN EL CAMBIO DEL JEFE DE LA DEPARTAMENTAL\">[Leer M\u00e1s]<\/a><\/p>\n<\/div>","protected":false},"author":3,"featured_media":26201,"comment_status":"open","ping_status":"open","sticky":false,"template":"","format":"standard","meta":{"_jetpack_memberships_contains_paid_content":false,"footnotes":"","jetpack_publicize_message":"","jetpack_publicize_feature_enabled":true,"jetpack_social_post_already_shared":true,"jetpack_social_options":{"image_generator_settings":{"template":"highway","default_image_id":0,"font":"","enabled":false},"version":2}},"categories":[44,51],"tags":[],"class_list":{"0":"post-26200","1":"post","2":"type-post","3":"status-publish","4":"format-standard","5":"has-post-thumbnail","7":"category-policiales","8":"category-regionales"},"jetpack_publicize_connections":[],"jetpack_featured_media_url":"https:\/\/i0.wp.com\/larevistadigital.com.ar\/blog\/wp-content\/uploads\/WhatsApp-Image-2022-03-05-at-20.17.21.jpg?fit=850%2C560&ssl=1","jetpack_sharing_enabled":true,"jetpack_shortlink":"https:\/\/wp.me\/p8qtrQ-6OA","jetpack-related-posts":[{"id":19132,"url":"https:\/\/larevistadigital.com.ar\/blog\/mar-del-plata-designaron-a-jose-segovia-como-el-nuevo-jefe-departamental-de-la-policia\/","url_meta":{"origin":26200,"position":0},"title":"MAR DEL PLATA: DESIGNARON A JOS\u00c9 SEGOVIA COMO EL NUEVO JEFE DEPARTAMENTAL DE LA POLIC\u00cdA","author":"Alejandro Sosa Ruda","date":"2 marzo, 2021","format":false,"excerpt":"As\u00ed fue confirmado por el propio ministro Sergio Berni. Hay m\u00e1s cambios en la estructura policial de Mar del Plata. MAR DEL PLATA - Jos\u00e9 Segovia, hasta ayer director de la DDI Mar del Plata, asumir\u00e1 este martes como nuevo Jefe Departamental de Mar del Plata, en el marco de\u2026","rel":"","context":"En \u00abREGIONALES\u00bb","block_context":{"text":"REGIONALES","link":"https:\/\/larevistadigital.com.ar\/blog\/category\/regionales\/"},"img":{"alt_text":"","src":"https:\/\/i0.wp.com\/larevistadigital.com.ar\/blog\/wp-content\/uploads\/45d24eberni.jpg?fit=1200%2C592&ssl=1&resize=350%2C200","width":350,"height":200,"srcset":"https:\/\/i0.wp.com\/larevistadigital.com.ar\/blog\/wp-content\/uploads\/45d24eberni.jpg?fit=1200%2C592&ssl=1&resize=350%2C200 1x, https:\/\/i0.wp.com\/larevistadigital.com.ar\/blog\/wp-content\/uploads\/45d24eberni.jpg?fit=1200%2C592&ssl=1&resize=525%2C300 1.5x, https:\/\/i0.wp.com\/larevistadigital.com.ar\/blog\/wp-content\/uploads\/45d24eberni.jpg?fit=1200%2C592&ssl=1&resize=700%2C400 2x, https:\/\/i0.wp.com\/larevistadigital.com.ar\/blog\/wp-content\/uploads\/45d24eberni.jpg?fit=1200%2C592&ssl=1&resize=1050%2C600 3x"},"classes":[]},{"id":35193,"url":"https:\/\/larevistadigital.com.ar\/blog\/mar-del-plata-cuidacoches-rompio-el-capo-de-un-taxi-tras-una-discusion\/","url_meta":{"origin":26200,"position":1},"title":"MAR DEL PLATA: CUIDACOCHES ROMPI\u00d3 EL CAPO DE UN TAXI TRAS UNA DISCUSI\u00d3N","author":"Alejandro Sosa Ruda","date":"7 febrero, 2024","format":false,"excerpt":"Sucedi\u00f3 en la zona de la vieja terminal. Qued\u00f3 alojado en el Centro Especializado en Aprehensi\u00f3n (CEA). MAR DEL PLATA -\u00a0 Un adolescente de 17 a\u00f1os\u00a0que cuida autos en la zona de la vieja terminal fue aprehendido el martes a la tarde por personal policial luego de da\u00f1ar el capot\u2026","rel":"","context":"En \u00abPOLICIALES\u00bb","block_context":{"text":"POLICIALES","link":"https:\/\/larevistadigital.com.ar\/blog\/category\/policiales\/"},"img":{"alt_text":"","src":"https:\/\/i0.wp.com\/larevistadigital.com.ar\/blog\/wp-content\/uploads\/Captura-de-pantalla-2024-02-07-101425.png?fit=810%2C332&ssl=1&resize=350%2C200","width":350,"height":200,"srcset":"https:\/\/i0.wp.com\/larevistadigital.com.ar\/blog\/wp-content\/uploads\/Captura-de-pantalla-2024-02-07-101425.png?fit=810%2C332&ssl=1&resize=350%2C200 1x, https:\/\/i0.wp.com\/larevistadigital.com.ar\/blog\/wp-content\/uploads\/Captura-de-pantalla-2024-02-07-101425.png?fit=810%2C332&ssl=1&resize=525%2C300 1.5x, https:\/\/i0.wp.com\/larevistadigital.com.ar\/blog\/wp-content\/uploads\/Captura-de-pantalla-2024-02-07-101425.png?fit=810%2C332&ssl=1&resize=700%2C400 2x"},"classes":[]},{"id":43963,"url":"https:\/\/larevistadigital.com.ar\/blog\/mar-del-plata-un-hombre-efectuo-disparos-en-la-madrugada-y-fue-detenido\/","url_meta":{"origin":26200,"position":2},"title":"Mar del Plata: Un hombre efectu\u00f3 disparos en la madrugada y fue detenido","author":"Alejandro Sosa Ruda","date":"12 febrero, 2026","format":false,"excerpt":"Vecinos alertaron al 911 por detonaciones en la v\u00eda p\u00fablica. La Polic\u00eda secuestr\u00f3 un rev\u00f3lver calibre .38 con la numeraci\u00f3n suprimida y la Fiscal\u00eda inici\u00f3 una causa por tenencia ilegal de arma y encubrimiento. 12 de febrero de 2026 MAR DEL PLATA -\u00a0 Un hombre de 30 a\u00f1os fue aprehendido\u2026","rel":"","context":"En \u00abPOLICIALES\u00bb","block_context":{"text":"POLICIALES","link":"https:\/\/larevistadigital.com.ar\/blog\/category\/policiales\/"},"img":{"alt_text":"","src":"https:\/\/i0.wp.com\/larevistadigital.com.ar\/blog\/wp-content\/uploads\/Captura-de-pantalla-2026-02-12-123904.jpg?fit=769%2C462&ssl=1&resize=350%2C200","width":350,"height":200,"srcset":"https:\/\/i0.wp.com\/larevistadigital.com.ar\/blog\/wp-content\/uploads\/Captura-de-pantalla-2026-02-12-123904.jpg?fit=769%2C462&ssl=1&resize=350%2C200 1x, https:\/\/i0.wp.com\/larevistadigital.com.ar\/blog\/wp-content\/uploads\/Captura-de-pantalla-2026-02-12-123904.jpg?fit=769%2C462&ssl=1&resize=525%2C300 1.5x, https:\/\/i0.wp.com\/larevistadigital.com.ar\/blog\/wp-content\/uploads\/Captura-de-pantalla-2026-02-12-123904.jpg?fit=769%2C462&ssl=1&resize=700%2C400 2x"},"classes":[]},{"id":25988,"url":"https:\/\/larevistadigital.com.ar\/blog\/mar-del-plata-una-mujer-y-tres-menores-de-entre-13-y-15-anos-apunalan-y-matan-a-un-turista\/","url_meta":{"origin":26200,"position":3},"title":"MAR DEL PLATA: UNA MUJER Y TRES MENORES DE ENTRE 13 Y 15 A\u00d1OS APU\u00d1ALAN Y MATAN A UN TURISTA","author":"Alejandro Sosa Ruda","date":"20 junio, 2022","format":false,"excerpt":"Una fuerte discusi\u00f3n desde un balc\u00f3n en plena madrugada, sigui\u00f3 con un enfrentamiento entre tres adolescentes y una mujer y dos hombres de 30 a\u00f1os, que termin\u00f3 en tragedia, con uno de ellos muerto de una pu\u00f1alada. MAR DEL PLATA -\u00a0 El confuso episodio comenz\u00f3 en las primeras horas del\u2026","rel":"","context":"En \u00abPOLICIALES\u00bb","block_context":{"text":"POLICIALES","link":"https:\/\/larevistadigital.com.ar\/blog\/category\/policiales\/"},"img":{"alt_text":"","src":"https:\/\/i0.wp.com\/larevistadigital.com.ar\/blog\/wp-content\/uploads\/20220619114044_same-higa-mar-del-plata.jpg?fit=880%2C512&ssl=1&resize=350%2C200","width":350,"height":200,"srcset":"https:\/\/i0.wp.com\/larevistadigital.com.ar\/blog\/wp-content\/uploads\/20220619114044_same-higa-mar-del-plata.jpg?fit=880%2C512&ssl=1&resize=350%2C200 1x, https:\/\/i0.wp.com\/larevistadigital.com.ar\/blog\/wp-content\/uploads\/20220619114044_same-higa-mar-del-plata.jpg?fit=880%2C512&ssl=1&resize=525%2C300 1.5x, https:\/\/i0.wp.com\/larevistadigital.com.ar\/blog\/wp-content\/uploads\/20220619114044_same-higa-mar-del-plata.jpg?fit=880%2C512&ssl=1&resize=700%2C400 2x"},"classes":[]},{"id":31130,"url":"https:\/\/larevistadigital.com.ar\/blog\/mar-del-plata-vecinos-de-zona-norte-denuncian-que-la-comisaria-de-la-zona-cierra-de-noche-y-es-tierra-de-nadie\/","url_meta":{"origin":26200,"position":4},"title":"MAR DEL PLATA: VECINOS DE ZONA NORTE DENUNCIAN QUE \u00abLA COMISAR\u00cdA DE LA ZONA CIERRA DE NOCHE, Y ES TIERRA DE NADIE\u00bb","author":"Alejandro Sosa Ruda","date":"19 abril, 2023","format":false,"excerpt":"Son habitantes de Alto Camet y Las Dalias que aseguran que pr\u00e1cticamente no hay patrullaje de los efectivos de la comisar\u00eda decimoquinta. \"Est\u00e1n robando con una facilidad enorme\", confiaron. 19 de abril de 2023 MAR DEL PLATA -\u00a0 Vecinos de los barrios Alto Camet y Las Dalias, en la zona\u2026","rel":"","context":"En \u00abPOLICIALES\u00bb","block_context":{"text":"POLICIALES","link":"https:\/\/larevistadigital.com.ar\/blog\/category\/policiales\/"},"img":{"alt_text":"","src":"https:\/\/i0.wp.com\/larevistadigital.com.ar\/blog\/wp-content\/uploads\/Captura-de-pantalla-2023-04-19-195753.png?fit=781%2C395&ssl=1&resize=350%2C200","width":350,"height":200,"srcset":"https:\/\/i0.wp.com\/larevistadigital.com.ar\/blog\/wp-content\/uploads\/Captura-de-pantalla-2023-04-19-195753.png?fit=781%2C395&ssl=1&resize=350%2C200 1x, https:\/\/i0.wp.com\/larevistadigital.com.ar\/blog\/wp-content\/uploads\/Captura-de-pantalla-2023-04-19-195753.png?fit=781%2C395&ssl=1&resize=525%2C300 1.5x, https:\/\/i0.wp.com\/larevistadigital.com.ar\/blog\/wp-content\/uploads\/Captura-de-pantalla-2023-04-19-195753.png?fit=781%2C395&ssl=1&resize=700%2C400 2x"},"classes":[]},{"id":21516,"url":"https:\/\/larevistadigital.com.ar\/blog\/vecinos-detienen-a-ladron-que-intento-ingresar-en-varias-casas\/","url_meta":{"origin":26200,"position":5},"title":"VECINOS DETIENEN A LADR\u00d3N QUE INTENT\u00d3 INGRESAR EN VARIAS CASAS","author":"Alejandro Sosa Ruda","date":"11 agosto, 2021","format":false,"excerpt":"Lo atraparon en el barrio Constituci\u00f3n. Se le form\u00f3 una causa por violaci\u00f3n de domicilio y qued\u00f3 alojado en la Unidad Penal 44 de Bat\u00e1n. MAR DEL PLATA - El alerta que varios vecinos del barrio Constituci\u00f3n dieron al 911 por la presencia de un hombre que merodeaba la zona\u2026","rel":"","context":"En \u00abPOLICIALES\u00bb","block_context":{"text":"POLICIALES","link":"https:\/\/larevistadigital.com.ar\/blog\/category\/policiales\/"},"img":{"alt_text":"","src":"https:\/\/i0.wp.com\/larevistadigital.com.ar\/blog\/wp-content\/uploads\/CHORRO-1.png?fit=1002%2C558&ssl=1&resize=350%2C200","width":350,"height":200,"srcset":"https:\/\/i0.wp.com\/larevistadigital.com.ar\/blog\/wp-content\/uploads\/CHORRO-1.png?fit=1002%2C558&ssl=1&resize=350%2C200 1x, https:\/\/i0.wp.com\/larevistadigital.com.ar\/blog\/wp-content\/uploads\/CHORRO-1.png?fit=1002%2C558&ssl=1&resize=525%2C300 1.5x, https:\/\/i0.wp.com\/larevistadigital.com.ar\/blog\/wp-content\/uploads\/CHORRO-1.png?fit=1002%2C558&ssl=1&resize=700%2C400 2x"},"classes":[]}],"_links":{"self":[{"href":"https:\/\/larevistadigital.com.ar\/blog\/wp-json\/wp\/v2\/posts\/26200","targetHints":{"allow":["GET"]}}],"collection":[{"href":"https:\/\/larevistadigital.com.ar\/blog\/wp-json\/wp\/v2\/posts"}],"about":[{"href":"https:\/\/larevistadigital.com.ar\/blog\/wp-json\/wp\/v2\/types\/post"}],"author":[{"embeddable":true,"href":"https:\/\/larevistadigital.com.ar\/blog\/wp-json\/wp\/v2\/users\/3"}],"replies":[{"embeddable":true,"href":"https:\/\/larevistadigital.com.ar\/blog\/wp-json\/wp\/v2\/comments?post=26200"}],"version-history":[{"count":2,"href":"https:\/\/larevistadigital.com.ar\/blog\/wp-json\/wp\/v2\/posts\/26200\/revisions"}],"predecessor-version":[{"id":26203,"href":"https:\/\/larevistadigital.com.ar\/blog\/wp-json\/wp\/v2\/posts\/26200\/revisions\/26203"}],"wp:featuredmedia":[{"embeddable":true,"href":"https:\/\/larevistadigital.com.ar\/blog\/wp-json\/wp\/v2\/media\/26201"}],"wp:attachment":[{"href":"https:\/\/larevistadigital.com.ar\/blog\/wp-json\/wp\/v2\/media?parent=26200"}],"wp:term":[{"taxonomy":"category","embeddable":true,"href":"https:\/\/larevistadigital.com.ar\/blog\/wp-json\/wp\/v2\/categories?post=26200"},{"taxonomy":"post_tag","embeddable":true,"href":"https:\/\/larevistadigital.com.ar\/blog\/wp-json\/wp\/v2\/tags?post=26200"}],"curies":[{"name":"wp","href":"https:\/\/api.w.org\/{rel}","templated":true}]}}