{"id":26207,"date":"2022-06-30T19:46:04","date_gmt":"2022-06-30T19:46:04","guid":{"rendered":"https:\/\/larevistadigital.com.ar\/blog\/?p=26207"},"modified":"2022-06-30T19:46:04","modified_gmt":"2022-06-30T19:46:04","slug":"junin-la-provincia-terminara-25-viviendas-tras-el-abandono-del-municipio","status":"publish","type":"post","link":"https:\/\/larevistadigital.com.ar\/blog\/junin-la-provincia-terminara-25-viviendas-tras-el-abandono-del-municipio\/","title":{"rendered":"JUNIN: LA PROVINCIA TERMINAR\u00c1 25 VIVIENDAS TRAS EL ABANDONO DEL MUNICIPIO"},"content":{"rendered":"<h2 class=\"fparrafo ctext fz18 lh25\">En 2016, para la creaci\u00f3n de un nuevo barrio, la Provincia financi\u00f3 la construcci\u00f3n de 50 unidades habitacionales en la ciudad, en el marco del Programa \u201cSolidaridad con municipios\u201d. La obra se realiz\u00f3 a un ritmo muy lento y con constantes atrasos en los pagos por parte del municipio. El ministro de H\u00e1bitat y Desarrollo Urbano de la Provincia, prometi\u00f3 que en ocho meses estar\u00e1n concluidas 25 viviendas.<\/h2>\n<p class=\"selectionShareable\"><strong>JUNIN &#8211;\u00a0<\/strong> Tras varios a\u00f1os en que fueron presupuestadas las viviendas, los trabajos nunca se realizaron por parte del municipio, por ello intervino la Provincia para que al menos 25 familias cuenten con el techo propio, en el marco del d\u00e9ficit habitacional que sufre la ciudad. \u201cDesde el Ministerio, sobre todo lo que no se pudo reactivar, se est\u00e1 armando un gran expediente y se pidi\u00f3 a cada municipio que nos mande unos papeles que nosotros estamos necesitando\u201d, dijo el ministro Agust\u00edn Simone.<\/p>\n<blockquote>\n<h3 class=\"selectionShareable\">Seg\u00fan revela el portal Seminario, Agust\u00edn continu\u00f3 detallando la situaci\u00f3n <em>\u201cen abril, el municipio nos empez\u00f3 a mandar y termin\u00f3 con ese env\u00edo el 7 de junio. A partir de eso se ajust\u00f3 el presupuesto y estamos pronto a firmar la continuidad de la obra, que en ocho meses se deber\u00eda terminar\u201d.<\/em><\/h3>\n<\/blockquote>\n<p class=\"selectionShareable\"><em><strong>\u201cA estas viviendas les falta el 75 por ciento, por eso calculamos unos ocho meses aproximados para su culminaci\u00f3n. Encontramos, en general, todo paralizado cuando asumimos en la Provincia. Se vencieron plazos de obras, contratos, quedaron deudas y eso dej\u00f3 adem\u00e1s algunos \u2018matetes\u2019 legales. La verdad es que la pol\u00edtica habitacional del gobierno anterior fue nula\u201d<\/strong><\/em>, se\u00f1al\u00f3 el ministro.<\/p>\n<blockquote>\n<h3 class=\"selectionShareable\"><em>\u201cEl gobierno anterior cre\u00eda que la \u00fanica herramienta v\u00e1lida era el Hipotecario-UVA y que el resto no ten\u00eda sentido. A trav\u00e9s de los institutos no destin\u00f3 presupuesto ni prioridad pol\u00edtica\u201d<\/em>, concluy\u00f3 el funcionario provincial.<\/h3>\n<\/blockquote>\n<p class=\"selectionShareable\"><span style=\"color: #ff0000\"><b>El accionar del Municipio<\/b><\/span><\/p>\n<p class=\"selectionShareable\"><strong>Petrecca<\/strong> cont\u00f3 con la Ordenanza 6987 del 2016, que el Concejo Deliberante en una sesi\u00f3n especial aprob\u00f3 un convenio marco que el municipio suscribir\u00eda con el Instituto Provincial de la Vivienda, para la construcci\u00f3n de 50 unidades habitacionales en la ciudad, en el marco del Programa \u201cSolidaridad con municipios\u201d. Seg\u00fan se inform\u00f3, se trata de los primeros pasos hacia un nuevo barrio, en el marco de un programa habitacional provincial. Y para ello fue aprobado un monto total de 37 millones de pesos.<\/p>\n<p class=\"selectionShareable\"><strong><em>\u201cHace mucho que no se hac\u00edan casas para los sectores m\u00e1s necesitados, los \u00faltimos barrios fueron de Naci\u00f3n y se trat\u00f3 del Plan Federal. Hoy tenemos la posibilidad de ofrecerles una soluci\u00f3n a 50 familias juninenses\u201d<\/em><\/strong>, apuntaron los concejales oficialistas en ese momento.<\/p>\n<p class=\"selectionShareable\"><span style=\"color: #ff0000\"><b>Fondos perdidos en alguna canaleta<\/b><\/span><\/p>\n<p class=\"selectionShareable\">A pesar de la ordenanza y el presupuesto asignado, no hubo decisi\u00f3n de encarar el proyecto ese a\u00f1o, por lo que nuevamente en el presupuesto de 2018 se volvi\u00f3 a incluir y aprobar la construcci\u00f3n de 50 viviendas, con un presupuesto asignado esta vez de casi 60 millones de pesos. Sin embargo, tampoco fueron utilizados para esos fines y las viviendas debieron esperar un a\u00f1o m\u00e1s.<\/p>\n<p class=\"selectionShareable\"><span style=\"color: #ff0000\"><b>M\u00e1s presupuesto extraviado<\/b><\/span><\/p>\n<p class=\"selectionShareable\">Ya en 2019, nuevamente se dispuso una partida presupuestaria de casi 40 millones para que el ejecutivo construya las viviendas, pero en ese caso para construir ahora solamente 25 viviendas, quedando la espera para seguir construyendo las otras 25 una vez terminadas las anteriores.<\/p>\n<p class=\"selectionShareable\">Si bien las viviendas comenzaron a construirse, el avance de la obra se realiz\u00f3 a un ritmo muy lento y con constantes atrasos en los pagos por parte del municipio, por lo que a pesar de tener fondos en el presupuesto nuevamente, ese a\u00f1o tampoco se terminaron las viviendas y fueron definitivamente paralizadas. (<b>InfoGEI<\/b>)Ap\/Jd<\/p>\n","protected":false},"excerpt":{"rendered":"<div class=\"mh-excerpt\"><p>En 2016, para la creaci\u00f3n de un nuevo barrio, la Provincia financi\u00f3 la construcci\u00f3n de 50 unidades habitacionales en la ciudad, en el marco del Programa \u201cSolidaridad con municipios\u201d. La obra se realiz\u00f3 a un <a class=\"mh-excerpt-more\" href=\"https:\/\/larevistadigital.com.ar\/blog\/junin-la-provincia-terminara-25-viviendas-tras-el-abandono-del-municipio\/\" title=\"JUNIN: LA PROVINCIA TERMINAR\u00c1 25 VIVIENDAS TRAS EL ABANDONO DEL MUNICIPIO\">[Leer M\u00e1s]<\/a><\/p>\n<\/div>","protected":false},"author":3,"featured_media":26208,"comment_status":"open","ping_status":"open","sticky":false,"template":"","format":"standard","meta":{"_jetpack_memberships_contains_paid_content":false,"footnotes":"","jetpack_publicize_message":"","jetpack_publicize_feature_enabled":true,"jetpack_social_post_already_shared":true,"jetpack_social_options":{"image_generator_settings":{"template":"highway","default_image_id":0,"font":"","enabled":false},"version":2}},"categories":[24,51],"tags":[],"class_list":{"0":"post-26207","1":"post","2":"type-post","3":"status-publish","4":"format-standard","5":"has-post-thumbnail","7":"category-politica-provincial","8":"category-regionales"},"jetpack_publicize_connections":[],"jetpack_featured_media_url":"https:\/\/i0.wp.com\/larevistadigital.com.ar\/blog\/wp-content\/uploads\/20220630174406_construccion-casas-junin-abandonada-macrismo.jpg?fit=880%2C512&ssl=1","jetpack_sharing_enabled":true,"jetpack_shortlink":"https:\/\/wp.me\/p8qtrQ-6OH","jetpack-related-posts":[{"id":41043,"url":"https:\/\/larevistadigital.com.ar\/blog\/impulsan-medidas-cautelares-contra-las-fumigaciones-con-agrotoxicos-en-olavarria-y-junin\/","url_meta":{"origin":26207,"position":0},"title":"Impulsan medidas cautelares contra las fumigaciones con agrot\u00f3xicos en Olavarr\u00eda y Jun\u00edn","author":"Alejandro Sosa Ruda","date":"22 agosto, 2025","format":false,"excerpt":"El Jefe de Fiscales de la Provincia de Buenos Aires, recomend\u00f3 a la Suprema Corte bonaerense suspender art\u00edculos de ordenanzas de Olavarr\u00eda y Jun\u00edn que permiten las fumigaciones a\u00e9reas con agrot\u00f3xicos por debajo del piso provincial y autorizan las terrestres a metros de viviendas, escuelas y pozos de agua, solicitando\u2026","rel":"","context":"En \u00abREGIONALES\u00bb","block_context":{"text":"REGIONALES","link":"https:\/\/larevistadigital.com.ar\/blog\/category\/regionales\/"},"img":{"alt_text":"","src":"https:\/\/i0.wp.com\/larevistadigital.com.ar\/blog\/wp-content\/uploads\/20250821172743_procuderia-fumigaciones-agrotoxicos-olavarria-junin-1.jpg?fit=880%2C512&ssl=1&resize=350%2C200","width":350,"height":200,"srcset":"https:\/\/i0.wp.com\/larevistadigital.com.ar\/blog\/wp-content\/uploads\/20250821172743_procuderia-fumigaciones-agrotoxicos-olavarria-junin-1.jpg?fit=880%2C512&ssl=1&resize=350%2C200 1x, https:\/\/i0.wp.com\/larevistadigital.com.ar\/blog\/wp-content\/uploads\/20250821172743_procuderia-fumigaciones-agrotoxicos-olavarria-junin-1.jpg?fit=880%2C512&ssl=1&resize=525%2C300 1.5x, https:\/\/i0.wp.com\/larevistadigital.com.ar\/blog\/wp-content\/uploads\/20250821172743_procuderia-fumigaciones-agrotoxicos-olavarria-junin-1.jpg?fit=880%2C512&ssl=1&resize=700%2C400 2x"},"classes":[]},{"id":24083,"url":"https:\/\/larevistadigital.com.ar\/blog\/se-cuestiona-el-trato-del-gobierno-con-junin-por-las-cianobacterias\/","url_meta":{"origin":26207,"position":1},"title":"SE CUESTIONA EL TRATO DEL GOBIERNO CON JUNIN POR LAS CIANOBACTERIAS","author":"Alejandro Sosa Ruda","date":"18 febrero, 2022","format":false,"excerpt":"Una nueva disputa entre oficialismo y oposici\u00f3n se plante\u00f3 desde el Senado bonaerense con los cuestionamientos por parte de la Senadora de Juntos por el Cambio Yamila Alonso, por el manejo de la situaci\u00f3n con las cianobacterias en Jun\u00edn por parte de la Provincia de Buenos Aires. Luego de las\u2026","rel":"","context":"En \u00abPOLITICA PROVINCIAL\u00bb","block_context":{"text":"POLITICA PROVINCIAL","link":"https:\/\/larevistadigital.com.ar\/blog\/category\/politica\/politica-provincial\/"},"img":{"alt_text":"","src":"https:\/\/i0.wp.com\/larevistadigital.com.ar\/blog\/wp-content\/uploads\/20220217165732_yamila-alonso-cianobacterias-junin.jpg?fit=880%2C512&ssl=1&resize=350%2C200","width":350,"height":200,"srcset":"https:\/\/i0.wp.com\/larevistadigital.com.ar\/blog\/wp-content\/uploads\/20220217165732_yamila-alonso-cianobacterias-junin.jpg?fit=880%2C512&ssl=1&resize=350%2C200 1x, https:\/\/i0.wp.com\/larevistadigital.com.ar\/blog\/wp-content\/uploads\/20220217165732_yamila-alonso-cianobacterias-junin.jpg?fit=880%2C512&ssl=1&resize=525%2C300 1.5x, https:\/\/i0.wp.com\/larevistadigital.com.ar\/blog\/wp-content\/uploads\/20220217165732_yamila-alonso-cianobacterias-junin.jpg?fit=880%2C512&ssl=1&resize=700%2C400 2x"},"classes":[]},{"id":19319,"url":"https:\/\/larevistadigital.com.ar\/blog\/ayacucho-el-intendente-se-reunio-con-el-ministro-de-infraestructura-y-servicios-agustin-simone\/","url_meta":{"origin":26207,"position":2},"title":"AYACUCHO: EL INTENDENTE SE REUNI\u00d3 CON EL MINISTRO DE INFRAESTRUCTURA Y SERVICIOS, AGUST\u00cdN SIMONE","author":"Alejandro Sosa Ruda","date":"18 marzo, 2021","format":false,"excerpt":"El ministro de Infraestructura y Servicios P\u00fablicos de la Provincia, Agust\u00edn Simone, recibi\u00f3 al intendente de Ayacucho, Emilio Cordonnier, para conversar sobre proyectos vinculados a la obra p\u00fablica en nuestra ciudad. En ese sentido, hablaron sobre el presupuesto asignado a Ayacucho para este 2021 y sobre obras que fueron paralizadas\u2026","rel":"","context":"En \u00abREGIONALES\u00bb","block_context":{"text":"REGIONALES","link":"https:\/\/larevistadigital.com.ar\/blog\/category\/regionales\/"},"img":{"alt_text":"","src":"https:\/\/i0.wp.com\/larevistadigital.com.ar\/blog\/wp-content\/uploads\/Captura-de-pantalla-2021-03-18-104522.png?fit=843%2C562&ssl=1&resize=350%2C200","width":350,"height":200,"srcset":"https:\/\/i0.wp.com\/larevistadigital.com.ar\/blog\/wp-content\/uploads\/Captura-de-pantalla-2021-03-18-104522.png?fit=843%2C562&ssl=1&resize=350%2C200 1x, https:\/\/i0.wp.com\/larevistadigital.com.ar\/blog\/wp-content\/uploads\/Captura-de-pantalla-2021-03-18-104522.png?fit=843%2C562&ssl=1&resize=525%2C300 1.5x, https:\/\/i0.wp.com\/larevistadigital.com.ar\/blog\/wp-content\/uploads\/Captura-de-pantalla-2021-03-18-104522.png?fit=843%2C562&ssl=1&resize=700%2C400 2x"},"classes":[]},{"id":43358,"url":"https:\/\/larevistadigital.com.ar\/blog\/en-castelli-la-provincia-reactiva-viviendas-paradas-de-nacion\/","url_meta":{"origin":26207,"position":3},"title":"En Castelli la Provincia reactiva viviendas paradas de Naci\u00f3n","author":"Alejandro Sosa Ruda","date":"14 enero, 2026","format":false,"excerpt":"El proyecto habitacional prev\u00e9 la terminaci\u00f3n de 10 casas a trav\u00e9s del Programa Completar. 14 de enero de 2026 La Provincia suma otra decena de viviendas a su plan de 8.000 casas en ejecuci\u00f3n que est\u00e1 en marcha a trav\u00e9s del Ministerio de H\u00e1bitat y Desarrollo Urbano a cargo de\u2026","rel":"","context":"En \u00abPOLITICA PROVINCIAL\u00bb","block_context":{"text":"POLITICA PROVINCIAL","link":"https:\/\/larevistadigital.com.ar\/blog\/category\/politica\/politica-provincial\/"},"img":{"alt_text":"","src":"https:\/\/i0.wp.com\/larevistadigital.com.ar\/blog\/wp-content\/uploads\/Captura-de-pantalla-2026-01-14-193054.jpg?fit=691%2C429&ssl=1&resize=350%2C200","width":350,"height":200,"srcset":"https:\/\/i0.wp.com\/larevistadigital.com.ar\/blog\/wp-content\/uploads\/Captura-de-pantalla-2026-01-14-193054.jpg?fit=691%2C429&ssl=1&resize=350%2C200 1x, https:\/\/i0.wp.com\/larevistadigital.com.ar\/blog\/wp-content\/uploads\/Captura-de-pantalla-2026-01-14-193054.jpg?fit=691%2C429&ssl=1&resize=525%2C300 1.5x"},"classes":[]},{"id":37552,"url":"https:\/\/larevistadigital.com.ar\/blog\/kicillof-entrego-viviendas-en-almirante-brown\/","url_meta":{"origin":26207,"position":4},"title":"Kicillof entreg\u00f3 viviendas en Almirante Brown","author":"Alejandro Sosa Ruda","date":"17 octubre, 2024","format":false,"excerpt":"Las nuevas unidades completan un proyecto de 258 soluciones\u00a0habitacionales emplazadas en el Barrio Las Brisas. 17 de octubre de 2024 BUENOS AIRES -\u00a0 El gobernador de la provincia de Buenos Aires, Axel Kicillof, encabez\u00f3 este jueves el acto de entrega de 14 nuevas viviendas destinadas a personal policial en el\u2026","rel":"","context":"En \u00abPOLITICA PROVINCIAL\u00bb","block_context":{"text":"POLITICA PROVINCIAL","link":"https:\/\/larevistadigital.com.ar\/blog\/category\/politica\/politica-provincial\/"},"img":{"alt_text":"","src":"https:\/\/i0.wp.com\/larevistadigital.com.ar\/blog\/wp-content\/uploads\/WhatsApp-Image-2024-10-17-at-14.15.08.jpeg?fit=743%2C530&ssl=1&resize=350%2C200","width":350,"height":200,"srcset":"https:\/\/i0.wp.com\/larevistadigital.com.ar\/blog\/wp-content\/uploads\/WhatsApp-Image-2024-10-17-at-14.15.08.jpeg?fit=743%2C530&ssl=1&resize=350%2C200 1x, https:\/\/i0.wp.com\/larevistadigital.com.ar\/blog\/wp-content\/uploads\/WhatsApp-Image-2024-10-17-at-14.15.08.jpeg?fit=743%2C530&ssl=1&resize=525%2C300 1.5x, https:\/\/i0.wp.com\/larevistadigital.com.ar\/blog\/wp-content\/uploads\/WhatsApp-Image-2024-10-17-at-14.15.08.jpeg?fit=743%2C530&ssl=1&resize=700%2C400 2x"},"classes":[]},{"id":40261,"url":"https:\/\/larevistadigital.com.ar\/blog\/kicillof-entrego-viviendas-y-escrituras-a-familias-de-henderson\/","url_meta":{"origin":26207,"position":5},"title":"Kicillof entreg\u00f3 viviendas y escrituras a familias de Henderson","author":"Alejandro Sosa Ruda","date":"2 julio, 2025","format":false,"excerpt":"Adem\u00e1s, el Gobernador puso en funcionamiento nuevos patrulleros y una ambulancia de alta complejidad. 02 de Junio de 2025 BUENOS AIRES -\u00a0 El gobernador de la provincia de Buenos Aires, Axel Kicillof, encabez\u00f3 este martes el acto de entrega de 15 viviendas y de escrituras gratuitas en beneficio de familias\u2026","rel":"","context":"En \u00abPOLITICA PROVINCIAL\u00bb","block_context":{"text":"POLITICA PROVINCIAL","link":"https:\/\/larevistadigital.com.ar\/blog\/category\/politica\/politica-provincial\/"},"img":{"alt_text":"","src":"https:\/\/i0.wp.com\/larevistadigital.com.ar\/blog\/wp-content\/uploads\/DSC5297.jpg?fit=743%2C530&ssl=1&resize=350%2C200","width":350,"height":200,"srcset":"https:\/\/i0.wp.com\/larevistadigital.com.ar\/blog\/wp-content\/uploads\/DSC5297.jpg?fit=743%2C530&ssl=1&resize=350%2C200 1x, https:\/\/i0.wp.com\/larevistadigital.com.ar\/blog\/wp-content\/uploads\/DSC5297.jpg?fit=743%2C530&ssl=1&resize=525%2C300 1.5x, https:\/\/i0.wp.com\/larevistadigital.com.ar\/blog\/wp-content\/uploads\/DSC5297.jpg?fit=743%2C530&ssl=1&resize=700%2C400 2x"},"classes":[]}],"_links":{"self":[{"href":"https:\/\/larevistadigital.com.ar\/blog\/wp-json\/wp\/v2\/posts\/26207","targetHints":{"allow":["GET"]}}],"collection":[{"href":"https:\/\/larevistadigital.com.ar\/blog\/wp-json\/wp\/v2\/posts"}],"about":[{"href":"https:\/\/larevistadigital.com.ar\/blog\/wp-json\/wp\/v2\/types\/post"}],"author":[{"embeddable":true,"href":"https:\/\/larevistadigital.com.ar\/blog\/wp-json\/wp\/v2\/users\/3"}],"replies":[{"embeddable":true,"href":"https:\/\/larevistadigital.com.ar\/blog\/wp-json\/wp\/v2\/comments?post=26207"}],"version-history":[{"count":1,"href":"https:\/\/larevistadigital.com.ar\/blog\/wp-json\/wp\/v2\/posts\/26207\/revisions"}],"predecessor-version":[{"id":26209,"href":"https:\/\/larevistadigital.com.ar\/blog\/wp-json\/wp\/v2\/posts\/26207\/revisions\/26209"}],"wp:featuredmedia":[{"embeddable":true,"href":"https:\/\/larevistadigital.com.ar\/blog\/wp-json\/wp\/v2\/media\/26208"}],"wp:attachment":[{"href":"https:\/\/larevistadigital.com.ar\/blog\/wp-json\/wp\/v2\/media?parent=26207"}],"wp:term":[{"taxonomy":"category","embeddable":true,"href":"https:\/\/larevistadigital.com.ar\/blog\/wp-json\/wp\/v2\/categories?post=26207"},{"taxonomy":"post_tag","embeddable":true,"href":"https:\/\/larevistadigital.com.ar\/blog\/wp-json\/wp\/v2\/tags?post=26207"}],"curies":[{"name":"wp","href":"https:\/\/api.w.org\/{rel}","templated":true}]}}