{"id":26210,"date":"2022-06-30T20:13:57","date_gmt":"2022-06-30T20:13:57","guid":{"rendered":"https:\/\/larevistadigital.com.ar\/blog\/?p=26210"},"modified":"2022-06-30T20:13:57","modified_gmt":"2022-06-30T20:13:57","slug":"coronel-dorrego-otro-camionero-atacado-por-eludir-el-piquete","status":"publish","type":"post","link":"https:\/\/larevistadigital.com.ar\/blog\/coronel-dorrego-otro-camionero-atacado-por-eludir-el-piquete\/","title":{"rendered":"CORONEL DORREGO: OTRO CAMIONERO ATACADO POR ELUDIR EL PIQUETE."},"content":{"rendered":"<h2 class=\"fparrafo ctext fz18 lh25\">Mientras la justicia resuelve la causa por el camionero asesinado sobre la Ruta Provincial 65, a la altura de Daireaux, manifestantes del ret\u00e9n que se encuentra en el cruce de las rutas N\u00b03 y N\u00b0 72, a la altura de Coronel Dorrego, atacaron con neum\u00e1ticos a otro transportista cuando quiso seguir la marcha para evadir el piquete.<\/h2>\n<p class=\"selectionShareable\"><strong>CORONEL DORREGO &#8211;\u00a0<\/strong> Seg\u00fan el informe policial, el cami\u00f3n, conducido por un transportista de carnes, no se detuvo en el cruce de las rutas N\u00b03 y N\u00b0 72, a pesar de que los piqueteros le arrojaron una cubierta, la que causo da\u00f1os en el parabrisas del veh\u00edculo.<\/p>\n<blockquote>\n<h3 class=\"selectionShareable\">A tan solo 300 kil\u00f3metros de Daireaux, el lugar donde este lunes asesinaron a un camionero que tambi\u00e9n intent\u00f3 eludir al piquete que reclama por la falta de gasoil y sobreprecios, tanto el conductor atacado con un neum\u00e1tico y su acompa\u00f1ante salieron ilesos.<\/h3>\n<\/blockquote>\n<p class=\"selectionShareable\">Seg\u00fan informa el portal Diputados Bonaerenses, el violento episodio en el ret\u00e9n de Coronel Dorrego ocurri\u00f3 en la madrugada, donde tanto el chofer como el acompa\u00f1ante desistieron de hacer la denuncia a la polic\u00eda local, ya que si se segu\u00edan demorando en esa ciudad podr\u00edan perder la carne transportada.<\/p>\n<blockquote>\n<h3 class=\"selectionShareable\">De todas formas, la polic\u00eda de Coronel Dorrego al informarse de la gravedad de los hechos y con el tr\u00e1gico antecedente del camionero asesinado en Daireaux, decidieron iniciar una investigaci\u00f3n de oficio.<\/h3>\n<\/blockquote>\n<p class=\"selectionShareable\"><span style=\"color: #ff0000\"><b>Caso Guillermo Jara<\/b><\/span><\/p>\n<p class=\"selectionShareable\">Este lunes el camionero <strong>Guillermo Jara<\/strong> fue asesinado como consecuencia de un piedrazo que recibi\u00f3 en la sien del lado izquierdo y su cuerpo qued\u00f3 dentro del cami\u00f3n que se despist\u00f3 y se estrell\u00f3 al costado de la ruta provincial N\u00b0 65, a cinco kil\u00f3metros de Daireaux.<\/p>\n<blockquote>\n<h3 class=\"selectionShareable\">Fuentes policiales y judiciales informaron que todo comenz\u00f3 cuando la v\u00edctima, oriunda de General Rodr\u00edguez, circulaba a bordo de un cami\u00f3n y detuvo la marcha a la altura de uno de los piquetes de transportistas, como pas\u00f3 en el ret\u00e9n de Coronel Dorrego.<\/h3>\n<\/blockquote>\n<p class=\"selectionShareable\"><span style=\"color: #ff0000\"><b>Testimonios<\/b><\/span><\/p>\n<p class=\"selectionShareable\">Seg\u00fan determinaron las pesquisas en base a la declaraci\u00f3n de testigos, <strong>Guillermo Jara<\/strong> intent\u00f3 continuar su camino, lo que motiv\u00f3 una discusi\u00f3n con los manifestantes, mientras que algunos testigos presenciales dijeron que en ese momento se origin\u00f3 una pelea, en la que varios golpearon y arrancaron la ropa del camionero asesinado, quien de todas formas logr\u00f3 ascender nuevamente al veh\u00edculo.<\/p>\n<p class=\"selectionShareable\">Finalmente, <strong>Guillermo Jara<\/strong> huy\u00f3 del lugar de la pelea con otros camioneros, pero fue perseguido por tres veh\u00edculos, desde uno de los cuales le arrojaron al menos una piedra que, tras perforar el parabrisas, impact\u00f3 en el rostro del conductor y lo mat\u00f3. (<b>InfoGEI<\/b>)Ap\/Jd<\/p>\n","protected":false},"excerpt":{"rendered":"<div class=\"mh-excerpt\"><p>Mientras la justicia resuelve la causa por el camionero asesinado sobre la Ruta Provincial 65, a la altura de Daireaux, manifestantes del ret\u00e9n que se encuentra en el cruce de las rutas N\u00b03 y N\u00b0 <a class=\"mh-excerpt-more\" href=\"https:\/\/larevistadigital.com.ar\/blog\/coronel-dorrego-otro-camionero-atacado-por-eludir-el-piquete\/\" title=\"CORONEL DORREGO: OTRO CAMIONERO ATACADO POR ELUDIR EL PIQUETE.\">[Leer M\u00e1s]<\/a><\/p>\n<\/div>","protected":false},"author":3,"featured_media":26211,"comment_status":"open","ping_status":"open","sticky":false,"template":"","format":"standard","meta":{"_jetpack_memberships_contains_paid_content":false,"footnotes":"","jetpack_publicize_message":"","jetpack_publicize_feature_enabled":true,"jetpack_social_post_already_shared":true,"jetpack_social_options":{"image_generator_settings":{"template":"highway","default_image_id":0,"font":"","enabled":false},"version":2}},"categories":[50,44],"tags":[],"class_list":{"0":"post-26210","1":"post","2":"type-post","3":"status-publish","4":"format-standard","5":"has-post-thumbnail","7":"category-interes-general","8":"category-policiales"},"jetpack_publicize_connections":[],"jetpack_featured_media_url":"https:\/\/i0.wp.com\/larevistadigital.com.ar\/blog\/wp-content\/uploads\/20220630172420_camionataque-dorrego.jpg?fit=880%2C512&ssl=1","jetpack_sharing_enabled":true,"jetpack_shortlink":"https:\/\/wp.me\/p8qtrQ-6OK","jetpack-related-posts":[{"id":1731,"url":"https:\/\/larevistadigital.com.ar\/blog\/camion-atropella-y-mata-a-vigilador-que-se-manifestaba-con-sus-companeros-en-la-ruta-11\/","url_meta":{"origin":26210,"position":0},"title":"CAMI\u00d3N ATROPELLA Y MATA A VIGILADOR QUE SE MANIFESTABA CON SUS COMPA\u00d1EROS EN LA RUTA 11","author":"Alejandro Sosa Ruda","date":"30 marzo, 2017","format":false,"excerpt":"Fue en el cruce de rutas 11 y 10, en el acceso norte de San Lorenzo. El veh\u00edculo quiso pasar sobre el piquete y mat\u00f3 a una persona. Tom\u00f3 la banquina, lo sigui\u00f3 Gendarmer\u00eda, y termin\u00f3 golpeado por los manifestantes. Un manifestante muri\u00f3 atropellado esta madrugada por un cami\u00f3n que\u2026","rel":"","context":"En \u00abDESTACADAS\u00bb","block_context":{"text":"DESTACADAS","link":"https:\/\/larevistadigital.com.ar\/blog\/category\/destacadas\/"},"img":{"alt_text":"","src":"https:\/\/i0.wp.com\/larevistadigital.com.ar\/blog\/wp-content\/uploads\/2017\/03\/choque2_0.jpg?fit=1200%2C672&ssl=1&resize=350%2C200","width":350,"height":200,"srcset":"https:\/\/i0.wp.com\/larevistadigital.com.ar\/blog\/wp-content\/uploads\/2017\/03\/choque2_0.jpg?fit=1200%2C672&ssl=1&resize=350%2C200 1x, https:\/\/i0.wp.com\/larevistadigital.com.ar\/blog\/wp-content\/uploads\/2017\/03\/choque2_0.jpg?fit=1200%2C672&ssl=1&resize=525%2C300 1.5x, https:\/\/i0.wp.com\/larevistadigital.com.ar\/blog\/wp-content\/uploads\/2017\/03\/choque2_0.jpg?fit=1200%2C672&ssl=1&resize=700%2C400 2x, https:\/\/i0.wp.com\/larevistadigital.com.ar\/blog\/wp-content\/uploads\/2017\/03\/choque2_0.jpg?fit=1200%2C672&ssl=1&resize=1050%2C600 3x"},"classes":[]},{"id":26175,"url":"https:\/\/larevistadigital.com.ar\/blog\/tres-aprehendidos-por-el-crimen-del-camionero-para-la-justicia-tuvieron-intencion-de-matar\/","url_meta":{"origin":26210,"position":1},"title":"TRES APREHENDIDOS POR EL CRIMEN DEL CAMIONERO: PARA LA JUSTICIA TUVIERON INTENCI\u00d3N DE MATAR","author":"Alejandro Sosa Ruda","date":"28 junio, 2022","format":false,"excerpt":"El hecho ocurri\u00f3 a cinco kil\u00f3metros de la ciudad de Daireaux, en el interior de la provincia de Buenos Aires. Se espera el resultado de la autopsia La investigaci\u00f3n por el crimen de\u00a0Guillermo Andr\u00e9s Jara, el camionero de 45 a\u00f1os que muri\u00f3 ayer tras ser atacado a piedrazos cuando quiso\u2026","rel":"","context":"En \u00abINTERES GENERAL\u00bb","block_context":{"text":"INTERES GENERAL","link":"https:\/\/larevistadigital.com.ar\/blog\/category\/interes-general\/"},"img":{"alt_text":"","src":"https:\/\/i0.wp.com\/larevistadigital.com.ar\/blog\/wp-content\/uploads\/ASESINOS-DEL-CAMIONERO.png?fit=708%2C396&ssl=1&resize=350%2C200","width":350,"height":200,"srcset":"https:\/\/i0.wp.com\/larevistadigital.com.ar\/blog\/wp-content\/uploads\/ASESINOS-DEL-CAMIONERO.png?fit=708%2C396&ssl=1&resize=350%2C200 1x, https:\/\/i0.wp.com\/larevistadigital.com.ar\/blog\/wp-content\/uploads\/ASESINOS-DEL-CAMIONERO.png?fit=708%2C396&ssl=1&resize=525%2C300 1.5x, https:\/\/i0.wp.com\/larevistadigital.com.ar\/blog\/wp-content\/uploads\/ASESINOS-DEL-CAMIONERO.png?fit=708%2C396&ssl=1&resize=700%2C400 2x"},"classes":[]},{"id":1833,"url":"https:\/\/larevistadigital.com.ar\/blog\/piquete-camionero-en-el-frigorifico-local\/","url_meta":{"origin":26210,"position":2},"title":"PIQUETE CAMIONERO EN EL FRIGOR\u00cdFICO LOCAL","author":"Alejandro Sosa Ruda","date":"5 abril, 2017","format":false,"excerpt":"Leo Pagaburu, encargado del frigor\u00edfico \"Microgauss\" de nuestra ciudad, fue entrevistado en el programa \"AM Show\" que conducen Alberto Morel y Mart\u00edn Palmero por FM La Radio 101.5, donde se refiri\u00f3 a la medida de fuerza que tuvo en la puerta de dicho comercio, llevada a cabo por el Sindicato\u2026","rel":"","context":"En \u00abCHASCOM\u00daS\u00bb","block_context":{"text":"CHASCOM\u00daS","link":"https:\/\/larevistadigital.com.ar\/blog\/category\/chascomus\/"},"img":{"alt_text":"","src":"https:\/\/i0.wp.com\/larevistadigital.com.ar\/blog\/wp-content\/uploads\/2017\/04\/cc3e54cc-dc47-451b-8df9-79493431ecd9.jpg?fit=1200%2C900&ssl=1&resize=350%2C200","width":350,"height":200,"srcset":"https:\/\/i0.wp.com\/larevistadigital.com.ar\/blog\/wp-content\/uploads\/2017\/04\/cc3e54cc-dc47-451b-8df9-79493431ecd9.jpg?fit=1200%2C900&ssl=1&resize=350%2C200 1x, https:\/\/i0.wp.com\/larevistadigital.com.ar\/blog\/wp-content\/uploads\/2017\/04\/cc3e54cc-dc47-451b-8df9-79493431ecd9.jpg?fit=1200%2C900&ssl=1&resize=525%2C300 1.5x, https:\/\/i0.wp.com\/larevistadigital.com.ar\/blog\/wp-content\/uploads\/2017\/04\/cc3e54cc-dc47-451b-8df9-79493431ecd9.jpg?fit=1200%2C900&ssl=1&resize=700%2C400 2x, https:\/\/i0.wp.com\/larevistadigital.com.ar\/blog\/wp-content\/uploads\/2017\/04\/cc3e54cc-dc47-451b-8df9-79493431ecd9.jpg?fit=1200%2C900&ssl=1&resize=1050%2C600 3x"},"classes":[]},{"id":26172,"url":"https:\/\/larevistadigital.com.ar\/blog\/quiso-esquivar-un-piquete-lo-persiguieron-le-tiraron-un-piedrazo-que-lo-noqueo-y-murio-cuando-volco-su-camion\/","url_meta":{"origin":26210,"position":3},"title":"QUISO ESQUIVAR UN PIQUETE, LO PERSIGUIERON, LE TIRARON UN PIEDRAZO QUE LO NOQUE\u00d3 Y MURI\u00d3 CUANDO VOLC\u00d3 SU CAMI\u00d3N","author":"Alejandro Sosa Ruda","date":"28 junio, 2022","format":false,"excerpt":"La secuencia fue como se describe en el t\u00edtulo, y produce impotencia e indignaci\u00f3n. Parece que la clase pol\u00edtica no reacciona y la sociedad tampoco ante estos hechos que son inaceptables. El hombre fue literalmente asesinado. Fue en el marco de la protesta por la falta de gasoil. Un camionero\u2026","rel":"","context":"En \u00abPOLICIALES\u00bb","block_context":{"text":"POLICIALES","link":"https:\/\/larevistadigital.com.ar\/blog\/category\/policiales\/"},"img":{"alt_text":"","src":"https:\/\/i0.wp.com\/larevistadigital.com.ar\/blog\/wp-content\/uploads\/CAMIONERO-MUERTO.png?fit=707%2C395&ssl=1&resize=350%2C200","width":350,"height":200,"srcset":"https:\/\/i0.wp.com\/larevistadigital.com.ar\/blog\/wp-content\/uploads\/CAMIONERO-MUERTO.png?fit=707%2C395&ssl=1&resize=350%2C200 1x, https:\/\/i0.wp.com\/larevistadigital.com.ar\/blog\/wp-content\/uploads\/CAMIONERO-MUERTO.png?fit=707%2C395&ssl=1&resize=525%2C300 1.5x, https:\/\/i0.wp.com\/larevistadigital.com.ar\/blog\/wp-content\/uploads\/CAMIONERO-MUERTO.png?fit=707%2C395&ssl=1&resize=700%2C400 2x"},"classes":[]},{"id":23549,"url":"https:\/\/larevistadigital.com.ar\/blog\/miedo-y-preocupacion-por-un-puma-que-fue-visto-en-el-centro-de-coronel-dorrego\/","url_meta":{"origin":26210,"position":4},"title":"MIEDO Y PREOCUPACI\u00d3N POR UN PUMA QUE FUE VISTO EN EL CENTRO DE CORONEL DORREGO","author":"Alejandro Sosa Ruda","date":"25 enero, 2022","format":false,"excerpt":"El felino, de gran porte, fue observado por vecinos en momentos en que se trasladaban a bordo de un veh\u00edculo. \"Probablemente el animal que fue observado en la localidad ya se encuentre en alg\u00fan sector rural a pocos kil\u00f3metros del casco c\u00e9ntrico\", explicaron intentando llevar tranquilidad a los vecinos. CORONEL\u2026","rel":"","context":"En \u00abINTERES GENERAL\u00bb","block_context":{"text":"INTERES GENERAL","link":"https:\/\/larevistadigital.com.ar\/blog\/category\/interes-general\/"},"img":{"alt_text":"","src":"https:\/\/i0.wp.com\/larevistadigital.com.ar\/blog\/wp-content\/uploads\/20220124174109_puma.jpg?fit=880%2C512&ssl=1&resize=350%2C200","width":350,"height":200,"srcset":"https:\/\/i0.wp.com\/larevistadigital.com.ar\/blog\/wp-content\/uploads\/20220124174109_puma.jpg?fit=880%2C512&ssl=1&resize=350%2C200 1x, https:\/\/i0.wp.com\/larevistadigital.com.ar\/blog\/wp-content\/uploads\/20220124174109_puma.jpg?fit=880%2C512&ssl=1&resize=525%2C300 1.5x, https:\/\/i0.wp.com\/larevistadigital.com.ar\/blog\/wp-content\/uploads\/20220124174109_puma.jpg?fit=880%2C512&ssl=1&resize=700%2C400 2x"},"classes":[]},{"id":34183,"url":"https:\/\/larevistadigital.com.ar\/blog\/cual-fue-la-unica-seccion-electoral-bonaerense-en-la-que-no-ganaron-massa-y-kicillof\/","url_meta":{"origin":26210,"position":5},"title":"CUAL FUE LA \u00daNICA SECCI\u00d3N ELECTORAL BONAERENSE EN LA QUE NO GANARON MASSA Y KICILLOF","author":"Alejandro Sosa Ruda","date":"25 octubre, 2023","format":false,"excerpt":"Ambos candidatos perdieron tan solo en una de las ochos secciones en que se divide pol\u00edticamente el territorio bonaerense. 25 de Octubre de 2023 BUENOS AIRES -\u00a0 Axel Kicillof y Sergio Massa hicieron una hist\u00f3rica elecci\u00f3n este domingo ganando por amplio margen en el territorio bonaerense. Sin embargo, ambos perdieron\u2026","rel":"","context":"En \u00abREGIONALES\u00bb","block_context":{"text":"REGIONALES","link":"https:\/\/larevistadigital.com.ar\/blog\/category\/regionales\/"},"img":{"alt_text":"","src":"https:\/\/i0.wp.com\/larevistadigital.com.ar\/blog\/wp-content\/uploads\/20231023183327_ambos.jpg?fit=880%2C512&ssl=1&resize=350%2C200","width":350,"height":200,"srcset":"https:\/\/i0.wp.com\/larevistadigital.com.ar\/blog\/wp-content\/uploads\/20231023183327_ambos.jpg?fit=880%2C512&ssl=1&resize=350%2C200 1x, https:\/\/i0.wp.com\/larevistadigital.com.ar\/blog\/wp-content\/uploads\/20231023183327_ambos.jpg?fit=880%2C512&ssl=1&resize=525%2C300 1.5x, https:\/\/i0.wp.com\/larevistadigital.com.ar\/blog\/wp-content\/uploads\/20231023183327_ambos.jpg?fit=880%2C512&ssl=1&resize=700%2C400 2x"},"classes":[]}],"_links":{"self":[{"href":"https:\/\/larevistadigital.com.ar\/blog\/wp-json\/wp\/v2\/posts\/26210","targetHints":{"allow":["GET"]}}],"collection":[{"href":"https:\/\/larevistadigital.com.ar\/blog\/wp-json\/wp\/v2\/posts"}],"about":[{"href":"https:\/\/larevistadigital.com.ar\/blog\/wp-json\/wp\/v2\/types\/post"}],"author":[{"embeddable":true,"href":"https:\/\/larevistadigital.com.ar\/blog\/wp-json\/wp\/v2\/users\/3"}],"replies":[{"embeddable":true,"href":"https:\/\/larevistadigital.com.ar\/blog\/wp-json\/wp\/v2\/comments?post=26210"}],"version-history":[{"count":2,"href":"https:\/\/larevistadigital.com.ar\/blog\/wp-json\/wp\/v2\/posts\/26210\/revisions"}],"predecessor-version":[{"id":26213,"href":"https:\/\/larevistadigital.com.ar\/blog\/wp-json\/wp\/v2\/posts\/26210\/revisions\/26213"}],"wp:featuredmedia":[{"embeddable":true,"href":"https:\/\/larevistadigital.com.ar\/blog\/wp-json\/wp\/v2\/media\/26211"}],"wp:attachment":[{"href":"https:\/\/larevistadigital.com.ar\/blog\/wp-json\/wp\/v2\/media?parent=26210"}],"wp:term":[{"taxonomy":"category","embeddable":true,"href":"https:\/\/larevistadigital.com.ar\/blog\/wp-json\/wp\/v2\/categories?post=26210"},{"taxonomy":"post_tag","embeddable":true,"href":"https:\/\/larevistadigital.com.ar\/blog\/wp-json\/wp\/v2\/tags?post=26210"}],"curies":[{"name":"wp","href":"https:\/\/api.w.org\/{rel}","templated":true}]}}