{"id":26214,"date":"2022-06-30T20:17:51","date_gmt":"2022-06-30T20:17:51","guid":{"rendered":"https:\/\/larevistadigital.com.ar\/blog\/?p=26214"},"modified":"2022-06-30T20:17:51","modified_gmt":"2022-06-30T20:17:51","slug":"crean-un-progama-para-incentivar-el-turismo-social","status":"publish","type":"post","link":"https:\/\/larevistadigital.com.ar\/blog\/crean-un-progama-para-incentivar-el-turismo-social\/","title":{"rendered":"CREAN UN PROGAMA PARA INCENTIVAR EL TURISMO SOCIAL"},"content":{"rendered":"<h2 class=\"fparrafo ctext fz18 lh25\">El Gobierno bonaerense anunci\u00f3 este jueves la creaci\u00f3n del Programa de Turismo Social, con el objetivo de \u00abrealizar un abordaje integral\u00bb de su desarrollo en la provincia de Buenos Aires.<\/h2>\n<p class=\"selectionShareable\">El objetivo del Programa se alcanzar\u00e1 \u00abmediante el dise\u00f1o, implementaci\u00f3n y evaluaci\u00f3n de marcos metodol\u00f3gicos para el fortalecimiento de la gesti\u00f3n provincial y municipal de turismo social, y la coordinaci\u00f3n de acciones territoriales que aseguren el acceso al turismo en todas sus formas, por toda la ciudadan\u00eda, en condiciones adecuadas de econom\u00eda, seguridad y calidad\u00bb.<\/p>\n<blockquote>\n<h3 class=\"selectionShareable\">Para la realizaci\u00f3n de los objetivos propuestos por el programa, cuya autoridad de aplicaci\u00f3n ser\u00e1 la Subsecretar\u00eda de Turismo del Ministerio de Producci\u00f3n, se plante\u00f3 la importancia de implementar diversos subprogramas con la finalidad de alcanzar un extenso universo de beneficiarios con distintos perfiles y necesidades.<\/h3>\n<\/blockquote>\n<p class=\"selectionShareable\">Entre otros, se mencion\u00f3 a los subprogramas \u201cFortalecimiento del Turismo Social en los Municipios: Capacitaci\u00f3n, Implementaci\u00f3n y Evaluaci\u00f3n del Referencial para la Gesti\u00f3n Municipal del Turismo Social (Retursoc); el Turismo Social en Chapadmalal y Embalse; Los Ni\u00f1os, Ni\u00f1as y Adolescentes en los Pueblos Tur\u00edsticos; y \u201cConociendo Nuestra Capital y Alrededores\u201d.<\/p>\n<blockquote>\n<h3 class=\"selectionShareable\">Adem\u00e1s, se agreg\u00f3 que la actual gesti\u00f3n \u00abconsidera primordial y urgente asistir\u00bb a los sectores del turismo, \u00bb a fin de que los mismos puedan reiniciar sus actividades en forma adecuada y segura\u00bb tras la crisis generada por la pandemia de coronavirus.<\/h3>\n<\/blockquote>\n<p class=\"selectionShareable\">Se\u00f1ala que <em><strong>\u00abla dif\u00edcil realidad que atraviesa el sector tur\u00edstico de la Provincia requiere del acompa\u00f1amiento constante y decisivo del Estado que contribuya al sostenimiento, reactivaci\u00f3n e impulso de aquellas actividades que resultaron m\u00e1s afectados por la pandemia como lo es la reanudaci\u00f3n del calendario de fiestas populares, festejos y celebraciones en las cuales cobran especial relevancia las creencias, los valores, la memoria, la identidad y la historia locales\u00bb<\/strong><\/em>. (<b>InfoGEI<\/b>)Jd<\/p>\n","protected":false},"excerpt":{"rendered":"<div class=\"mh-excerpt\"><p>El Gobierno bonaerense anunci\u00f3 este jueves la creaci\u00f3n del Programa de Turismo Social, con el objetivo de \u00abrealizar un abordaje integral\u00bb de su desarrollo en la provincia de Buenos Aires. El objetivo del Programa se <a class=\"mh-excerpt-more\" href=\"https:\/\/larevistadigital.com.ar\/blog\/crean-un-progama-para-incentivar-el-turismo-social\/\" title=\"CREAN UN PROGAMA PARA INCENTIVAR EL TURISMO SOCIAL\">[Leer M\u00e1s]<\/a><\/p>\n<\/div>","protected":false},"author":3,"featured_media":26215,"comment_status":"open","ping_status":"open","sticky":false,"template":"","format":"standard","meta":{"_jetpack_memberships_contains_paid_content":false,"footnotes":"","jetpack_publicize_message":"","jetpack_publicize_feature_enabled":true,"jetpack_social_post_already_shared":true,"jetpack_social_options":{"image_generator_settings":{"template":"highway","default_image_id":0,"font":"","enabled":false},"version":2}},"categories":[51,30],"tags":[],"class_list":{"0":"post-26214","1":"post","2":"type-post","3":"status-publish","4":"format-standard","5":"has-post-thumbnail","7":"category-regionales","8":"category-turismo"},"jetpack_publicize_connections":[],"jetpack_featured_media_url":"https:\/\/i0.wp.com\/larevistadigital.com.ar\/blog\/wp-content\/uploads\/20220630151943_turismo-social.jpg?fit=880%2C512&ssl=1","jetpack_sharing_enabled":true,"jetpack_shortlink":"https:\/\/wp.me\/p8qtrQ-6OO","jetpack-related-posts":[{"id":34020,"url":"https:\/\/larevistadigital.com.ar\/blog\/chascomus-turismo-social-de-pami-para-adultos-mayores\/","url_meta":{"origin":26214,"position":0},"title":"CHASCOM\u00daS: TURISMO SOCIAL DE PAMI PARA ADULTOS MAYORES","author":"Alejandro Sosa Ruda","date":"15 octubre, 2023","format":false,"excerpt":"15 de Octubre de 2023 CHASCOM\u00daS -\u00a0 As\u00ed, d\u00edas atr\u00e1s sali\u00f3 el micro al Parque de la Costa, con los afiliados que ganaron su viaje en el encuentro en el Museo del d\u00eda 29, festejo del D\u00eda de las Personas Mayores. Fueron a despedirlos con @javierchapagaston, y en su viaje,\u2026","rel":"","context":"En \u00abSin categor\u00eda\u00bb","block_context":{"text":"Sin categor\u00eda","link":"https:\/\/larevistadigital.com.ar\/blog\/category\/sin-categoria\/"},"img":{"alt_text":"","src":"https:\/\/i0.wp.com\/larevistadigital.com.ar\/blog\/wp-content\/uploads\/387092444_10229465218047150_4506802908154958378_n.jpg?fit=902%2C1128&ssl=1&resize=350%2C200","width":350,"height":200,"srcset":"https:\/\/i0.wp.com\/larevistadigital.com.ar\/blog\/wp-content\/uploads\/387092444_10229465218047150_4506802908154958378_n.jpg?fit=902%2C1128&ssl=1&resize=350%2C200 1x, https:\/\/i0.wp.com\/larevistadigital.com.ar\/blog\/wp-content\/uploads\/387092444_10229465218047150_4506802908154958378_n.jpg?fit=902%2C1128&ssl=1&resize=525%2C300 1.5x, https:\/\/i0.wp.com\/larevistadigital.com.ar\/blog\/wp-content\/uploads\/387092444_10229465218047150_4506802908154958378_n.jpg?fit=902%2C1128&ssl=1&resize=700%2C400 2x"},"classes":[]},{"id":26277,"url":"https:\/\/larevistadigital.com.ar\/blog\/se-conformo-el-area-tematica-de-cultura-y-turismo-en-el-comite-radical\/","url_meta":{"origin":26214,"position":1},"title":"SE CONFORM\u00d3 EL \u00c1REA TEM\u00c1TICA DE CULTURA Y TURISMO EN EL COMIT\u00c9 RADICAL","author":"Alejandro Sosa Ruda","date":"2 julio, 2022","format":false,"excerpt":"CHASCOM\u00daS -\u00a0 El radicalismo local sigue armando equipos en los distintos temas y as\u00ed fue como el mi\u00e9rcoles 29 de junio se llev\u00f3 adelante la primera reuni\u00f3n con el claro objetivo de trabajar en el marco de un plan de gobierno para el 2023 aportando desde la experiencia y conocimiento:\u2026","rel":"","context":"En \u00abCHASCOM\u00daS\u00bb","block_context":{"text":"CHASCOM\u00daS","link":"https:\/\/larevistadigital.com.ar\/blog\/category\/chascomus\/"},"img":{"alt_text":"","src":"https:\/\/i0.wp.com\/larevistadigital.com.ar\/blog\/wp-content\/uploads\/291896590_339404738366470_7562488002719980815_n.jpg?fit=1080%2C855&ssl=1&resize=350%2C200","width":350,"height":200,"srcset":"https:\/\/i0.wp.com\/larevistadigital.com.ar\/blog\/wp-content\/uploads\/291896590_339404738366470_7562488002719980815_n.jpg?fit=1080%2C855&ssl=1&resize=350%2C200 1x, https:\/\/i0.wp.com\/larevistadigital.com.ar\/blog\/wp-content\/uploads\/291896590_339404738366470_7562488002719980815_n.jpg?fit=1080%2C855&ssl=1&resize=525%2C300 1.5x, https:\/\/i0.wp.com\/larevistadigital.com.ar\/blog\/wp-content\/uploads\/291896590_339404738366470_7562488002719980815_n.jpg?fit=1080%2C855&ssl=1&resize=700%2C400 2x, https:\/\/i0.wp.com\/larevistadigital.com.ar\/blog\/wp-content\/uploads\/291896590_339404738366470_7562488002719980815_n.jpg?fit=1080%2C855&ssl=1&resize=1050%2C600 3x"},"classes":[]},{"id":44245,"url":"https:\/\/larevistadigital.com.ar\/blog\/turismo-educativo-un-servicio-gratuito-de-acompanamiento-a-los-docentes-y-estudiantes\/","url_meta":{"origin":26214,"position":2},"title":"Turismo Educativo: Un servicio gratuito de acompa\u00f1amiento a los docentes y estudiantes","author":"Alejandro Sosa Ruda","date":"3 marzo, 2026","format":false,"excerpt":"Durante el a\u00f1o 2025, m\u00e1s de 2200 estudiantes participaron de este programa, no s\u00f3lo de nuestra ciudad sino tambi\u00e9n de escuela p\u00fablicas de otras localidades. 03 de Marzo de 2029 CHASCOM\u00daS -\u00a0 \u00a0La propuesta es impulsada por la Municipalidad de Chascom\u00fas y se enmarca en el programa \u201cTurismo Educativo\u201d, que\u2026","rel":"","context":"En \u00abCHASCOM\u00daS\u00bb","block_context":{"text":"CHASCOM\u00daS","link":"https:\/\/larevistadigital.com.ar\/blog\/category\/chascomus\/"},"img":{"alt_text":"","src":"https:\/\/i0.wp.com\/larevistadigital.com.ar\/blog\/wp-content\/uploads\/69a5d26f34e9e.png?fit=668%2C445&ssl=1&resize=350%2C200","width":350,"height":200,"srcset":"https:\/\/i0.wp.com\/larevistadigital.com.ar\/blog\/wp-content\/uploads\/69a5d26f34e9e.png?fit=668%2C445&ssl=1&resize=350%2C200 1x, https:\/\/i0.wp.com\/larevistadigital.com.ar\/blog\/wp-content\/uploads\/69a5d26f34e9e.png?fit=668%2C445&ssl=1&resize=525%2C300 1.5x"},"classes":[]},{"id":39079,"url":"https:\/\/larevistadigital.com.ar\/blog\/preocupacion-en-mar-chiquita-por-el-impacto-del-decreto-216-2025-en-el-turismo\/","url_meta":{"origin":26214,"position":3},"title":"Preocupaci\u00f3n en Mar Chiquita por el impacto del decreto 216\/2025 en el turismo","author":"Alejandro Sosa Ruda","date":"22 marzo, 2025","format":false,"excerpt":"Las autoridades del Partido de Mar Chiquita, expresaron su preocupaci\u00f3n por el decreto impulsado por el Gobierno Nacional para modificar la Ley Nacional de Turismo. 22 De Marzo de 2025 MAR CHIQUITA -\u00a0 Desde la Secretar\u00eda de Turismo y Ambiente del Partido de Mar Chiquita, a cargo de Diego Ginestra,\u2026","rel":"","context":"En \u00abPOLITICA PROVINCIAL\u00bb","block_context":{"text":"POLITICA PROVINCIAL","link":"https:\/\/larevistadigital.com.ar\/blog\/category\/politica\/politica-provincial\/"},"img":{"alt_text":"","src":"https:\/\/i0.wp.com\/larevistadigital.com.ar\/blog\/wp-content\/uploads\/79a5625977ae8d129a181da58db2fdee15ca6ef6.jpg?fit=1140%2C820&ssl=1&resize=350%2C200","width":350,"height":200,"srcset":"https:\/\/i0.wp.com\/larevistadigital.com.ar\/blog\/wp-content\/uploads\/79a5625977ae8d129a181da58db2fdee15ca6ef6.jpg?fit=1140%2C820&ssl=1&resize=350%2C200 1x, https:\/\/i0.wp.com\/larevistadigital.com.ar\/blog\/wp-content\/uploads\/79a5625977ae8d129a181da58db2fdee15ca6ef6.jpg?fit=1140%2C820&ssl=1&resize=525%2C300 1.5x, https:\/\/i0.wp.com\/larevistadigital.com.ar\/blog\/wp-content\/uploads\/79a5625977ae8d129a181da58db2fdee15ca6ef6.jpg?fit=1140%2C820&ssl=1&resize=700%2C400 2x, https:\/\/i0.wp.com\/larevistadigital.com.ar\/blog\/wp-content\/uploads\/79a5625977ae8d129a181da58db2fdee15ca6ef6.jpg?fit=1140%2C820&ssl=1&resize=1050%2C600 3x"},"classes":[]},{"id":23808,"url":"https:\/\/larevistadigital.com.ar\/blog\/turismo-impulsan-una-nueva-edicion-de-previaje-y-el-desarrollo-de-la-marca-pais\/","url_meta":{"origin":26214,"position":4},"title":"TURISMO: IMPULSAN UNA NUEVA EDICI\u00d3N DE \u00abPREVIAJE\u00bb Y  EL DESARROLLO DE LA MARCA PA\u00cdS","author":"Alejandro Sosa Ruda","date":"3 febrero, 2022","format":false,"excerpt":"La secretaria de Promoci\u00f3n Tur\u00edstica de la Naci\u00f3n, Yanina Mart\u00ednez, asegur\u00f3 que el gobierno trabaja con las c{amaras empresarias y las provincias, en la b\u00fasqueda de consensos para una tercera edici\u00f3n del programa Previaje, al tiempo que impulsa el desarrollo de la Marca Pa\u00eds en el exterior. \"Ven\u00edamos de un\u2026","rel":"","context":"En \u00abINTERES GENERAL\u00bb","block_context":{"text":"INTERES GENERAL","link":"https:\/\/larevistadigital.com.ar\/blog\/category\/interes-general\/"},"img":{"alt_text":"","src":"https:\/\/i0.wp.com\/larevistadigital.com.ar\/blog\/wp-content\/uploads\/20220202082719_yanina-martinez-previaje.jpg?fit=880%2C512&ssl=1&resize=350%2C200","width":350,"height":200,"srcset":"https:\/\/i0.wp.com\/larevistadigital.com.ar\/blog\/wp-content\/uploads\/20220202082719_yanina-martinez-previaje.jpg?fit=880%2C512&ssl=1&resize=350%2C200 1x, https:\/\/i0.wp.com\/larevistadigital.com.ar\/blog\/wp-content\/uploads\/20220202082719_yanina-martinez-previaje.jpg?fit=880%2C512&ssl=1&resize=525%2C300 1.5x, https:\/\/i0.wp.com\/larevistadigital.com.ar\/blog\/wp-content\/uploads\/20220202082719_yanina-martinez-previaje.jpg?fit=880%2C512&ssl=1&resize=700%2C400 2x"},"classes":[]},{"id":5614,"url":"https:\/\/larevistadigital.com.ar\/blog\/chascomus-prestadores-de-turismo-complicados-por-la-situacion-economica\/","url_meta":{"origin":26214,"position":5},"title":"CHASCOM\u00daS: PRESTADORES DE TURISMO COMPLICADOS POR LA SITUACI\u00d3N ECON\u00d3MICA","author":"Alejandro Sosa Ruda","date":"22 mayo, 2018","format":false,"excerpt":"Uno de los prestadores tur\u00edsticos de la ciudad, Alejandro Agrofoglio del complejo de caba\u00f1as \u201cHoja de la tierra\u201d, fue entrevistado en el programa \u201cLa Primera Ma\u00f1ana\u201d que conduce Julio Giribaldi por FM donde confirm\u00f3 que la demanda de los fines de semana ha mermado considerablemente. Indicando, que \u201c\u2026venimos sufriendo una\u2026","rel":"","context":"En \u00abPOLITICA\u00bb","block_context":{"text":"POLITICA","link":"https:\/\/larevistadigital.com.ar\/blog\/category\/politica\/"},"img":{"alt_text":"","src":"https:\/\/i0.wp.com\/larevistadigital.com.ar\/blog\/wp-content\/uploads\/2018\/05\/luz_22demayode2108_elfuerte.jpg?fit=737%2C415&ssl=1&resize=350%2C200","width":350,"height":200,"srcset":"https:\/\/i0.wp.com\/larevistadigital.com.ar\/blog\/wp-content\/uploads\/2018\/05\/luz_22demayode2108_elfuerte.jpg?fit=737%2C415&ssl=1&resize=350%2C200 1x, https:\/\/i0.wp.com\/larevistadigital.com.ar\/blog\/wp-content\/uploads\/2018\/05\/luz_22demayode2108_elfuerte.jpg?fit=737%2C415&ssl=1&resize=525%2C300 1.5x, https:\/\/i0.wp.com\/larevistadigital.com.ar\/blog\/wp-content\/uploads\/2018\/05\/luz_22demayode2108_elfuerte.jpg?fit=737%2C415&ssl=1&resize=700%2C400 2x"},"classes":[]}],"_links":{"self":[{"href":"https:\/\/larevistadigital.com.ar\/blog\/wp-json\/wp\/v2\/posts\/26214","targetHints":{"allow":["GET"]}}],"collection":[{"href":"https:\/\/larevistadigital.com.ar\/blog\/wp-json\/wp\/v2\/posts"}],"about":[{"href":"https:\/\/larevistadigital.com.ar\/blog\/wp-json\/wp\/v2\/types\/post"}],"author":[{"embeddable":true,"href":"https:\/\/larevistadigital.com.ar\/blog\/wp-json\/wp\/v2\/users\/3"}],"replies":[{"embeddable":true,"href":"https:\/\/larevistadigital.com.ar\/blog\/wp-json\/wp\/v2\/comments?post=26214"}],"version-history":[{"count":2,"href":"https:\/\/larevistadigital.com.ar\/blog\/wp-json\/wp\/v2\/posts\/26214\/revisions"}],"predecessor-version":[{"id":26217,"href":"https:\/\/larevistadigital.com.ar\/blog\/wp-json\/wp\/v2\/posts\/26214\/revisions\/26217"}],"wp:featuredmedia":[{"embeddable":true,"href":"https:\/\/larevistadigital.com.ar\/blog\/wp-json\/wp\/v2\/media\/26215"}],"wp:attachment":[{"href":"https:\/\/larevistadigital.com.ar\/blog\/wp-json\/wp\/v2\/media?parent=26214"}],"wp:term":[{"taxonomy":"category","embeddable":true,"href":"https:\/\/larevistadigital.com.ar\/blog\/wp-json\/wp\/v2\/categories?post=26214"},{"taxonomy":"post_tag","embeddable":true,"href":"https:\/\/larevistadigital.com.ar\/blog\/wp-json\/wp\/v2\/tags?post=26214"}],"curies":[{"name":"wp","href":"https:\/\/api.w.org\/{rel}","templated":true}]}}