{"id":26218,"date":"2022-06-30T20:21:37","date_gmt":"2022-06-30T20:21:37","guid":{"rendered":"https:\/\/larevistadigital.com.ar\/blog\/?p=26218"},"modified":"2022-06-30T20:21:37","modified_gmt":"2022-06-30T20:21:37","slug":"cecha-le-respondio-a-moyano-nosotros-no-nos-encanutamos-el-gasoil","status":"publish","type":"post","link":"https:\/\/larevistadigital.com.ar\/blog\/cecha-le-respondio-a-moyano-nosotros-no-nos-encanutamos-el-gasoil\/","title":{"rendered":"CECHA LE RESPONDI\u00d3 A MOYANO: \u00abNOSOTROS NO NOS ENCANUTAMOS EL GASOIL\u00bb"},"content":{"rendered":"<h2 class=\"fparrafo ctext fz18 lh25\">La Confederaci\u00f3n de Entidades de Hidrocarburos y Afines de la Rep\u00fablica Argentina (CECHA), sali\u00f3 a repudiar las declaraciones realizadas por el l\u00edder del sindicato de Camioneros, Pablo Moyano, quien acus\u00f3 a las estaciones de servicio de \u201cencanutarse el gasoil\u201d.<\/h2>\n<p class=\"selectionShareable\"><em><strong>\u201cNo nos parecen para nada justas estas declaraciones: fuimos uno de los primeros sectores en alertar sobre el problema que se avecinaba; pedimos reuniones; propusimos posibles soluciones. El Gobierno por desgracia decidi\u00f3 tomar cartas en el asunto cuando era demasiado tarde y el desabastecimiento ya era generalizado, con medidas espasm\u00f3dicas que por ahora no resuelven el problema de fondo\u201d<\/strong><\/em>, explic\u00f3.<\/p>\n<blockquote>\n<h3 class=\"selectionShareable\">En el medio de la conmoci\u00f3n por la muerte del chofer de transporte de cargas en un corte de ruta en reclamo por el desabastecimiento, el dirigente camionero fue consultado por el faltante de gasoil y acus\u00f3 a las estaciones de servicio de \u201cencanutarse\u201d el combustible y \u201cespecular\u201d con un aumento del precio en los surtidores.<\/h3>\n<\/blockquote>\n<p class=\"selectionShareable\"><em><strong>\u201cMoyano muestra un total desconocimiento de c\u00f3mo funciona la cadena de comercializaci\u00f3n y qui\u00e9n define la pol\u00edtica de precios. Las estaciones no decidimos los precios, eso es responsabilidad de las petroleras y del Gobierno que \u00e9l apoya y acompa\u00f1a. Las estaciones son las que pusieron el cuerpo para sostener la provisi\u00f3n de combustibles durante la pandemia, junto a los trabajadores esenciales, para garantizar las prestaciones m\u00ednimas; somos los que venimos perdiendo desde la recesi\u00f3n de 2018 y los primeros perjudicados por el atraso en los precios en comparaci\u00f3n a los precios internacionales y regionales\u201d.<\/strong><\/em><\/p>\n<blockquote>\n<p class=\"selectionShareable\"><em><strong>\u201cPese a todo esto, trabajamos y seguiremos trabajando para sostener los puestos de trabajo de miles de familia en todo el pa\u00eds y seguiremos aportando desde nuestro lugar para que la Argentina tenga un plan estrat\u00e9gico de energ\u00eda, dejando de lado la aplicaci\u00f3n de parches transitorios como pol\u00edtica sectorial, y siente las bases de un nuevo desarrollo. Por todo este recorrido, le pedimos a Moyano que rectifique sus dichos y hable con la verdad\u201d<\/strong><\/em>. (<b>InfoGEI<\/b>)Jd<\/p>\n<\/blockquote>\n","protected":false},"excerpt":{"rendered":"<div class=\"mh-excerpt\"><p>La Confederaci\u00f3n de Entidades de Hidrocarburos y Afines de la Rep\u00fablica Argentina (CECHA), sali\u00f3 a repudiar las declaraciones realizadas por el l\u00edder del sindicato de Camioneros, Pablo Moyano, quien acus\u00f3 a las estaciones de servicio <a class=\"mh-excerpt-more\" href=\"https:\/\/larevistadigital.com.ar\/blog\/cecha-le-respondio-a-moyano-nosotros-no-nos-encanutamos-el-gasoil\/\" title=\"CECHA LE RESPONDI\u00d3 A MOYANO: \u00abNOSOTROS NO NOS ENCANUTAMOS EL GASOIL\u00bb\">[Leer M\u00e1s]<\/a><\/p>\n<\/div>","protected":false},"author":3,"featured_media":26219,"comment_status":"open","ping_status":"open","sticky":false,"template":"","format":"standard","meta":{"_jetpack_memberships_contains_paid_content":false,"footnotes":"","jetpack_publicize_message":"","jetpack_publicize_feature_enabled":true,"jetpack_social_post_already_shared":true,"jetpack_social_options":{"image_generator_settings":{"template":"highway","default_image_id":0,"font":"","enabled":false},"version":2}},"categories":[50],"tags":[],"class_list":{"0":"post-26218","1":"post","2":"type-post","3":"status-publish","4":"format-standard","5":"has-post-thumbnail","7":"category-interes-general"},"jetpack_publicize_connections":[],"jetpack_featured_media_url":"https:\/\/i0.wp.com\/larevistadigital.com.ar\/blog\/wp-content\/uploads\/20220630150152_moyano-bornoroni-confederacion-entidades-hidrocarburos-cecha.jpg?fit=880%2C512&ssl=1","jetpack_sharing_enabled":true,"jetpack_shortlink":"https:\/\/wp.me\/p8qtrQ-6OS","jetpack-related-posts":[{"id":25621,"url":"https:\/\/larevistadigital.com.ar\/blog\/mar-del-plata-se-siente-el-faltante-de-gas-oil-y-hay-restricciones-en-la-venta\/","url_meta":{"origin":26218,"position":0},"title":"MAR DEL PLATA: SE SIENTE EL FALTANTE DE GAS OIL, Y HAY RESTRICCIONES EN LA VENTA","author":"Alejandro Sosa Ruda","date":"6 junio, 2022","format":false,"excerpt":"La C\u00e1mara de Expendedores de Combustible de Mar del Plata confirm\u00f3 que en algunas estaciones racionan el producto porque no llegan a cubrir la demanda \"Si se sostienen estos vol\u00famenes, los faltantes van a ser permanentes\", se\u00f1alaron. MAR DEL PLATA -\u00a0 Las restricciones en la venta de gas oil que\u2026","rel":"","context":"En \u00abREGIONALES\u00bb","block_context":{"text":"REGIONALES","link":"https:\/\/larevistadigital.com.ar\/blog\/category\/regionales\/"},"img":{"alt_text":"","src":"https:\/\/i0.wp.com\/larevistadigital.com.ar\/blog\/wp-content\/uploads\/FALTANTE-GASOIL.png?fit=807%2C501&ssl=1&resize=350%2C200","width":350,"height":200,"srcset":"https:\/\/i0.wp.com\/larevistadigital.com.ar\/blog\/wp-content\/uploads\/FALTANTE-GASOIL.png?fit=807%2C501&ssl=1&resize=350%2C200 1x, https:\/\/i0.wp.com\/larevistadigital.com.ar\/blog\/wp-content\/uploads\/FALTANTE-GASOIL.png?fit=807%2C501&ssl=1&resize=525%2C300 1.5x, https:\/\/i0.wp.com\/larevistadigital.com.ar\/blog\/wp-content\/uploads\/FALTANTE-GASOIL.png?fit=807%2C501&ssl=1&resize=700%2C400 2x"},"classes":[]},{"id":12837,"url":"https:\/\/larevistadigital.com.ar\/blog\/el-candidato-a-concejal-leo-moyano-voto-temprano\/","url_meta":{"origin":26218,"position":1},"title":"El CANDIDATO A CONCEJAL LEO MOYANO, VOT\u00d3 TEMPRANO","author":"Alejandro Sosa Ruda","date":"27 octubre, 2019","format":false,"excerpt":"Leo Moyano, candidato a Concejal por el frente liderado por Roberto Lavagna concurri\u00f3 aproximadamente a las 9:00 hs. a cumplir con su deber c\u00edvico y emitir su sufragio. Moyano, de sport y muy contento, vot\u00f3 en la escuela Municipal 2, ante las muestras de afecto de los presentes.","rel":"","context":"En \u00abCHASCOM\u00daS\u00bb","block_context":{"text":"CHASCOM\u00daS","link":"https:\/\/larevistadigital.com.ar\/blog\/category\/chascomus\/"},"img":{"alt_text":"","src":"https:\/\/i0.wp.com\/larevistadigital.com.ar\/blog\/wp-content\/uploads\/WhatsApp-Image-2019-10-27-at-11.27.06.jpeg?fit=1080%2C1080&ssl=1&resize=350%2C200","width":350,"height":200,"srcset":"https:\/\/i0.wp.com\/larevistadigital.com.ar\/blog\/wp-content\/uploads\/WhatsApp-Image-2019-10-27-at-11.27.06.jpeg?fit=1080%2C1080&ssl=1&resize=350%2C200 1x, https:\/\/i0.wp.com\/larevistadigital.com.ar\/blog\/wp-content\/uploads\/WhatsApp-Image-2019-10-27-at-11.27.06.jpeg?fit=1080%2C1080&ssl=1&resize=525%2C300 1.5x, https:\/\/i0.wp.com\/larevistadigital.com.ar\/blog\/wp-content\/uploads\/WhatsApp-Image-2019-10-27-at-11.27.06.jpeg?fit=1080%2C1080&ssl=1&resize=700%2C400 2x, https:\/\/i0.wp.com\/larevistadigital.com.ar\/blog\/wp-content\/uploads\/WhatsApp-Image-2019-10-27-at-11.27.06.jpeg?fit=1080%2C1080&ssl=1&resize=1050%2C600 3x"},"classes":[]},{"id":3362,"url":"https:\/\/larevistadigital.com.ar\/blog\/que-politico-confeso-que-le-gusta-una-actriz-casada\/","url_meta":{"origin":26218,"position":2},"title":"\u00bfQU\u00c9 POL\u00cdTICO CONFES\u00d3 QUE LE GUSTA UNA ACTRIZ CASADA?","author":"Alejandro Sosa Ruda","date":"1 octubre, 2017","format":false,"excerpt":"ADMITI\u00d3 EN DECLARACIONES RADIALES QUE \"SIEMPRE LE GUST\u00d3 NATALIA OREIRO\", ADEM\u00c1S OPIN\u00d3 DEL ROMANCE ENTRE FACUNDO MOYANO Y NICOLE NEUMANN...\u00bfTE IMAGIN\u00c1S QUIEN ES? Es candidato a diputado nacionaly tambi\u00e9n fue candidato a presidente en la \u00faltima elecci\u00f3n. Se trata del candidato del Frente de Izquierda,\u00a0Nicol\u00e1s del Ca\u00f1o, y ex candidato\u2026","rel":"","context":"En \u00abDESTACADAS\u00bb","block_context":{"text":"DESTACADAS","link":"https:\/\/larevistadigital.com.ar\/blog\/category\/destacadas\/"},"img":{"alt_text":"","src":"https:\/\/i0.wp.com\/larevistadigital.com.ar\/blog\/wp-content\/uploads\/2017\/10\/Natalia-Oreiro-8.jpg?fit=1200%2C900&ssl=1&resize=350%2C200","width":350,"height":200,"srcset":"https:\/\/i0.wp.com\/larevistadigital.com.ar\/blog\/wp-content\/uploads\/2017\/10\/Natalia-Oreiro-8.jpg?fit=1200%2C900&ssl=1&resize=350%2C200 1x, https:\/\/i0.wp.com\/larevistadigital.com.ar\/blog\/wp-content\/uploads\/2017\/10\/Natalia-Oreiro-8.jpg?fit=1200%2C900&ssl=1&resize=525%2C300 1.5x, https:\/\/i0.wp.com\/larevistadigital.com.ar\/blog\/wp-content\/uploads\/2017\/10\/Natalia-Oreiro-8.jpg?fit=1200%2C900&ssl=1&resize=700%2C400 2x, https:\/\/i0.wp.com\/larevistadigital.com.ar\/blog\/wp-content\/uploads\/2017\/10\/Natalia-Oreiro-8.jpg?fit=1200%2C900&ssl=1&resize=1050%2C600 3x"},"classes":[]},{"id":6699,"url":"https:\/\/larevistadigital.com.ar\/blog\/el-diputado-facundo-moyano-visitara-chascomus\/","url_meta":{"origin":26218,"position":3},"title":"EL DIPUTADO FACUNDO MOYANO VISITAR\u00c1 CHASCOM\u00daS","author":"Alejandro Sosa Ruda","date":"1 octubre, 2018","format":false,"excerpt":"Tal como adelant\u00f3 como primicia el diario El Fuerte en su edici\u00f3n de ayer, el pr\u00f3ximo mi\u00e9rcoles visitar\u00e1 Chascom\u00fas el diputado nacional por el Frente Renovador, Facundo Moyano. El legislador, titular del gremio de los trabajadores de los peajes, ser\u00e1 recibido en nuestro medio por la concejal Cecilia Machado, quien\u2026","rel":"","context":"En \u00abPOLITICA\u00bb","block_context":{"text":"POLITICA","link":"https:\/\/larevistadigital.com.ar\/blog\/category\/politica\/"},"img":{"alt_text":"","src":"https:\/\/i0.wp.com\/larevistadigital.com.ar\/blog\/wp-content\/uploads\/2018\/10\/Facundo_Moyano_en_la_C%C3%A1mara_de_Diputados_de_la_Rep%C3%BAblica_Argentina.jpg?fit=1200%2C800&ssl=1&resize=350%2C200","width":350,"height":200,"srcset":"https:\/\/i0.wp.com\/larevistadigital.com.ar\/blog\/wp-content\/uploads\/2018\/10\/Facundo_Moyano_en_la_C%C3%A1mara_de_Diputados_de_la_Rep%C3%BAblica_Argentina.jpg?fit=1200%2C800&ssl=1&resize=350%2C200 1x, https:\/\/i0.wp.com\/larevistadigital.com.ar\/blog\/wp-content\/uploads\/2018\/10\/Facundo_Moyano_en_la_C%C3%A1mara_de_Diputados_de_la_Rep%C3%BAblica_Argentina.jpg?fit=1200%2C800&ssl=1&resize=525%2C300 1.5x, https:\/\/i0.wp.com\/larevistadigital.com.ar\/blog\/wp-content\/uploads\/2018\/10\/Facundo_Moyano_en_la_C%C3%A1mara_de_Diputados_de_la_Rep%C3%BAblica_Argentina.jpg?fit=1200%2C800&ssl=1&resize=700%2C400 2x, https:\/\/i0.wp.com\/larevistadigital.com.ar\/blog\/wp-content\/uploads\/2018\/10\/Facundo_Moyano_en_la_C%C3%A1mara_de_Diputados_de_la_Rep%C3%BAblica_Argentina.jpg?fit=1200%2C800&ssl=1&resize=1050%2C600 3x"},"classes":[]},{"id":11175,"url":"https:\/\/larevistadigital.com.ar\/blog\/moyano-prometio-ayudar-a-fiscalizar-para-que-macri-no-haga-trampa\/","url_meta":{"origin":26218,"position":4},"title":"MOYANO PROMETI\u00d3 AYUDAR A FISCALIZAR PARA QUE MACRI NO HAGA TRAMPA","author":"Alejandro Sosa Ruda","date":"9 julio, 2019","format":false,"excerpt":"El secretario general de Camioneros, Hugo Moyano, anticip\u00f3 que los afiliados de su organizaci\u00f3n ayudar\u00e1n en la fiscalizaci\u00f3n de las pr\u00f3ximas elecciones para el Frente de Todos, ya que advirti\u00f3 que los dirigentes del Gobierno y el oficialismo \"son capaces de cualquier cosa\" y hay que \"preocuparse\" para que \"no\u2026","rel":"","context":"En \u00abGREMIALES\u00bb","block_context":{"text":"GREMIALES","link":"https:\/\/larevistadigital.com.ar\/blog\/category\/gremiales\/"},"img":{"alt_text":"","src":"https:\/\/i0.wp.com\/larevistadigital.com.ar\/blog\/wp-content\/uploads\/95720.jpg?fit=1200%2C672&ssl=1&resize=350%2C200","width":350,"height":200,"srcset":"https:\/\/i0.wp.com\/larevistadigital.com.ar\/blog\/wp-content\/uploads\/95720.jpg?fit=1200%2C672&ssl=1&resize=350%2C200 1x, https:\/\/i0.wp.com\/larevistadigital.com.ar\/blog\/wp-content\/uploads\/95720.jpg?fit=1200%2C672&ssl=1&resize=525%2C300 1.5x, https:\/\/i0.wp.com\/larevistadigital.com.ar\/blog\/wp-content\/uploads\/95720.jpg?fit=1200%2C672&ssl=1&resize=700%2C400 2x, https:\/\/i0.wp.com\/larevistadigital.com.ar\/blog\/wp-content\/uploads\/95720.jpg?fit=1200%2C672&ssl=1&resize=1050%2C600 3x"},"classes":[]},{"id":1114,"url":"https:\/\/larevistadigital.com.ar\/blog\/facundo-moyano-considero-que-palazzo-es-una-alternativa-para-conducir-la-cgt\/","url_meta":{"origin":26218,"position":5},"title":"Facundo Moyano consider\u00f3 que \u00abPalazzo es una alternativa para conducir la CGT\u00bb","author":"editor","date":"13 marzo, 2017","format":false,"excerpt":"El diputado nacional del Frente Renovador dijo que el bancario \"Sergio Palazzo es una alternativa para conducir la CGT,\" al considerar deslegitimado al triunvirato que conduce la central obrera. \"Hace falta una conducci\u00f3n unificada, un l\u00edder\", sostuvo y asegur\u00f3 que \"la CGT tuvo muchas fotos el a\u00f1o pasado que fueron\u2026","rel":"","context":"En \u00abGREMIALES\u00bb","block_context":{"text":"GREMIALES","link":"https:\/\/larevistadigital.com.ar\/blog\/category\/gremiales\/"},"img":{"alt_text":"","src":"https:\/\/i0.wp.com\/larevistadigital.com.ar\/blog\/wp-content\/uploads\/2017\/03\/5885d2d833885_645x362.jpg?fit=645%2C362&ssl=1&resize=350%2C200","width":350,"height":200,"srcset":"https:\/\/i0.wp.com\/larevistadigital.com.ar\/blog\/wp-content\/uploads\/2017\/03\/5885d2d833885_645x362.jpg?fit=645%2C362&ssl=1&resize=350%2C200 1x, https:\/\/i0.wp.com\/larevistadigital.com.ar\/blog\/wp-content\/uploads\/2017\/03\/5885d2d833885_645x362.jpg?fit=645%2C362&ssl=1&resize=525%2C300 1.5x"},"classes":[]}],"_links":{"self":[{"href":"https:\/\/larevistadigital.com.ar\/blog\/wp-json\/wp\/v2\/posts\/26218","targetHints":{"allow":["GET"]}}],"collection":[{"href":"https:\/\/larevistadigital.com.ar\/blog\/wp-json\/wp\/v2\/posts"}],"about":[{"href":"https:\/\/larevistadigital.com.ar\/blog\/wp-json\/wp\/v2\/types\/post"}],"author":[{"embeddable":true,"href":"https:\/\/larevistadigital.com.ar\/blog\/wp-json\/wp\/v2\/users\/3"}],"replies":[{"embeddable":true,"href":"https:\/\/larevistadigital.com.ar\/blog\/wp-json\/wp\/v2\/comments?post=26218"}],"version-history":[{"count":1,"href":"https:\/\/larevistadigital.com.ar\/blog\/wp-json\/wp\/v2\/posts\/26218\/revisions"}],"predecessor-version":[{"id":26220,"href":"https:\/\/larevistadigital.com.ar\/blog\/wp-json\/wp\/v2\/posts\/26218\/revisions\/26220"}],"wp:featuredmedia":[{"embeddable":true,"href":"https:\/\/larevistadigital.com.ar\/blog\/wp-json\/wp\/v2\/media\/26219"}],"wp:attachment":[{"href":"https:\/\/larevistadigital.com.ar\/blog\/wp-json\/wp\/v2\/media?parent=26218"}],"wp:term":[{"taxonomy":"category","embeddable":true,"href":"https:\/\/larevistadigital.com.ar\/blog\/wp-json\/wp\/v2\/categories?post=26218"},{"taxonomy":"post_tag","embeddable":true,"href":"https:\/\/larevistadigital.com.ar\/blog\/wp-json\/wp\/v2\/tags?post=26218"}],"curies":[{"name":"wp","href":"https:\/\/api.w.org\/{rel}","templated":true}]}}