{"id":26221,"date":"2022-06-30T20:29:33","date_gmt":"2022-06-30T20:29:33","guid":{"rendered":"https:\/\/larevistadigital.com.ar\/blog\/?p=26221"},"modified":"2022-06-30T20:29:33","modified_gmt":"2022-06-30T20:29:33","slug":"domenechini-celebro-la-reunion-con-sileoni","status":"publish","type":"post","link":"https:\/\/larevistadigital.com.ar\/blog\/domenechini-celebro-la-reunion-con-sileoni\/","title":{"rendered":"DOMENECHINI CELEBR\u00d3 LA REUNI\u00d3N CON SILEONI"},"content":{"rendered":"<h2 class=\"fparrafo ctext fz18 lh25\">El vicepresidente de la Comisi\u00f3n de Educaci\u00f3n de la C\u00e1mara de Diputados de la provincia de Buenos Aires, Pablo Domenichini (Evoluci\u00f3n Radical), destac\u00f3 el encuentro que mantuvieron hoy diputados y senadores provinciales con el director general de escuelas Alberto Sileoni.<\/h2>\n<div class=\"wysiwyg mb15\">\n<p class=\"selectionShareable\">El legislador de Evoluci\u00f3n Radical se refiri\u00f3 a los inconvenientes por falta de gas que enfrentan establecimientos educativos bonaerenses. <strong><em>\u201cEl Gobierno de la Provincia tuvo dos a\u00f1os las escuelas cerradas y esto gener\u00f3 un impacto negativo en la formaci\u00f3n de los chicos. Los resultados quedaron en evidencia con las pruebas Aprender. Que sigan perdiendo clases por problemas de infraestructura es muy grave\u201d.<\/em><\/strong><\/p>\n<blockquote>\n<h3 class=\"selectionShareable\"><em>\u201cLa educaci\u00f3n es uno de los pilares fundamentales para la formaci\u00f3n de las futuras generaciones y debemos garantizar su aprendizaje\u201d<\/em>, dijo Domenichini, en comunicaci\u00f3n con InfoGEI.<\/h3>\n<\/blockquote>\n<p class=\"selectionShareable\">En este sentido, el diputado provincial present\u00f3 recientemente junto a la diputada nacional <strong>Danya Tavela<\/strong> una denuncia ante la Defensor\u00eda de Ni\u00f1os, Ni\u00f1as y Adolescentes de Argentina para que se tomen las medidas necesarias ante la p\u00e9rdida de clases en colegios de la provincia de Buenos Aires.<\/p>\n<p class=\"selectionShareable\"><strong><em>\u201cFue una muy buena reuni\u00f3n. Agradezco al ministro y los funcionarios presentes y espero que sigamos trabajando y dialogando para mejorar la educaci\u00f3n de nuestra provincia\u201d<\/em><\/strong>, finaliz\u00f3. (<b>InfoGEI<\/b>)Jd<\/p>\n<\/div>\n<div id=\"modulo_banners_bajo_noticia\" class=\"\"><\/div>\n","protected":false},"excerpt":{"rendered":"<div class=\"mh-excerpt\"><p>El vicepresidente de la Comisi\u00f3n de Educaci\u00f3n de la C\u00e1mara de Diputados de la provincia de Buenos Aires, Pablo Domenichini (Evoluci\u00f3n Radical), destac\u00f3 el encuentro que mantuvieron hoy diputados y senadores provinciales con el director <a class=\"mh-excerpt-more\" href=\"https:\/\/larevistadigital.com.ar\/blog\/domenechini-celebro-la-reunion-con-sileoni\/\" title=\"DOMENECHINI CELEBR\u00d3 LA REUNI\u00d3N CON SILEONI\">[Leer M\u00e1s]<\/a><\/p>\n<\/div>","protected":false},"author":3,"featured_media":26222,"comment_status":"open","ping_status":"open","sticky":false,"template":"","format":"standard","meta":{"_jetpack_memberships_contains_paid_content":false,"footnotes":"","jetpack_publicize_message":"","jetpack_publicize_feature_enabled":true,"jetpack_social_post_already_shared":true,"jetpack_social_options":{"image_generator_settings":{"template":"highway","default_image_id":0,"font":"","enabled":false},"version":2}},"categories":[24],"tags":[],"class_list":{"0":"post-26221","1":"post","2":"type-post","3":"status-publish","4":"format-standard","5":"has-post-thumbnail","7":"category-politica-provincial"},"jetpack_publicize_connections":[],"jetpack_featured_media_url":"https:\/\/i0.wp.com\/larevistadigital.com.ar\/blog\/wp-content\/uploads\/20220630131853_pablo-domenichini-evolucion-radical-sileoni.jpg?fit=880%2C512&ssl=1","jetpack_sharing_enabled":true,"jetpack_shortlink":"https:\/\/wp.me\/p8qtrQ-6OV","jetpack-related-posts":[{"id":37494,"url":"https:\/\/larevistadigital.com.ar\/blog\/domenichini-contradijo-a-la-junta-electoral-e-insistio-en-que-gano-la-eleccion-de-la-ucr\/","url_meta":{"origin":26221,"position":0},"title":"Domenichini contradijo a la Junta Electoral e insisti\u00f3 en que gan\u00f3 la elecci\u00f3n de la UCR","author":"Alejandro Sosa Ruda","date":"9 octubre, 2024","format":false,"excerpt":"El candidato de la lista Futuro Radical para presidir el partido a nivel de la provincia de Buenos Aires, Pablo Domenichini, respaldado por el presidente del Comit\u00e9 Nacional, Mart\u00edn Lousteau y por el diputado Facundo Manes, rechaz\u00f3 los resultados provisorios de la junta electoral que le dio un 10% de\u2026","rel":"","context":"En \u00abPOLITICA\u00bb","block_context":{"text":"POLITICA","link":"https:\/\/larevistadigital.com.ar\/blog\/category\/politica\/"},"img":{"alt_text":"","src":"https:\/\/i0.wp.com\/larevistadigital.com.ar\/blog\/wp-content\/uploads\/20241009174540_domenichini-asegura-que-gano-la-eleccion-ucr.jpg?fit=880%2C512&ssl=1&resize=350%2C200","width":350,"height":200,"srcset":"https:\/\/i0.wp.com\/larevistadigital.com.ar\/blog\/wp-content\/uploads\/20241009174540_domenichini-asegura-que-gano-la-eleccion-ucr.jpg?fit=880%2C512&ssl=1&resize=350%2C200 1x, https:\/\/i0.wp.com\/larevistadigital.com.ar\/blog\/wp-content\/uploads\/20241009174540_domenichini-asegura-que-gano-la-eleccion-ucr.jpg?fit=880%2C512&ssl=1&resize=525%2C300 1.5x, https:\/\/i0.wp.com\/larevistadigital.com.ar\/blog\/wp-content\/uploads\/20241009174540_domenichini-asegura-que-gano-la-eleccion-ucr.jpg?fit=880%2C512&ssl=1&resize=700%2C400 2x"},"classes":[]},{"id":40476,"url":"https:\/\/larevistadigital.com.ar\/blog\/la-provincia-presento-la-aplicacion-mi-pba\/","url_meta":{"origin":26221,"position":1},"title":"La Provincia present\u00f3 la aplicaci\u00f3n \u201cMi PBA\u201d","author":"Alejandro Sosa Ruda","date":"15 julio, 2025","format":false,"excerpt":"En conferencia de prensa, Bianco, Sileoni y Saintout anunciaron tambi\u00e9n la Libreta Digital de Estudiantes de Nivel Secundario y el ciclo \u201cVacaciones Divertidas\u201d. 15 de Julio de 2025 El Gobierno de la Provincia de Buenos Aires present\u00f3 hoy \u201cMi PBA\u201d, la aplicaci\u00f3n oficial gratuita para tel\u00e9fonos m\u00f3viles que permite a\u2026","rel":"","context":"En \u00abDESTACADAS\u00bb","block_context":{"text":"DESTACADAS","link":"https:\/\/larevistadigital.com.ar\/blog\/category\/destacadas\/"},"img":{"alt_text":"","src":"https:\/\/i0.wp.com\/larevistadigital.com.ar\/blog\/wp-content\/uploads\/IMG-20250714-WA0065.jpg?fit=743%2C530&ssl=1&resize=350%2C200","width":350,"height":200,"srcset":"https:\/\/i0.wp.com\/larevistadigital.com.ar\/blog\/wp-content\/uploads\/IMG-20250714-WA0065.jpg?fit=743%2C530&ssl=1&resize=350%2C200 1x, https:\/\/i0.wp.com\/larevistadigital.com.ar\/blog\/wp-content\/uploads\/IMG-20250714-WA0065.jpg?fit=743%2C530&ssl=1&resize=525%2C300 1.5x, https:\/\/i0.wp.com\/larevistadigital.com.ar\/blog\/wp-content\/uploads\/IMG-20250714-WA0065.jpg?fit=743%2C530&ssl=1&resize=700%2C400 2x"},"classes":[]},{"id":36947,"url":"https:\/\/larevistadigital.com.ar\/blog\/kicillof-y-sileoni-encabezaron-la-apertura-del-encuentro-provincial-de-educacion\/","url_meta":{"origin":26221,"position":2},"title":"KICILLOF Y SILEONI ENCABEZARON LA APERTURA DEL ENCUENTRO PROVINCIAL DE EDUCACI\u00d3N","author":"Alejandro Sosa Ruda","date":"11 agosto, 2024","format":false,"excerpt":"Fue en el Teatro Argentino con la participaci\u00f3n de m\u00e1s de 800 representantes del \u00e1mbito educativo y de gremios docentes. 11 de Agosto de 2024 BUENOS AIRES -\u00a0 \u00a0El gobernador Axel Kicillof encabez\u00f3 este jueves la apertura del Encuentro Provincial de Educaci\u00f3n celebrado en el marco de los 140 a\u00f1os\u2026","rel":"","context":"En \u00abPOLITICA PROVINCIAL\u00bb","block_context":{"text":"POLITICA PROVINCIAL","link":"https:\/\/larevistadigital.com.ar\/blog\/category\/politica\/politica-provincial\/"},"img":{"alt_text":"","src":"https:\/\/i0.wp.com\/larevistadigital.com.ar\/blog\/wp-content\/uploads\/20240808120441__77A55602.jpg?fit=743%2C530&ssl=1&resize=350%2C200","width":350,"height":200,"srcset":"https:\/\/i0.wp.com\/larevistadigital.com.ar\/blog\/wp-content\/uploads\/20240808120441__77A55602.jpg?fit=743%2C530&ssl=1&resize=350%2C200 1x, https:\/\/i0.wp.com\/larevistadigital.com.ar\/blog\/wp-content\/uploads\/20240808120441__77A55602.jpg?fit=743%2C530&ssl=1&resize=525%2C300 1.5x, https:\/\/i0.wp.com\/larevistadigital.com.ar\/blog\/wp-content\/uploads\/20240808120441__77A55602.jpg?fit=743%2C530&ssl=1&resize=700%2C400 2x"},"classes":[]},{"id":29257,"url":"https:\/\/larevistadigital.com.ar\/blog\/licencia-joven-la-seguridad-vial-se-sumara-a-la-curricula-en-2023\/","url_meta":{"origin":26221,"position":3},"title":"LICENCIA JOVEN: LA SEGURIDAD VIAL SE SUMAR\u00c1 A LA CURR\u00cdCULA EN 2023","author":"Alejandro Sosa Ruda","date":"5 diciembre, 2022","format":false,"excerpt":"El gobernador de la provincia de Buenos Aires, Axel Kicillof, encabez\u00f3 en Pilar, el acto que dio cierre a la prueba piloto del programa \u201cLicencia Joven\u201d. Estuvo acompa\u00f1ado por el intendente local, Federico Achaval; el ministro de Transporte, Jorge D\u2019Onofrio; y el director general de Cultura y Educaci\u00f3n, Alberto Sileoni.\u2026","rel":"","context":"En \u00abPOLITICA PROVINCIAL\u00bb","block_context":{"text":"POLITICA PROVINCIAL","link":"https:\/\/larevistadigital.com.ar\/blog\/category\/politica\/politica-provincial\/"},"img":{"alt_text":"","src":"https:\/\/i0.wp.com\/larevistadigital.com.ar\/blog\/wp-content\/uploads\/20221205195342_licencia-joven-la-seguridad-vial-se-sumara-a-la-curricula-escolar-en-2023.png?fit=880%2C512&ssl=1&resize=350%2C200","width":350,"height":200,"srcset":"https:\/\/i0.wp.com\/larevistadigital.com.ar\/blog\/wp-content\/uploads\/20221205195342_licencia-joven-la-seguridad-vial-se-sumara-a-la-curricula-escolar-en-2023.png?fit=880%2C512&ssl=1&resize=350%2C200 1x, https:\/\/i0.wp.com\/larevistadigital.com.ar\/blog\/wp-content\/uploads\/20221205195342_licencia-joven-la-seguridad-vial-se-sumara-a-la-curricula-escolar-en-2023.png?fit=880%2C512&ssl=1&resize=525%2C300 1.5x, https:\/\/i0.wp.com\/larevistadigital.com.ar\/blog\/wp-content\/uploads\/20221205195342_licencia-joven-la-seguridad-vial-se-sumara-a-la-curricula-escolar-en-2023.png?fit=880%2C512&ssl=1&resize=700%2C400 2x"},"classes":[]},{"id":38152,"url":"https:\/\/larevistadigital.com.ar\/blog\/kicillof-entrego-750-computadoras-para-estudiantes-de-la-region-capital\/","url_meta":{"origin":26221,"position":4},"title":"Kicillof entreg\u00f3 750 computadoras para estudiantes de la regi\u00f3n capital","author":"Alejandro Sosa Ruda","date":"6 diciembre, 2024","format":false,"excerpt":"En esta ocasi\u00f3n, fueron beneficiados alumnos de los municipios de La Plata, Berisso, Ensenada, Brandsen, Punta Indio y Magdalena. 6 de Diciembre de 2024 BUENOS AIRES -\u00a0 El gobernador de la provincia de Buenos Aires, Axel Kicillof, encabez\u00f3 este jueves en el Estadio \u00danico \u201cDiego Armando Maradona\u201d de La Plata\u2026","rel":"","context":"En \u00abATAQUE DE RADIO\u00bb","block_context":{"text":"ATAQUE DE RADIO","link":"https:\/\/larevistadigital.com.ar\/blog\/category\/ataque-de-radio\/"},"img":{"alt_text":"","src":"https:\/\/i0.wp.com\/larevistadigital.com.ar\/blog\/wp-content\/uploads\/WhatsApp-Image-2024-12-06-at-16.37.52-1.jpeg?fit=743%2C530&ssl=1&resize=350%2C200","width":350,"height":200,"srcset":"https:\/\/i0.wp.com\/larevistadigital.com.ar\/blog\/wp-content\/uploads\/WhatsApp-Image-2024-12-06-at-16.37.52-1.jpeg?fit=743%2C530&ssl=1&resize=350%2C200 1x, https:\/\/i0.wp.com\/larevistadigital.com.ar\/blog\/wp-content\/uploads\/WhatsApp-Image-2024-12-06-at-16.37.52-1.jpeg?fit=743%2C530&ssl=1&resize=525%2C300 1.5x, https:\/\/i0.wp.com\/larevistadigital.com.ar\/blog\/wp-content\/uploads\/WhatsApp-Image-2024-12-06-at-16.37.52-1.jpeg?fit=743%2C530&ssl=1&resize=700%2C400 2x"},"classes":[]},{"id":27547,"url":"https:\/\/larevistadigital.com.ar\/blog\/alarmante-solo-un-20-de-estudiantes-egresan-en-tiempo-y-forma-de-los-secundarios-bonaerenses\/","url_meta":{"origin":26221,"position":5},"title":"ALARMANTE: SOLO UN 20% DE ESTUDIANTES EGRESAN EN TIEMPO Y FORMA DE LOS SECUNDARIOS BONAERENSES","author":"Alejandro Sosa Ruda","date":"4 septiembre, 2022","format":false,"excerpt":"Alberto Sileoni, confirm\u00f3 que las discusiones sobre reformas educativas del nivel secundario como repitencia, amonestaciones y formas de ense\u00f1ar se implementar\u00e1n el a\u00f1o pr\u00f3ximo en la provincia. 04 de septiembre de 2022 El ministro de Educaci\u00f3n bonaerense, Alberto Sileoni, confirm\u00f3 que las discusiones sobre reformas educativas del nivel secundario como\u2026","rel":"","context":"En \u00abPOLITICA PROVINCIAL\u00bb","block_context":{"text":"POLITICA PROVINCIAL","link":"https:\/\/larevistadigital.com.ar\/blog\/category\/politica\/politica-provincial\/"},"img":{"alt_text":"","src":"https:\/\/i0.wp.com\/larevistadigital.com.ar\/blog\/wp-content\/uploads\/20220903154235_educ.jpg?fit=880%2C512&ssl=1&resize=350%2C200","width":350,"height":200,"srcset":"https:\/\/i0.wp.com\/larevistadigital.com.ar\/blog\/wp-content\/uploads\/20220903154235_educ.jpg?fit=880%2C512&ssl=1&resize=350%2C200 1x, https:\/\/i0.wp.com\/larevistadigital.com.ar\/blog\/wp-content\/uploads\/20220903154235_educ.jpg?fit=880%2C512&ssl=1&resize=525%2C300 1.5x, https:\/\/i0.wp.com\/larevistadigital.com.ar\/blog\/wp-content\/uploads\/20220903154235_educ.jpg?fit=880%2C512&ssl=1&resize=700%2C400 2x"},"classes":[]}],"_links":{"self":[{"href":"https:\/\/larevistadigital.com.ar\/blog\/wp-json\/wp\/v2\/posts\/26221","targetHints":{"allow":["GET"]}}],"collection":[{"href":"https:\/\/larevistadigital.com.ar\/blog\/wp-json\/wp\/v2\/posts"}],"about":[{"href":"https:\/\/larevistadigital.com.ar\/blog\/wp-json\/wp\/v2\/types\/post"}],"author":[{"embeddable":true,"href":"https:\/\/larevistadigital.com.ar\/blog\/wp-json\/wp\/v2\/users\/3"}],"replies":[{"embeddable":true,"href":"https:\/\/larevistadigital.com.ar\/blog\/wp-json\/wp\/v2\/comments?post=26221"}],"version-history":[{"count":1,"href":"https:\/\/larevistadigital.com.ar\/blog\/wp-json\/wp\/v2\/posts\/26221\/revisions"}],"predecessor-version":[{"id":26223,"href":"https:\/\/larevistadigital.com.ar\/blog\/wp-json\/wp\/v2\/posts\/26221\/revisions\/26223"}],"wp:featuredmedia":[{"embeddable":true,"href":"https:\/\/larevistadigital.com.ar\/blog\/wp-json\/wp\/v2\/media\/26222"}],"wp:attachment":[{"href":"https:\/\/larevistadigital.com.ar\/blog\/wp-json\/wp\/v2\/media?parent=26221"}],"wp:term":[{"taxonomy":"category","embeddable":true,"href":"https:\/\/larevistadigital.com.ar\/blog\/wp-json\/wp\/v2\/categories?post=26221"},{"taxonomy":"post_tag","embeddable":true,"href":"https:\/\/larevistadigital.com.ar\/blog\/wp-json\/wp\/v2\/tags?post=26221"}],"curies":[{"name":"wp","href":"https:\/\/api.w.org\/{rel}","templated":true}]}}