{"id":26224,"date":"2022-06-30T20:36:15","date_gmt":"2022-06-30T20:36:15","guid":{"rendered":"https:\/\/larevistadigital.com.ar\/blog\/?p=26224"},"modified":"2022-06-30T20:36:15","modified_gmt":"2022-06-30T20:36:15","slug":"senadores-del-oficialismo-avanzan-en-el-proyecto-de-llevar-a-la-corte-suprema-a-25-miembros","status":"publish","type":"post","link":"https:\/\/larevistadigital.com.ar\/blog\/senadores-del-oficialismo-avanzan-en-el-proyecto-de-llevar-a-la-corte-suprema-a-25-miembros\/","title":{"rendered":"SENADORES DEL OFICIALISMO AVANZAN EN EL PROYECTO DE LLEVAR A LA CORTE SUPREMA A 25 MIEMBROS"},"content":{"rendered":"<h2 class=\"fparrafo ctext fz18 lh25\">Los senadores del interbloque oficialista del Frente de Todos le dieron dictamen de comisi\u00f3n al proyecto impulsado por los gobernadores alineados con el Gobierno que busca llevar a 25 el n\u00famero de integrantes de la Corte Suprema.<\/h2>\n<div class=\"wysiwyg mb15\">\n<p class=\"selectionShareable\">Ante la ausencia de la oposici\u00f3n, estuvieron presentes siete mandatarios provinciales que expusieron su propuesta: <strong>Jorge Capitanich (Chaco), Gildo Insfr\u00e1n (Formosa), Axel Kicillof (Buenos Aires), Gerardo Zamora (Santiago del Estero), Gustavo Melella (Tierra del Fuego), Alberto Rodr\u00edguez Sa\u00e1 (San Luis) y Ra\u00fal Jalil (Catamarca).<\/strong><\/p>\n<blockquote>\n<h3 class=\"selectionShareable\">Seg\u00fan el medio digital InfoRegi\u00f3n, el dictamen se basa en el proyecto presentado por los gobernadores a principios de junio, que ampl\u00eda el n\u00famero de miembros a 25, y se le incorpor\u00f3 el criterio de la paridad de g\u00e9nero para la definici\u00f3n de los integrantes del m\u00e1ximo tribunal, informaron fuentes parlamentarias.<\/h3>\n<\/blockquote>\n<p class=\"selectionShareable\"><strong>Alberto Rodr\u00edguez Sa\u00e1<\/strong>, el presidente <strong>Alberto Fern\u00e1ndez<\/strong> se comprometi\u00f3 a elaborar un decreto de autolimitaci\u00f3n para que regule c\u00f3mo se ir\u00e1n incorporando los miembros de la Corte seg\u00fan el cual cada provincia enviar\u00eda dos postulantes y el Presidente elegir\u00eda un pliego por distrito respetando la paridad, y los enviar\u00eda al Congreso para su aprobaci\u00f3n.<\/p>\n<blockquote>\n<h3 class=\"selectionShareable\">De ser aprobada la norma, los actuales jueces de la Corte Suprema, Horacio Rosatti, Juan Carlos Maqueda, Carlos Rosenkrantz y Ricardo Lorenzetti, continuar\u00e1n en sus cargos por lo cual se enviar\u00edan 21 nuevos pliegos para llegar a los 25 miembros.<\/h3>\n<\/blockquote>\n<p class=\"selectionShareable\">Si bien se prev\u00e9 que el proyecto avanzar\u00e1 en el recinto de la c\u00e1mara alta, estiman que contar\u00e1 con pocas chances de prosperar en Diputados, donde el oficialismo debe construir una alianza que lo dota de una mayor\u00eda escueta y donde sus iniciativas judiciales como la reforma de la Justicia Federal o la del Ministerio P\u00fablico Fiscal, que hab\u00edan sido aprobados en el Senado acaban cajoneados.<\/p>\n<blockquote>\n<h3 class=\"selectionShareable\"><em><strong>\u201cHay dependencia de la Corte Suprema y de sus miembros respecto a corporaciones que promueven un mecanismo de presi\u00f3n, y manejan y manipulan la justicia a su antojo\u201d<\/strong><\/em>, dispar\u00f3 el mandatario de Chaco, <strong>Jorge Capitanich<\/strong>, quien asegur\u00f3 la Corte suprema es<strong><em> \u201ccentralista, mis\u00f3gina y con sesgo antifederal\u201d.<\/em><\/strong><\/h3>\n<\/blockquote>\n<p class=\"selectionShareable\">El gobernador de San Luis, <strong>Alberto Rodr\u00edguez Sa\u00e1<\/strong>, sostuvo que <em><strong>\u201cla actual es una de las Cortes m\u00e1s chicas del mundo y debe ser federal\u201d<\/strong><\/em>. (<b>InfoGEI<\/b>)Ap<\/p>\n<\/div>\n<div id=\"modulo_banners_bajo_noticia\" class=\"\"><\/div>\n","protected":false},"excerpt":{"rendered":"<div class=\"mh-excerpt\"><p>Los senadores del interbloque oficialista del Frente de Todos le dieron dictamen de comisi\u00f3n al proyecto impulsado por los gobernadores alineados con el Gobierno que busca llevar a 25 el n\u00famero de integrantes de la <a class=\"mh-excerpt-more\" href=\"https:\/\/larevistadigital.com.ar\/blog\/senadores-del-oficialismo-avanzan-en-el-proyecto-de-llevar-a-la-corte-suprema-a-25-miembros\/\" title=\"SENADORES DEL OFICIALISMO AVANZAN EN EL PROYECTO DE LLEVAR A LA CORTE SUPREMA A 25 MIEMBROS\">[Leer M\u00e1s]<\/a><\/p>\n<\/div>","protected":false},"author":3,"featured_media":26225,"comment_status":"open","ping_status":"open","sticky":false,"template":"","format":"standard","meta":{"_jetpack_memberships_contains_paid_content":false,"footnotes":"","jetpack_publicize_message":"","jetpack_publicize_feature_enabled":true,"jetpack_social_post_already_shared":true,"jetpack_social_options":{"image_generator_settings":{"template":"highway","default_image_id":0,"font":"","enabled":false},"version":2}},"categories":[50,12],"tags":[],"class_list":{"0":"post-26224","1":"post","2":"type-post","3":"status-publish","4":"format-standard","5":"has-post-thumbnail","7":"category-interes-general","8":"category-politica"},"jetpack_publicize_connections":[],"jetpack_featured_media_url":"https:\/\/i0.wp.com\/larevistadigital.com.ar\/blog\/wp-content\/uploads\/20220630123718_senadores-oficialistas-avanzan-en-el-proyecto-de-llevar-25-miembros-a-la-corte-suprema.jpg?fit=880%2C512&ssl=1","jetpack_sharing_enabled":true,"jetpack_shortlink":"https:\/\/wp.me\/p8qtrQ-6OY","jetpack-related-posts":[{"id":31957,"url":"https:\/\/larevistadigital.com.ar\/blog\/segun-el-dictamen-del-procurador-la-justicia-bonaerense-debe-intervenir-en-la-reeleccion-de-intendentes\/","url_meta":{"origin":26224,"position":0},"title":"SEG\u00daN EL DICTAMEN DEL PROCURADOR, LA JUSTICIA BONAERENSE DEBE INTERVENIR EN LA REELECCI\u00d3N DE INTENDENTES","author":"Alejandro Sosa Ruda","date":"12 junio, 2023","format":false,"excerpt":"Casal decidi\u00f3 as\u00ed en la controversia planteada por el presidente del Partido Pol\u00edtica Abierta para la Integridad Social (PAIS), Oscar Alva, cuando a finales de mayo le pidi\u00f3 a la Corte Suprema de Justicia de la Naci\u00f3n que suspendiera la reelecci\u00f3n de cerca de un centenar de intendentes bonaerenses. 12\u2026","rel":"","context":"En \u00abPOLITICA PROVINCIAL\u00bb","block_context":{"text":"POLITICA PROVINCIAL","link":"https:\/\/larevistadigital.com.ar\/blog\/category\/politica\/politica-provincial\/"},"img":{"alt_text":"","src":"https:\/\/i0.wp.com\/larevistadigital.com.ar\/blog\/wp-content\/uploads\/20230612185119_casal.jpg?fit=880%2C512&ssl=1&resize=350%2C200","width":350,"height":200,"srcset":"https:\/\/i0.wp.com\/larevistadigital.com.ar\/blog\/wp-content\/uploads\/20230612185119_casal.jpg?fit=880%2C512&ssl=1&resize=350%2C200 1x, https:\/\/i0.wp.com\/larevistadigital.com.ar\/blog\/wp-content\/uploads\/20230612185119_casal.jpg?fit=880%2C512&ssl=1&resize=525%2C300 1.5x, https:\/\/i0.wp.com\/larevistadigital.com.ar\/blog\/wp-content\/uploads\/20230612185119_casal.jpg?fit=880%2C512&ssl=1&resize=700%2C400 2x"},"classes":[]},{"id":11732,"url":"https:\/\/larevistadigital.com.ar\/blog\/dolores-modificaciones-o-creaciones-de-organos-judiciales-que-la-suprema-corte-propone-para-el-dto-judicial-dolores\/","url_meta":{"origin":26224,"position":1},"title":"DOLORES: MODIFICACIONES O CREACIONES DE \u00d3RGANOS JUDICIALES QUE LA SUPREMA CORTE PROPONE PARA EL DTO. JUDICIAL DOLORES","author":"Alejandro Sosa Ruda","date":"6 agosto, 2019","format":false,"excerpt":"En el marco de un proyecto de ley que envi\u00f3 al Ejecutivo provincial. A partir de un informe realizado por la Secretar\u00eda de Planificaci\u00f3n de la Suprema Corte de Justicia, este m\u00e1ximo tribunal elev\u00f3 al Poder Ejecutivo provincial un proyecto de ley donde propone en el \u00e1mbito de los distintos\u2026","rel":"","context":"En \u00abDOLORES\u00bb","block_context":{"text":"DOLORES","link":"https:\/\/larevistadigital.com.ar\/blog\/category\/dolores\/"},"img":{"alt_text":"","src":"https:\/\/i0.wp.com\/larevistadigital.com.ar\/blog\/wp-content\/uploads\/Edificio-TRibunales-660x330.jpg?fit=660%2C330&ssl=1&resize=350%2C200","width":350,"height":200,"srcset":"https:\/\/i0.wp.com\/larevistadigital.com.ar\/blog\/wp-content\/uploads\/Edificio-TRibunales-660x330.jpg?fit=660%2C330&ssl=1&resize=350%2C200 1x, https:\/\/i0.wp.com\/larevistadigital.com.ar\/blog\/wp-content\/uploads\/Edificio-TRibunales-660x330.jpg?fit=660%2C330&ssl=1&resize=525%2C300 1.5x"},"classes":[]},{"id":38679,"url":"https:\/\/larevistadigital.com.ar\/blog\/hubo-dictamen-en-el-senado-para-la-suspension-de-las-paso\/","url_meta":{"origin":26224,"position":2},"title":"Hubo dictamen en el Senado para la suspensi\u00f3n de las PASO","author":"Alejandro Sosa Ruda","date":"13 febrero, 2025","format":false,"excerpt":"El oficialismo libertario logr\u00f3 avanzar en la suspensi\u00f3n de las PASO. Los senadores kirchneristas no tomaron posici\u00f3n y la votaci\u00f3n promete ser ajustada. 13 de Febrero de 2025 El oficialismo libertario dio un paso clave en el Senado al lograr el dictamen de mayor\u00eda para la suspensi\u00f3n de las\u00a0Elecciones Primarias,\u2026","rel":"","context":"En \u00abDESTACADAS\u00bb","block_context":{"text":"DESTACADAS","link":"https:\/\/larevistadigital.com.ar\/blog\/category\/destacadas\/"},"img":{"alt_text":"","src":"https:\/\/i0.wp.com\/larevistadigital.com.ar\/blog\/wp-content\/uploads\/Captura-de-pantalla-2025-02-13-074554.jpg?fit=891%2C502&ssl=1&resize=350%2C200","width":350,"height":200,"srcset":"https:\/\/i0.wp.com\/larevistadigital.com.ar\/blog\/wp-content\/uploads\/Captura-de-pantalla-2025-02-13-074554.jpg?fit=891%2C502&ssl=1&resize=350%2C200 1x, https:\/\/i0.wp.com\/larevistadigital.com.ar\/blog\/wp-content\/uploads\/Captura-de-pantalla-2025-02-13-074554.jpg?fit=891%2C502&ssl=1&resize=525%2C300 1.5x, https:\/\/i0.wp.com\/larevistadigital.com.ar\/blog\/wp-content\/uploads\/Captura-de-pantalla-2025-02-13-074554.jpg?fit=891%2C502&ssl=1&resize=700%2C400 2x"},"classes":[]},{"id":16626,"url":"https:\/\/larevistadigital.com.ar\/blog\/la-corte-suprema-abrio-el-per-saltum-y-por-el-momento-los-jueves-que-investigaron-a-cristina-kirchner-se-mantienen-en-sus-puestos\/","url_meta":{"origin":26224,"position":3},"title":"LA CORTE SUPREMA ABRI\u00d3 EL \u00abPER SALTUM\u00bb, Y POR EL MOMENTO LOS JUEVES QUE INVESTIGARON A CRISTINA KIRCHNER SE MANTIENEN EN SUS PUESTOS","author":"Alejandro Sosa Ruda","date":"29 septiembre, 2020","format":false,"excerpt":"El Consejo de la Magistratura no podr\u00e1 realizar cambios hasta tanto se analice el fondo de la cuesti\u00f3n El m\u00e1ximo tribunal de la Rep\u00fablica Argentina con la mayor\u00eda formada por los votos de Ricardo Lorenzetti, Horacio Rosatti, Juan Carlos Maqueda y Elena Highton resolvi\u00f3 abrir el\u00a0per saltum\u00a0presentado por los magistrados\u00a0Leopoldo\u2026","rel":"","context":"En \u00abDESTACADAS\u00bb","block_context":{"text":"DESTACADAS","link":"https:\/\/larevistadigital.com.ar\/blog\/category\/destacadas\/"},"img":{"alt_text":"","src":"https:\/\/i0.wp.com\/larevistadigital.com.ar\/blog\/wp-content\/uploads\/corte-1.jpg?fit=1200%2C732&ssl=1&resize=350%2C200","width":350,"height":200,"srcset":"https:\/\/i0.wp.com\/larevistadigital.com.ar\/blog\/wp-content\/uploads\/corte-1.jpg?fit=1200%2C732&ssl=1&resize=350%2C200 1x, https:\/\/i0.wp.com\/larevistadigital.com.ar\/blog\/wp-content\/uploads\/corte-1.jpg?fit=1200%2C732&ssl=1&resize=525%2C300 1.5x, https:\/\/i0.wp.com\/larevistadigital.com.ar\/blog\/wp-content\/uploads\/corte-1.jpg?fit=1200%2C732&ssl=1&resize=700%2C400 2x, https:\/\/i0.wp.com\/larevistadigital.com.ar\/blog\/wp-content\/uploads\/corte-1.jpg?fit=1200%2C732&ssl=1&resize=1050%2C600 3x"},"classes":[]},{"id":43781,"url":"https:\/\/larevistadigital.com.ar\/blog\/la-reforma-laboral-abre-una-grieta-fiscal-con-los-gobernadores\/","url_meta":{"origin":26224,"position":4},"title":"La reforma laboral abre una grieta fiscal con los gobernadores","author":"Alejandro Sosa Ruda","date":"4 febrero, 2026","format":false,"excerpt":"La rebaja de Ganancias desat\u00f3 una fuerte pulseada entre el Gobierno y los gobernadores, que advierten p\u00e9rdidas millonarias en pleno a\u00f1o electoral. 04 de febrero de 2026 En medio de las negociaciones que el Gobierno nacional mantiene para avanzar con la reforma laboral, la rebaja del Impuesto a las Ganancias\u2026","rel":"","context":"En \u00abINTERES GENERAL\u00bb","block_context":{"text":"INTERES GENERAL","link":"https:\/\/larevistadigital.com.ar\/blog\/category\/interes-general\/"},"img":{"alt_text":"","src":"https:\/\/i0.wp.com\/larevistadigital.com.ar\/blog\/wp-content\/uploads\/Captura-de-pantalla-2026-02-04-231431.jpg?fit=801%2C488&ssl=1&resize=350%2C200","width":350,"height":200,"srcset":"https:\/\/i0.wp.com\/larevistadigital.com.ar\/blog\/wp-content\/uploads\/Captura-de-pantalla-2026-02-04-231431.jpg?fit=801%2C488&ssl=1&resize=350%2C200 1x, https:\/\/i0.wp.com\/larevistadigital.com.ar\/blog\/wp-content\/uploads\/Captura-de-pantalla-2026-02-04-231431.jpg?fit=801%2C488&ssl=1&resize=525%2C300 1.5x, https:\/\/i0.wp.com\/larevistadigital.com.ar\/blog\/wp-content\/uploads\/Captura-de-pantalla-2026-02-04-231431.jpg?fit=801%2C488&ssl=1&resize=700%2C400 2x"},"classes":[]},{"id":43669,"url":"https:\/\/larevistadigital.com.ar\/blog\/nace-un-nuevo-espacio-gremial-contra-la-reforma-laboral\/","url_meta":{"origin":26224,"position":5},"title":"Nace un nuevo espacio gremial contra la reforma laboral","author":"Alejandro Sosa Ruda","date":"30 enero, 2026","format":false,"excerpt":"Gremios de la CGT y las CTA lanzaron el FreSU y anunciaron marchas contra la reforma laboral. C\u00f3rdoba, Santa Fe y final en el Congreso. Un nuevo frente sindical tom\u00f3 forma en las \u00faltimas horas con un objetivo claro: enfrentar la reforma laboral impulsada por el gobierno de Javier Milei.\u2026","rel":"","context":"En \u00abGREMIALES\u00bb","block_context":{"text":"GREMIALES","link":"https:\/\/larevistadigital.com.ar\/blog\/category\/gremiales\/"},"img":{"alt_text":"","src":"https:\/\/i0.wp.com\/larevistadigital.com.ar\/blog\/wp-content\/uploads\/Captura-de-pantalla-2026-01-30-015010.jpg?fit=802%2C430&ssl=1&resize=350%2C200","width":350,"height":200,"srcset":"https:\/\/i0.wp.com\/larevistadigital.com.ar\/blog\/wp-content\/uploads\/Captura-de-pantalla-2026-01-30-015010.jpg?fit=802%2C430&ssl=1&resize=350%2C200 1x, https:\/\/i0.wp.com\/larevistadigital.com.ar\/blog\/wp-content\/uploads\/Captura-de-pantalla-2026-01-30-015010.jpg?fit=802%2C430&ssl=1&resize=525%2C300 1.5x, https:\/\/i0.wp.com\/larevistadigital.com.ar\/blog\/wp-content\/uploads\/Captura-de-pantalla-2026-01-30-015010.jpg?fit=802%2C430&ssl=1&resize=700%2C400 2x"},"classes":[]}],"_links":{"self":[{"href":"https:\/\/larevistadigital.com.ar\/blog\/wp-json\/wp\/v2\/posts\/26224","targetHints":{"allow":["GET"]}}],"collection":[{"href":"https:\/\/larevistadigital.com.ar\/blog\/wp-json\/wp\/v2\/posts"}],"about":[{"href":"https:\/\/larevistadigital.com.ar\/blog\/wp-json\/wp\/v2\/types\/post"}],"author":[{"embeddable":true,"href":"https:\/\/larevistadigital.com.ar\/blog\/wp-json\/wp\/v2\/users\/3"}],"replies":[{"embeddable":true,"href":"https:\/\/larevistadigital.com.ar\/blog\/wp-json\/wp\/v2\/comments?post=26224"}],"version-history":[{"count":1,"href":"https:\/\/larevistadigital.com.ar\/blog\/wp-json\/wp\/v2\/posts\/26224\/revisions"}],"predecessor-version":[{"id":26226,"href":"https:\/\/larevistadigital.com.ar\/blog\/wp-json\/wp\/v2\/posts\/26224\/revisions\/26226"}],"wp:featuredmedia":[{"embeddable":true,"href":"https:\/\/larevistadigital.com.ar\/blog\/wp-json\/wp\/v2\/media\/26225"}],"wp:attachment":[{"href":"https:\/\/larevistadigital.com.ar\/blog\/wp-json\/wp\/v2\/media?parent=26224"}],"wp:term":[{"taxonomy":"category","embeddable":true,"href":"https:\/\/larevistadigital.com.ar\/blog\/wp-json\/wp\/v2\/categories?post=26224"},{"taxonomy":"post_tag","embeddable":true,"href":"https:\/\/larevistadigital.com.ar\/blog\/wp-json\/wp\/v2\/tags?post=26224"}],"curies":[{"name":"wp","href":"https:\/\/api.w.org\/{rel}","templated":true}]}}