{"id":26227,"date":"2022-06-30T21:07:07","date_gmt":"2022-06-30T21:07:07","guid":{"rendered":"https:\/\/larevistadigital.com.ar\/blog\/?p=26227"},"modified":"2022-06-30T21:07:07","modified_gmt":"2022-06-30T21:07:07","slug":"segun-un-estudio-del-reino-unido-la-mitad-de-los-rios-del-mundo-estan-contaminados-con-medicamentos-de-venta-libre","status":"publish","type":"post","link":"https:\/\/larevistadigital.com.ar\/blog\/segun-un-estudio-del-reino-unido-la-mitad-de-los-rios-del-mundo-estan-contaminados-con-medicamentos-de-venta-libre\/","title":{"rendered":"SEG\u00daN UN ESTUDIO DEL REINO UNIDO, LA MITAD DE LOS R\u00cdOS DEL MUNDO EST\u00c1N CONTAMINADOS CON MEDICAMENTOS DE VENTA LIBRE"},"content":{"rendered":"<h2 class=\"fparrafo ctext fz18 lh25\">Seg\u00fan un estudio del equipo de la Universidad de York, la contaminaci\u00f3n var\u00eda desde antibi\u00f3ticos, antidepresivos y analg\u00e9sicos hasta anticonceptivos orales, pastillas para la alergia y tranquilizantes.<\/h2>\n<p class=\"selectionShareable\">Los hallazgos provienen de un estudio de 1052 ubicaciones en 104 pa\u00edses de todo el mundo, lo que lo convierte en el an\u00e1lisis m\u00e1s grande de este tipo. \u00abCon 127 colaboradores en 86 instituciones en todo el mundo, el Proyecto de Monitoreo Global de Productos Farmac\u00e9uticos es un excelente ejemplo de c\u00f3mo la comunidad cient\u00edfica mundial puede unirse para abordar problemas ambientales a gran escala\u00bb, dijo el codirector del proyecto, John Wilkinson en un comunicado.<\/p>\n<blockquote>\n<h3 class=\"selectionShareable\">El estudio revela que los niveles de contaminaci\u00f3n son potencialmente t\u00f3xicos para los humanos y, en cuanto a los peces y otros animales salvajes tambi\u00e9n est\u00e1n en riesgo, una situaci\u00f3n que pone en peligro los ecosistemas locales. Explicitan que los medicamentos que se dirigen a las hormonas, por ejemplo, han inducido cambios de sexo en animales marinos.<\/h3>\n<\/blockquote>\n<p class=\"selectionShareable\">El estudio encontr\u00f3 que m\u00e1s del 43% de los r\u00edos en todo el mundo mostraban cantidades \u00abpreocupantes\u00bb de ingredientes farmac\u00e9uticos activos (API), y 23 superaban los considerados \u00abseguros\u00bb.<\/p>\n<p class=\"selectionShareable\"><span style=\"color: #ff0000\"><b>Origen de las drogas en las v\u00edas fluviales<\/b><\/span><\/p>\n<p class=\"selectionShareable\">Los autores del estudio dicen que estos productos qu\u00edmicos ingresan al medio ambiente durante su producci\u00f3n, uso y eliminaci\u00f3n. Es m\u00e1s probable que aparezcan en aguas superficiales como arroyos, r\u00edos, lagos, embalses y humedales. Los hallazgos indican que la contaminaci\u00f3n es un problema global que est\u00e1 da\u00f1ando los r\u00edos desde el T\u00e1mesis hasta el Amazonas.<\/p>\n<p class=\"selectionShareable\"><em><strong>\u201cSabemos desde hace m\u00e1s de dos d\u00e9cadas que los productos farmac\u00e9uticos llegan al medio ambiente acu\u00e1tico donde pueden afectar la biolog\u00eda de los organismos vivos. Pero uno de los mayores problemas que hemos enfrentado al abordar este problema es que no hemos sido muy representativos al monitorear estos contaminantes, con casi todos los datos enfocados en unas pocas \u00e1reas seleccionadas en Am\u00e9rica del Norte, Europa Occidental y China\u201d<\/strong><\/em>, contin\u00faa <strong>Wilkinson<\/strong>.<\/p>\n<p class=\"selectionShareable\"><span style=\"color: #ff0000\"><b>Analg\u00e9sico contaminante<\/b><\/span><\/p>\n<p class=\"selectionShareable\">Las aguas contaminadas con el popular analg\u00e9sico Diclofenac han provocado una disminuci\u00f3n notable de las poblaciones de buitres en el subcontinente indio, lo que tiene un impacto potencial en la salud humana.<strong><em> \u201cNosotros, por primera vez, presentamos una evaluaci\u00f3n global de los posibles impactos ecotoxicol\u00f3gicos en los ecosistemas acu\u00e1ticos\u201d<\/em><\/strong>, destaca la coautora del estudio, <strong>Alejandra Bouzas-Monroy<\/strong>, en un comunicado.<\/p>\n<p class=\"selectionShareable\"><em><strong>\u201cDemostramos que aproximadamente el 43,5 % de las ubicaciones de los r\u00edos en todo el mundo tienen concentraciones en las que se podr\u00edan esperar efectos ecotoxicol\u00f3gicos, y se espera que algunas ubicaciones sufran efectos en m\u00faltiples niveles tr\u00f3ficos y puntos finales\u201d<\/strong><\/em>, contin\u00faa la investigadora.<\/p>\n<p class=\"selectionShareable\"><span style=\"color: #ff0000\"><b>\u00c1reas de mayor contaminaci\u00f3n<\/b><\/span><\/p>\n<p class=\"selectionShareable\">Los investigadores sostienen que las regiones m\u00e1s afectadas del mundo son las que menos se han analizado: \u00c1frica subsahariana, Am\u00e9rica del Sur y partes del sur de Asia. Menos de una cuarta parte de las aguas residuales recibe el tratamiento de limpieza adecuado y la tecnolog\u00eda no puede filtrar la mayor\u00eda de los productos farmac\u00e9uticos.<\/p>\n<p class=\"selectionShareable\">El r\u00edo Clyde en Escocia es el m\u00e1s contaminado farmac\u00e9uticamente en el Reino Unido, y el medicamento para la epilepsia carbamazepina es el m\u00e1s com\u00fan que se encuentra en casi el 70% de los r\u00edos brit\u00e1nicos. (<b>InfoGEI<\/b>)Ap<\/p>\n","protected":false},"excerpt":{"rendered":"<div class=\"mh-excerpt\"><p>Seg\u00fan un estudio del equipo de la Universidad de York, la contaminaci\u00f3n var\u00eda desde antibi\u00f3ticos, antidepresivos y analg\u00e9sicos hasta anticonceptivos orales, pastillas para la alergia y tranquilizantes. Los hallazgos provienen de un estudio de 1052 <a class=\"mh-excerpt-more\" href=\"https:\/\/larevistadigital.com.ar\/blog\/segun-un-estudio-del-reino-unido-la-mitad-de-los-rios-del-mundo-estan-contaminados-con-medicamentos-de-venta-libre\/\" title=\"SEG\u00daN UN ESTUDIO DEL REINO UNIDO, LA MITAD DE LOS R\u00cdOS DEL MUNDO EST\u00c1N CONTAMINADOS CON MEDICAMENTOS DE VENTA LIBRE\">[Leer M\u00e1s]<\/a><\/p>\n<\/div>","protected":false},"author":3,"featured_media":26228,"comment_status":"open","ping_status":"open","sticky":false,"template":"","format":"standard","meta":{"_jetpack_memberships_contains_paid_content":false,"footnotes":"","jetpack_publicize_message":"","jetpack_publicize_feature_enabled":true,"jetpack_social_post_already_shared":true,"jetpack_social_options":{"image_generator_settings":{"template":"highway","default_image_id":0,"font":"","enabled":false},"version":2}},"categories":[50,29],"tags":[],"class_list":{"0":"post-26227","1":"post","2":"type-post","3":"status-publish","4":"format-standard","5":"has-post-thumbnail","7":"category-interes-general","8":"category-sociedad"},"jetpack_publicize_connections":[],"jetpack_featured_media_url":"https:\/\/i0.wp.com\/larevistadigital.com.ar\/blog\/wp-content\/uploads\/20220630120422_la-mitad-de-los-rios-del-mundo-estan-contaminados-con-medicamentos-recetados-y-de-venta-libre.jpg?fit=880%2C512&ssl=1","jetpack_sharing_enabled":true,"jetpack_shortlink":"https:\/\/wp.me\/p8qtrQ-6P1","jetpack-related-posts":[{"id":25026,"url":"https:\/\/larevistadigital.com.ar\/blog\/contaminacion-encuentran-altos-niveles-toxicos-de-contaminacion-en-el-agua-de-cuatro-escuelas-en-mar-del-plata\/","url_meta":{"origin":26227,"position":0},"title":"CONTAMINACI\u00d3N: ENCUENTRAN ALTOS NIVELES T\u00d3XICOS DE CONTAMINACI\u00d3N EN EL AGUA DE CUATRO ESCUELAS EN MAR DEL PLATA","author":"Alejandro Sosa Ruda","date":"11 abril, 2022","format":false,"excerpt":"Se trata de la Escuela de Educaci\u00f3n Primaria N\u00ba 8, del barrio El Coyunco, la Escuela de Educaci\u00f3n Primaria N\u00ba 46, el Jard\u00edn de Infantes N\u00ba 918 y la Escuela de Educaci\u00f3n Secundaria N\u00ba 50, de la zona de La Peregrina. MAR DEL PLATA -\u00a0Luego de una denuncia p\u00fablica realizada\u2026","rel":"","context":"En \u00abINTERES GENERAL\u00bb","block_context":{"text":"INTERES GENERAL","link":"https:\/\/larevistadigital.com.ar\/blog\/category\/interes-general\/"},"img":{"alt_text":"","src":"https:\/\/i0.wp.com\/larevistadigital.com.ar\/blog\/wp-content\/uploads\/20220409200952_escue.jpg?fit=880%2C512&ssl=1&resize=350%2C200","width":350,"height":200,"srcset":"https:\/\/i0.wp.com\/larevistadigital.com.ar\/blog\/wp-content\/uploads\/20220409200952_escue.jpg?fit=880%2C512&ssl=1&resize=350%2C200 1x, https:\/\/i0.wp.com\/larevistadigital.com.ar\/blog\/wp-content\/uploads\/20220409200952_escue.jpg?fit=880%2C512&ssl=1&resize=525%2C300 1.5x, https:\/\/i0.wp.com\/larevistadigital.com.ar\/blog\/wp-content\/uploads\/20220409200952_escue.jpg?fit=880%2C512&ssl=1&resize=700%2C400 2x"},"classes":[]},{"id":5513,"url":"https:\/\/larevistadigital.com.ar\/blog\/segun-un-estudio-buenos-aires-es-la-mejor-ciudad-de-america-latina-para-ir-a-estudiar\/","url_meta":{"origin":26227,"position":1},"title":"SEG\u00daN UN ESTUDIO BUENOS AIRES ES LA MEJOR CIUDAD DE AM\u00c9RICA LATINA PARA IR A ESTUDIAR","author":"Alejandro Sosa Ruda","date":"9 mayo, 2018","format":false,"excerpt":"Seg\u00fan un estudio, y por quinto a\u00f1o consecutivo, Buenos Aires fue nombrada como\u00a0la\u00a0ciudad\u00a0mejor posicionada para estudiar en toda Latinoam\u00e9rica. As\u00ed lo defini\u00f3 la nueva edici\u00f3n del\u00a0QS Best Student Cities Ranking,\u00a0publicada este martes por los analistas internacionales de educaci\u00f3n superior QS Quacquarelli Symonds. En el an\u00e1lisis mundial se muestra c\u00f3mo\u00a0Buenos Aires\u00a0salta\u2026","rel":"","context":"En \u00abPOLITICA\u00bb","block_context":{"text":"POLITICA","link":"https:\/\/larevistadigital.com.ar\/blog\/category\/politica\/"},"img":{"alt_text":"","src":"https:\/\/i0.wp.com\/larevistadigital.com.ar\/blog\/wp-content\/uploads\/2018\/05\/UBA-1_opt_opt.jpg?fit=1200%2C701&ssl=1&resize=350%2C200","width":350,"height":200,"srcset":"https:\/\/i0.wp.com\/larevistadigital.com.ar\/blog\/wp-content\/uploads\/2018\/05\/UBA-1_opt_opt.jpg?fit=1200%2C701&ssl=1&resize=350%2C200 1x, https:\/\/i0.wp.com\/larevistadigital.com.ar\/blog\/wp-content\/uploads\/2018\/05\/UBA-1_opt_opt.jpg?fit=1200%2C701&ssl=1&resize=525%2C300 1.5x, https:\/\/i0.wp.com\/larevistadigital.com.ar\/blog\/wp-content\/uploads\/2018\/05\/UBA-1_opt_opt.jpg?fit=1200%2C701&ssl=1&resize=700%2C400 2x, https:\/\/i0.wp.com\/larevistadigital.com.ar\/blog\/wp-content\/uploads\/2018\/05\/UBA-1_opt_opt.jpg?fit=1200%2C701&ssl=1&resize=1050%2C600 3x"},"classes":[]},{"id":32317,"url":"https:\/\/larevistadigital.com.ar\/blog\/balcarce-un-vecino-se-sometio-a-un-estudio-internacional-y-encontraron-multiples-plaguicidas-en-su-organismo\/","url_meta":{"origin":26227,"position":2},"title":"BALCARCE: UN VECINO SE SOMETI\u00d3 A UN ESTUDIO INTERNACIONAL Y ENCONTRARON M\u00daLTIPLES PLAGUICIDAS EN SU ORGANISMO","author":"Alejandro Sosa Ruda","date":"6 julio, 2023","format":false,"excerpt":"Tiene 52 a\u00f1os, vive en la zona de la Laguna Brava y se le han detectado 7 agrot\u00f3xicos en la sangre, 12 en la orina y 6 en la materia fecal. Lo inform\u00f3 el portal \"entrel\u00edneas.info\" 6 de julio de 2023 BALCARCE\u00a0 -\u00a0 \u00a0Iv\u00e1n Villarreal, residente de Laguna Brava en\u2026","rel":"","context":"En \u00abMEDIO AMBIENTE\u00bb","block_context":{"text":"MEDIO AMBIENTE","link":"https:\/\/larevistadigital.com.ar\/blog\/category\/suplementos\/medio-ambiente\/"},"img":{"alt_text":"","src":"https:\/\/i0.wp.com\/larevistadigital.com.ar\/blog\/wp-content\/uploads\/58e0992384de9bea07855079520921f83c3e0847.jpg?fit=1140%2C663&ssl=1&resize=350%2C200","width":350,"height":200,"srcset":"https:\/\/i0.wp.com\/larevistadigital.com.ar\/blog\/wp-content\/uploads\/58e0992384de9bea07855079520921f83c3e0847.jpg?fit=1140%2C663&ssl=1&resize=350%2C200 1x, https:\/\/i0.wp.com\/larevistadigital.com.ar\/blog\/wp-content\/uploads\/58e0992384de9bea07855079520921f83c3e0847.jpg?fit=1140%2C663&ssl=1&resize=525%2C300 1.5x, https:\/\/i0.wp.com\/larevistadigital.com.ar\/blog\/wp-content\/uploads\/58e0992384de9bea07855079520921f83c3e0847.jpg?fit=1140%2C663&ssl=1&resize=700%2C400 2x, https:\/\/i0.wp.com\/larevistadigital.com.ar\/blog\/wp-content\/uploads\/58e0992384de9bea07855079520921f83c3e0847.jpg?fit=1140%2C663&ssl=1&resize=1050%2C600 3x"},"classes":[]},{"id":12955,"url":"https:\/\/larevistadigital.com.ar\/blog\/procesan-a-productores-rurales-por-fumigar-con-agrotoxicos\/","url_meta":{"origin":26227,"position":3},"title":"PROCESAN A PRODUCTORES RURALES POR FUMIGAR CON AGROT\u00d3XICOS","author":"Alejandro Sosa Ruda","date":"31 octubre, 2019","format":false,"excerpt":"Se les imputa el delito de \u201ccontaminaci\u00f3n ambiental\u201d y fueron embargados por 3 millones de pesos cada uno. La Justicia conden\u00f3 a tres productores rurales por contaminar,\u00a0a trav\u00e9s de productos agrot\u00f3xicos para fumigaci\u00f3n, zonas perif\u00e9ricas al municipio bonaerense de Pergamino. De esta manera, fueron embargados por 3 millones de pesos\u2026","rel":"","context":"En \u00abINTERES GENERAL\u00bb","block_context":{"text":"INTERES GENERAL","link":"https:\/\/larevistadigital.com.ar\/blog\/category\/interes-general\/"},"img":{"alt_text":"","src":"https:\/\/i0.wp.com\/larevistadigital.com.ar\/blog\/wp-content\/uploads\/fumigacion.jpg?fit=855%2C457&ssl=1&resize=350%2C200","width":350,"height":200,"srcset":"https:\/\/i0.wp.com\/larevistadigital.com.ar\/blog\/wp-content\/uploads\/fumigacion.jpg?fit=855%2C457&ssl=1&resize=350%2C200 1x, https:\/\/i0.wp.com\/larevistadigital.com.ar\/blog\/wp-content\/uploads\/fumigacion.jpg?fit=855%2C457&ssl=1&resize=525%2C300 1.5x, https:\/\/i0.wp.com\/larevistadigital.com.ar\/blog\/wp-content\/uploads\/fumigacion.jpg?fit=855%2C457&ssl=1&resize=700%2C400 2x"},"classes":[]},{"id":8529,"url":"https:\/\/larevistadigital.com.ar\/blog\/8529-2\/","url_meta":{"origin":26227,"position":4},"title":"EL ESTUDIO RAMPAZZO ADQUIRI\u00d3 UNA PLATAFORMA A NIVEL MUNDIAL PARA BRINDAR UN MEJOR SERVICIO","author":"Alejandro Sosa Ruda","date":"18 febrero, 2019","format":false,"excerpt":"El abogado Fernando Rampazzo, contin\u00faa dando muestras de pretender convertir su estudio jur\u00eddico en un ejemplo de excelencia en atenci\u00f3n a los clientes. Hoy suma la plataforma legal llamada Legal One, que ya est\u00e1 siendo utilizada\u00a0a los servicios de sus estudios jur\u00eddicos. Se trata de una plataforma legal, utilizada a\u2026","rel":"","context":"En \u00abPOLITICA\u00bb","block_context":{"text":"POLITICA","link":"https:\/\/larevistadigital.com.ar\/blog\/category\/politica\/"},"img":{"alt_text":"","src":"https:\/\/i0.wp.com\/larevistadigital.com.ar\/blog\/wp-content\/uploads\/2019\/02\/Screenshot_1-6.jpg?fit=600%2C680&ssl=1&resize=350%2C200","width":350,"height":200,"srcset":"https:\/\/i0.wp.com\/larevistadigital.com.ar\/blog\/wp-content\/uploads\/2019\/02\/Screenshot_1-6.jpg?fit=600%2C680&ssl=1&resize=350%2C200 1x, https:\/\/i0.wp.com\/larevistadigital.com.ar\/blog\/wp-content\/uploads\/2019\/02\/Screenshot_1-6.jpg?fit=600%2C680&ssl=1&resize=525%2C300 1.5x"},"classes":[]},{"id":20461,"url":"https:\/\/larevistadigital.com.ar\/blog\/terrible-en-lobos-hallaron-plaguicidas-en-la-lluvia-el-agua-potable-y-en-los-juegos-de-las-plazas\/","url_meta":{"origin":26227,"position":5},"title":"\u00a1TERRIBLE! EN LOBOS, HALLARON PLAGUICIDAS EN LA LLUVIA, EL AGUA POTABLE Y EN LOS JUEGOS DE LAS PLAZAS","author":"Alejandro Sosa Ruda","date":"26 mayo, 2021","format":false,"excerpt":"LOBOS - Los representantes de las entidades y agrupaciones que integran el colectivo APAL, dieron a conocer a la prensa los resultados de un monitoreo ambiental realizado para la detecci\u00f3n de agroqu\u00edmicos plaguicidas en el partido de Lobos. \u201cHemos finalizado la primera etapa del estudio comunitario ambiental elaborado con el\u2026","rel":"","context":"En \u00abINTERES GENERAL\u00bb","block_context":{"text":"INTERES GENERAL","link":"https:\/\/larevistadigital.com.ar\/blog\/category\/interes-general\/"},"img":{"alt_text":"","src":"https:\/\/i0.wp.com\/larevistadigital.com.ar\/blog\/wp-content\/uploads\/lobos-mayo-2021.jpg?fit=880%2C512&ssl=1&resize=350%2C200","width":350,"height":200,"srcset":"https:\/\/i0.wp.com\/larevistadigital.com.ar\/blog\/wp-content\/uploads\/lobos-mayo-2021.jpg?fit=880%2C512&ssl=1&resize=350%2C200 1x, https:\/\/i0.wp.com\/larevistadigital.com.ar\/blog\/wp-content\/uploads\/lobos-mayo-2021.jpg?fit=880%2C512&ssl=1&resize=525%2C300 1.5x, https:\/\/i0.wp.com\/larevistadigital.com.ar\/blog\/wp-content\/uploads\/lobos-mayo-2021.jpg?fit=880%2C512&ssl=1&resize=700%2C400 2x"},"classes":[]}],"_links":{"self":[{"href":"https:\/\/larevistadigital.com.ar\/blog\/wp-json\/wp\/v2\/posts\/26227","targetHints":{"allow":["GET"]}}],"collection":[{"href":"https:\/\/larevistadigital.com.ar\/blog\/wp-json\/wp\/v2\/posts"}],"about":[{"href":"https:\/\/larevistadigital.com.ar\/blog\/wp-json\/wp\/v2\/types\/post"}],"author":[{"embeddable":true,"href":"https:\/\/larevistadigital.com.ar\/blog\/wp-json\/wp\/v2\/users\/3"}],"replies":[{"embeddable":true,"href":"https:\/\/larevistadigital.com.ar\/blog\/wp-json\/wp\/v2\/comments?post=26227"}],"version-history":[{"count":1,"href":"https:\/\/larevistadigital.com.ar\/blog\/wp-json\/wp\/v2\/posts\/26227\/revisions"}],"predecessor-version":[{"id":26229,"href":"https:\/\/larevistadigital.com.ar\/blog\/wp-json\/wp\/v2\/posts\/26227\/revisions\/26229"}],"wp:featuredmedia":[{"embeddable":true,"href":"https:\/\/larevistadigital.com.ar\/blog\/wp-json\/wp\/v2\/media\/26228"}],"wp:attachment":[{"href":"https:\/\/larevistadigital.com.ar\/blog\/wp-json\/wp\/v2\/media?parent=26227"}],"wp:term":[{"taxonomy":"category","embeddable":true,"href":"https:\/\/larevistadigital.com.ar\/blog\/wp-json\/wp\/v2\/categories?post=26227"},{"taxonomy":"post_tag","embeddable":true,"href":"https:\/\/larevistadigital.com.ar\/blog\/wp-json\/wp\/v2\/tags?post=26227"}],"curies":[{"name":"wp","href":"https:\/\/api.w.org\/{rel}","templated":true}]}}