{"id":26230,"date":"2022-06-30T21:29:34","date_gmt":"2022-06-30T21:29:34","guid":{"rendered":"https:\/\/larevistadigital.com.ar\/blog\/?p=26230"},"modified":"2022-06-30T21:29:34","modified_gmt":"2022-06-30T21:29:34","slug":"denuncian-por-violencia-de-genero-al-titular-del-juzgado-de-familia-n3-de-varela","status":"publish","type":"post","link":"https:\/\/larevistadigital.com.ar\/blog\/denuncian-por-violencia-de-genero-al-titular-del-juzgado-de-familia-n3-de-varela\/","title":{"rendered":"DENUNCIAN POR VIOLENCIA DE G\u00c9NERO AL TITULAR DEL JUZGADO DE FAMILIA N\u00b03 DE VARELA"},"content":{"rendered":"<h2 class=\"fparrafo ctext fz18 lh25\">En la sede de la Asociaci\u00f3n Judicial Bonaerense (AJB) de Quilmes, se realiz\u00f3 una conferencia de prensa donde las autoridades dieron a conocer la denuncia contra el Juez Gast\u00f3n Echeveste, titular del Juzgado de Familia N\u00b03 de Florencio Varela, por violencia de g\u00e9nero en el \u00e1mbito laboral contra trabajadoras de la dependencia.<\/h2>\n<p class=\"selectionShareable\">La conferencia de prensa fue encabezada por el titular del gremio provincial, <strong>Hugo Russo<\/strong>; el Secretario Gremial, <strong>Oscar Yenni<\/strong>; y <strong>Ruth Sahonero<\/strong>, Secretaria de G\u00e9nero; y los dirigentes de la Departamental Quilmes <strong>Patricia Valenti<\/strong>, Secretaria Adjunta y <strong>Gustavo Gil<\/strong> Secretario Gremial, fue presentada ante la Subsecretar\u00eda de Control Disciplinario de la Corte.<\/p>\n<blockquote>\n<h3 class=\"selectionShareable\">Seg\u00fan consta en la denuncia, el Juez <strong>Gast\u00f3n Echeveste<\/strong> tiene un trato violento hacia las trabajadoras a su cargo, <em><strong>\u201clas reprende p\u00fablicamente a los gritos, utiliza expresiones humillantes y descalificadoras, les proh\u00edbe desarrollar tareas para las que fueron designadas o les proh\u00edbe el ingreso al inmueble en el que \u00e9l tiene su sede, distribuye tareas de manera arbitraria y caprichosa utilizando el trabajo como castigo\u201d<\/strong><\/em>, afirmaron en la conferencia.<\/h3>\n<\/blockquote>\n<p class=\"selectionShareable\">Este accionar es sistem\u00e1tico, cotidiano y siempre dirigido a las mujeres: <strong><em>\u201cEscuchar los gritos y ver gente que sale llorando del despacho del juez, o\u00edrlo gritar en un pasillo u otro espacio abierto, eran situaciones corrientes\u201d<\/em><\/strong>, se\u00f1ala la denuncia de la AJB.<\/p>\n<p class=\"selectionShareable\">Asimismo, el Dr. <strong>Echeveste<\/strong> utilizaba expresiones verbales discriminatorias dirigidas a distintas trabajadoras del Juzgado. Por ejemplo, expresiones aberrantes como <strong><em>\u201ccualquier perra puede ser mejor madre, o espec\u00edficamente a una empleada embarazada que hizo uso de su licencia por maternidad, dec\u00eda que \u201cquiere jugar a la familia feliz, a la casita feliz\u201d<\/em><\/strong>, que<strong><em> \u201ces todo mentira, est\u00e1 en pantuflas en la casa\u201d.<\/em><\/strong><\/p>\n<p class=\"selectionShareable\"><span style=\"color: #ff0000\"><b>La AJB tom\u00f3 cartas en el asunto<\/b><\/span><\/p>\n<p class=\"selectionShareable\"><strong>Patricia Valenti<\/strong> expres\u00f3 <em><strong>\u201c\u2026adem\u00e1s de la denuncia presentada en la Corte, estamos pidiendo una intervenci\u00f3n r\u00e1pida de las autoridades competentes tanto judiciales como pol\u00edticas para que se decida el apartamiento preventivo del juez mientras se desarrolla el proceso.\u00a0 La AJB impulsar\u00e1 adem\u00e1s el inicio de un Jury que culmine con la destituci\u00f3n del magistrado\u201d<\/strong><\/em>.<\/p>\n<p class=\"selectionShareable\"><strong>Hugo Russo<\/strong>, inform\u00f3 en la conferencia que <em><strong>\u201cdesde la AJB solicitamos a la Corte que inicie en forma urgente una investigaci\u00f3n con perspectiva de g\u00e9nero.\u00a0 Esta denuncia debe interpelar a las autoridades pol\u00edticas para reveer el procedimiento de nombramiento de magistrados, es sumamente necesario que la voz de la comunidad y de los trabajadores se escuche al momento de las designaciones de quienes tienen la responsabilidad de impartir justicia.\u00a0 Es inadmisible que en el Poder Judicial haya jueces violentos y, en el caso que nos ocupa con el agravante que se trata de un Juez de Familia\u201d<\/strong><\/em>. (<b>InfoGEI<\/b>)Ap<\/p>\n","protected":false},"excerpt":{"rendered":"<div class=\"mh-excerpt\"><p>En la sede de la Asociaci\u00f3n Judicial Bonaerense (AJB) de Quilmes, se realiz\u00f3 una conferencia de prensa donde las autoridades dieron a conocer la denuncia contra el Juez Gast\u00f3n Echeveste, titular del Juzgado de Familia <a class=\"mh-excerpt-more\" href=\"https:\/\/larevistadigital.com.ar\/blog\/denuncian-por-violencia-de-genero-al-titular-del-juzgado-de-familia-n3-de-varela\/\" title=\"DENUNCIAN POR VIOLENCIA DE G\u00c9NERO AL TITULAR DEL JUZGADO DE FAMILIA N\u00b03 DE VARELA\">[Leer M\u00e1s]<\/a><\/p>\n<\/div>","protected":false},"author":3,"featured_media":26231,"comment_status":"open","ping_status":"open","sticky":false,"template":"","format":"standard","meta":{"_jetpack_memberships_contains_paid_content":false,"footnotes":"","jetpack_publicize_message":"","jetpack_publicize_feature_enabled":true,"jetpack_social_post_already_shared":true,"jetpack_social_options":{"image_generator_settings":{"template":"highway","default_image_id":0,"font":"","enabled":false},"version":2}},"categories":[50],"tags":[],"class_list":{"0":"post-26230","1":"post","2":"type-post","3":"status-publish","4":"format-standard","5":"has-post-thumbnail","7":"category-interes-general"},"jetpack_publicize_connections":[],"jetpack_featured_media_url":"https:\/\/i0.wp.com\/larevistadigital.com.ar\/blog\/wp-content\/uploads\/20220630111515_denuncian-a-gaston-echeveste-titular-del-juzgado-de-familia-n3-de-florencio-varela.jpg?fit=880%2C512&ssl=1","jetpack_sharing_enabled":true,"jetpack_shortlink":"https:\/\/wp.me\/p8qtrQ-6P4","jetpack-related-posts":[{"id":39845,"url":"https:\/\/larevistadigital.com.ar\/blog\/denuncias-por-violencia-laboral-y-de-genero-apartan-a-un-juez-del-tribunal-de-trabajo-de-mar-del-plata\/","url_meta":{"origin":26230,"position":0},"title":"Denuncias por violencia laboral y de g\u00e9nero: apartan a un juez del Tribunal de Trabajo de Mar del Plata","author":"Alejandro Sosa Ruda","date":"21 mayo, 2025","format":false,"excerpt":"La medida preventiva fue dispuesta contra Mariano Jos\u00e9 Riva, exfuncionario judicial de Dolores, tras una investigaci\u00f3n que expuso conductas sistem\u00e1ticas de maltrato hacia personal a su cargo. 21 de Mayo de 2025 CHASCOM\u00daS -\u00a0 El juez Mariano Jos\u00e9 Riva, integrante del Tribunal de Trabajo N\u00b0 4 de Mar del Plata\u2026","rel":"","context":"En \u00abPOLICIALES\u00bb","block_context":{"text":"POLICIALES","link":"https:\/\/larevistadigital.com.ar\/blog\/category\/policiales\/"},"img":{"alt_text":"","src":"https:\/\/i0.wp.com\/larevistadigital.com.ar\/blog\/wp-content\/uploads\/65deca145c0f3c4574b489a03da53d1a828ba5eb.jpg?fit=1140%2C680&ssl=1&resize=350%2C200","width":350,"height":200,"srcset":"https:\/\/i0.wp.com\/larevistadigital.com.ar\/blog\/wp-content\/uploads\/65deca145c0f3c4574b489a03da53d1a828ba5eb.jpg?fit=1140%2C680&ssl=1&resize=350%2C200 1x, https:\/\/i0.wp.com\/larevistadigital.com.ar\/blog\/wp-content\/uploads\/65deca145c0f3c4574b489a03da53d1a828ba5eb.jpg?fit=1140%2C680&ssl=1&resize=525%2C300 1.5x, https:\/\/i0.wp.com\/larevistadigital.com.ar\/blog\/wp-content\/uploads\/65deca145c0f3c4574b489a03da53d1a828ba5eb.jpg?fit=1140%2C680&ssl=1&resize=700%2C400 2x, https:\/\/i0.wp.com\/larevistadigital.com.ar\/blog\/wp-content\/uploads\/65deca145c0f3c4574b489a03da53d1a828ba5eb.jpg?fit=1140%2C680&ssl=1&resize=1050%2C600 3x"},"classes":[]},{"id":21433,"url":"https:\/\/larevistadigital.com.ar\/blog\/voytenco-renovo-su-fuerte-respaldo-federal\/","url_meta":{"origin":26230,"position":1},"title":"UATRE: VOYTENCO RENOV\u00d3 SU FUERTE RESPALDO FEDERAL","author":"Alejandro Sosa Ruda","date":"6 agosto, 2021","format":false,"excerpt":"Diecisiete (17) de los veintid\u00f3s (22) miembros del Consejo Asesor Central de la UATRE (C.A.C.), en el que cada delegado representa a una provincia, dieron hoy su total respaldo a la pol\u00edtica gremial que viene desarrollando el Secretario General JOS\u00c9 VOYTENCO. En una reuni\u00f3n de alto voltaje emocional, realizada en\u2026","rel":"","context":"En \u00abGREMIALES\u00bb","block_context":{"text":"GREMIALES","link":"https:\/\/larevistadigital.com.ar\/blog\/category\/gremiales\/"},"img":{"alt_text":"","src":"https:\/\/i0.wp.com\/larevistadigital.com.ar\/blog\/wp-content\/uploads\/5f85829a61a8e.jpg?fit=912%2C513&ssl=1&resize=350%2C200","width":350,"height":200,"srcset":"https:\/\/i0.wp.com\/larevistadigital.com.ar\/blog\/wp-content\/uploads\/5f85829a61a8e.jpg?fit=912%2C513&ssl=1&resize=350%2C200 1x, https:\/\/i0.wp.com\/larevistadigital.com.ar\/blog\/wp-content\/uploads\/5f85829a61a8e.jpg?fit=912%2C513&ssl=1&resize=525%2C300 1.5x, https:\/\/i0.wp.com\/larevistadigital.com.ar\/blog\/wp-content\/uploads\/5f85829a61a8e.jpg?fit=912%2C513&ssl=1&resize=700%2C400 2x"},"classes":[]},{"id":37243,"url":"https:\/\/larevistadigital.com.ar\/blog\/chascomus-detienen-a-un-sujeto-por-violencia-de-genero\/","url_meta":{"origin":26230,"position":2},"title":"CHASCOM\u00daS: DETIENEN A UN SUJETO POR VIOLENCIA DE G\u00c9NERO","author":"Alejandro Sosa Ruda","date":"16 septiembre, 2024","format":false,"excerpt":"La mujer pidi\u00f3 ayuda de manera disimulada a un transe\u00fante, que a su vez inform\u00f3 a la polic\u00eda que aprehendi\u00f3 al sujeto. 16 de Septiembre de 2024 CHASCOM\u00daS\u00a0 -\u00a0 \u00a0En horas del mediodia del dia sabado, personal policial de E.P.C. Chascomus 1ra. se traslado al barrio la noria ya que\u2026","rel":"","context":"En \u00abINTERES GENERAL\u00bb","block_context":{"text":"INTERES GENERAL","link":"https:\/\/larevistadigital.com.ar\/blog\/category\/interes-general\/"},"img":{"alt_text":"","src":"https:\/\/i0.wp.com\/larevistadigital.com.ar\/blog\/wp-content\/uploads\/detenido-esposado.jpg?fit=1024%2C683&ssl=1&resize=350%2C200","width":350,"height":200,"srcset":"https:\/\/i0.wp.com\/larevistadigital.com.ar\/blog\/wp-content\/uploads\/detenido-esposado.jpg?fit=1024%2C683&ssl=1&resize=350%2C200 1x, https:\/\/i0.wp.com\/larevistadigital.com.ar\/blog\/wp-content\/uploads\/detenido-esposado.jpg?fit=1024%2C683&ssl=1&resize=525%2C300 1.5x, https:\/\/i0.wp.com\/larevistadigital.com.ar\/blog\/wp-content\/uploads\/detenido-esposado.jpg?fit=1024%2C683&ssl=1&resize=700%2C400 2x"},"classes":[]},{"id":42384,"url":"https:\/\/larevistadigital.com.ar\/blog\/suspenden-al-juez-mariano-riva-por-denuncias-de-violencia-laboral-y-de-genero\/","url_meta":{"origin":26230,"position":3},"title":"Suspenden al juez Mariano Riva por denuncias de violencia laboral y de g\u00e9nero","author":"Alejandro Sosa Ruda","date":"5 noviembre, 2025","format":false,"excerpt":"El magistrado, que hab\u00eda comenzado su carrera en los tribunales de Dolores, se desempe\u00f1a \u00a0Tribunal de Trabajo N\u00ba 4 de Mar del Plata. Adem\u00e1s, le embargaron el 40% de su salario mientras dure el proceso. 05 de Octubre de 2025 El Jurado de Enjuiciamiento de Magistrados y Funcionarios resolvi\u00f3 por\u2026","rel":"","context":"En \u00abREGIONALES\u00bb","block_context":{"text":"REGIONALES","link":"https:\/\/larevistadigital.com.ar\/blog\/category\/regionales\/"},"img":{"alt_text":"","src":"https:\/\/i0.wp.com\/larevistadigital.com.ar\/blog\/wp-content\/uploads\/65deca145c0f3c4574b489a03da53d1a828ba5eb-1.jpg?fit=1140%2C680&ssl=1&resize=350%2C200","width":350,"height":200,"srcset":"https:\/\/i0.wp.com\/larevistadigital.com.ar\/blog\/wp-content\/uploads\/65deca145c0f3c4574b489a03da53d1a828ba5eb-1.jpg?fit=1140%2C680&ssl=1&resize=350%2C200 1x, https:\/\/i0.wp.com\/larevistadigital.com.ar\/blog\/wp-content\/uploads\/65deca145c0f3c4574b489a03da53d1a828ba5eb-1.jpg?fit=1140%2C680&ssl=1&resize=525%2C300 1.5x, https:\/\/i0.wp.com\/larevistadigital.com.ar\/blog\/wp-content\/uploads\/65deca145c0f3c4574b489a03da53d1a828ba5eb-1.jpg?fit=1140%2C680&ssl=1&resize=700%2C400 2x, https:\/\/i0.wp.com\/larevistadigital.com.ar\/blog\/wp-content\/uploads\/65deca145c0f3c4574b489a03da53d1a828ba5eb-1.jpg?fit=1140%2C680&ssl=1&resize=1050%2C600 3x"},"classes":[]},{"id":26827,"url":"https:\/\/larevistadigital.com.ar\/blog\/por-primera-vez-la-uom-incorpora-mujeres-en-el-secretariado-nacional\/","url_meta":{"origin":26230,"position":4},"title":"POR PRIMERA VEZ LA UOM INCORPORA MUJERES EN EL SECRETARIADO NACIONAL","author":"Alejandro Sosa Ruda","date":"27 julio, 2022","format":false,"excerpt":"La Uni\u00f3n Obrera Metal\u00fargica (UOM) oficializ\u00f3 la nueva Subsecretar\u00eda de Mujeres, G\u00e9nero y Diversidad, tal como lo hab\u00eda anunciado al asumir como secretario General del gremio, Abel Furl\u00e1n. \"Nuestro modelo sindical es un modelo profundamente democr\u00e1tico, y hoy volvimos a dar cuenta de ello\" se\u00f1al\u00f3 el dirigente, quien es secundado\u2026","rel":"","context":"En \u00abGREMIALES\u00bb","block_context":{"text":"GREMIALES","link":"https:\/\/larevistadigital.com.ar\/blog\/category\/gremiales\/"},"img":{"alt_text":"","src":"https:\/\/i0.wp.com\/larevistadigital.com.ar\/blog\/wp-content\/uploads\/20220726171705_uom-mujeres-secretariado.jpg?fit=880%2C512&ssl=1&resize=350%2C200","width":350,"height":200,"srcset":"https:\/\/i0.wp.com\/larevistadigital.com.ar\/blog\/wp-content\/uploads\/20220726171705_uom-mujeres-secretariado.jpg?fit=880%2C512&ssl=1&resize=350%2C200 1x, https:\/\/i0.wp.com\/larevistadigital.com.ar\/blog\/wp-content\/uploads\/20220726171705_uom-mujeres-secretariado.jpg?fit=880%2C512&ssl=1&resize=525%2C300 1.5x, https:\/\/i0.wp.com\/larevistadigital.com.ar\/blog\/wp-content\/uploads\/20220726171705_uom-mujeres-secretariado.jpg?fit=880%2C512&ssl=1&resize=700%2C400 2x"},"classes":[]},{"id":18316,"url":"https:\/\/larevistadigital.com.ar\/blog\/howard-jhonson-inspeccion-del-ministerio-de-trarbajo-con-resultado-positivo\/","url_meta":{"origin":26230,"position":5},"title":"EXCLUSIVO! HOWARD JOHNSON: INSPECCI\u00d3N DEL MINISTERIO DE TRARBAJO CON RESULTADO POSITIVO","author":"Alejandro Sosa Ruda","date":"24 diciembre, 2020","format":false,"excerpt":"Tal como lo hab\u00edamos adelantado, y luego de las distintas denuncias de trabajadores y trabajadoras del Howard Johnson de Chascom\u00fas, se hizo una inspecci\u00f3n del Ministerio de Trabajo, encabezada por el titular del mismo, Mart\u00edn Torres, donde se labraron actas por distintas infracciones corroboradas \"in situ\". Luego de las denuncias\u2026","rel":"","context":"En \u00abDESTACADAS\u00bb","block_context":{"text":"DESTACADAS","link":"https:\/\/larevistadigital.com.ar\/blog\/category\/destacadas\/"},"img":{"alt_text":"","src":"https:\/\/i0.wp.com\/larevistadigital.com.ar\/blog\/wp-content\/uploads\/exclusivo.jpg?fit=900%2C540&ssl=1&resize=350%2C200","width":350,"height":200,"srcset":"https:\/\/i0.wp.com\/larevistadigital.com.ar\/blog\/wp-content\/uploads\/exclusivo.jpg?fit=900%2C540&ssl=1&resize=350%2C200 1x, https:\/\/i0.wp.com\/larevistadigital.com.ar\/blog\/wp-content\/uploads\/exclusivo.jpg?fit=900%2C540&ssl=1&resize=525%2C300 1.5x, https:\/\/i0.wp.com\/larevistadigital.com.ar\/blog\/wp-content\/uploads\/exclusivo.jpg?fit=900%2C540&ssl=1&resize=700%2C400 2x"},"classes":[]}],"_links":{"self":[{"href":"https:\/\/larevistadigital.com.ar\/blog\/wp-json\/wp\/v2\/posts\/26230","targetHints":{"allow":["GET"]}}],"collection":[{"href":"https:\/\/larevistadigital.com.ar\/blog\/wp-json\/wp\/v2\/posts"}],"about":[{"href":"https:\/\/larevistadigital.com.ar\/blog\/wp-json\/wp\/v2\/types\/post"}],"author":[{"embeddable":true,"href":"https:\/\/larevistadigital.com.ar\/blog\/wp-json\/wp\/v2\/users\/3"}],"replies":[{"embeddable":true,"href":"https:\/\/larevistadigital.com.ar\/blog\/wp-json\/wp\/v2\/comments?post=26230"}],"version-history":[{"count":1,"href":"https:\/\/larevistadigital.com.ar\/blog\/wp-json\/wp\/v2\/posts\/26230\/revisions"}],"predecessor-version":[{"id":26232,"href":"https:\/\/larevistadigital.com.ar\/blog\/wp-json\/wp\/v2\/posts\/26230\/revisions\/26232"}],"wp:featuredmedia":[{"embeddable":true,"href":"https:\/\/larevistadigital.com.ar\/blog\/wp-json\/wp\/v2\/media\/26231"}],"wp:attachment":[{"href":"https:\/\/larevistadigital.com.ar\/blog\/wp-json\/wp\/v2\/media?parent=26230"}],"wp:term":[{"taxonomy":"category","embeddable":true,"href":"https:\/\/larevistadigital.com.ar\/blog\/wp-json\/wp\/v2\/categories?post=26230"},{"taxonomy":"post_tag","embeddable":true,"href":"https:\/\/larevistadigital.com.ar\/blog\/wp-json\/wp\/v2\/tags?post=26230"}],"curies":[{"name":"wp","href":"https:\/\/api.w.org\/{rel}","templated":true}]}}