{"id":2647,"date":"2017-07-12T13:16:10","date_gmt":"2017-07-12T13:16:10","guid":{"rendered":"https:\/\/larevistadigital.com.ar\/blog\/?p=2647"},"modified":"2017-07-12T13:16:10","modified_gmt":"2017-07-12T13:16:10","slug":"lezama-quedo-postergada-la-fecha-del-rally-mar-y-sierras","status":"publish","type":"post","link":"https:\/\/larevistadigital.com.ar\/blog\/lezama-quedo-postergada-la-fecha-del-rally-mar-y-sierras\/","title":{"rendered":"LEZAMA: QUED\u00d3 POSTERGADA LA FECHA DEL RALLY \u201cMAR Y SIERRAS\u201d"},"content":{"rendered":"<p>Luego de los m\u00e1s de 70 mil\u00edmetros de agua ca\u00edda en la zona, se resolvi\u00f3 postergar la fecha del Rally Mar y Sierras que estaba prevista para el pr\u00f3ximo fin de semana.<\/p>\n<blockquote>\n<h3>La medida se tom\u00f3, luego que el m\u00e1nager de la categor\u00eda, <strong>Alejandro Flores<\/strong> y el director de la prueba <strong>Luis Hatrik<\/strong> acompa\u00f1ados de autoridades del municipio que tienen que ver con la organizaci\u00f3n del evento, se hicieron presentes en el lugar que se desarrollar\u00e1 la prueba, y constataron que el estado del mismo no es el \u00f3ptimo.<\/h3>\n<\/blockquote>\n<p>Una vez en el lugar, pudieron corroborar que adem\u00e1s de la gran cantidad de barro, hab\u00eda mucha cantidad de agua acumulada en distintos sectores, incluyendo esto al parque de asistencia.<\/p>\n<blockquote>\n<h3><strong>LRD<\/strong> tuvo un di\u00e1logo con uno de los encargados de log\u00edstica del evento que dijo: <strong><em>\u201cEst\u00e1 bien que esto sea un Rally, pero correr con estas condiciones ser\u00eda un verdadero peligro\u201d<\/em><\/strong>.<\/h3>\n<\/blockquote>\n<p>De acuerdo a la situaci\u00f3n, y teniendo en cuenta los pron\u00f3sticos extendidos, la prueba se posterg\u00f3, poniendo como nueva fecha los d\u00edas 21.22 y 23 de julio.<\/p>\n","protected":false},"excerpt":{"rendered":"<div class=\"mh-excerpt\"><p>Luego de los m\u00e1s de 70 mil\u00edmetros de agua ca\u00edda en la zona, se resolvi\u00f3 postergar la fecha del Rally Mar y Sierras que estaba prevista para el pr\u00f3ximo fin de semana. La medida se <a class=\"mh-excerpt-more\" href=\"https:\/\/larevistadigital.com.ar\/blog\/lezama-quedo-postergada-la-fecha-del-rally-mar-y-sierras\/\" title=\"LEZAMA: QUED\u00d3 POSTERGADA LA FECHA DEL RALLY \u201cMAR Y SIERRAS\u201d\">[Leer M\u00e1s]<\/a><\/p>\n<\/div>","protected":false},"author":3,"featured_media":2648,"comment_status":"open","ping_status":"open","sticky":false,"template":"","format":"standard","meta":{"_jetpack_memberships_contains_paid_content":false,"footnotes":"","jetpack_publicize_message":"","jetpack_publicize_feature_enabled":true,"jetpack_social_post_already_shared":true,"jetpack_social_options":{"image_generator_settings":{"template":"highway","default_image_id":0,"font":"","enabled":false},"version":2}},"categories":[8,7],"tags":[],"class_list":{"0":"post-2647","1":"post","2":"type-post","3":"status-publish","4":"format-standard","5":"has-post-thumbnail","7":"category-deportes","8":"category-lezama"},"jetpack_publicize_connections":[],"jetpack_featured_media_url":"https:\/\/i0.wp.com\/larevistadigital.com.ar\/blog\/wp-content\/uploads\/2017\/07\/16265190_644209929123372_7505035226210743719_n.jpg?fit=720%2C480&ssl=1","jetpack_sharing_enabled":true,"jetpack_shortlink":"https:\/\/wp.me\/p8qtrQ-GH","jetpack-related-posts":[{"id":2733,"url":"https:\/\/larevistadigital.com.ar\/blog\/lezama-arranco-la-cuarta-fecha-del-rally-mar-y-sierras\/","url_meta":{"origin":2647,"position":0},"title":"LEZAMA: ARRANC\u00d3 LA CUARTA FECHA DEL RALLY \u00abMAR Y SIERRAS\u00bb","author":"Alejandro Sosa Ruda","date":"23 julio, 2017","format":false,"excerpt":"Anoche se larg\u00f3 la cuarta fecha del Rally \u201cMar y Sierras\u201d que se corre en Lezama este fin de semana. Antes se hab\u00eda realizado una reuni\u00f3n en el club Cobo, en donde adem\u00e1s de los pilotos, participaron entre otros el intendente de la ciudad, Arnaldo Harispe, el Secretario de Gobierno\u2026","rel":"","context":"En \u00abDEPORTES\u00bb","block_context":{"text":"DEPORTES","link":"https:\/\/larevistadigital.com.ar\/blog\/category\/deportes\/"},"img":{"alt_text":"","src":"https:\/\/i0.wp.com\/larevistadigital.com.ar\/blog\/wp-content\/uploads\/2017\/07\/16265190_644209929123372_7505035226210743719_n.jpg?fit=720%2C480&ssl=1&resize=350%2C200","width":350,"height":200,"srcset":"https:\/\/i0.wp.com\/larevistadigital.com.ar\/blog\/wp-content\/uploads\/2017\/07\/16265190_644209929123372_7505035226210743719_n.jpg?fit=720%2C480&ssl=1&resize=350%2C200 1x, https:\/\/i0.wp.com\/larevistadigital.com.ar\/blog\/wp-content\/uploads\/2017\/07\/16265190_644209929123372_7505035226210743719_n.jpg?fit=720%2C480&ssl=1&resize=525%2C300 1.5x, https:\/\/i0.wp.com\/larevistadigital.com.ar\/blog\/wp-content\/uploads\/2017\/07\/16265190_644209929123372_7505035226210743719_n.jpg?fit=720%2C480&ssl=1&resize=700%2C400 2x"},"classes":[]},{"id":1382,"url":"https:\/\/larevistadigital.com.ar\/blog\/se-presento-el-rally-mar-y-sierras\/","url_meta":{"origin":2647,"position":1},"title":"Se present\u00f3 el Rally Mar y Sierras","author":"editor","date":"17 marzo, 2017","format":false,"excerpt":"Con la presencia del Intendente Municipal de Castelli, Sebasti\u00e1n Echarren, el Secretario de Obras P\u00fablicas Federico Longhi, y el promotor del Rally Mar y Sierras, Alejandro Flores, en el despacho del Intendente, se llev\u00f3 a cabo la presentaci\u00f3n oficial de una nueva edici\u00f3n del Rally Mar y Sierras que se\u2026","rel":"","context":"En \u00abCASTELLI\u00bb","block_context":{"text":"CASTELLI","link":"https:\/\/larevistadigital.com.ar\/blog\/category\/castelli\/"},"img":{"alt_text":"","src":"https:\/\/i0.wp.com\/larevistadigital.com.ar\/blog\/wp-content\/uploads\/2017\/03\/RALLY-CASTELLI.jpg?fit=900%2C598&ssl=1&resize=350%2C200","width":350,"height":200,"srcset":"https:\/\/i0.wp.com\/larevistadigital.com.ar\/blog\/wp-content\/uploads\/2017\/03\/RALLY-CASTELLI.jpg?fit=900%2C598&ssl=1&resize=350%2C200 1x, https:\/\/i0.wp.com\/larevistadigital.com.ar\/blog\/wp-content\/uploads\/2017\/03\/RALLY-CASTELLI.jpg?fit=900%2C598&ssl=1&resize=525%2C300 1.5x, https:\/\/i0.wp.com\/larevistadigital.com.ar\/blog\/wp-content\/uploads\/2017\/03\/RALLY-CASTELLI.jpg?fit=900%2C598&ssl=1&resize=700%2C400 2x"},"classes":[]},{"id":23689,"url":"https:\/\/larevistadigital.com.ar\/blog\/confirman-el-rally-mar-y-sierras-a-general-paz-se-correra-en-marzo\/","url_meta":{"origin":2647,"position":2},"title":"CONFIRMAN EL RALLY MAR Y SIERRAS A GENERAL PAZ, SE CORRER\u00c1 EN MARZO","author":"Alejandro Sosa Ruda","date":"30 enero, 2022","format":false,"excerpt":"El mismo se llevar\u00e1 a cabo en marzo y durar\u00e1 tres d\u00edas. El anuncio se hizo a trav\u00e9s de la p\u00e1gina oficial del municipio. RANCHOS -\u00a0 En una reuni\u00f3n celebrada ayer por la tarde, encabezada por el Intendente Municipal Juan Manuel \u00c1lvarez acompa\u00f1ado por funcionarios y colaboradores, se defini\u00f3 la\u2026","rel":"","context":"En \u00abDEPORTES\u00bb","block_context":{"text":"DEPORTES","link":"https:\/\/larevistadigital.com.ar\/blog\/category\/deportes\/"},"img":{"alt_text":"","src":"https:\/\/i0.wp.com\/larevistadigital.com.ar\/blog\/wp-content\/uploads\/31959496_879056555638707_556163415467360256_n.jpg?fit=800%2C534&ssl=1&resize=350%2C200","width":350,"height":200,"srcset":"https:\/\/i0.wp.com\/larevistadigital.com.ar\/blog\/wp-content\/uploads\/31959496_879056555638707_556163415467360256_n.jpg?fit=800%2C534&ssl=1&resize=350%2C200 1x, https:\/\/i0.wp.com\/larevistadigital.com.ar\/blog\/wp-content\/uploads\/31959496_879056555638707_556163415467360256_n.jpg?fit=800%2C534&ssl=1&resize=525%2C300 1.5x, https:\/\/i0.wp.com\/larevistadigital.com.ar\/blog\/wp-content\/uploads\/31959496_879056555638707_556163415467360256_n.jpg?fit=800%2C534&ssl=1&resize=700%2C400 2x"},"classes":[]},{"id":44228,"url":"https:\/\/larevistadigital.com.ar\/blog\/kicillof-encabezo-la-largada-del-rally-2026-mar-y-sierras\/","url_meta":{"origin":2647,"position":3},"title":"Kicillof encabez\u00f3 la largada del Rally 2026 Mar y Sierras","author":"Alejandro Sosa Ruda","date":"28 febrero, 2026","format":false,"excerpt":"El gobernador de la provincia de Buenos Aires, Axel Kicillof, encabez\u00f3 este viernes la largada oficial del Campeonato 2026 con el inicio del Rally Mar y Sierras, que se desarrolla en los caminos rurales del municipio de General Madariaga. Fue junto al intendente local, Esteban Santoro, y el presidente de\u2026","rel":"","context":"En \u00abPOLITICA PROVINCIAL\u00bb","block_context":{"text":"POLITICA PROVINCIAL","link":"https:\/\/larevistadigital.com.ar\/blog\/category\/politica\/politica-provincial\/"},"img":{"alt_text":"","src":"https:\/\/i0.wp.com\/larevistadigital.com.ar\/blog\/wp-content\/uploads\/AR18333-scaled.jpg?fit=1200%2C800&ssl=1&resize=350%2C200","width":350,"height":200,"srcset":"https:\/\/i0.wp.com\/larevistadigital.com.ar\/blog\/wp-content\/uploads\/AR18333-scaled.jpg?fit=1200%2C800&ssl=1&resize=350%2C200 1x, https:\/\/i0.wp.com\/larevistadigital.com.ar\/blog\/wp-content\/uploads\/AR18333-scaled.jpg?fit=1200%2C800&ssl=1&resize=525%2C300 1.5x, https:\/\/i0.wp.com\/larevistadigital.com.ar\/blog\/wp-content\/uploads\/AR18333-scaled.jpg?fit=1200%2C800&ssl=1&resize=700%2C400 2x, https:\/\/i0.wp.com\/larevistadigital.com.ar\/blog\/wp-content\/uploads\/AR18333-scaled.jpg?fit=1200%2C800&ssl=1&resize=1050%2C600 3x"},"classes":[]},{"id":1071,"url":"https:\/\/larevistadigital.com.ar\/blog\/el-24-dara-inicio-la-temporada-2017-del-rally-mar-y-sierras\/","url_meta":{"origin":2647,"position":4},"title":"El 24 dar\u00e1 inicio la temporada 2017 del Rally Mar y Sierras","author":"editor","date":"12 marzo, 2017","format":false,"excerpt":"Luego de la suspensi\u00f3n de la apertura del calendario, que estaba programado en la ciudad de Balcarce, y tras mucho trabajo en la \u00faltima semana para buscar su reemplazo, este s\u00e1bado 11, se confirm\u00f3 que la localidad de Castelli, ser\u00e1 la encargada de darle inicio a la temporada 2017 del\u2026","rel":"","context":"En \u00abCASTELLI\u00bb","block_context":{"text":"CASTELLI","link":"https:\/\/larevistadigital.com.ar\/blog\/category\/castelli\/"},"img":{"alt_text":"","src":"https:\/\/i0.wp.com\/larevistadigital.com.ar\/blog\/wp-content\/uploads\/2017\/03\/RALLY.jpg?fit=900%2C534&ssl=1&resize=350%2C200","width":350,"height":200,"srcset":"https:\/\/i0.wp.com\/larevistadigital.com.ar\/blog\/wp-content\/uploads\/2017\/03\/RALLY.jpg?fit=900%2C534&ssl=1&resize=350%2C200 1x, https:\/\/i0.wp.com\/larevistadigital.com.ar\/blog\/wp-content\/uploads\/2017\/03\/RALLY.jpg?fit=900%2C534&ssl=1&resize=525%2C300 1.5x, https:\/\/i0.wp.com\/larevistadigital.com.ar\/blog\/wp-content\/uploads\/2017\/03\/RALLY.jpg?fit=900%2C534&ssl=1&resize=700%2C400 2x"},"classes":[]},{"id":35058,"url":"https:\/\/larevistadigital.com.ar\/blog\/el-rally-argentino-abre-la-temporada-en-general-madariaga\/","url_meta":{"origin":2647,"position":5},"title":"EL RALLY ARGENTINO, ABRE LA TEMPORADA EN GENERAL MADARIAGA","author":"Alejandro Sosa Ruda","date":"21 enero, 2024","format":false,"excerpt":"El evento se realizar\u00e1 1, 2 y 3 de marzo. Los detalles. 21 de enero de 2023 BUENOS AIRES -\u00a0 El intendente Esteban Santoro y el presidente de la categor\u00eda Fernando Scarlatta firmaron el convenio que confirma a General Madariaga como la ciudad que albergar\u00e1 la apertura del campeonato nacional\u2026","rel":"","context":"En \u00abREGIONALES\u00bb","block_context":{"text":"REGIONALES","link":"https:\/\/larevistadigital.com.ar\/blog\/category\/regionales\/"},"img":{"alt_text":"","src":"https:\/\/i0.wp.com\/larevistadigital.com.ar\/blog\/wp-content\/uploads\/ea484b5c1a88ecdbbbba509a74e6e851.jpg?fit=1200%2C382&ssl=1&resize=350%2C200","width":350,"height":200,"srcset":"https:\/\/i0.wp.com\/larevistadigital.com.ar\/blog\/wp-content\/uploads\/ea484b5c1a88ecdbbbba509a74e6e851.jpg?fit=1200%2C382&ssl=1&resize=350%2C200 1x, https:\/\/i0.wp.com\/larevistadigital.com.ar\/blog\/wp-content\/uploads\/ea484b5c1a88ecdbbbba509a74e6e851.jpg?fit=1200%2C382&ssl=1&resize=525%2C300 1.5x, https:\/\/i0.wp.com\/larevistadigital.com.ar\/blog\/wp-content\/uploads\/ea484b5c1a88ecdbbbba509a74e6e851.jpg?fit=1200%2C382&ssl=1&resize=700%2C400 2x, https:\/\/i0.wp.com\/larevistadigital.com.ar\/blog\/wp-content\/uploads\/ea484b5c1a88ecdbbbba509a74e6e851.jpg?fit=1200%2C382&ssl=1&resize=1050%2C600 3x"},"classes":[]}],"_links":{"self":[{"href":"https:\/\/larevistadigital.com.ar\/blog\/wp-json\/wp\/v2\/posts\/2647","targetHints":{"allow":["GET"]}}],"collection":[{"href":"https:\/\/larevistadigital.com.ar\/blog\/wp-json\/wp\/v2\/posts"}],"about":[{"href":"https:\/\/larevistadigital.com.ar\/blog\/wp-json\/wp\/v2\/types\/post"}],"author":[{"embeddable":true,"href":"https:\/\/larevistadigital.com.ar\/blog\/wp-json\/wp\/v2\/users\/3"}],"replies":[{"embeddable":true,"href":"https:\/\/larevistadigital.com.ar\/blog\/wp-json\/wp\/v2\/comments?post=2647"}],"version-history":[{"count":1,"href":"https:\/\/larevistadigital.com.ar\/blog\/wp-json\/wp\/v2\/posts\/2647\/revisions"}],"predecessor-version":[{"id":2649,"href":"https:\/\/larevistadigital.com.ar\/blog\/wp-json\/wp\/v2\/posts\/2647\/revisions\/2649"}],"wp:featuredmedia":[{"embeddable":true,"href":"https:\/\/larevistadigital.com.ar\/blog\/wp-json\/wp\/v2\/media\/2648"}],"wp:attachment":[{"href":"https:\/\/larevistadigital.com.ar\/blog\/wp-json\/wp\/v2\/media?parent=2647"}],"wp:term":[{"taxonomy":"category","embeddable":true,"href":"https:\/\/larevistadigital.com.ar\/blog\/wp-json\/wp\/v2\/categories?post=2647"},{"taxonomy":"post_tag","embeddable":true,"href":"https:\/\/larevistadigital.com.ar\/blog\/wp-json\/wp\/v2\/tags?post=2647"}],"curies":[{"name":"wp","href":"https:\/\/api.w.org\/{rel}","templated":true}]}}