{"id":2650,"date":"2017-07-12T13:59:01","date_gmt":"2017-07-12T13:59:01","guid":{"rendered":"https:\/\/larevistadigital.com.ar\/blog\/?p=2650"},"modified":"2017-07-12T13:59:01","modified_gmt":"2017-07-12T13:59:01","slug":"castelli-francisco-echarren-acordo-la-construccion-de-un-nuevo-barrio-policial","status":"publish","type":"post","link":"https:\/\/larevistadigital.com.ar\/blog\/castelli-francisco-echarren-acordo-la-construccion-de-un-nuevo-barrio-policial\/","title":{"rendered":"CASTELLI: FRANCISCO ECHARREN ACORD\u00d3 LA CONSTRUCCI\u00d3N DE UN NUEVO BARRIO POLICIAL"},"content":{"rendered":"<p>Se trata de 24 viviendas que ser\u00e1n financiadas a trav\u00e9s de la Caja de la Polic\u00eda Bonaerense y la Municipalidad de Castelli. Ambas partes firmaron el convenio este lunes al mediod\u00eda que luego deber\u00e1 ser convalidado por el Concejo Deliberante de la ciudad.<br \/>\nEl Dr. <strong>Juan Caniggia<\/strong> presidente de la entidad felicit\u00f3 a <strong>Echarren<\/strong> y agradeci\u00f3 por esta posiblidad ya que dijo <em><strong>\u201cse nota el empuje que tienen y que las cosas se hacen de buena manera en Castelli\u201d. \u201cA nosotros nos interesa la parte social de cada polic\u00eda y el d\u00e9ficit habitacional en la provincia es algo que preocupa\u201d<\/strong><\/em>, asegur\u00f3<strong> Caniggia<\/strong>.<br \/>\nLos beneficiarios de este plan de viviendas ser\u00e1n seleccionados por la Caja de Polic\u00eda y su titular aclar\u00f3 que <em><strong>\u201cser\u00e1n s\u00f3lo aquellos efectivos que vivan en Castelli o presten servicio en la ciudad\u201d<\/strong><\/em>. Las viviendas estar\u00e1n emplazadas en una quinta adquirida por el Municipio sobre calle Rep\u00fablica Oriental del Uruguay.<br \/>\nPor su parte, el Intendente destac\u00f3 el compromiso de la instituci\u00f3n polic\u00edaca y la seriedad con que se trabaj\u00f3 en estos 2 a\u00f1os para poder llegar a la firma del acuerdo. Adem\u00e1s, resalt\u00f3 que esta medida apunta a <em><strong>\u201cbrindar tranquilidad a la familia del polic\u00eda de que tendr\u00e1 su vivienda propia en una profesi\u00f3n en la que muchas veces sale a prestar servicio arriesgando su vida\u201d<\/strong><\/em>.<br \/>\n<em><strong>\u201cNo s\u00f3lo vamos a reducir el d\u00e9ficit habitacional, tambi\u00e9n buscamos generar puestos de trabajo con mano de obra local\u201d<\/strong><\/em> describi\u00f3 <strong>Echarren<\/strong> y finaliz\u00f3 <em><strong>\u201cestoy seguro de que este modelo se va a replicar en otros municipios de la regi\u00f3n\u201d<\/strong><\/em>.<\/p>\n<p>FUENTE:CASTELLIDIARIO<\/p>\n","protected":false},"excerpt":{"rendered":"<div class=\"mh-excerpt\"><p>Se trata de 24 viviendas que ser\u00e1n financiadas a trav\u00e9s de la Caja de la Polic\u00eda Bonaerense y la Municipalidad de Castelli. Ambas partes firmaron el convenio este lunes al mediod\u00eda que luego deber\u00e1 ser <a class=\"mh-excerpt-more\" href=\"https:\/\/larevistadigital.com.ar\/blog\/castelli-francisco-echarren-acordo-la-construccion-de-un-nuevo-barrio-policial\/\" title=\"CASTELLI: FRANCISCO ECHARREN ACORD\u00d3 LA CONSTRUCCI\u00d3N DE UN NUEVO BARRIO POLICIAL\">[Leer M\u00e1s]<\/a><\/p>\n<\/div>","protected":false},"author":3,"featured_media":2651,"comment_status":"open","ping_status":"open","sticky":false,"template":"","format":"standard","meta":{"_jetpack_memberships_contains_paid_content":false,"footnotes":"","jetpack_publicize_message":"","jetpack_publicize_feature_enabled":true,"jetpack_social_post_already_shared":true,"jetpack_social_options":{"image_generator_settings":{"template":"highway","default_image_id":0,"font":"","enabled":false},"version":2}},"categories":[4,26,12],"tags":[],"class_list":{"0":"post-2650","1":"post","2":"type-post","3":"status-publish","4":"format-standard","5":"has-post-thumbnail","7":"category-castelli","8":"category-local-y-de-la-zona","9":"category-politica"},"jetpack_publicize_connections":[],"jetpack_featured_media_url":"https:\/\/i0.wp.com\/larevistadigital.com.ar\/blog\/wp-content\/uploads\/2017\/07\/foto-baja-18.jpg?fit=800%2C559&ssl=1","jetpack_sharing_enabled":true,"jetpack_shortlink":"https:\/\/wp.me\/p8qtrQ-GK","jetpack-related-posts":[{"id":9721,"url":"https:\/\/larevistadigital.com.ar\/blog\/castelli-el-barrio-de-la-policia-esta-llegando-a-las-etapas-finales\/","url_meta":{"origin":2650,"position":0},"title":"CASTELLI: EL BARRIO DE LA POLIC\u00cdA EST\u00c1 LLEGANDO A LAS ETAPAS FINALES","author":"Alejandro Sosa Ruda","date":"15 abril, 2019","format":false,"excerpt":"El Presidente de la Caja de Polic\u00eda de la Provincia de Buenos Aires Carlos Langone junto al Vicepresidente V\u00edctor Mounet y vocales del Directorio, visitaron la semana pasada nuestra ciudad para evaluar el avance de la obra de viviendas que se construyen en el Barrio de Polic\u00eda entre las calles\u2026","rel":"","context":"En \u00abCASTELLI\u00bb","block_context":{"text":"CASTELLI","link":"https:\/\/larevistadigital.com.ar\/blog\/category\/castelli\/"},"img":{"alt_text":"","src":"https:\/\/i0.wp.com\/larevistadigital.com.ar\/blog\/wp-content\/uploads\/2019\/04\/57172532_1151833021653065_5113933691520811008_n.jpg?fit=960%2C640&ssl=1&resize=350%2C200","width":350,"height":200,"srcset":"https:\/\/i0.wp.com\/larevistadigital.com.ar\/blog\/wp-content\/uploads\/2019\/04\/57172532_1151833021653065_5113933691520811008_n.jpg?fit=960%2C640&ssl=1&resize=350%2C200 1x, https:\/\/i0.wp.com\/larevistadigital.com.ar\/blog\/wp-content\/uploads\/2019\/04\/57172532_1151833021653065_5113933691520811008_n.jpg?fit=960%2C640&ssl=1&resize=525%2C300 1.5x, https:\/\/i0.wp.com\/larevistadigital.com.ar\/blog\/wp-content\/uploads\/2019\/04\/57172532_1151833021653065_5113933691520811008_n.jpg?fit=960%2C640&ssl=1&resize=700%2C400 2x"},"classes":[]},{"id":7454,"url":"https:\/\/larevistadigital.com.ar\/blog\/castelli-el-intendente-echarren-otorgo-un-bono-de-6-000-a-los-empleados-municipales\/","url_meta":{"origin":2650,"position":1},"title":"CASTELLI: EL INTENDENTE ECHARREN OTORG\u00d3 UN BONO DE $ 6.000.- A LOS EMPLEADOS MUNICIPALES","author":"Alejandro Sosa Ruda","date":"28 diciembre, 2018","format":false,"excerpt":"Seg\u00fan inform\u00f3 el portal INFOZONA, el intendente de Castelli, Francisco Echarren\u00a0cumpliment\u00f3 durante el d\u00eda de ayer, el pago del bono de fin de a\u00f1o que\u00a0 a los trabajadores municipales. Se trata de la nada despreciable suma de $6.000.- de manera extraordinaria, y que seguramente ser\u00e1n de gran ayuda para los\u2026","rel":"","context":"En \u00abCASTELLI\u00bb","block_context":{"text":"CASTELLI","link":"https:\/\/larevistadigital.com.ar\/blog\/category\/castelli\/"},"img":{"alt_text":"","src":"https:\/\/i0.wp.com\/larevistadigital.com.ar\/blog\/wp-content\/uploads\/2018\/12\/ECHARREN.jpg?fit=900%2C598&ssl=1&resize=350%2C200","width":350,"height":200,"srcset":"https:\/\/i0.wp.com\/larevistadigital.com.ar\/blog\/wp-content\/uploads\/2018\/12\/ECHARREN.jpg?fit=900%2C598&ssl=1&resize=350%2C200 1x, https:\/\/i0.wp.com\/larevistadigital.com.ar\/blog\/wp-content\/uploads\/2018\/12\/ECHARREN.jpg?fit=900%2C598&ssl=1&resize=525%2C300 1.5x, https:\/\/i0.wp.com\/larevistadigital.com.ar\/blog\/wp-content\/uploads\/2018\/12\/ECHARREN.jpg?fit=900%2C598&ssl=1&resize=700%2C400 2x"},"classes":[]},{"id":15725,"url":"https:\/\/larevistadigital.com.ar\/blog\/guerra-de-intendentes-audio-echarren-castelli-acuso-a-etchevarren-dolores-de-no-permitir-su-ingreso-a-llevar-leche-a-su-hijo-recien-nacido\/","url_meta":{"origin":2650,"position":2},"title":"GUERRA DE INTENDENTES: [AUDIO] ECHARREN (CASTELLI) ACUS\u00d3 A ETCHEVARREN (DOLORES) DE NO PERMITIR SU INGRESO A LLEVAR LECHE A SU HIJO RECI\u00c9N NACIDO","author":"Alejandro Sosa Ruda","date":"19 junio, 2020","format":false,"excerpt":"Estuvo circulando un audio, del intendente de Castelli, Franc\u00edsco Echarren, donde cuanta una situaci\u00f3n ocurrida d\u00edas atr\u00e1s, cuando seg\u00fan dice se le impidi\u00f3 el ingreso a la ciudad de Dolores, donde tiene internada a su se\u00f1ora que dio a\u00a0 luz a su hijo reci\u00e9n nacido. En su relato, Franc\u00edsco Echarren,\u2026","rel":"","context":"En \u00abCASTELLI\u00bb","block_context":{"text":"CASTELLI","link":"https:\/\/larevistadigital.com.ar\/blog\/category\/castelli\/"},"img":{"alt_text":"","src":"https:\/\/i0.wp.com\/larevistadigital.com.ar\/blog\/wp-content\/uploads\/Bys2D0DQ7_720x0.jpg?fit=720%2C480&ssl=1&resize=350%2C200","width":350,"height":200,"srcset":"https:\/\/i0.wp.com\/larevistadigital.com.ar\/blog\/wp-content\/uploads\/Bys2D0DQ7_720x0.jpg?fit=720%2C480&ssl=1&resize=350%2C200 1x, https:\/\/i0.wp.com\/larevistadigital.com.ar\/blog\/wp-content\/uploads\/Bys2D0DQ7_720x0.jpg?fit=720%2C480&ssl=1&resize=525%2C300 1.5x, https:\/\/i0.wp.com\/larevistadigital.com.ar\/blog\/wp-content\/uploads\/Bys2D0DQ7_720x0.jpg?fit=720%2C480&ssl=1&resize=700%2C400 2x"},"classes":[]},{"id":41371,"url":"https:\/\/larevistadigital.com.ar\/blog\/castelli-echarren-aseguro-que-hay-que-defender-la-salud-la-educacion-y-a-nuestro-pueblo\/","url_meta":{"origin":2650,"position":3},"title":"Castelli: Echarren asegur\u00f3 que hay que defender la salud, la educaci\u00f3n y a nuestro pueblo","author":"Alejandro Sosa Ruda","date":"10 septiembre, 2025","format":false,"excerpt":"El intendente de Castelli, Francisco Echarren, calific\u00f3 como \u201chist\u00f3rica\u201d la jornada electoral tras los comicios legislativos, en los que su espacio obtuvo un fuerte acompa\u00f1amiento de la comunidad. 10 de SSeptiembre de 2025 CASTELLI -\u00a0 \u201c\u00a1Elecci\u00f3n hist\u00f3rica, Castelli! N\u00fameros que nos llenan de orgullo, de esperanzas y que nos obligan\u2026","rel":"","context":"En \u00abCASTELLI\u00bb","block_context":{"text":"CASTELLI","link":"https:\/\/larevistadigital.com.ar\/blog\/category\/castelli\/"},"img":{"alt_text":"","src":"https:\/\/i0.wp.com\/larevistadigital.com.ar\/blog\/wp-content\/uploads\/multimedia.normal.93fcbc5bec195f5e.bm9ybWFsLkdJRg.gif?fit=795%2C524&ssl=1&resize=350%2C200","width":350,"height":200,"srcset":"https:\/\/i0.wp.com\/larevistadigital.com.ar\/blog\/wp-content\/uploads\/multimedia.normal.93fcbc5bec195f5e.bm9ybWFsLkdJRg.gif?fit=795%2C524&ssl=1&resize=350%2C200 1x, https:\/\/i0.wp.com\/larevistadigital.com.ar\/blog\/wp-content\/uploads\/multimedia.normal.93fcbc5bec195f5e.bm9ybWFsLkdJRg.gif?fit=795%2C524&ssl=1&resize=525%2C300 1.5x, https:\/\/i0.wp.com\/larevistadigital.com.ar\/blog\/wp-content\/uploads\/multimedia.normal.93fcbc5bec195f5e.bm9ybWFsLkdJRg.gif?fit=795%2C524&ssl=1&resize=700%2C400 2x"},"classes":[]},{"id":11208,"url":"https:\/\/larevistadigital.com.ar\/blog\/castelli-comenzo-la-apertura-de-calles-en-el-barrio-eva-duarte-de-peron\/","url_meta":{"origin":2650,"position":4},"title":"CASTELLI: COMENZ\u00d3 LA APERTURA DE CALLES EN EL BARRIO EVA DUARTE DE PER\u00d3N","author":"Alejandro Sosa Ruda","date":"11 julio, 2019","format":false,"excerpt":"Este fin de semana, se inici\u00f3 el trabajo con las m\u00e1quinas y retro excavadoras para realizar la demarcaci\u00f3n de las calles y la apertura del paso en lo que ser\u00e1 el futuro Barrio Eva Duarte de Per\u00f3n. All\u00ed se construir\u00e1n viviendas para m\u00e1s de 100 familias de Castelli y se\u2026","rel":"","context":"En \u00abCASTELLI\u00bb","block_context":{"text":"CASTELLI","link":"https:\/\/larevistadigital.com.ar\/blog\/category\/castelli\/"},"img":{"alt_text":"","src":"https:\/\/i0.wp.com\/larevistadigital.com.ar\/blog\/wp-content\/uploads\/66582648_1210025609167139_440251460853170176_o.jpg?fit=1200%2C800&ssl=1&resize=350%2C200","width":350,"height":200,"srcset":"https:\/\/i0.wp.com\/larevistadigital.com.ar\/blog\/wp-content\/uploads\/66582648_1210025609167139_440251460853170176_o.jpg?fit=1200%2C800&ssl=1&resize=350%2C200 1x, https:\/\/i0.wp.com\/larevistadigital.com.ar\/blog\/wp-content\/uploads\/66582648_1210025609167139_440251460853170176_o.jpg?fit=1200%2C800&ssl=1&resize=525%2C300 1.5x, https:\/\/i0.wp.com\/larevistadigital.com.ar\/blog\/wp-content\/uploads\/66582648_1210025609167139_440251460853170176_o.jpg?fit=1200%2C800&ssl=1&resize=700%2C400 2x, https:\/\/i0.wp.com\/larevistadigital.com.ar\/blog\/wp-content\/uploads\/66582648_1210025609167139_440251460853170176_o.jpg?fit=1200%2C800&ssl=1&resize=1050%2C600 3x"},"classes":[]},{"id":26261,"url":"https:\/\/larevistadigital.com.ar\/blog\/castelli-echarren-presento-con-orgullo-el-centro-de-desarrollo-infantil\/","url_meta":{"origin":2650,"position":5},"title":"CASTELLI: ECHARREN PRESENT\u00d3 CON ORGULLO EL CENTRO DE DESARROLLO INFANTIL","author":"Alejandro Sosa Ruda","date":"2 julio, 2022","format":false,"excerpt":"El intendente de Castelli, Franc\u00edsco Echarren present\u00f3 y public\u00f3 en sus redes el nuevo Centro de Desarrollo Infantil, con todos los beneficios que ello implica para los chicos y sus padres. CASTELLI -\u00a0 El intendente de la ciudad, Franc\u00edsco Echarren, manifest\u00f3 su alegr\u00eda y orgullo al presentar el nuevo Centro\u2026","rel":"","context":"En \u00abCASTELLI\u00bb","block_context":{"text":"CASTELLI","link":"https:\/\/larevistadigital.com.ar\/blog\/category\/castelli\/"},"img":{"alt_text":"","src":"https:\/\/i0.wp.com\/larevistadigital.com.ar\/blog\/wp-content\/uploads\/291566011_404345335061915_7240730414527041826_n.jpg?fit=720%2C405&ssl=1&resize=350%2C200","width":350,"height":200,"srcset":"https:\/\/i0.wp.com\/larevistadigital.com.ar\/blog\/wp-content\/uploads\/291566011_404345335061915_7240730414527041826_n.jpg?fit=720%2C405&ssl=1&resize=350%2C200 1x, https:\/\/i0.wp.com\/larevistadigital.com.ar\/blog\/wp-content\/uploads\/291566011_404345335061915_7240730414527041826_n.jpg?fit=720%2C405&ssl=1&resize=525%2C300 1.5x, https:\/\/i0.wp.com\/larevistadigital.com.ar\/blog\/wp-content\/uploads\/291566011_404345335061915_7240730414527041826_n.jpg?fit=720%2C405&ssl=1&resize=700%2C400 2x"},"classes":[]}],"_links":{"self":[{"href":"https:\/\/larevistadigital.com.ar\/blog\/wp-json\/wp\/v2\/posts\/2650","targetHints":{"allow":["GET"]}}],"collection":[{"href":"https:\/\/larevistadigital.com.ar\/blog\/wp-json\/wp\/v2\/posts"}],"about":[{"href":"https:\/\/larevistadigital.com.ar\/blog\/wp-json\/wp\/v2\/types\/post"}],"author":[{"embeddable":true,"href":"https:\/\/larevistadigital.com.ar\/blog\/wp-json\/wp\/v2\/users\/3"}],"replies":[{"embeddable":true,"href":"https:\/\/larevistadigital.com.ar\/blog\/wp-json\/wp\/v2\/comments?post=2650"}],"version-history":[{"count":2,"href":"https:\/\/larevistadigital.com.ar\/blog\/wp-json\/wp\/v2\/posts\/2650\/revisions"}],"predecessor-version":[{"id":2653,"href":"https:\/\/larevistadigital.com.ar\/blog\/wp-json\/wp\/v2\/posts\/2650\/revisions\/2653"}],"wp:featuredmedia":[{"embeddable":true,"href":"https:\/\/larevistadigital.com.ar\/blog\/wp-json\/wp\/v2\/media\/2651"}],"wp:attachment":[{"href":"https:\/\/larevistadigital.com.ar\/blog\/wp-json\/wp\/v2\/media?parent=2650"}],"wp:term":[{"taxonomy":"category","embeddable":true,"href":"https:\/\/larevistadigital.com.ar\/blog\/wp-json\/wp\/v2\/categories?post=2650"},{"taxonomy":"post_tag","embeddable":true,"href":"https:\/\/larevistadigital.com.ar\/blog\/wp-json\/wp\/v2\/tags?post=2650"}],"curies":[{"name":"wp","href":"https:\/\/api.w.org\/{rel}","templated":true}]}}