{"id":2654,"date":"2017-07-12T14:13:42","date_gmt":"2017-07-12T14:13:42","guid":{"rendered":"https:\/\/larevistadigital.com.ar\/blog\/?p=2654"},"modified":"2017-07-12T14:13:42","modified_gmt":"2017-07-12T14:13:42","slug":"peligro-inminente-se-desprendio-un-enorme-iceberg-de-la-antartida-mide-casi-6000-km-cuadrados","status":"publish","type":"post","link":"https:\/\/larevistadigital.com.ar\/blog\/peligro-inminente-se-desprendio-un-enorme-iceberg-de-la-antartida-mide-casi-6000-km-cuadrados\/","title":{"rendered":"\u00bfPELIGRO INMINENTE? SE DESPRENDI\u00d3 UN ENORME ICEBERG DE LA ANT\u00c1RTIDA: MIDE CASI 6000 KM. CUADRADOS"},"content":{"rendered":"<h2>Un sat\u00e9lite estadounidense\u00a0<strong>confirm\u00f3 el anticipado<\/strong>\u00a0<strong>desprendimiento de un enorme iceberg de la Ant\u00e1rtida<\/strong>, al observarlo este mi\u00e9rcoles sobre el mar en su sobrevuelo de la regi\u00f3n conocida como <strong>Larsen C.<\/strong><\/h2>\n<p>Los investigadores hab\u00edan estado siguiendo el desarrollo de la grieta desde hac\u00eda una d\u00e9cada, proceso que se aceler\u00f3 a partir del 2014.<\/p>\n<p>La partici\u00f3n, sin embargo,\u00a0no afectar\u00e1 al nivel del mar global\u00a0porque el hielo que se ha desprendido ya estaba a flote en el oc\u00e9ano, aunque algunos cient\u00edficos temen que podr\u00eda acelerar la desestabilizaci\u00f3n de la plataforma de hielo.<\/p>\n<p>Expertos del proyecto Midas, un grupo de investigaci\u00f3n brit\u00e1nico que estudia a <strong>Larsen C<\/strong>, el desprendimiento se produjo entre el lunes y mi\u00e9rcoles, cuando 5.800 kil\u00f3metros cuadrados de hielo se separaron de la plataforma.<\/p>\n<blockquote>\n<h3><strong><em>\u00abHemos estado anticipado este evento por meses. Estamos sorprendidos por cu\u00e1nto demor\u00f3 a la grieta causar la ruptura. El iceberg es uno de los m\u00e1s grandes que se tenga registro y su progreso en el futuro es dif\u00edcil de predecir. Puede mantenerse en una pieza, pero es posible que se rompa en fragmentos\u00bb<\/em><\/strong>, declar\u00f3 el profesor <strong>Adrian Luckman<\/strong>, investigador l\u00edder del grupo.<\/h3>\n<\/blockquote>\n<p>Seg\u00fan la Agencia Espacial Europea (ESA) y el cient\u00edfico de la Universidad de Edimburgo <strong>Noel Gourmelen<\/strong>, el iceberg\u00a0<strong>ser\u00e1 uno de los m\u00e1s grandes de la Ant\u00e1rtida:<\/strong>\u00a0tendr\u00e1\u00a0<strong>190 metros de espesor, 1.155 kil\u00f3metros c\u00fabicos de hielo y podr\u00eda rellenar 462 millones de piscinas ol\u00edmpicas<\/strong>.<\/p>\n<p>El peri\u00f3dico\u00a0<strong><em>The Guardian<\/em><\/strong>\u00a0y la agencia\u00a0<em>AFP<\/em>\u00a0reportaron que el bloque tiene\u00a0<strong>un peso estimado de un bill\u00f3n de toneladas<\/strong>.<\/p>\n<p>La ESA, adem\u00e1s, se\u00f1al\u00f3 que las barreras vecinas, Larsen A y Larsen B, experimentaron un proceso similar con \u00abfragmentaciones espectaculares\u00bb en 1995 y 2002, respectivamente.<\/p>\n<p>Barreras de hielo como esta desempe\u00f1an un importante papel como muros de contenci\u00f3n del hielo que se desplaza hacia el mar.<\/p>\n<p>&nbsp;<\/p>\n<p>&nbsp;<\/p>\n","protected":false},"excerpt":{"rendered":"<div class=\"mh-excerpt\"><p>Un sat\u00e9lite estadounidense\u00a0confirm\u00f3 el anticipado\u00a0desprendimiento de un enorme iceberg de la Ant\u00e1rtida, al observarlo este mi\u00e9rcoles sobre el mar en su sobrevuelo de la regi\u00f3n conocida como Larsen C. Los investigadores hab\u00edan estado siguiendo el <a class=\"mh-excerpt-more\" href=\"https:\/\/larevistadigital.com.ar\/blog\/peligro-inminente-se-desprendio-un-enorme-iceberg-de-la-antartida-mide-casi-6000-km-cuadrados\/\" title=\"\u00bfPELIGRO INMINENTE? SE DESPRENDI\u00d3 UN ENORME ICEBERG DE LA ANT\u00c1RTIDA: MIDE CASI 6000 KM. CUADRADOS\">[Leer M\u00e1s]<\/a><\/p>\n<\/div>","protected":false},"author":3,"featured_media":2655,"comment_status":"open","ping_status":"open","sticky":false,"template":"","format":"standard","meta":{"_jetpack_memberships_contains_paid_content":false,"footnotes":"","jetpack_publicize_message":"","jetpack_publicize_feature_enabled":true,"jetpack_social_post_already_shared":true,"jetpack_social_options":{"image_generator_settings":{"template":"highway","default_image_id":0,"font":"","enabled":false},"version":2}},"categories":[11,41,29],"tags":[],"class_list":{"0":"post-2654","1":"post","2":"type-post","3":"status-publish","4":"format-standard","5":"has-post-thumbnail","7":"category-curiosas","8":"category-destacadas","9":"category-sociedad"},"jetpack_publicize_connections":[],"jetpack_featured_media_url":"https:\/\/i0.wp.com\/larevistadigital.com.ar\/blog\/wp-content\/uploads\/2017\/07\/iceberg-antardida-1920-01.jpg?fit=600%2C337&ssl=1","jetpack_sharing_enabled":true,"jetpack_shortlink":"https:\/\/wp.me\/p8qtrQ-GO","jetpack-related-posts":[{"id":14845,"url":"https:\/\/larevistadigital.com.ar\/blog\/descubren-un-terrorifico-rostro-en-un-hielo-de-la-antartida\/","url_meta":{"origin":2654,"position":0},"title":"DESCUBREN UN TERROR\u00cdFICO ROSTRO EN UN HIELO DE LA ANT\u00c1RTIDA","author":"Alejandro Sosa Ruda","date":"14 febrero, 2020","format":false,"excerpt":"El hallazgo estuvo a cargo de un usuario que, con la aplicaci\u00f3n Google Earth, buscaba informaci\u00f3n sobre antiguas civilizaciones. Mir\u00e1 el video. Un hombre encontr\u00f3 un rostro en la Ant\u00e1rtida con la aplicaci\u00f3n de Google Earth y su descubrimiento sorprendi\u00f3 a los usuarios de las redes sociales. Si bien muchos\u2026","rel":"","context":"En \u00abCURIOSAS\u00bb","block_context":{"text":"CURIOSAS","link":"https:\/\/larevistadigital.com.ar\/blog\/category\/curiosas\/"},"img":{"alt_text":"","src":"https:\/\/i0.wp.com\/larevistadigital.com.ar\/blog\/wp-content\/uploads\/antartida-14022020-915714.jpg?fit=840%2C471&ssl=1&resize=350%2C200","width":350,"height":200,"srcset":"https:\/\/i0.wp.com\/larevistadigital.com.ar\/blog\/wp-content\/uploads\/antartida-14022020-915714.jpg?fit=840%2C471&ssl=1&resize=350%2C200 1x, https:\/\/i0.wp.com\/larevistadigital.com.ar\/blog\/wp-content\/uploads\/antartida-14022020-915714.jpg?fit=840%2C471&ssl=1&resize=525%2C300 1.5x, https:\/\/i0.wp.com\/larevistadigital.com.ar\/blog\/wp-content\/uploads\/antartida-14022020-915714.jpg?fit=840%2C471&ssl=1&resize=700%2C400 2x"},"classes":[]},{"id":30201,"url":"https:\/\/larevistadigital.com.ar\/blog\/alerta-un-tempano-gigante-se-desprendio-del-continente-antartico-y-se-dirige-hacia-las-islas-malvinas\/","url_meta":{"origin":2654,"position":1},"title":"ALERTA: UN T\u00c9MPANO GIGANTE SE DESPRENDI\u00d3 DEL CONTINENTE ANT\u00c1RTICO Y SE DIRIGE HACIA LAS ISLAS MALVINAS","author":"Alejandro Sosa Ruda","date":"22 febrero, 2023","format":false,"excerpt":"El gigantesco t\u00e9mpano, visto cronol\u00f3gicamente desde el espacio con el sat\u00e9lite argentino SAOCOM, se desprendi\u00f3 en mayo de 2021 de la barrera de hielo Ronne y recorri\u00f3 unos 2000 km hacia el norte. Actualmente se ubica a 920 kil\u00f3metros de las Islas Malvinas. Tiene unos 3100 km2, o sea 15\u2026","rel":"","context":"En \u00abINTERES GENERAL\u00bb","block_context":{"text":"INTERES GENERAL","link":"https:\/\/larevistadigital.com.ar\/blog\/category\/interes-general\/"},"img":{"alt_text":"","src":"https:\/\/i0.wp.com\/larevistadigital.com.ar\/blog\/wp-content\/uploads\/20230221094250_tempano-gigante-en-la-antartida.jpg?fit=880%2C512&ssl=1&resize=350%2C200","width":350,"height":200,"srcset":"https:\/\/i0.wp.com\/larevistadigital.com.ar\/blog\/wp-content\/uploads\/20230221094250_tempano-gigante-en-la-antartida.jpg?fit=880%2C512&ssl=1&resize=350%2C200 1x, https:\/\/i0.wp.com\/larevistadigital.com.ar\/blog\/wp-content\/uploads\/20230221094250_tempano-gigante-en-la-antartida.jpg?fit=880%2C512&ssl=1&resize=525%2C300 1.5x, https:\/\/i0.wp.com\/larevistadigital.com.ar\/blog\/wp-content\/uploads\/20230221094250_tempano-gigante-en-la-antartida.jpg?fit=880%2C512&ssl=1&resize=700%2C400 2x"},"classes":[]},{"id":15991,"url":"https:\/\/larevistadigital.com.ar\/blog\/video-misterioso-objeto-metalico-bajo-la-antartida-argentina\/","url_meta":{"origin":2654,"position":2},"title":"[VIDEO] MISTERIOSO OBJETO MET\u00c1LICO BAJO LA ANT\u00c1RTIDA ARGENTINA","author":"Alejandro Sosa Ruda","date":"12 agosto, 2020","format":false,"excerpt":"La Ant\u00e1rtida siempre ha tenido una gran cantidad de misterios y secretos, desde albergar la supuesta entrada a la Tierra hueca, a formar parte de una \u201cbarrera\u201d que delimitar\u00eda la supuesta Tierra plana.. Hoy por hoy todos sus secretos est\u00e1n bajo el hielo, aunque empieza a dejar al descubierto algunas\u2026","rel":"","context":"En \u00abCURIOSAS\u00bb","block_context":{"text":"CURIOSAS","link":"https:\/\/larevistadigital.com.ar\/blog\/category\/curiosas\/"},"img":{"alt_text":"","src":"https:\/\/i0.wp.com\/larevistadigital.com.ar\/blog\/wp-content\/uploads\/Screenshot_1-129.jpg?fit=1000%2C497&ssl=1&resize=350%2C200","width":350,"height":200,"srcset":"https:\/\/i0.wp.com\/larevistadigital.com.ar\/blog\/wp-content\/uploads\/Screenshot_1-129.jpg?fit=1000%2C497&ssl=1&resize=350%2C200 1x, https:\/\/i0.wp.com\/larevistadigital.com.ar\/blog\/wp-content\/uploads\/Screenshot_1-129.jpg?fit=1000%2C497&ssl=1&resize=525%2C300 1.5x, https:\/\/i0.wp.com\/larevistadigital.com.ar\/blog\/wp-content\/uploads\/Screenshot_1-129.jpg?fit=1000%2C497&ssl=1&resize=700%2C400 2x"},"classes":[]},{"id":10957,"url":"https:\/\/larevistadigital.com.ar\/blog\/granizo-cubre-guadalajara-con-una-enorme-capa-de-hielo\/","url_meta":{"origin":2654,"position":3},"title":"GRANIZO CUBRE GUADALAJARA CON UNA ENORME CAPA DE HIELO","author":"Alejandro Sosa Ruda","date":"30 junio, 2019","format":false,"excerpt":"Guadalajara, Jalisco, ha sufrido una fuerte granizada la madrugada de este domingo 30 de junio, amaneciendo con una gruesa capa de hielo cubriendo muchas \u00e1reas de la zona metropolitana....\u00a0 Mientras una extrema ola de calor afecta a Europa, algunas zonas de M\u00e9xico sufren las inclemencias de las bajas temperaturas. Diversos\u2026","rel":"","context":"En \u00abINTERES GENERAL\u00bb","block_context":{"text":"INTERES GENERAL","link":"https:\/\/larevistadigital.com.ar\/blog\/category\/interes-general\/"},"img":{"alt_text":"","src":"https:\/\/i0.wp.com\/larevistadigital.com.ar\/blog\/wp-content\/uploads\/Screenshot_1-17.jpg?fit=947%2C531&ssl=1&resize=350%2C200","width":350,"height":200,"srcset":"https:\/\/i0.wp.com\/larevistadigital.com.ar\/blog\/wp-content\/uploads\/Screenshot_1-17.jpg?fit=947%2C531&ssl=1&resize=350%2C200 1x, https:\/\/i0.wp.com\/larevistadigital.com.ar\/blog\/wp-content\/uploads\/Screenshot_1-17.jpg?fit=947%2C531&ssl=1&resize=525%2C300 1.5x, https:\/\/i0.wp.com\/larevistadigital.com.ar\/blog\/wp-content\/uploads\/Screenshot_1-17.jpg?fit=947%2C531&ssl=1&resize=700%2C400 2x"},"classes":[]},{"id":22795,"url":"https:\/\/larevistadigital.com.ar\/blog\/locura-en-mar-del-plata-nina-de-9-anos-manejaba-un-auto-y-choco-con-su-familia-a-bordo\/","url_meta":{"origin":2654,"position":4},"title":"LOCURA EN MAR DEL PLATA: NI\u00d1A DE 9 A\u00d1OS MANEJABA UN AUTO Y CHOC\u00d3 CON SU FAMILIA A BORDO","author":"Alejandro Sosa Ruda","date":"24 noviembre, 2021","format":false,"excerpt":"El hecho ocurri\u00f3 sobre la Avenida Ant\u00e1rtida Argentina, y de acuerdo a lo que inform\u00f3 el portal laquintadigital, su padre, que mantuvo el control de los pedales de aceleraci\u00f3n, embrague y freno, dej\u00f3 que su hija se hiciera cargo de dirigir el veh\u00edculo. MAR DEL PLATA\u00a0 -\u00a0 Una nena de\u2026","rel":"","context":"En \u00abPOLICIALES\u00bb","block_context":{"text":"POLICIALES","link":"https:\/\/larevistadigital.com.ar\/blog\/category\/policiales\/"},"img":{"alt_text":"","src":"https:\/\/i0.wp.com\/larevistadigital.com.ar\/blog\/wp-content\/uploads\/CHOQUE.jpg?fit=990%2C502&ssl=1&resize=350%2C200","width":350,"height":200,"srcset":"https:\/\/i0.wp.com\/larevistadigital.com.ar\/blog\/wp-content\/uploads\/CHOQUE.jpg?fit=990%2C502&ssl=1&resize=350%2C200 1x, https:\/\/i0.wp.com\/larevistadigital.com.ar\/blog\/wp-content\/uploads\/CHOQUE.jpg?fit=990%2C502&ssl=1&resize=525%2C300 1.5x, https:\/\/i0.wp.com\/larevistadigital.com.ar\/blog\/wp-content\/uploads\/CHOQUE.jpg?fit=990%2C502&ssl=1&resize=700%2C400 2x"},"classes":[]},{"id":33196,"url":"https:\/\/larevistadigital.com.ar\/blog\/mar-chiquita-un-nene-fue-a-jugar-a-una-plaza-y-perdio-parte-de-un-dedo\/","url_meta":{"origin":2654,"position":5},"title":"MAR CHIQUITA: UN NENE FUE A JUGAR A UNA PLAZA Y PERDI\u00d3 PARTE DE UN DEDO","author":"Alejandro Sosa Ruda","date":"1 septiembre, 2023","format":false,"excerpt":"La familia en estos momentos realiza averiguaciones con cirujanos pl\u00e1sticos para ver si hay posibilidad de reconstruir el dedo, aunque profesionales que lo atendieron desaconsejaron someter al nene a una intervenci\u00f3n de estas caracter\u00edsticas. 1\u00b0 de septiembre de 2023 MAR CHIQUITA -\u00a0 Una familia marplatense quiso festejar un cumplea\u00f1os en\u2026","rel":"","context":"En \u00abREGIONALES\u00bb","block_context":{"text":"REGIONALES","link":"https:\/\/larevistadigital.com.ar\/blog\/category\/regionales\/"},"img":{"alt_text":"","src":"https:\/\/i0.wp.com\/larevistadigital.com.ar\/blog\/wp-content\/uploads\/20230831163738_juegos.jpg?fit=880%2C512&ssl=1&resize=350%2C200","width":350,"height":200,"srcset":"https:\/\/i0.wp.com\/larevistadigital.com.ar\/blog\/wp-content\/uploads\/20230831163738_juegos.jpg?fit=880%2C512&ssl=1&resize=350%2C200 1x, https:\/\/i0.wp.com\/larevistadigital.com.ar\/blog\/wp-content\/uploads\/20230831163738_juegos.jpg?fit=880%2C512&ssl=1&resize=525%2C300 1.5x, https:\/\/i0.wp.com\/larevistadigital.com.ar\/blog\/wp-content\/uploads\/20230831163738_juegos.jpg?fit=880%2C512&ssl=1&resize=700%2C400 2x"},"classes":[]}],"_links":{"self":[{"href":"https:\/\/larevistadigital.com.ar\/blog\/wp-json\/wp\/v2\/posts\/2654","targetHints":{"allow":["GET"]}}],"collection":[{"href":"https:\/\/larevistadigital.com.ar\/blog\/wp-json\/wp\/v2\/posts"}],"about":[{"href":"https:\/\/larevistadigital.com.ar\/blog\/wp-json\/wp\/v2\/types\/post"}],"author":[{"embeddable":true,"href":"https:\/\/larevistadigital.com.ar\/blog\/wp-json\/wp\/v2\/users\/3"}],"replies":[{"embeddable":true,"href":"https:\/\/larevistadigital.com.ar\/blog\/wp-json\/wp\/v2\/comments?post=2654"}],"version-history":[{"count":1,"href":"https:\/\/larevistadigital.com.ar\/blog\/wp-json\/wp\/v2\/posts\/2654\/revisions"}],"predecessor-version":[{"id":2657,"href":"https:\/\/larevistadigital.com.ar\/blog\/wp-json\/wp\/v2\/posts\/2654\/revisions\/2657"}],"wp:featuredmedia":[{"embeddable":true,"href":"https:\/\/larevistadigital.com.ar\/blog\/wp-json\/wp\/v2\/media\/2655"}],"wp:attachment":[{"href":"https:\/\/larevistadigital.com.ar\/blog\/wp-json\/wp\/v2\/media?parent=2654"}],"wp:term":[{"taxonomy":"category","embeddable":true,"href":"https:\/\/larevistadigital.com.ar\/blog\/wp-json\/wp\/v2\/categories?post=2654"},{"taxonomy":"post_tag","embeddable":true,"href":"https:\/\/larevistadigital.com.ar\/blog\/wp-json\/wp\/v2\/tags?post=2654"}],"curies":[{"name":"wp","href":"https:\/\/api.w.org\/{rel}","templated":true}]}}