{"id":26564,"date":"2022-07-14T08:54:23","date_gmt":"2022-07-14T08:54:23","guid":{"rendered":"https:\/\/larevistadigital.com.ar\/blog\/?p=26564"},"modified":"2022-07-14T08:54:23","modified_gmt":"2022-07-14T08:54:23","slug":"esto-sucedio-un-dia-como-hoy-14-7","status":"publish","type":"post","link":"https:\/\/larevistadigital.com.ar\/blog\/esto-sucedio-un-dia-como-hoy-14-7\/","title":{"rendered":"ESTO SUCEDI\u00d3 UN D\u00cdA COMO HOY (14\/7)"},"content":{"rendered":"<ul>\n<li><strong>1789 &#8211;\u00a0<\/strong>La poblaci\u00f3n parisina toma la prisi\u00f3n de la\u00a0<strong>Bastilla<\/strong>, suceso que da inicio\u00a0a la\u00a0<a href=\"https:\/\/www.perfil.com\/noticias\/cordoba\/critica-liberal-a-la-revolucion-francesa.phtml\" target=\"_blank\" rel=\"noopener\"><strong>Revoluci\u00f3n Francesa<\/strong><\/a>. Una multitud de al menos tres mil personas se lanz\u00f3 en asalto de lo que representaba una fortaleza real en las afueras de la actual Par\u00eds, conocida formalmente como \u201c<strong>Bastilla Saint- Antoine<\/strong>\u201d.<\/li>\n<li><strong>1832 &#8211;<\/strong>\u00a0La\u00a0<strong>Junta Representativa de Santa Fe<\/strong>\u00a0inviste con facultades extraordinarias al gobernador de la provincia,\u00a0<strong>brigadier general Estanislao L\u00f3pez<\/strong>.<\/li>\n<li><strong>1956 &#8211;<\/strong>\u00a0Nace el director de teatro y\u00a0actor de escenario y televisi\u00f3n\u00a0<a href=\"https:\/\/semanario.perfil.com\/noticias\/actualidad\/julio-chavez-si-cada-vez-que-hago-un-personaje-los-gremios-se-enojan-tendria-mil-juicios.phtml\" target=\"_blank\" rel=\"noopener\"><strong>Julio Ch\u00e1vez<\/strong><\/a>\u00a0en el barrio porte\u00f1o de Nu\u00f1ez. Su primera labor profesional fue en la pantalla grande, en el largometraje\u00a0<em>No toquen a la nena<\/em>\u00a0(1976).\u00a0A lo largo de su encomiada carrera particip\u00f3 en diversas obras, programas unitarios como\u00a0<em>El Puntero<\/em>, miniseries y pel\u00edculas. Es de destacar tambi\u00e9n\u00a0su tarea como formador de artistas.<br \/>\nSu valioso trayectoria lo ha hecho acreedor de numerosas distinciones, tanto en Argentina como en el exterior, entre las que se distinguen el Oso de\u00a0Plata al Mejor Actor del Festival de Cine de Berl\u00edn 2007<em>\u00a0<\/em>(<em>El Otro<\/em>) y el premio al Mejor Actor Protag\u00f3nico del Festival de Biarritz 2022 (<em>Un Oso Rojo<\/em>).<\/li>\n<li><strong>1982\u00a0<\/strong>&#8211; Se estrena el film\u00a0<em><strong>The Wall<\/strong><\/em>, dirigido\u00a0por el cineasta brit\u00e1nico\u00a0<a href=\"https:\/\/www.perfil.com\/noticias\/protagonistas\/murio-alan-parker-el-director-de-evita-y-del-clasico-the-wall.phtml\" target=\"_blank\" rel=\"noopener\">Alan Parker<\/a>, que por aquel entonces era considerado\u00a0una promesa en el mundo del cine. El libretista intent\u00f3 trasladar la idea conceptual con que se concibi\u00f3 el disco.\u00a0En la pieza cinematogr\u00e1fica basada en\u00a0<a href=\"https:\/\/www.perfil.com\/noticias\/actualidad\/pink-floyd-quito-su-discografia-desde-1987-de-las-plataformas-de-rusia-y-bielorrusia.phtml\" target=\"_blank\" rel=\"noopener\"><strong>Pink Floyd<\/strong><\/a>\u00a0se mezclan tiempos hist\u00f3ricos sin seguir las convenciones narrativas t\u00edpicas, se introducen escenas de animaci\u00f3n y se potencia el poder simb\u00f3lico-metaf\u00f3rico de las im\u00e1genes.<\/li>\n<li><strong>1995 &#8211;<\/strong>\u00a0En el Instituto alem\u00e1n Fraunhofer se da\u00a0origen al formato de\u00a0<strong>archivos de grabaci\u00f3n MP3<\/strong>, que revolucion\u00f3 la difusi\u00f3n de m\u00fasica y sonidos en dispositivos electr\u00f3nicos digitales.<\/li>\n<li><strong>1996\u00a0&#8211;\u00a0<\/strong>Los emblem\u00e1ticos futbolistas argentinos\u00a0<a href=\"https:\/\/442.perfil.com\/noticias\/video\/la-emocion-de-caniggia-a-un-ano-de-la-muerte-de-maradona-diego-dejo-un-vacio-muy-grande.phtml\" target=\"_blank\" rel=\"noopener\"><strong>Claudio Paul Caniggia<\/strong>\u00a0y\u00a0<strong>Diego Maradona<\/strong><\/a>\u00a0se dan el famoso \u201cpiquito\u201d en la boca,\u00a0como celebraci\u00f3n de gol en el primer tanto del P\u00e1jaro\u00a0ante River Plate, en un partido que termin\u00f3 en goleada por 4 a 1 a favor del xeneize.<\/li>\n<li><strong>2011 &#8211;\u00a0<\/strong>Se inaugura\u00a0<a href=\"https:\/\/noticias.perfil.com\/noticias\/cultura\/vacaciones-de-invierno-vuelve-tecnopolis-con-entrada-libre-y-gratuita.phtml\" target=\"_blank\" rel=\"noopener\"><strong>Tecn\u00f3polis<\/strong><\/a>, la mayor feria de ciencia, tecnolog\u00eda, industria y cultura de Am\u00e9rica Latina. Fue sede de los Juegos Ol\u00edmpicos de la juventud 2018.<\/li>\n<li><strong>2012 &#8211;\u00a0<\/strong>Muere el actor, humorista e imitador argentino\u00a0<strong>Jorge\u00a0Luz<\/strong>\u00a0en la ciudad de Buenos Aires a los 90 a\u00f1os de edad como consecuencia de una complicaci\u00f3n pulmonar.\u00a0El multifac\u00e9tico artista supo tener un esp\u00edritu alegre que impact\u00f3 de inmediato en el p\u00fablico, con aplausos y un amplio reconocimiento. Su llegada al estrellato local ocurri\u00f3 en la d\u00e9cada del 40, cuando integr\u00f3 Los Cinco Grandes del Buen Humor, el primer grupo c\u00f3mico del pa\u00eds. Comparti\u00f3 los a\u00f1os dorados del \u00e1mbito art\u00edstico junto a pioneros como Luis Sandrini, Tita Merello\u00a0y Nin\u00ed Marshall, de quien fue amigo personal.<\/li>\n<li>Se conmemora el\u00a0<strong>D\u00eda Internacional del Auxiliar de\u00a0<a href=\"https:\/\/www.perfil.com\/noticias\/actualidad\/enfermeria-es-la-septima-carrera-mas-estudiada-en-argentina.phtml\" target=\"_blank\" rel=\"noopener\">Enfermer\u00eda<\/a><\/strong>, para destacar la labor\u00a0 y compromiso de estos profesionales esenciales de la salud. Menci\u00f3n especial merece su destacado rol social e institucional durante la pandemia por covid-19, debido al riesgo que implica estar en la primera l\u00ednea de atenci\u00f3n sanitaria.\u00a0La creaci\u00f3n de esta fecha pretende reivindicar los derechos laborales y necesidades de estos trabajadores fundamentales dentro de la estructura de atenci\u00f3n m\u00e9dica.<\/li>\n<\/ul>\n<p>fuente: Perfil<\/p>\n","protected":false},"excerpt":{"rendered":"<div class=\"mh-excerpt\"><p>1789 &#8211;\u00a0La poblaci\u00f3n parisina toma la prisi\u00f3n de la\u00a0Bastilla, suceso que da inicio\u00a0a la\u00a0Revoluci\u00f3n Francesa. Una multitud de al menos tres mil personas se lanz\u00f3 en asalto de lo que representaba una fortaleza real en <a class=\"mh-excerpt-more\" href=\"https:\/\/larevistadigital.com.ar\/blog\/esto-sucedio-un-dia-como-hoy-14-7\/\" title=\"ESTO SUCEDI\u00d3 UN D\u00cdA COMO HOY (14\/7)\">[Leer M\u00e1s]<\/a><\/p>\n<\/div>","protected":false},"author":3,"featured_media":16747,"comment_status":"open","ping_status":"open","sticky":false,"template":"","format":"standard","meta":{"_jetpack_memberships_contains_paid_content":false,"footnotes":"","jetpack_publicize_message":"","jetpack_publicize_feature_enabled":true,"jetpack_social_post_already_shared":true,"jetpack_social_options":{"image_generator_settings":{"template":"highway","default_image_id":0,"font":"","enabled":false},"version":2}},"categories":[1],"tags":[],"class_list":{"0":"post-26564","1":"post","2":"type-post","3":"status-publish","4":"format-standard","5":"has-post-thumbnail","7":"category-sin-categoria"},"jetpack_publicize_connections":[],"jetpack_featured_media_url":"https:\/\/i0.wp.com\/larevistadigital.com.ar\/blog\/wp-content\/uploads\/LOGO-EFEMERIDES.jpg?fit=1268%2C664&ssl=1","jetpack_sharing_enabled":true,"jetpack_shortlink":"https:\/\/wp.me\/p8qtrQ-6Us","jetpack-related-posts":[{"id":11331,"url":"https:\/\/larevistadigital.com.ar\/blog\/el-gobierno-creo-el-servicio-civico-voluntario-estara-a-cargo-de-gendarmeria-y-sera-para-jovenes-de-16-a-20-anos\/","url_meta":{"origin":26564,"position":0},"title":"EL GOBIERNO CRE\u00d3 EL SERVICIO C\u00cdVICO VOLUNTARIO. ESTAR\u00c1 A CARGO DE GENDARMER\u00cdA Y SER\u00c1 PARA J\u00d3VENES DE 16 A 20 A\u00d1OS","author":"Alejandro Sosa Ruda","date":"16 julio, 2019","format":false,"excerpt":"El objetivo es capacitar a hombres y mujeres en \"valores democr\u00e1ticos y republicanos\". El Ministerio de Seguridad anunci\u00f3 la medida en el Bolet\u00edn Oficial. \"Apunta al horizonte de j\u00f3venes NiNi\", afirmaron fuentes oficiales A trav\u00e9s de la Resoluci\u00f3n 598\/2019, el Ministerio de Seguridad de la Naci\u00f3n cre\u00f3 el \"Servicio C\u00edvico\u2026","rel":"","context":"En \u00abDESTACADAS\u00bb","block_context":{"text":"DESTACADAS","link":"https:\/\/larevistadigital.com.ar\/blog\/category\/destacadas\/"},"img":{"alt_text":"","src":"https:\/\/i0.wp.com\/larevistadigital.com.ar\/blog\/wp-content\/uploads\/20190429174732_personajes-destacados-2018-patricia-bullrich.jpg?fit=887%2C554&ssl=1&resize=350%2C200","width":350,"height":200,"srcset":"https:\/\/i0.wp.com\/larevistadigital.com.ar\/blog\/wp-content\/uploads\/20190429174732_personajes-destacados-2018-patricia-bullrich.jpg?fit=887%2C554&ssl=1&resize=350%2C200 1x, https:\/\/i0.wp.com\/larevistadigital.com.ar\/blog\/wp-content\/uploads\/20190429174732_personajes-destacados-2018-patricia-bullrich.jpg?fit=887%2C554&ssl=1&resize=525%2C300 1.5x, https:\/\/i0.wp.com\/larevistadigital.com.ar\/blog\/wp-content\/uploads\/20190429174732_personajes-destacados-2018-patricia-bullrich.jpg?fit=887%2C554&ssl=1&resize=700%2C400 2x"},"classes":[]},{"id":26525,"url":"https:\/\/larevistadigital.com.ar\/blog\/que-paso-un-dia-como-hoy-13-7\/","url_meta":{"origin":26564,"position":1},"title":"\u00bfQU\u00c9 PAS\u00d3 UN D\u00cdA COMO HOY? (13\/7)","author":"Alejandro Sosa Ruda","date":"13 julio, 2022","format":false,"excerpt":"Hac\u00e9 un recorrido hist\u00f3rico por los acontecimientos argentinos y del mundo que quedaron para siempre grabados en el calendario. Hoy\u00a012 de julio\u00a0se conmemora el\u00a0D\u00eda Nacional de la Medicina Social. En esta fecha\u00a0 se\u00a0recuerda al doctor\u00a0Ren\u00e9 Favaloro,\u00a0especializado en cardiolog\u00eda y cirug\u00eda, por su natalicio en 1923. A sus 26 a\u00f1os, fue\u2026","rel":"","context":"En \u00abSin categor\u00eda\u00bb","block_context":{"text":"Sin categor\u00eda","link":"https:\/\/larevistadigital.com.ar\/blog\/category\/sin-categoria\/"},"img":{"alt_text":"","src":"https:\/\/i0.wp.com\/larevistadigital.com.ar\/blog\/wp-content\/uploads\/LOGO-EFEMERIDES.jpg?fit=1200%2C628&ssl=1&resize=350%2C200","width":350,"height":200,"srcset":"https:\/\/i0.wp.com\/larevistadigital.com.ar\/blog\/wp-content\/uploads\/LOGO-EFEMERIDES.jpg?fit=1200%2C628&ssl=1&resize=350%2C200 1x, https:\/\/i0.wp.com\/larevistadigital.com.ar\/blog\/wp-content\/uploads\/LOGO-EFEMERIDES.jpg?fit=1200%2C628&ssl=1&resize=525%2C300 1.5x, https:\/\/i0.wp.com\/larevistadigital.com.ar\/blog\/wp-content\/uploads\/LOGO-EFEMERIDES.jpg?fit=1200%2C628&ssl=1&resize=700%2C400 2x, https:\/\/i0.wp.com\/larevistadigital.com.ar\/blog\/wp-content\/uploads\/LOGO-EFEMERIDES.jpg?fit=1200%2C628&ssl=1&resize=1050%2C600 3x"},"classes":[]},{"id":28410,"url":"https:\/\/larevistadigital.com.ar\/blog\/insolito-maanifestantes-que-se-identifican-como-de-una-cooperativa-de-cartoneros-de-ensenada-ingresaron-al-municipio-a-pedir-trabajo-al-intendente\/","url_meta":{"origin":26564,"position":2},"title":"INS\u00d3LITO: [VIDEO] MANIFESTANTES QUE SE IDENTIFICAN COMO DE UNA COOPERATIVA DE \u00abCARTONEROS DE ENSENADA\u00bb INGRESARON AL MUNICIPIO A PEDIR TRABAJO AL INTENDENTE","author":"Alejandro Sosa Ruda","date":"13 octubre, 2022","format":false,"excerpt":"Sucedi\u00f3 hace un rato, y nadie sabe a ciencia cierta qu\u00e9 pas\u00f3 y porqu\u00e9. De pronto ingresaron al Municipio con bombos y carteles. 13 de octubre de 2022 CHASCOM\u00daS -\u00a0\u00a0Hace un rato y de manera inesperada, ingresaron al Palacio Municipal un grupo de personas, que se identifican como miembros de\u2026","rel":"","context":"En \u00abDESTACADAS\u00bb","block_context":{"text":"DESTACADAS","link":"https:\/\/larevistadigital.com.ar\/blog\/category\/destacadas\/"},"img":{"alt_text":"","src":"https:\/\/i0.wp.com\/larevistadigital.com.ar\/blog\/wp-content\/uploads\/WhatsApp-Image-2022-10-13-at-11.44.36-e1665674351286.jpeg?fit=900%2C988&ssl=1&resize=350%2C200","width":350,"height":200,"srcset":"https:\/\/i0.wp.com\/larevistadigital.com.ar\/blog\/wp-content\/uploads\/WhatsApp-Image-2022-10-13-at-11.44.36-e1665674351286.jpeg?fit=900%2C988&ssl=1&resize=350%2C200 1x, https:\/\/i0.wp.com\/larevistadigital.com.ar\/blog\/wp-content\/uploads\/WhatsApp-Image-2022-10-13-at-11.44.36-e1665674351286.jpeg?fit=900%2C988&ssl=1&resize=525%2C300 1.5x, https:\/\/i0.wp.com\/larevistadigital.com.ar\/blog\/wp-content\/uploads\/WhatsApp-Image-2022-10-13-at-11.44.36-e1665674351286.jpeg?fit=900%2C988&ssl=1&resize=700%2C400 2x"},"classes":[]},{"id":6641,"url":"https:\/\/larevistadigital.com.ar\/blog\/caputo-renuncio-al-banco-central\/","url_meta":{"origin":26564,"position":3},"title":"CAPUTO RENUNCI\u00d3 AL BANCO CENTRAL","author":"Alejandro Sosa Ruda","date":"25 septiembre, 2018","format":false,"excerpt":"El presidente del Banco Central de la Rep\u00fablica Argentina,\u00a0Luis Caputo, present\u00f3 este martes su renuncia al Presidente de la Naci\u00f3n,\u00a0Mauricio Macri. \"Esta renuncia se debe a\u00a0motivos personales, con la convicci\u00f3n de que el\u00a0nuevo acuerdo con el Fondo\u00a0Monetario Internacional\u00a0reestablecer\u00e1 la confianza\u00a0acerca de la situaci\u00f3n fiscal, financiera, monetaria y cambiaria\", se\u00f1al\u00f3 la\u2026","rel":"","context":"En \u00abDESTACADAS\u00bb","block_context":{"text":"DESTACADAS","link":"https:\/\/larevistadigital.com.ar\/blog\/category\/destacadas\/"},"img":{"alt_text":"","src":"https:\/\/i0.wp.com\/larevistadigital.com.ar\/blog\/wp-content\/uploads\/2018\/09\/caputo.jpg?fit=850%2C560&ssl=1&resize=350%2C200","width":350,"height":200,"srcset":"https:\/\/i0.wp.com\/larevistadigital.com.ar\/blog\/wp-content\/uploads\/2018\/09\/caputo.jpg?fit=850%2C560&ssl=1&resize=350%2C200 1x, https:\/\/i0.wp.com\/larevistadigital.com.ar\/blog\/wp-content\/uploads\/2018\/09\/caputo.jpg?fit=850%2C560&ssl=1&resize=525%2C300 1.5x, https:\/\/i0.wp.com\/larevistadigital.com.ar\/blog\/wp-content\/uploads\/2018\/09\/caputo.jpg?fit=850%2C560&ssl=1&resize=700%2C400 2x"},"classes":[]},{"id":8799,"url":"https:\/\/larevistadigital.com.ar\/blog\/video-impresionante-camion-con-ayuda-humanitaria-entro-a-venezuela-y-las-tropas-de-maduro-matan-al-chofer-y-se-llevan-las-cosas\/","url_meta":{"origin":26564,"position":4},"title":"PRIMICIA ABSOLUTA: VIDEO IMPRESIONANTE. CAMI\u00d3N CON AYUDA HUMANITARIA ENTR\u00d3 A VENEZUELA Y LAS TROPAS DE MADURO MATAN AL CHOFER Y SE LLEVAN LAS COSAS","author":"Alejandro Sosa Ruda","date":"1 marzo, 2019","format":false,"excerpt":"Este es un video que nos manda una fuente por dem\u00e1s confiable en el que se puede apreciar c\u00f3mo las fuerzas de Nicol\u00e1s Maduro, atacan a balazos y masacran al chofer de un cami\u00f3n que hab\u00eda logrado ingresar a Venezuela. Se aprecia c\u00f3mo unos vecinos del lugar logran captar las\u2026","rel":"","context":"En \u00abDESTACADAS\u00bb","block_context":{"text":"DESTACADAS","link":"https:\/\/larevistadigital.com.ar\/blog\/category\/destacadas\/"},"img":{"alt_text":"","src":"https:\/\/i0.wp.com\/larevistadigital.com.ar\/blog\/wp-content\/uploads\/2019\/03\/descarga.jpg?fit=600%2C317&ssl=1&resize=350%2C200","width":350,"height":200,"srcset":"https:\/\/i0.wp.com\/larevistadigital.com.ar\/blog\/wp-content\/uploads\/2019\/03\/descarga.jpg?fit=600%2C317&ssl=1&resize=350%2C200 1x, https:\/\/i0.wp.com\/larevistadigital.com.ar\/blog\/wp-content\/uploads\/2019\/03\/descarga.jpg?fit=600%2C317&ssl=1&resize=525%2C300 1.5x"},"classes":[]},{"id":26866,"url":"https:\/\/larevistadigital.com.ar\/blog\/batakis-fue-designada-como-presidenta-del-banco-nacion\/","url_meta":{"origin":26564,"position":5},"title":"BATAKIS FUE DESIGNADA COMO PRESIDENTA DEL BANCO NACI\u00d3N","author":"Alejandro Sosa Ruda","date":"28 julio, 2022","format":false,"excerpt":"Luego de tres semanas como ministra de Econom\u00eda, reemplazar\u00e1 a Eduardo Hecker El presidente Alberto Fern\u00e1ndez design\u00f3 a Silvina Batakis como presidenta del Banco Naci\u00f3n en reemplazo de Eduardo Hecker. De esa manera, finaliz\u00f3 el mandato de Batakis al frente del Ministerio de Econom\u00eda apenas 24 d\u00edas despu\u00e9s de haber\u2026","rel":"","context":"En \u00abINTERES GENERAL\u00bb","block_context":{"text":"INTERES GENERAL","link":"https:\/\/larevistadigital.com.ar\/blog\/category\/interes-general\/"},"img":{"alt_text":"","src":"https:\/\/i0.wp.com\/larevistadigital.com.ar\/blog\/wp-content\/uploads\/silvina-batakis-20220711-1385086.jpg?fit=950%2C534&ssl=1&resize=350%2C200","width":350,"height":200,"srcset":"https:\/\/i0.wp.com\/larevistadigital.com.ar\/blog\/wp-content\/uploads\/silvina-batakis-20220711-1385086.jpg?fit=950%2C534&ssl=1&resize=350%2C200 1x, https:\/\/i0.wp.com\/larevistadigital.com.ar\/blog\/wp-content\/uploads\/silvina-batakis-20220711-1385086.jpg?fit=950%2C534&ssl=1&resize=525%2C300 1.5x, https:\/\/i0.wp.com\/larevistadigital.com.ar\/blog\/wp-content\/uploads\/silvina-batakis-20220711-1385086.jpg?fit=950%2C534&ssl=1&resize=700%2C400 2x"},"classes":[]}],"_links":{"self":[{"href":"https:\/\/larevistadigital.com.ar\/blog\/wp-json\/wp\/v2\/posts\/26564","targetHints":{"allow":["GET"]}}],"collection":[{"href":"https:\/\/larevistadigital.com.ar\/blog\/wp-json\/wp\/v2\/posts"}],"about":[{"href":"https:\/\/larevistadigital.com.ar\/blog\/wp-json\/wp\/v2\/types\/post"}],"author":[{"embeddable":true,"href":"https:\/\/larevistadigital.com.ar\/blog\/wp-json\/wp\/v2\/users\/3"}],"replies":[{"embeddable":true,"href":"https:\/\/larevistadigital.com.ar\/blog\/wp-json\/wp\/v2\/comments?post=26564"}],"version-history":[{"count":1,"href":"https:\/\/larevistadigital.com.ar\/blog\/wp-json\/wp\/v2\/posts\/26564\/revisions"}],"predecessor-version":[{"id":26565,"href":"https:\/\/larevistadigital.com.ar\/blog\/wp-json\/wp\/v2\/posts\/26564\/revisions\/26565"}],"wp:featuredmedia":[{"embeddable":true,"href":"https:\/\/larevistadigital.com.ar\/blog\/wp-json\/wp\/v2\/media\/16747"}],"wp:attachment":[{"href":"https:\/\/larevistadigital.com.ar\/blog\/wp-json\/wp\/v2\/media?parent=26564"}],"wp:term":[{"taxonomy":"category","embeddable":true,"href":"https:\/\/larevistadigital.com.ar\/blog\/wp-json\/wp\/v2\/categories?post=26564"},{"taxonomy":"post_tag","embeddable":true,"href":"https:\/\/larevistadigital.com.ar\/blog\/wp-json\/wp\/v2\/tags?post=26564"}],"curies":[{"name":"wp","href":"https:\/\/api.w.org\/{rel}","templated":true}]}}