{"id":26575,"date":"2022-07-14T18:15:35","date_gmt":"2022-07-14T18:15:35","guid":{"rendered":"https:\/\/larevistadigital.com.ar\/blog\/?p=26575"},"modified":"2022-07-14T18:15:35","modified_gmt":"2022-07-14T18:15:35","slug":"uatre-condena-y-repudia-el-accionar-violento-y-desmedido","status":"publish","type":"post","link":"https:\/\/larevistadigital.com.ar\/blog\/uatre-condena-y-repudia-el-accionar-violento-y-desmedido\/","title":{"rendered":"UATRE CONDENA Y REPUDIA EL ACCIONAR VIOLENTO Y DESMEDIDO"},"content":{"rendered":"<p class=\"yiv4101778261MsoNormal\" align=\"center\"><b>COMUNICADO DE PRENSA<\/b><\/p>\n<p class=\"yiv4101778261MsoNormal\" align=\"center\"><b>14\/07\/2022<\/p>\n<p><\/b><\/p>\n<p class=\"yiv4101778261MsoNormal\" align=\"center\"><b><u>NO A LA VIOLENCIA<\/p>\n<p><\/u><\/b><\/p>\n<p class=\"yiv4101778261MsoNormal\" align=\"center\"><b>UATRE REPUDIA ACCIONAR VIOLENTO Y DESMEDIDO<br \/>\n<\/b><\/p>\n<p class=\"yiv4101778261MsoNormal\">La Uni\u00f3n Argentina de Trabajadores Rurales y Estibadores (UATRE) repudia en\u00e9rgicamente el accionar violento y desmedido padecido por el integrante del Consejo Directivo de OSPRERA, <strong>Carlos Caballero<\/strong>, en su domicilio. Este hecho constituye una grave situaci\u00f3n intimidatoria y desde UATRE queremos ser enf\u00e1ticos en su condena. Creemos que la violencia nunca es el camino para la resoluci\u00f3n de ning\u00fan tipo de conflicto. Condenamos este accionar y llamamos a la reflexi\u00f3n de todos los involucrados para apaciguar los \u00e1nimos.<\/p>\n<p class=\"yiv4101778261MsoNormal\">Desde el Secretariado Nacional, encabezado por el compa\u00f1ero Jos\u00e9 Voytenco, nos parece de suma importancia recalcar que desde la UATRE siempre se promueve el di\u00e1logo y el consenso en \u00e1mbitos institucionales y no con este tipo de actos intimidatorios que ponen en riesgo la integridad f\u00edsica.<\/p>\n<p class=\"yiv4101778261MsoNormal\">Nos solidarizamos y acompa\u00f1amos al compa\u00f1ero <strong>Carlos Caballero<\/strong> y a su familia. Reclamamos a las autoridades competentes que se investigue lo sucedido y se tomen las medidas pertinentes.<\/p>\n<p class=\"yiv4101778261MsoNormal\" align=\"center\"><b>Agradecemos su difusi\u00f3n y\/o comentario<\/b><\/p>\n<p class=\"yiv4101778261MsoNormal\" align=\"center\"><b>Secretariado Nacional de UATRE<\/b><\/p>\n","protected":false},"excerpt":{"rendered":"<div class=\"mh-excerpt\"><p>COMUNICADO DE PRENSA 14\/07\/2022 NO A LA VIOLENCIA UATRE REPUDIA ACCIONAR VIOLENTO Y DESMEDIDO La Uni\u00f3n Argentina de Trabajadores Rurales y Estibadores (UATRE) repudia en\u00e9rgicamente el accionar violento y desmedido padecido por el integrante del <a class=\"mh-excerpt-more\" href=\"https:\/\/larevistadigital.com.ar\/blog\/uatre-condena-y-repudia-el-accionar-violento-y-desmedido\/\" title=\"UATRE CONDENA Y REPUDIA EL ACCIONAR VIOLENTO Y DESMEDIDO\">[Leer M\u00e1s]<\/a><\/p>\n<\/div>","protected":false},"author":3,"featured_media":26579,"comment_status":"open","ping_status":"open","sticky":false,"template":"","format":"standard","meta":{"_jetpack_memberships_contains_paid_content":false,"footnotes":"","jetpack_publicize_message":"","jetpack_publicize_feature_enabled":true,"jetpack_social_post_already_shared":true,"jetpack_social_options":{"image_generator_settings":{"template":"highway","default_image_id":0,"font":"","enabled":false},"version":2}},"categories":[50],"tags":[],"class_list":{"0":"post-26575","1":"post","2":"type-post","3":"status-publish","4":"format-standard","5":"has-post-thumbnail","7":"category-interes-general"},"jetpack_publicize_connections":[],"jetpack_featured_media_url":"https:\/\/i0.wp.com\/larevistadigital.com.ar\/blog\/wp-content\/uploads\/UATRE.png?fit=750%2C467&ssl=1","jetpack_sharing_enabled":true,"jetpack_shortlink":"https:\/\/wp.me\/p8qtrQ-6UD","jetpack-related-posts":[{"id":5266,"url":"https:\/\/larevistadigital.com.ar\/blog\/la-uatre-entrego-utiles-escolares-en-una-escuela-rural-de-tierra-del-fuego\/","url_meta":{"origin":26575,"position":0},"title":"La UATRE entreg\u00f3 \u00fatiles escolares en una escuela rural de Tierra del Fuego","author":"admin","date":"29 marzo, 2018","format":false,"excerpt":"BUENOS AIRES, 22 DE MARZO DE 2018\u00a0- En el comienzo de un nuevo ciclo lectivo, el Secretariado Nacional de la Uni\u00f3n Argentina de Trabajadores Rurales y Estibadores (UATRE) encabezado por Ram\u00f3n Ayala, entreg\u00f3 guardapolvos y \u00fatiles escolares a los alumnos de la Escuela Rural N\u00ba 11 \"Pioneros Fueguinos\", en la\u2026","rel":"","context":"En \u00abGREMIALES\u00bb","block_context":{"text":"GREMIALES","link":"https:\/\/larevistadigital.com.ar\/blog\/category\/gremiales\/"},"img":{"alt_text":"","src":"https:\/\/i0.wp.com\/larevistadigital.com.ar\/blog\/wp-content\/uploads\/2018\/03\/6814.jpg?fit=396%2C264&ssl=1&resize=350%2C200","width":350,"height":200},"classes":[]},{"id":27087,"url":"https:\/\/larevistadigital.com.ar\/blog\/uatre-70-para-trabajadores-rurales\/","url_meta":{"origin":26575,"position":1},"title":"UATRE: 70% PARA TRABAJADORES RURALES","author":"Alejandro Sosa Ruda","date":"12 agosto, 2022","format":false,"excerpt":"Nos llega informaci\u00f3n a trav\u00e9s de una gacetilla de prensa de UATRE, respecto de un importante acuerdo salarial. La Uni\u00f3n Argentina de Trabajadores Rurales y Estibadores (UATRE) informa que hubo un acuerdo salarial para los trabajadores rurales permanentes. El salario del pe\u00f3n general de campo, sueldo b\u00e1sico para todas las\u2026","rel":"","context":"En \u00abGREMIALES\u00bb","block_context":{"text":"GREMIALES","link":"https:\/\/larevistadigital.com.ar\/blog\/category\/gremiales\/"},"img":{"alt_text":"","src":"https:\/\/i0.wp.com\/larevistadigital.com.ar\/blog\/wp-content\/uploads\/UATRE.png?fit=750%2C467&ssl=1&resize=350%2C200","width":350,"height":200,"srcset":"https:\/\/i0.wp.com\/larevistadigital.com.ar\/blog\/wp-content\/uploads\/UATRE.png?fit=750%2C467&ssl=1&resize=350%2C200 1x, https:\/\/i0.wp.com\/larevistadigital.com.ar\/blog\/wp-content\/uploads\/UATRE.png?fit=750%2C467&ssl=1&resize=525%2C300 1.5x, https:\/\/i0.wp.com\/larevistadigital.com.ar\/blog\/wp-content\/uploads\/UATRE.png?fit=750%2C467&ssl=1&resize=700%2C400 2x"},"classes":[]},{"id":18580,"url":"https:\/\/larevistadigital.com.ar\/blog\/uatre-fue-oficializado-el-bono-para-los-trabajadores-rurales\/","url_meta":{"origin":26575,"position":2},"title":"UATRE: FUE OFICIALIZADO EL BONO PARA LOS TRABAJADORES RURALES","author":"Alejandro Sosa Ruda","date":"12 enero, 2021","format":false,"excerpt":"La Uni\u00f3n Argentina de Trabajadores Rurales y Estibadores (UATRE) reitera que el bono de fin de a\u00f1o para los trabajadores rurales ya fue oficializado mediante la Resoluci\u00f3n 200\/2020 y desmiente categ\u00f3ricamente la ins\u00f3lita denuncia de la Federaci\u00f3n de Trabajadores Agrarios de la Actividad Primaria (FeTAAP-CTAA) que miente, una vez m\u00e1s,\u2026","rel":"","context":"En \u00abGREMIALES\u00bb","block_context":{"text":"GREMIALES","link":"https:\/\/larevistadigital.com.ar\/blog\/category\/gremiales\/"},"img":{"alt_text":"","src":"https:\/\/i0.wp.com\/larevistadigital.com.ar\/blog\/wp-content\/uploads\/multimedia.normal.818826d6e546864c.75617472655f6e6f726d616c2e6a7067.jpg?fit=1200%2C675&ssl=1&resize=350%2C200","width":350,"height":200,"srcset":"https:\/\/i0.wp.com\/larevistadigital.com.ar\/blog\/wp-content\/uploads\/multimedia.normal.818826d6e546864c.75617472655f6e6f726d616c2e6a7067.jpg?fit=1200%2C675&ssl=1&resize=350%2C200 1x, https:\/\/i0.wp.com\/larevistadigital.com.ar\/blog\/wp-content\/uploads\/multimedia.normal.818826d6e546864c.75617472655f6e6f726d616c2e6a7067.jpg?fit=1200%2C675&ssl=1&resize=525%2C300 1.5x, https:\/\/i0.wp.com\/larevistadigital.com.ar\/blog\/wp-content\/uploads\/multimedia.normal.818826d6e546864c.75617472655f6e6f726d616c2e6a7067.jpg?fit=1200%2C675&ssl=1&resize=700%2C400 2x, https:\/\/i0.wp.com\/larevistadigital.com.ar\/blog\/wp-content\/uploads\/multimedia.normal.818826d6e546864c.75617472655f6e6f726d616c2e6a7067.jpg?fit=1200%2C675&ssl=1&resize=1050%2C600 3x"},"classes":[]},{"id":21433,"url":"https:\/\/larevistadigital.com.ar\/blog\/voytenco-renovo-su-fuerte-respaldo-federal\/","url_meta":{"origin":26575,"position":3},"title":"UATRE: VOYTENCO RENOV\u00d3 SU FUERTE RESPALDO FEDERAL","author":"Alejandro Sosa Ruda","date":"6 agosto, 2021","format":false,"excerpt":"Diecisiete (17) de los veintid\u00f3s (22) miembros del Consejo Asesor Central de la UATRE (C.A.C.), en el que cada delegado representa a una provincia, dieron hoy su total respaldo a la pol\u00edtica gremial que viene desarrollando el Secretario General JOS\u00c9 VOYTENCO. En una reuni\u00f3n de alto voltaje emocional, realizada en\u2026","rel":"","context":"En \u00abGREMIALES\u00bb","block_context":{"text":"GREMIALES","link":"https:\/\/larevistadigital.com.ar\/blog\/category\/gremiales\/"},"img":{"alt_text":"","src":"https:\/\/i0.wp.com\/larevistadigital.com.ar\/blog\/wp-content\/uploads\/5f85829a61a8e.jpg?fit=912%2C513&ssl=1&resize=350%2C200","width":350,"height":200,"srcset":"https:\/\/i0.wp.com\/larevistadigital.com.ar\/blog\/wp-content\/uploads\/5f85829a61a8e.jpg?fit=912%2C513&ssl=1&resize=350%2C200 1x, https:\/\/i0.wp.com\/larevistadigital.com.ar\/blog\/wp-content\/uploads\/5f85829a61a8e.jpg?fit=912%2C513&ssl=1&resize=525%2C300 1.5x, https:\/\/i0.wp.com\/larevistadigital.com.ar\/blog\/wp-content\/uploads\/5f85829a61a8e.jpg?fit=912%2C513&ssl=1&resize=700%2C400 2x"},"classes":[]},{"id":29020,"url":"https:\/\/larevistadigital.com.ar\/blog\/allanamientos-en-uatre-y-osprera-secuestran-telefonos-tratando-de-ubicar-al-sicario-que-mato-al-chofer-de-pablo-ansaloni\/","url_meta":{"origin":26575,"position":4},"title":"ALLANAMIENTOS EN UATRE Y OSPRERA: SECUESTRAN TEL\u00c9FONOS TRATANDO DE UBICAR AL SICARIO QUE MAT\u00d3 AL CHOFER DE PABLO ANSALONI","author":"Alejandro Sosa Ruda","date":"23 noviembre, 2022","format":false,"excerpt":"La Fiscal que interviene en el caso orden\u00f3 allanar el edificio en Buenos Aires. Aunque hubo versiones que se\u00f1alaban que buscaban a Jos\u00e9 Voytenco, en la causa hay \"sospechas pero no sospechados\", aseguraron fuentes de la investigaci\u00f3n a La Opini\u00f3n. Fueron a buscar 10 tel\u00e9fonos y secuestraron dos. 23 de\u2026","rel":"","context":"En \u00abINTERES GENERAL\u00bb","block_context":{"text":"INTERES GENERAL","link":"https:\/\/larevistadigital.com.ar\/blog\/category\/interes-general\/"},"img":{"alt_text":"","src":"https:\/\/i0.wp.com\/larevistadigital.com.ar\/blog\/wp-content\/uploads\/sicario.jpg?fit=785%2C421&ssl=1&resize=350%2C200","width":350,"height":200,"srcset":"https:\/\/i0.wp.com\/larevistadigital.com.ar\/blog\/wp-content\/uploads\/sicario.jpg?fit=785%2C421&ssl=1&resize=350%2C200 1x, https:\/\/i0.wp.com\/larevistadigital.com.ar\/blog\/wp-content\/uploads\/sicario.jpg?fit=785%2C421&ssl=1&resize=525%2C300 1.5x, https:\/\/i0.wp.com\/larevistadigital.com.ar\/blog\/wp-content\/uploads\/sicario.jpg?fit=785%2C421&ssl=1&resize=700%2C400 2x"},"classes":[]},{"id":2953,"url":"https:\/\/larevistadigital.com.ar\/blog\/ramon-ayala-queremos-transmitirles-a-la-gente-de-capital-todos-los-sacrificios-que-hacen-los-trabajadores-rurales\/","url_meta":{"origin":26575,"position":5},"title":"Ram\u00f3n Ayala: \u00abQueremos transmitirles a la gente de Capital todos los sacrificios que hacen los trabajadores rurales\u00bb","author":"admin","date":"29 julio, 2017","format":false,"excerpt":"BUENOS AIRES, 28 DE JULIO DE 2017\u00a0- La Uni\u00f3n Argentina de Trabajadores Rurales y Estibadores (UATRE), agasaj\u00f3 ayer a sus trabajadores en el tradicional stand institucional que tiene junto a la Obra Social (OSPRERA), \u201cLa Matera de la UATRE\u201d, en el marco de la 131\u00ba Exposici\u00f3n de Ganader\u00eda, Agricultura e\u2026","rel":"","context":"En \u00abGREMIALES\u00bb","block_context":{"text":"GREMIALES","link":"https:\/\/larevistadigital.com.ar\/blog\/category\/gremiales\/"},"img":{"alt_text":"","src":"https:\/\/i0.wp.com\/larevistadigital.com.ar\/blog\/wp-content\/uploads\/2017\/08\/6499.jpg?fit=396%2C297&ssl=1&resize=350%2C200","width":350,"height":200},"classes":[]}],"_links":{"self":[{"href":"https:\/\/larevistadigital.com.ar\/blog\/wp-json\/wp\/v2\/posts\/26575","targetHints":{"allow":["GET"]}}],"collection":[{"href":"https:\/\/larevistadigital.com.ar\/blog\/wp-json\/wp\/v2\/posts"}],"about":[{"href":"https:\/\/larevistadigital.com.ar\/blog\/wp-json\/wp\/v2\/types\/post"}],"author":[{"embeddable":true,"href":"https:\/\/larevistadigital.com.ar\/blog\/wp-json\/wp\/v2\/users\/3"}],"replies":[{"embeddable":true,"href":"https:\/\/larevistadigital.com.ar\/blog\/wp-json\/wp\/v2\/comments?post=26575"}],"version-history":[{"count":1,"href":"https:\/\/larevistadigital.com.ar\/blog\/wp-json\/wp\/v2\/posts\/26575\/revisions"}],"predecessor-version":[{"id":26580,"href":"https:\/\/larevistadigital.com.ar\/blog\/wp-json\/wp\/v2\/posts\/26575\/revisions\/26580"}],"wp:featuredmedia":[{"embeddable":true,"href":"https:\/\/larevistadigital.com.ar\/blog\/wp-json\/wp\/v2\/media\/26579"}],"wp:attachment":[{"href":"https:\/\/larevistadigital.com.ar\/blog\/wp-json\/wp\/v2\/media?parent=26575"}],"wp:term":[{"taxonomy":"category","embeddable":true,"href":"https:\/\/larevistadigital.com.ar\/blog\/wp-json\/wp\/v2\/categories?post=26575"},{"taxonomy":"post_tag","embeddable":true,"href":"https:\/\/larevistadigital.com.ar\/blog\/wp-json\/wp\/v2\/tags?post=26575"}],"curies":[{"name":"wp","href":"https:\/\/api.w.org\/{rel}","templated":true}]}}