{"id":26581,"date":"2022-07-14T18:30:53","date_gmt":"2022-07-14T18:30:53","guid":{"rendered":"https:\/\/larevistadigital.com.ar\/blog\/?p=26581"},"modified":"2022-07-14T18:30:53","modified_gmt":"2022-07-14T18:30:53","slug":"la-documentacion-indispensable-para-salir-a-la-ruta-en-vacaciones-de-invierno","status":"publish","type":"post","link":"https:\/\/larevistadigital.com.ar\/blog\/la-documentacion-indispensable-para-salir-a-la-ruta-en-vacaciones-de-invierno\/","title":{"rendered":"LA DOCUMENTACI\u00d3N INDISPENSABLE PARA SALIR A LA RUTA EN VACACIONES DE INVIERNO"},"content":{"rendered":"<h2>Toda la documentaci\u00f3n obligatoria para evitar multas y los chequeos previos clave.<\/h2>\n<p>En las puertas de las vacaciones de invierno\u00a0y a la espera de que los principales destinos tur\u00edsticos de la Argentina reciban un importante flujo tur\u00edstico, te contamos cu\u00e1l es la documentaci\u00f3n y los elementos obligatorios que hay que llevar en el auto a la hora de salir a la ruta.<\/p>\n<h2 class=\"font--primary\"><span style=\"color: #ff0000\">Documentaci\u00f3n obligatoria para salir a la ruta<\/span><\/h2>\n<ul class=\"ul__list list\">\n<li class=\"list__item\"><b>Documento Nacional de Identidad (DNI)<\/b>. La licencia de conducir por s\u00ed sola no acredita identidad, por eso es importante llevar el DNI a mano.<\/li>\n<li class=\"list__item\"><b>Registro<\/b>. La licencia de conducir tiene que estar vigente, a menos que el municipio de residencia del conductor haya postergado los vencimientos por la pandemia.<\/li>\n<li class=\"list__item\"><b>Seguro<\/b>. El comprobante de la p\u00f3liza puede ser f\u00edsico o digital. Los recibos de pago no son obligatorios, pero s\u00ed la c\u00e9dula que acredita la vigencia del seguro automotor.<\/li>\n<li class=\"list__item\"><b>C\u00e9dula verde o azul<\/b>. Si maneja el titular, deber\u00e1 presentar su c\u00e9dula verde. Si quien maneja no es el titular, puede presentar la c\u00e9dula verde del titular siempre y cuando no est\u00e9 vencida (vence luego de un a\u00f1o). Si lo est\u00e1, tiene que mostrar la c\u00e9dula azul a su nombre.<\/li>\n<li class=\"list__item\"><b>Revisi\u00f3n T\u00e9cnica Obligatoria o Verificaci\u00f3n T\u00e9cnica Vehicular<\/b>. No tener los chequeos al d\u00eda significar\u00e1 una infracci\u00f3n.<\/li>\n<li class=\"list__item\"><b>Patente<\/b>. Es obligatorio circular con el \u00faltimo comprobante del impuesto a la radicaci\u00f3n del veh\u00edculo (patente). Por \u201c\u00faltimo\u201d no se entiende al \u00faltimo que se abon\u00f3, sino al del<b>\u00a0<\/b>\u00faltimo vencimiento, que deber\u00eda, a su vez, ser el \u00faltimo abonado. Si el \u00faltimo abonado corresponde a un per\u00edodo vencido dos o m\u00e1s meses atr\u00e1s, el comprobante no tendr\u00e1 validez ya que el impuesto estar\u00e1 vencido.<\/li>\n<li class=\"list__item\"><b>C\u00e9dula amarilla<\/b>. S\u00f3lo para veh\u00edculos equipados con sistema de\u00a0<a href=\"https:\/\/tn.com.ar\/autos\/2021\/03\/23\/cuanto-cuesta-ponerle-gnc-al-auto-cuanto-dinero-se-ahorra-en-nafta-y-que-cuidados-hay-que-tener-en-uso-diario\/\">Gas Natural Comprimido<\/a>\u00a0(GNC).<\/li>\n<\/ul>\n<h2 class=\"font--primary\"><span style=\"color: #ff0000\">Elementos obligatorios para salir a la ruta<\/span><\/h2>\n<ul class=\"ul__list list\">\n<li class=\"list__item\"><b>Matafuegos<\/b>. Es necesario que tenga vigencia (la carga se renueva todos los a\u00f1os), que est\u00e9 sujetado correctamente y que est\u00e9 al alcance del conductor.<\/li>\n<li class=\"list__item\"><b>Balizas<\/b>. S\u00ed o s\u00ed en el auto tiene que haber un juego de balizas port\u00e1tiles triangulares.<\/li>\n<li class=\"list__item\"><b>Chaleco reflectivo y botiqu\u00edn de primeros auxilios<\/b>. No son obligatorios, pero la ANSV recomienda llevarlos.<\/li>\n<\/ul>\n<h2 class=\"font--primary\"><span style=\"color: #ff0000\">Chequeos previos para salir a la ruta<\/span><\/h2>\n<p class=\"paragraph\">Antes de salir a la ruta, se aconseja realizar una revisi\u00f3n general del estado del veh\u00edculo para evitar inconvenientes. Lo m\u00e1s importante es:<\/p>\n<ul class=\"ul__list list\">\n<li class=\"list__item\">Chequear que todas las\u00a0<b>luces<\/b>\u00a0funcionen correctamente<\/li>\n<li class=\"list__item\">Revisar la presi\u00f3n de los\u00a0<b>neum\u00e1ticos\u00a0<\/b>y los niveles de\u00a0<b>fluidos\u00a0<\/b>(refrigerante, frenos, direcci\u00f3n, parabrisas y aceite).<\/li>\n<li class=\"list__item\">Comprobar el estado y el funcionamiento de los\u00a0<b>frenos<\/b>.<\/li>\n<li class=\"list__item\">Asegurarse de que el\u00a0<b>equipaje exterior\u00a0<\/b>est\u00e9 bien sujetado, sin sobresalir de los l\u00edmites propios del veh\u00edculo y sin exceder el peso m\u00e1ximo autorizado.<\/li>\n<li class=\"list__item\">No circular con\u00a0<b>objetos sueltos<\/b>\u00a0en el interior. Si los hubiera y se produjera un choque, puede pasar\u00a0<a href=\"https:\/\/tn.com.ar\/autos\/2020\/12\/15\/crash-test-esto-puede-pasar-si-llevas-cosas-sueltas-en-el-auto-cuando-chocas\/\">esto<\/a>.<\/li>\n<\/ul>\n<p>fuente TN<\/p>\n","protected":false},"excerpt":{"rendered":"<div class=\"mh-excerpt\"><p>Toda la documentaci\u00f3n obligatoria para evitar multas y los chequeos previos clave. En las puertas de las vacaciones de invierno\u00a0y a la espera de que los principales destinos tur\u00edsticos de la Argentina reciban un importante <a class=\"mh-excerpt-more\" href=\"https:\/\/larevistadigital.com.ar\/blog\/la-documentacion-indispensable-para-salir-a-la-ruta-en-vacaciones-de-invierno\/\" title=\"LA DOCUMENTACI\u00d3N INDISPENSABLE PARA SALIR A LA RUTA EN VACACIONES DE INVIERNO\">[Leer M\u00e1s]<\/a><\/p>\n<\/div>","protected":false},"author":3,"featured_media":26582,"comment_status":"open","ping_status":"open","sticky":false,"template":"","format":"standard","meta":{"_jetpack_memberships_contains_paid_content":false,"footnotes":"","jetpack_publicize_message":"","jetpack_publicize_feature_enabled":true,"jetpack_social_post_already_shared":true,"jetpack_social_options":{"image_generator_settings":{"template":"highway","default_image_id":0,"font":"","enabled":false},"version":2}},"categories":[50],"tags":[],"class_list":{"0":"post-26581","1":"post","2":"type-post","3":"status-publish","4":"format-standard","5":"has-post-thumbnail","7":"category-interes-general"},"jetpack_publicize_connections":[],"jetpack_featured_media_url":"https:\/\/i0.wp.com\/larevistadigital.com.ar\/blog\/wp-content\/uploads\/Q3B7KEVPNRCF7JCKKTLW67ASA4.jpg?fit=1440%2C806&ssl=1","jetpack_sharing_enabled":true,"jetpack_shortlink":"https:\/\/wp.me\/p8qtrQ-6UJ","jetpack-related-posts":[{"id":23055,"url":"https:\/\/larevistadigital.com.ar\/blog\/una-por-una-donde-estan-las-camaras-de-fotomultas-en-las-rutas-a-la-costa\/","url_meta":{"origin":26581,"position":0},"title":"UNA POR UNA, D\u00d3NDE EST\u00c1N LAS C\u00c1MARAS DE FOTOMULTAS EN LAS RUTAS A LA COSTA","author":"Alejandro Sosa Ruda","date":"26 diciembre, 2021","format":false,"excerpt":"Las velocidades m\u00e1ximas en el corredor atl\u00e1ntico van de 60 a 130 kil\u00f3metros por hora y hay 62 radares para controlar que se cumplan. El mapa con su ubicaci\u00f3n. Efecto del d\u00f3lar caro para veranear en el exterior y de los beneficios del plan PreViaje, para este verano se espera\u2026","rel":"","context":"En \u00abINTERES GENERAL\u00bb","block_context":{"text":"INTERES GENERAL","link":"https:\/\/larevistadigital.com.ar\/blog\/category\/interes-general\/"},"img":{"alt_text":"","src":"https:\/\/i0.wp.com\/larevistadigital.com.ar\/blog\/wp-content\/uploads\/control-transito-930x527-1.jpg?fit=930%2C527&ssl=1&resize=350%2C200","width":350,"height":200,"srcset":"https:\/\/i0.wp.com\/larevistadigital.com.ar\/blog\/wp-content\/uploads\/control-transito-930x527-1.jpg?fit=930%2C527&ssl=1&resize=350%2C200 1x, https:\/\/i0.wp.com\/larevistadigital.com.ar\/blog\/wp-content\/uploads\/control-transito-930x527-1.jpg?fit=930%2C527&ssl=1&resize=525%2C300 1.5x, https:\/\/i0.wp.com\/larevistadigital.com.ar\/blog\/wp-content\/uploads\/control-transito-930x527-1.jpg?fit=930%2C527&ssl=1&resize=700%2C400 2x"},"classes":[]},{"id":22980,"url":"https:\/\/larevistadigital.com.ar\/blog\/cuantas-son-y-donde-estan-las-fotomultas-camino-a-la-costa\/","url_meta":{"origin":26581,"position":1},"title":"CU\u00c1NTAS SON Y D\u00d3NDE EST\u00c1N LAS FOTOMULTAS CAMINO A LA COSTA","author":"Alejandro Sosa Ruda","date":"22 diciembre, 2021","format":false,"excerpt":"Las velocidades m\u00e1ximas en las 4 rutas del corredor atl\u00e1ntico van de 60 a 130 km\/h y hay 62 radares para controlar que se cumplan. A la hora de emprender el viaje hacia la\u00a0Costa Atl\u00e1ntica, siempre es importante que los conductores conozcan el camino que van a transitar, las velocidades\u2026","rel":"","context":"En \u00abINTERES GENERAL\u00bb","block_context":{"text":"INTERES GENERAL","link":"https:\/\/larevistadigital.com.ar\/blog\/category\/interes-general\/"},"img":{"alt_text":"","src":"https:\/\/i0.wp.com\/larevistadigital.com.ar\/blog\/wp-content\/uploads\/313102c6049a3059f092e00816af13b44a1eca2a.jpg?fit=1140%2C760&ssl=1&resize=350%2C200","width":350,"height":200,"srcset":"https:\/\/i0.wp.com\/larevistadigital.com.ar\/blog\/wp-content\/uploads\/313102c6049a3059f092e00816af13b44a1eca2a.jpg?fit=1140%2C760&ssl=1&resize=350%2C200 1x, https:\/\/i0.wp.com\/larevistadigital.com.ar\/blog\/wp-content\/uploads\/313102c6049a3059f092e00816af13b44a1eca2a.jpg?fit=1140%2C760&ssl=1&resize=525%2C300 1.5x, https:\/\/i0.wp.com\/larevistadigital.com.ar\/blog\/wp-content\/uploads\/313102c6049a3059f092e00816af13b44a1eca2a.jpg?fit=1140%2C760&ssl=1&resize=700%2C400 2x, https:\/\/i0.wp.com\/larevistadigital.com.ar\/blog\/wp-content\/uploads\/313102c6049a3059f092e00816af13b44a1eca2a.jpg?fit=1140%2C760&ssl=1&resize=1050%2C600 3x"},"classes":[]},{"id":39945,"url":"https:\/\/larevistadigital.com.ar\/blog\/seguridad-vial-velocidades-maximas-y-documentacion-obligatoria-para-circular\/","url_meta":{"origin":26581,"position":2},"title":"Seguridad vial: Velocidades m\u00e1ximas y documentaci\u00f3n obligatoria para circular","author":"Alejandro Sosa Ruda","date":"30 mayo, 2025","format":false,"excerpt":"La Municipalidad de Chascom\u00fas trabaja de manera continua para fomentar el tr\u00e1nsito seguro y el respeto a las normas viales. 30 de Mayo de 2025 CHASCOM\u00daS -\u00a0 En ese sentido, es importante respetar los l\u00edmites de velocidad establecidos por la Ley Nacional de Tr\u00e1nsito N\u00b0 24.449, que rige en todo\u2026","rel":"","context":"En \u00abCHASCOM\u00daS\u00bb","block_context":{"text":"CHASCOM\u00daS","link":"https:\/\/larevistadigital.com.ar\/blog\/category\/chascomus\/"},"img":{"alt_text":"","src":"https:\/\/i0.wp.com\/larevistadigital.com.ar\/blog\/wp-content\/uploads\/6838969c4cee9.png?fit=668%2C445&ssl=1&resize=350%2C200","width":350,"height":200,"srcset":"https:\/\/i0.wp.com\/larevistadigital.com.ar\/blog\/wp-content\/uploads\/6838969c4cee9.png?fit=668%2C445&ssl=1&resize=350%2C200 1x, https:\/\/i0.wp.com\/larevistadigital.com.ar\/blog\/wp-content\/uploads\/6838969c4cee9.png?fit=668%2C445&ssl=1&resize=525%2C300 1.5x"},"classes":[]},{"id":14498,"url":"https:\/\/larevistadigital.com.ar\/blog\/oportunidad-laboral-cecaitra-seleccionara-personal-para-manejo-de-radar-movil\/","url_meta":{"origin":26581,"position":3},"title":"OPORTUNIDAD LABORAL: CECAITRA SELECCIONAR\u00c1 PERSONAL PARA MANEJO DE RADAR M\u00d3VIL","author":"Alejandro Sosa Ruda","date":"31 enero, 2020","format":false,"excerpt":"La Municipalidad de Lezama informa que la C\u00e1mara de Empresas de Control y Administraci\u00f3n de Infracciones de Tr\u00e1nsito de la Rep\u00fablica Argentina \u2013CECAITRA- convoca a inscribirse para cubrir un cargo de OPERADOR DE RADAR M\u00d3VIL (Radarista) para nuestro distrito. CECAITRA es una Asociaci\u00f3n Civil sin fines de lucro que nuclea\u2026","rel":"","context":"En \u00abLEZAMA\u00bb","block_context":{"text":"LEZAMA","link":"https:\/\/larevistadigital.com.ar\/blog\/category\/lezama\/"},"img":{"alt_text":"","src":"https:\/\/i0.wp.com\/larevistadigital.com.ar\/blog\/wp-content\/uploads\/83743872_1674604509398910_8481513292278267904_n.jpg?fit=650%2C430&ssl=1&resize=350%2C200","width":350,"height":200,"srcset":"https:\/\/i0.wp.com\/larevistadigital.com.ar\/blog\/wp-content\/uploads\/83743872_1674604509398910_8481513292278267904_n.jpg?fit=650%2C430&ssl=1&resize=350%2C200 1x, https:\/\/i0.wp.com\/larevistadigital.com.ar\/blog\/wp-content\/uploads\/83743872_1674604509398910_8481513292278267904_n.jpg?fit=650%2C430&ssl=1&resize=525%2C300 1.5x"},"classes":[]},{"id":36692,"url":"https:\/\/larevistadigital.com.ar\/blog\/chascomus-operativos-de-prevencion-en-las-vacaciones-de-invierno\/","url_meta":{"origin":26581,"position":4},"title":"CHASCOM\u00daS: OPERATIVOS DE PREVENCI\u00d3N EN LAS VACACIONES DE INVIERNO","author":"Alejandro Sosa Ruda","date":"15 julio, 2024","format":false,"excerpt":"Estos controles, en los accesos y en la estaci\u00f3n ferroautomotor, se mantendr\u00e1n durante los fines de semana del receso invernal. 15 de Julio de 2024 CHASCOM\u00daS -\u00a0 Ante la afluencia de turistas y visitantes a la ciudad por el inicio de las vacaciones, se llevan a cabo diversos operativos preventivos\u2026","rel":"","context":"En \u00abDESTACADAS\u00bb","block_context":{"text":"DESTACADAS","link":"https:\/\/larevistadigital.com.ar\/blog\/category\/destacadas\/"},"img":{"alt_text":"","src":"https:\/\/i0.wp.com\/larevistadigital.com.ar\/blog\/wp-content\/uploads\/6695541a44573.png?fit=668%2C445&ssl=1&resize=350%2C200","width":350,"height":200,"srcset":"https:\/\/i0.wp.com\/larevistadigital.com.ar\/blog\/wp-content\/uploads\/6695541a44573.png?fit=668%2C445&ssl=1&resize=350%2C200 1x, https:\/\/i0.wp.com\/larevistadigital.com.ar\/blog\/wp-content\/uploads\/6695541a44573.png?fit=668%2C445&ssl=1&resize=525%2C300 1.5x"},"classes":[]},{"id":7747,"url":"https:\/\/larevistadigital.com.ar\/blog\/chascomus-se-endurecen-los-operativos-de-transito-en-toda-la-ciudad\/","url_meta":{"origin":26581,"position":5},"title":"CHASCOM\u00daS: SE ENDURECEN LOS OPERATIVOS DE TR\u00c1NSITO EN TODA LA CIUDAD","author":"Alejandro Sosa Ruda","date":"12 enero, 2019","format":false,"excerpt":"Se inform\u00f3 que en los operativos se solicitar\u00e1 entre otras cosas VTV vigente, y tanto el conductor como los acompa\u00f1antes deben tener el cintur\u00f3n de seguridad colocado. Recordamos que tambi\u00e9n se hacen importantes multas por el uso del celular mientras se conduce. Inform\u00f3 la Secretar\u00eda de Seguridad Ciudadana de Chascom\u00fas\u00a0\u2026","rel":"","context":"En \u00abCHASCOM\u00daS\u00bb","block_context":{"text":"CHASCOM\u00daS","link":"https:\/\/larevistadigital.com.ar\/blog\/category\/chascomus\/"},"img":{"alt_text":"","src":"https:\/\/i0.wp.com\/larevistadigital.com.ar\/blog\/wp-content\/uploads\/2019\/01\/operativos-_23denoviembrede2018_elfuerte.jpg?fit=737%2C415&ssl=1&resize=350%2C200","width":350,"height":200,"srcset":"https:\/\/i0.wp.com\/larevistadigital.com.ar\/blog\/wp-content\/uploads\/2019\/01\/operativos-_23denoviembrede2018_elfuerte.jpg?fit=737%2C415&ssl=1&resize=350%2C200 1x, https:\/\/i0.wp.com\/larevistadigital.com.ar\/blog\/wp-content\/uploads\/2019\/01\/operativos-_23denoviembrede2018_elfuerte.jpg?fit=737%2C415&ssl=1&resize=525%2C300 1.5x, https:\/\/i0.wp.com\/larevistadigital.com.ar\/blog\/wp-content\/uploads\/2019\/01\/operativos-_23denoviembrede2018_elfuerte.jpg?fit=737%2C415&ssl=1&resize=700%2C400 2x"},"classes":[]}],"_links":{"self":[{"href":"https:\/\/larevistadigital.com.ar\/blog\/wp-json\/wp\/v2\/posts\/26581","targetHints":{"allow":["GET"]}}],"collection":[{"href":"https:\/\/larevistadigital.com.ar\/blog\/wp-json\/wp\/v2\/posts"}],"about":[{"href":"https:\/\/larevistadigital.com.ar\/blog\/wp-json\/wp\/v2\/types\/post"}],"author":[{"embeddable":true,"href":"https:\/\/larevistadigital.com.ar\/blog\/wp-json\/wp\/v2\/users\/3"}],"replies":[{"embeddable":true,"href":"https:\/\/larevistadigital.com.ar\/blog\/wp-json\/wp\/v2\/comments?post=26581"}],"version-history":[{"count":1,"href":"https:\/\/larevistadigital.com.ar\/blog\/wp-json\/wp\/v2\/posts\/26581\/revisions"}],"predecessor-version":[{"id":26583,"href":"https:\/\/larevistadigital.com.ar\/blog\/wp-json\/wp\/v2\/posts\/26581\/revisions\/26583"}],"wp:featuredmedia":[{"embeddable":true,"href":"https:\/\/larevistadigital.com.ar\/blog\/wp-json\/wp\/v2\/media\/26582"}],"wp:attachment":[{"href":"https:\/\/larevistadigital.com.ar\/blog\/wp-json\/wp\/v2\/media?parent=26581"}],"wp:term":[{"taxonomy":"category","embeddable":true,"href":"https:\/\/larevistadigital.com.ar\/blog\/wp-json\/wp\/v2\/categories?post=26581"},{"taxonomy":"post_tag","embeddable":true,"href":"https:\/\/larevistadigital.com.ar\/blog\/wp-json\/wp\/v2\/tags?post=26581"}],"curies":[{"name":"wp","href":"https:\/\/api.w.org\/{rel}","templated":true}]}}