{"id":26587,"date":"2022-07-14T19:12:24","date_gmt":"2022-07-14T19:12:24","guid":{"rendered":"https:\/\/larevistadigital.com.ar\/blog\/?p=26587"},"modified":"2022-07-14T19:15:09","modified_gmt":"2022-07-14T19:15:09","slug":"el-desopilante-aviso-del-auto-ideal-para-el-hombre-que-fue-dejado-por-su-pareja","status":"publish","type":"post","link":"https:\/\/larevistadigital.com.ar\/blog\/el-desopilante-aviso-del-auto-ideal-para-el-hombre-que-fue-dejado-por-su-pareja\/","title":{"rendered":"EL DESOPILANTE AVISO DEL \u00abAUTO IDEAL, PARA EL HOMBRE QUE FUE DEJADO POR SU PAREJA\u00bb"},"content":{"rendered":"<h2 class=\"article__dropline\">\u201cS\u00e9 que te mir\u00e1s al espejo y te ves las entradas y la panza\u201d.<\/h2>\n<p><b>\u201cSe\u00f1ores, les presento el veh\u00edculo ideal para aquel hombre que fue recientemente dejado por su pareja\u201d<\/b>. As\u00ed arranca la descripci\u00f3n de uno de los avisos de venta\u00a0m\u00e1s desopilantes que se hayan le\u00eddo en sitios argentinos.<\/p>\n<blockquote>\n<h3 class=\"paragraph\">El auto es un Peugeot 206 descapotable, un modelo que lleg\u00f3 al pa\u00eds en un n\u00famero acotado de unidades. Por eso su precio: 15 mil d\u00f3lares, algo elevado para un veh\u00edculo fabricado en 2003. Para el due\u00f1o, claro, vale cada centavo.<\/h3>\n<\/blockquote>\n<p class=\"paragraph\">El aviso califica al auto como <strong><em>\u201cla Andrea Frigerio de las coup\u00e9 206\u2033<\/em><\/strong> y lo presenta como la llave para <strong><em>\u201cganar mujeres y ponerse al d\u00eda en el amor y en el mercado\u201d<\/em><\/strong>, adem\u00e1s de conquistar a mujeres menores de treinta a\u00f1os.<\/p>\n<figure class=\"\">\n<div class=\"aspect_ratio__container\"><img data-recalc-dims=\"1\" decoding=\"async\" class=\"margin_bottom image flex flex_column image_placeholder\" src=\"https:\/\/i0.wp.com\/tn.com.ar\/resizer\/Y0GJbgRniismEtQZz9x4DNiomLQ%3D\/767x0\/smart\/cloudfront-us-east-1.images.arcpublishing.com\/artear\/G7H6ZEQOSJHRJJ4Z433SEE3Y4Y.jpg?ssl=1\" alt=\"La &quot;Andrea Frigerio&quot; de las coup\u00e9 206.\" \/><\/div><figcaption class=\"flex flex_column caption_image\"><strong>La \u00abAndrea Frigerio\u00bb de las coup\u00e9 206.<\/strong><\/figcaption><\/figure>\n<h2 class=\"font--primary\"><span style=\"color: #ff0000\">El aviso completo<\/span><\/h2>\n<p class=\"paragraph\"><strong><i>Se\u00f1ores: les presento el veh\u00edculo ideal para aquel hombre que fue recientemente dejado por su pareja.<\/i><\/strong><\/p>\n<p class=\"paragraph\"><strong><i>S\u00e9 que te mir\u00e1s al espejo, te ves las entradas en el rostro y not\u00e1s que la superficie de tu panza supera tus pectorales. Tranquilo, nada que otro muchacho de cuarenta no haya podido superar. Cerr\u00e1 los ojitos e imaginate arriba de esta nave en los a\u00f1os 2000, era digna de \u201cRaquel Mancini\u201d.<\/i><\/strong><\/p>\n<p class=\"paragraph\"><strong><i>El veh\u00edculo es franc\u00e9s (tra\u00eddo de Europa -Espa\u00f1a- con constancia en el t\u00edtulo que lo acredita). A diferencia de Emmanuel Macron, ac\u00e1 no vas a subir una dama de 70 a\u00f1os. Vas a mostrarle a la madre de tus hijos\/as que esa falta de pelo se debe al viento de este rodado descapotable. Ella tiene que notar en cada entrega o devoluci\u00f3n de los menores que se equivoc\u00f3 y que ahora ten\u00e9s un rango de ataque y de \u00e9xito sobre mujeres menores de 30 a\u00f1os.<\/i><\/strong><\/p>\n<figure class=\"\">\n<div class=\"aspect_ratio__container\"><img data-recalc-dims=\"1\" decoding=\"async\" class=\"margin_bottom image flex flex_column image_placeholder\" src=\"https:\/\/i0.wp.com\/tn.com.ar\/resizer\/GzW0K2Nb5ldSH3ZMJl9cAOwB4NM%3D\/767x0\/smart\/cloudfront-us-east-1.images.arcpublishing.com\/artear\/QQPFFUMBYVEZBMETGSGL2F4KGY.png?ssl=1\" alt=\"El desopilante aviso de venta del auto \u201cideal para el hombre que fue dejado por su pareja\u201d \" \/><\/div><figcaption class=\"flex flex_column caption_image\"><\/figcaption><\/figure>\n<p class=\"paragraph\"><strong><i>Tiene que observar tu ex, que comenta con sus amigas libremente que vos eras rutinario y falto de humor, que tu descapotable es el \u00fanico en el pa\u00eds que tiene caja autom\u00e1tica, lo cual permite a tus manos y dedos ser generoso en los mimos a tu nueva acompa\u00f1ante.<\/i><\/strong><\/p>\n<p class=\"paragraph\"><strong><i>Al rodado le funciona todo, \u00a1igual que a vos! (todo es todo). Tiene los neum\u00e1ticos nuevos (de julio de 2022), lo que imposibilitar\u00e1 que te estrelles contra una columna o pared, como lo debe estar ella cuando ve que esa superficie corporal inmensa que ten\u00edas ahora se permite el uso de remeras blancas o camisas de lino.<\/i><\/strong><\/p>\n<p class=\"paragraph\"><strong><i>El auto tiene todo y est\u00e1 impecable. Creeme: con techo o sin techo, vas a ganar mujeres y te vas a poner al d\u00eda en el amor y en el mercado.<\/i><\/strong><\/p>\n<p class=\"paragraph\"><strong><i>Una \u00faltima aclaraci\u00f3n: fui educado por mis abuelos y, luego de ese per\u00edodo de separaci\u00f3n, te deseo que est\u00e1 coup\u00e9 francesa descapotable te haga volver a casa \u201ccon honores\u201d y tengas la segunda oportunidad que toda familia se merece.<\/i><\/strong><\/p>\n<p class=\"paragraph\"><strong><i>La vendo porque en casa, con la jefa, nos queremos mucho. El precio es el publicado. Si quer\u00e9s un descapotable 206 con tablero y tapizado de \u201cPi\u00f1\u00f3n Fijo\u201d hay varias m\u00e1s baratas publicadas\u201d.<\/i><\/strong><\/p>\n<p class=\"paragraph\"><strong><i>PD: cualquier duda sobre qu\u00e9 tiene o se le hizo al auto, les aclaro que lo tiene hecho. Insisto: es la Andrea Frigerio de las coup\u00e9 206. Ariel&#8230;.<\/i><\/strong><\/p>\n<p>fuente TN<\/p>\n","protected":false},"excerpt":{"rendered":"<div class=\"mh-excerpt\"><p>\u201cS\u00e9 que te mir\u00e1s al espejo y te ves las entradas y la panza\u201d. \u201cSe\u00f1ores, les presento el veh\u00edculo ideal para aquel hombre que fue recientemente dejado por su pareja\u201d. As\u00ed arranca la descripci\u00f3n de <a class=\"mh-excerpt-more\" href=\"https:\/\/larevistadigital.com.ar\/blog\/el-desopilante-aviso-del-auto-ideal-para-el-hombre-que-fue-dejado-por-su-pareja\/\" title=\"EL DESOPILANTE AVISO DEL \u00abAUTO IDEAL, PARA EL HOMBRE QUE FUE DEJADO POR SU PAREJA\u00bb\">[Leer M\u00e1s]<\/a><\/p>\n<\/div>","protected":false},"author":3,"featured_media":26588,"comment_status":"open","ping_status":"open","sticky":false,"template":"","format":"standard","meta":{"_jetpack_memberships_contains_paid_content":false,"footnotes":"","jetpack_publicize_message":"","jetpack_publicize_feature_enabled":true,"jetpack_social_post_already_shared":true,"jetpack_social_options":{"image_generator_settings":{"template":"highway","default_image_id":0,"font":"","enabled":false},"version":2}},"categories":[11,50],"tags":[],"class_list":{"0":"post-26587","1":"post","2":"type-post","3":"status-publish","4":"format-standard","5":"has-post-thumbnail","7":"category-curiosas","8":"category-interes-general"},"jetpack_publicize_connections":[],"jetpack_featured_media_url":"https:\/\/i0.wp.com\/larevistadigital.com.ar\/blog\/wp-content\/uploads\/TW3JLG23FZHIDGHCKOU2DPBNFI.jpg?fit=1440%2C888&ssl=1","jetpack_sharing_enabled":true,"jetpack_shortlink":"https:\/\/wp.me\/p8qtrQ-6UP","jetpack-related-posts":[{"id":10609,"url":"https:\/\/larevistadigital.com.ar\/blog\/femicidio-asesino-de-tres-balazos-a-su-ex-pareja-y-luego-se-mato-dentro-del-auto\/","url_meta":{"origin":26587,"position":0},"title":"FEMICIDIO: ASESIN\u00d3 DE TRES BALAZOS A SU EX PAREJA Y LUEGO SE MAT\u00d3 DENTRO DEL AUTO","author":"Alejandro Sosa Ruda","date":"13 junio, 2019","format":false,"excerpt":"Gabriela Scalise ten\u00eda 43 a\u00f1os y fue atacada por su ex cuando intentaba entrar en su casa. Un hombre asesin\u00f3 de tres balazos a su ex pareja\u00a0en la esquina de su casa\u00a0ubicada en\u00a0la ciudad de Chacabuco, provincia de Buenos Aires, y luego de haber cometido el crimen,\u00a0fue hallado sin vida\u2026","rel":"","context":"En \u00abPOLICIALES\u00bb","block_context":{"text":"POLICIALES","link":"https:\/\/larevistadigital.com.ar\/blog\/category\/policiales\/"},"img":{"alt_text":"","src":"https:\/\/i0.wp.com\/larevistadigital.com.ar\/blog\/wp-content\/uploads\/gabi.jpg?fit=461%2C618&ssl=1&resize=350%2C200","width":350,"height":200},"classes":[]},{"id":23365,"url":"https:\/\/larevistadigital.com.ar\/blog\/santa-teresita-un-hombre-atropello-a-su-hijita-de-6-anos-estacionando-su-auto-la-criatura-fallecio\/","url_meta":{"origin":26587,"position":1},"title":"SANTA TERESITA: UN HOMBRE ATROPELL\u00d3 A SU HIJITA DE 6 A\u00d1OS ESTACIONANDO SU AUTO. LA CRIATURA FALLECI\u00d3","author":"Alejandro Sosa Ruda","date":"14 enero, 2022","format":false,"excerpt":"El lamentable episodio ocurri\u00f3 en calle 4 entre 32 y 33. La peque\u00f1a fue asistida por el personal de emergencias, pero falleci\u00f3 por las heridas. Los padres tuvieron que ser asistidos por personal de salud, ya que se encontraban en estado de shock. SANTA TERESITA -\u00a0 Un lamentable hecho ocurri\u00f3\u2026","rel":"","context":"En \u00abPOLICIALES\u00bb","block_context":{"text":"POLICIALES","link":"https:\/\/larevistadigital.com.ar\/blog\/category\/policiales\/"},"img":{"alt_text":"","src":"https:\/\/i0.wp.com\/larevistadigital.com.ar\/blog\/wp-content\/uploads\/20220113153824_70d06d4319540e3afcbb98eab3f203364cdd86ca.jpg?fit=880%2C512&ssl=1&resize=350%2C200","width":350,"height":200,"srcset":"https:\/\/i0.wp.com\/larevistadigital.com.ar\/blog\/wp-content\/uploads\/20220113153824_70d06d4319540e3afcbb98eab3f203364cdd86ca.jpg?fit=880%2C512&ssl=1&resize=350%2C200 1x, https:\/\/i0.wp.com\/larevistadigital.com.ar\/blog\/wp-content\/uploads\/20220113153824_70d06d4319540e3afcbb98eab3f203364cdd86ca.jpg?fit=880%2C512&ssl=1&resize=525%2C300 1.5x, https:\/\/i0.wp.com\/larevistadigital.com.ar\/blog\/wp-content\/uploads\/20220113153824_70d06d4319540e3afcbb98eab3f203364cdd86ca.jpg?fit=880%2C512&ssl=1&resize=700%2C400 2x"},"classes":[]},{"id":25259,"url":"https:\/\/larevistadigital.com.ar\/blog\/prendio-fuego-la-camioneta-luego-de-discutir-con-su-pareja\/","url_meta":{"origin":26587,"position":2},"title":"PRENDI\u00d3 FUEGO LA CAMIONETA LUEGO DE DISCUTIR CON SU PAREJA","author":"Alejandro Sosa Ruda","date":"25 abril, 2022","format":false,"excerpt":"TANDIL -\u00a0 El veh\u00edculo qued\u00f3 totalmente destruido. Un hombre que tuvo una discusi\u00f3n con su pareja tom\u00f3 la decisi\u00f3n de prender fuego su camioneta Ford Ranger, patente DHA179. El suceso ocurri\u00f3 este s\u00e1bado alrededor de las 22 en el camino vecinal lindante al Relleno Sanitario. Hasta el lugar se traslad\u00f3\u2026","rel":"","context":"En \u00abPOLICIALES\u00bb","block_context":{"text":"POLICIALES","link":"https:\/\/larevistadigital.com.ar\/blog\/category\/policiales\/"},"img":{"alt_text":"","src":"https:\/\/i0.wp.com\/larevistadigital.com.ar\/blog\/wp-content\/uploads\/incendio-camioneta-22-4-2022.jpg?fit=800%2C530&ssl=1&resize=350%2C200","width":350,"height":200,"srcset":"https:\/\/i0.wp.com\/larevistadigital.com.ar\/blog\/wp-content\/uploads\/incendio-camioneta-22-4-2022.jpg?fit=800%2C530&ssl=1&resize=350%2C200 1x, https:\/\/i0.wp.com\/larevistadigital.com.ar\/blog\/wp-content\/uploads\/incendio-camioneta-22-4-2022.jpg?fit=800%2C530&ssl=1&resize=525%2C300 1.5x, https:\/\/i0.wp.com\/larevistadigital.com.ar\/blog\/wp-content\/uploads\/incendio-camioneta-22-4-2022.jpg?fit=800%2C530&ssl=1&resize=700%2C400 2x"},"classes":[]},{"id":31826,"url":"https:\/\/larevistadigital.com.ar\/blog\/brandsen-brutal-asalto-donde-golpean-a-una-persona-y-le-llevan-dinero-y-el-auto\/","url_meta":{"origin":26587,"position":3},"title":"BRANDSEN: BRUTAL ASALTO DONDE GOLPEAN A UNA PERSONA Y LE LLEVAN DINERO Y EL AUTO","author":"Alejandro Sosa Ruda","date":"31 mayo, 2023","format":false,"excerpt":"Ocurri\u00f3 en la ma\u00f1ana de ayer en el barrio Los Pinos. El vecino sal\u00eda de su casa para ir a trabajar. Por el momento no hay detenidos. 31 de mayo de 2023 BRANDSEN -\u00a0 Pasadas las seis de la ma\u00f1ana de ayer lunes 29 de mayo, un vecino que se\u2026","rel":"","context":"En \u00abPOLICIALES\u00bb","block_context":{"text":"POLICIALES","link":"https:\/\/larevistadigital.com.ar\/blog\/category\/policiales\/"},"img":{"alt_text":"","src":"https:\/\/i0.wp.com\/larevistadigital.com.ar\/blog\/wp-content\/uploads\/Photo_1685460531114.jpg?fit=1080%2C607&ssl=1&resize=350%2C200","width":350,"height":200,"srcset":"https:\/\/i0.wp.com\/larevistadigital.com.ar\/blog\/wp-content\/uploads\/Photo_1685460531114.jpg?fit=1080%2C607&ssl=1&resize=350%2C200 1x, https:\/\/i0.wp.com\/larevistadigital.com.ar\/blog\/wp-content\/uploads\/Photo_1685460531114.jpg?fit=1080%2C607&ssl=1&resize=525%2C300 1.5x, https:\/\/i0.wp.com\/larevistadigital.com.ar\/blog\/wp-content\/uploads\/Photo_1685460531114.jpg?fit=1080%2C607&ssl=1&resize=700%2C400 2x, https:\/\/i0.wp.com\/larevistadigital.com.ar\/blog\/wp-content\/uploads\/Photo_1685460531114.jpg?fit=1080%2C607&ssl=1&resize=1050%2C600 3x"},"classes":[]},{"id":26045,"url":"https:\/\/larevistadigital.com.ar\/blog\/me-diste-la-terrible-frase-del-hombre-asesinado-por-el-ex-de-su-pareja-en-berisso\/","url_meta":{"origin":26587,"position":4},"title":"\u00abME DISTE\u00bb: LA TERRIBLE FRASE DEL HOMBRE ASESINADO POR EL EX DE SU PAREJA EN BERISSO","author":"Alejandro Sosa Ruda","date":"22 junio, 2022","format":false,"excerpt":"Dos comerciantes fueron testigos del hecho y brindaron detalles del crimen. \"Te voy a dar m\u00e1s\", aseguran que grit\u00f3 el asesino. Todav\u00eda contin\u00faa la conmoci\u00f3n por el crimen de\u00a0Rolando Dami\u00e1n Ch\u00e1vez (38),\u00a0hecho ocurrido el pasado martes por la noche en 8 y 165,\u00a0Berisso. Seg\u00fan informaron fuentes oficiales, el episodio se\u2026","rel":"","context":"En \u00abPOLICIALES\u00bb","block_context":{"text":"POLICIALES","link":"https:\/\/larevistadigital.com.ar\/blog\/category\/policiales\/"},"img":{"alt_text":"","src":"https:\/\/i0.wp.com\/larevistadigital.com.ar\/blog\/wp-content\/uploads\/1655938798768.jpg?fit=1200%2C594&ssl=1&resize=350%2C200","width":350,"height":200,"srcset":"https:\/\/i0.wp.com\/larevistadigital.com.ar\/blog\/wp-content\/uploads\/1655938798768.jpg?fit=1200%2C594&ssl=1&resize=350%2C200 1x, https:\/\/i0.wp.com\/larevistadigital.com.ar\/blog\/wp-content\/uploads\/1655938798768.jpg?fit=1200%2C594&ssl=1&resize=525%2C300 1.5x, https:\/\/i0.wp.com\/larevistadigital.com.ar\/blog\/wp-content\/uploads\/1655938798768.jpg?fit=1200%2C594&ssl=1&resize=700%2C400 2x, https:\/\/i0.wp.com\/larevistadigital.com.ar\/blog\/wp-content\/uploads\/1655938798768.jpg?fit=1200%2C594&ssl=1&resize=1050%2C600 3x"},"classes":[]},{"id":23670,"url":"https:\/\/larevistadigital.com.ar\/blog\/rosario-asesinan-a-tiros-a-un-hombre-y-a-su-beba-y-hallan-un-cuerpo-quemado-dentro-de-un-auto\/","url_meta":{"origin":26587,"position":5},"title":"ROSARIO: ASESINAN A TIROS A UN HOMBRE Y A SU BEBA, Y HALLAN UN CUERPO QUEMADO DENTRO DE UN AUTO","author":"Alejandro Sosa Ruda","date":"29 enero, 2022","format":false,"excerpt":"Asesinaron a una familia en un aparente ajuste narco en la localidad de Ibarlucea a 20 km de Rosario, finalmente incendiaron el auto con el cuerpo de la mujer adentro en un camino rural a algunos kil\u00f3metros de esa localidad. ROSARIO -\u00a0 Esta madrugada, a la salida de una fiesta\u2026","rel":"","context":"En \u00abINTERES GENERAL\u00bb","block_context":{"text":"INTERES GENERAL","link":"https:\/\/larevistadigital.com.ar\/blog\/category\/interes-general\/"},"img":{"alt_text":"","src":"https:\/\/i0.wp.com\/larevistadigital.com.ar\/blog\/wp-content\/uploads\/CD4TJDKPNVHG5FN2QDWVDMNFXU.jpeg?fit=879%2C586&ssl=1&resize=350%2C200","width":350,"height":200,"srcset":"https:\/\/i0.wp.com\/larevistadigital.com.ar\/blog\/wp-content\/uploads\/CD4TJDKPNVHG5FN2QDWVDMNFXU.jpeg?fit=879%2C586&ssl=1&resize=350%2C200 1x, https:\/\/i0.wp.com\/larevistadigital.com.ar\/blog\/wp-content\/uploads\/CD4TJDKPNVHG5FN2QDWVDMNFXU.jpeg?fit=879%2C586&ssl=1&resize=525%2C300 1.5x, https:\/\/i0.wp.com\/larevistadigital.com.ar\/blog\/wp-content\/uploads\/CD4TJDKPNVHG5FN2QDWVDMNFXU.jpeg?fit=879%2C586&ssl=1&resize=700%2C400 2x"},"classes":[]}],"_links":{"self":[{"href":"https:\/\/larevistadigital.com.ar\/blog\/wp-json\/wp\/v2\/posts\/26587","targetHints":{"allow":["GET"]}}],"collection":[{"href":"https:\/\/larevistadigital.com.ar\/blog\/wp-json\/wp\/v2\/posts"}],"about":[{"href":"https:\/\/larevistadigital.com.ar\/blog\/wp-json\/wp\/v2\/types\/post"}],"author":[{"embeddable":true,"href":"https:\/\/larevistadigital.com.ar\/blog\/wp-json\/wp\/v2\/users\/3"}],"replies":[{"embeddable":true,"href":"https:\/\/larevistadigital.com.ar\/blog\/wp-json\/wp\/v2\/comments?post=26587"}],"version-history":[{"count":3,"href":"https:\/\/larevistadigital.com.ar\/blog\/wp-json\/wp\/v2\/posts\/26587\/revisions"}],"predecessor-version":[{"id":26591,"href":"https:\/\/larevistadigital.com.ar\/blog\/wp-json\/wp\/v2\/posts\/26587\/revisions\/26591"}],"wp:featuredmedia":[{"embeddable":true,"href":"https:\/\/larevistadigital.com.ar\/blog\/wp-json\/wp\/v2\/media\/26588"}],"wp:attachment":[{"href":"https:\/\/larevistadigital.com.ar\/blog\/wp-json\/wp\/v2\/media?parent=26587"}],"wp:term":[{"taxonomy":"category","embeddable":true,"href":"https:\/\/larevistadigital.com.ar\/blog\/wp-json\/wp\/v2\/categories?post=26587"},{"taxonomy":"post_tag","embeddable":true,"href":"https:\/\/larevistadigital.com.ar\/blog\/wp-json\/wp\/v2\/tags?post=26587"}],"curies":[{"name":"wp","href":"https:\/\/api.w.org\/{rel}","templated":true}]}}