{"id":2659,"date":"2017-07-15T17:46:28","date_gmt":"2017-07-15T17:46:28","guid":{"rendered":"https:\/\/larevistadigital.com.ar\/blog\/?p=2659"},"modified":"2017-07-15T17:46:28","modified_gmt":"2017-07-15T17:46:28","slug":"cual-es-la-verdad-acerca-del-sector-de-vigiladores-privados","status":"publish","type":"post","link":"https:\/\/larevistadigital.com.ar\/blog\/cual-es-la-verdad-acerca-del-sector-de-vigiladores-privados\/","title":{"rendered":"\u00bfCUAL ES LA VERDAD ACERCA DEL SECTOR DE VIGILADORES PRIVADOS?"},"content":{"rendered":"<h2><strong><em>Mentiras, traiciones abusos y muchas cosas m\u00e1s que son comunes en un sector que desde hace algunos a\u00f1os ha sido el coto de caza de muchos aventureros disfrazados de iluminados. <\/em><\/strong><\/h2>\n<p>El de los vigiladores privados es un sector con historia, que lamentablemente con el paso de los a\u00f1os en lugar de ir creciendo, fue lenta pero inexorablemente cayendo en picada. No solo en cuanto a la prestaci\u00f3n de servicios, sino que tambi\u00e9n con el verdadero desfalco y vaciamiento al que fuera sometida la obra social (O.S.P.S.I.P.)<\/p>\n<blockquote>\n<h3><strong>Obviamente que esto no fue caprichoso, ni casual. Ha sido la consecuencia directa de los desmanejos que tuvo \u00c1ngel Garc\u00eda, ex secretario general del gremio madre del sector (U.P.S.R.A.), desde que apareci\u00f3 en escena una mujer con la que comenz\u00f3 una relaci\u00f3n ocasional, y luego se convirti\u00f3 en su esposa, socia y para algunos, la verdadera jefa: Celestina Ferrara.<\/strong><\/h3>\n<\/blockquote>\n<p>U.P.S.R.A. fue desde entonces un para\u00edso de la ilegalidad y la inmoralidad, en donde el matrimonio a cargo, habr\u00eda hecho y deshecho a su antojo. Contrat\u00f3, ech\u00f3, compr\u00f3, entreg\u00f3 autom\u00f3viles, celulares y ayuda econ\u00f3mica a modo de subsidios a todo aquel que le haya sido conveniente, o que hubieran podido sacar alg\u00fan provecho. (todo esto denunciado ante la justicia). Se dio \u201ctrabajo\u201d dentro del sindicato (o en alguna delegaci\u00f3n) a m\u00e1s de alguna amante o familiar o amigo de los amigos.<\/p>\n<p>Con el arribo de la \u201cse\u00f1ora Celeste\u201d, todo fue cambiando para peor. Estas situaciones, sumadas a la cada vez peor situaci\u00f3n de la Obra Social y su falta de cobertura, la desatenci\u00f3n total de las delegaciones del interior, fueron poco a poco provocando la irrupci\u00f3n de nuevos gremios, algunos de ellos, carentes de todo tipo de legalidad y por supuesto, cero representatividad. Armados a medida de vivos y aprovechadores disfrazados de dirigentes, que utilizaron el descr\u00e9dito y anarqu\u00eda reinante en U.P.S.R.A. para propio beneficio.<\/p>\n<p><a href=\"https:\/\/i0.wp.com\/larevistadigital.com.ar\/blog\/wp-content\/uploads\/2017\/07\/Reyes-Garcas.jpg?ssl=1\"><img data-recalc-dims=\"1\" loading=\"lazy\" decoding=\"async\" class=\"alignnone size-full wp-image-2668\" src=\"https:\/\/i0.wp.com\/larevistadigital.com.ar\/blog\/wp-content\/uploads\/2017\/07\/Reyes-Garcas.jpg?resize=860%2C690&#038;ssl=1\" alt=\"\" width=\"860\" height=\"690\" srcset=\"https:\/\/i0.wp.com\/larevistadigital.com.ar\/blog\/wp-content\/uploads\/2017\/07\/Reyes-Garcas.jpg?w=860&amp;ssl=1 860w, https:\/\/i0.wp.com\/larevistadigital.com.ar\/blog\/wp-content\/uploads\/2017\/07\/Reyes-Garcas.jpg?resize=300%2C241&amp;ssl=1 300w, https:\/\/i0.wp.com\/larevistadigital.com.ar\/blog\/wp-content\/uploads\/2017\/07\/Reyes-Garcas.jpg?resize=768%2C616&amp;ssl=1 768w\" sizes=\"auto, (max-width: 860px) 100vw, 860px\" \/><\/a><\/p>\n<p>Tambi\u00e9n, desde ese momento todos y cada uno de los \u201cnuevos dirigentes\u201d, se ocuparon de provocar de alguna u otra manera la desafiliaci\u00f3n al gremio, para debilitarlo, y conseguir aportantes para sus nuevas instituciones, que supuestamente ven\u00edan a solucionar todos los problemas de los trabajadores. Mezquindad infinita y a la orden del d\u00eda.<\/p>\n<blockquote>\n<h3>\u00bfSe arm\u00f3 un nuevo gremio para competir con U.P.S.R.A.? Por supuesto que no. Se armaron varios. M\u00e1s de 53 sindicatos\u2026Y esto, por un sencillo motivo: el negocio no quer\u00eda ser compartido por estos personajes, entonces cada uno se construy\u00f3 su propia \u201cquintita\u201d para tener as\u00ed su propio beneficio.<\/h3>\n<\/blockquote>\n<p>Esto con el paso de los a\u00f1os se fue acentuando, y hoy hay un sin n\u00famero de seudo gremios que se arrogan derechos que no tienen, y nunca tendr\u00e1n.<\/p>\n<p>Mientras tanto siguen criticando al \u00fanico gremio con personer\u00eda gremial y que, mal que les pese, es el gremio madre de la actividad.<\/p>\n<p>Tan insensibles y ventajeros son, que aprovechan las necesidades reales y las justas demandas de los trabajadores, para sacar beneficios, mintiendo a la gente, y provocando el odio hacia la instituci\u00f3n cuando el problema son quienes la han conducido.<\/p>\n<p>Quieren \u201cpintar\u201d a U.P.S.R.A. como el gran demonio que perjudic\u00f3 a los afiliados, cuando los responsables han sido sus ocasionales administradores.<\/p>\n<p>Si sigui\u00e9ramos ese infantil criterio, deber\u00edamos abandonar el pa\u00eds por los inescrupulosos que nos han gobernado, o cambiar de club porque los dirigentes de turno se han endeudado\u2026<\/p>\n<blockquote>\n<h3>Lo \u00fanico que les ha interesado es debilitar a U.P.S.R.A. para de esa manera, lograr apoderarse de ella. Critican y ensucian al gremio, mientras tratan por todos los medios de meterse por la ventana. Negocian, \u201crosquean\u201d, presionan, mienten y se re\u00fanen con el \u00fanico objeto de ver si pueden conseguir alg\u00fan puestito o beneficio una vez la intervenci\u00f3n llame a elecciones, que saben que ni siquiera tendr\u00e1n entidad para participar.<\/h3>\n<\/blockquote>\n<p>Hoy, vuelven a mentir a los trabajadores cuando crean una puesta en escena en la que pretenden hacer creer que se armar\u00e1 una \u201cFederaci\u00f3n\u201d de un d\u00eda para el otro, como si esto fuera tan sencillo y r\u00e1pido, sin requisitos ni tr\u00e1mites de por medio.<\/p>\n<p>Y mienten, porque aunque no lo digan, conocen que esto no es posible de la manera que\u00a0 quieren plantearlo. Saben que solamente el tr\u00e1mite, cuando se tuviera todo lo necesario demandar\u00eda no menos de dos a\u00f1os, y lo que es peor para ellos, si esto se concretara y U.P.S.R.A. decidiera tomar parte, ser\u00eda seguramente quien conducir\u00eda, ya que es el gremio m\u00e1s importante.<\/p>\n<blockquote>\n<h3>Y como remate, hacen una puesta en escena que seg\u00fan dicen algunos estar\u00eda acordada previamente con el mandam\u00e1s de CAESI Aquiles Gorini, en la que mediante una marcha protestan por las paritarias acordadas entre las empresas y la nueva interventora designada. Por otra parte, lo m\u00e1s importante es que la marcha es tard\u00eda, ya que el acuerdo cerrado ha sido homologado, adem\u00e1s de otro detalle que demuestra el humo que se pretende vender: Suvico, hace cuarenta a\u00f1os que firma convenios exclusivos para Cordoba, por lo que el firmado por la interventora de U.P.S.R.A. no les afecta ni modifica nada de lo que ellos acuerden en su provincia, por eso la presencia en la marcha, es parte de esta f\u00e1bula. Se aprovechan entonces de las necesidades de los trabajadores, y de algunos sectores de izquierda que realmente de coraz\u00f3n tratan de cambiar la triste realidad del sector.<\/h3>\n<\/blockquote>\n<p><a href=\"https:\/\/i0.wp.com\/larevistadigital.com.ar\/blog\/wp-content\/uploads\/2017\/07\/17b72fec-09ae-469b-bded-d4f582292f43.jpg?ssl=1\"><img data-recalc-dims=\"1\" loading=\"lazy\" decoding=\"async\" class=\"size-full wp-image-2662 aligncenter\" src=\"https:\/\/i0.wp.com\/larevistadigital.com.ar\/blog\/wp-content\/uploads\/2017\/07\/17b72fec-09ae-469b-bded-d4f582292f43.jpg?resize=650%2C1083&#038;ssl=1\" alt=\"\" width=\"650\" height=\"1083\" srcset=\"https:\/\/i0.wp.com\/larevistadigital.com.ar\/blog\/wp-content\/uploads\/2017\/07\/17b72fec-09ae-469b-bded-d4f582292f43.jpg?w=650&amp;ssl=1 650w, https:\/\/i0.wp.com\/larevistadigital.com.ar\/blog\/wp-content\/uploads\/2017\/07\/17b72fec-09ae-469b-bded-d4f582292f43.jpg?resize=180%2C300&amp;ssl=1 180w, https:\/\/i0.wp.com\/larevistadigital.com.ar\/blog\/wp-content\/uploads\/2017\/07\/17b72fec-09ae-469b-bded-d4f582292f43.jpg?resize=615%2C1024&amp;ssl=1 615w\" sizes=\"auto, (max-width: 650px) 100vw, 650px\" \/><\/a><\/p>\n<p>Esta avanzada, tampoco es fortuita, sino que tiene que ver con la certeza que se palpita ya que se destrab\u00f3 en la justicia la apelaci\u00f3n de Garc\u00eda acerca de la intervenci\u00f3n en el sindicato, confirmando el juez entonces la mencionada intervenci\u00f3n y designando una nueva interventora que deber\u00e1 llamar a elecciones con la mayor celeridad posible, lo que pareciera devenir de manera casi inexorable en la conducci\u00f3n de Leonidas Requelme y su gente de la agrupaci\u00f3n Juan Manuel de Rosas en el sindicato, lo que dar\u00eda por tierra con los negocios de muchos.<\/p>\n<p>Los plazos se acortan, y abundan\u00a0 los manotazos de ahogado. De todas maneras, los afiliados no son tontos, y ven por primera vez en mucho tiempo un futuro que seguramente ser\u00e1 mejor. Aunque los pillos de siempre traten de evitarlo.<\/p>\n<p>&nbsp;<\/p>\n<p>&nbsp;<\/p>\n<p>&nbsp;<\/p>\n<p>&nbsp;<\/p>\n","protected":false},"excerpt":{"rendered":"<div class=\"mh-excerpt\"><p>Mentiras, traiciones abusos y muchas cosas m\u00e1s que son comunes en un sector que desde hace algunos a\u00f1os ha sido el coto de caza de muchos aventureros disfrazados de iluminados. El de los vigiladores privados <a class=\"mh-excerpt-more\" href=\"https:\/\/larevistadigital.com.ar\/blog\/cual-es-la-verdad-acerca-del-sector-de-vigiladores-privados\/\" title=\"\u00bfCUAL ES LA VERDAD ACERCA DEL SECTOR DE VIGILADORES PRIVADOS?\">[Leer M\u00e1s]<\/a><\/p>\n<\/div>","protected":false},"author":3,"featured_media":2660,"comment_status":"open","ping_status":"open","sticky":false,"template":"","format":"standard","meta":{"_jetpack_memberships_contains_paid_content":false,"footnotes":"","jetpack_publicize_message":"","jetpack_publicize_feature_enabled":true,"jetpack_social_post_already_shared":true,"jetpack_social_options":{"image_generator_settings":{"template":"highway","default_image_id":0,"font":"","enabled":false},"version":2}},"categories":[41,10,28],"tags":[],"class_list":{"0":"post-2659","1":"post","2":"type-post","3":"status-publish","4":"format-standard","5":"has-post-thumbnail","7":"category-destacadas","8":"category-gremiales","9":"category-nacionales"},"jetpack_publicize_connections":[],"jetpack_featured_media_url":"https:\/\/i0.wp.com\/larevistadigital.com.ar\/blog\/wp-content\/uploads\/2017\/07\/WhatsApp-Image-2016-12-26-at-09.19.19.jpeg?fit=987%2C711&ssl=1","jetpack_sharing_enabled":true,"jetpack_shortlink":"https:\/\/wp.me\/p8qtrQ-GT","jetpack-related-posts":[{"id":13322,"url":"https:\/\/larevistadigital.com.ar\/blog\/leonidas-requelme-es-el-nuevo-secretario-general-de-los-vigiladores-privados\/","url_meta":{"origin":2659,"position":0},"title":"LEONIDAS REQUELME ES EL NUEVO SECRETARIO GENERAL DE LOS VIGILADORES PRIVADOS","author":"Alejandro Sosa Ruda","date":"21 noviembre, 2019","format":false,"excerpt":"Culminaron los comicios en U.P.S.R.A. que lo convierten en el nuevo Secretario General electo. Esto culmina un largo per\u00edodo en el que los vigiladores se vieron postergados, y tres a\u00f1os de intervenci\u00f3n ministerial. Hace instantes finaliz\u00f3 el acto eleccionario que se llev\u00f3 a cabo en la Uni\u00f3n del Personal de\u2026","rel":"","context":"En \u00abDESTACADAS\u00bb","block_context":{"text":"DESTACADAS","link":"https:\/\/larevistadigital.com.ar\/blog\/category\/destacadas\/"},"img":{"alt_text":"","src":"https:\/\/i0.wp.com\/larevistadigital.com.ar\/blog\/wp-content\/uploads\/70350077_2137839719851266_6556145578797957120_n.jpg?fit=488%2C479&ssl=1&resize=350%2C200","width":350,"height":200},"classes":[]},{"id":13602,"url":"https:\/\/larevistadigital.com.ar\/blog\/video-leo-requelme-secretario-general-de-la-u-p-s-r-a-emitio-un-mensaje-para-los-vigiladores\/","url_meta":{"origin":2659,"position":1},"title":"[VIDEO] LEO REQUELME, SECRETARIO GENERAL DE LA U.P.S.R.A., EMITI\u00d3 UN MENSAJE PARA LOS VIGILADORES","author":"Alejandro Sosa Ruda","date":"11 diciembre, 2019","format":false,"excerpt":"Leo Requelme, a unos d\u00edas de estar en funciones como Secretario General del gremio de los vigiladores privados, emiti\u00f3 un mensaje a los trabajadores del sector, a trav\u00e9s de un video que grab\u00f3 junto al Adjunto, Edgar Salarrall\u00e1n. Luego de las elecciones del 20 de noviembre pasado, en las que\u2026","rel":"","context":"En \u00abDESTACADAS\u00bb","block_context":{"text":"DESTACADAS","link":"https:\/\/larevistadigital.com.ar\/blog\/category\/destacadas\/"},"img":{"alt_text":"","src":"https:\/\/i0.wp.com\/larevistadigital.com.ar\/blog\/wp-content\/uploads\/70350077_2137839719851266_6556145578797957120_n.jpg?fit=488%2C479&ssl=1&resize=350%2C200","width":350,"height":200},"classes":[]},{"id":41639,"url":"https:\/\/larevistadigital.com.ar\/blog\/upsra-cerro-la-paritaria-de-fin-de-ano-y-garantiza-nuevos-aumentos-para-los-vigiladores-privados\/","url_meta":{"origin":2659,"position":2},"title":"UPSRA cerr\u00f3 la paritaria de fin de a\u00f1o y garantiza nuevos aumentos para los vigiladores privados","author":"Alejandro Sosa Ruda","date":"24 septiembre, 2025","format":false,"excerpt":"El sindicato que conduce \u00c1ngel Garc\u00eda logr\u00f3 un acuerdo con la c\u00e1mara empresaria que asegura incrementos salariales hasta diciembre y una cl\u00e1usula de revisi\u00f3n para proteger los ingresos del sector. 24 de Septiembre de 2025 La Uni\u00f3n Personal de la Seguridad Privada (UPSRA) anunci\u00f3 el cierre de la paritaria correspondiente\u2026","rel":"","context":"En \u00abGREMIALES\u00bb","block_context":{"text":"GREMIALES","link":"https:\/\/larevistadigital.com.ar\/blog\/category\/gremiales\/"},"img":{"alt_text":"","src":"https:\/\/i0.wp.com\/larevistadigital.com.ar\/blog\/wp-content\/uploads\/UPSRA.jpg?fit=724%2C399&ssl=1&resize=350%2C200","width":350,"height":200,"srcset":"https:\/\/i0.wp.com\/larevistadigital.com.ar\/blog\/wp-content\/uploads\/UPSRA.jpg?fit=724%2C399&ssl=1&resize=350%2C200 1x, https:\/\/i0.wp.com\/larevistadigital.com.ar\/blog\/wp-content\/uploads\/UPSRA.jpg?fit=724%2C399&ssl=1&resize=525%2C300 1.5x, https:\/\/i0.wp.com\/larevistadigital.com.ar\/blog\/wp-content\/uploads\/UPSRA.jpg?fit=724%2C399&ssl=1&resize=700%2C400 2x"},"classes":[]},{"id":18477,"url":"https:\/\/larevistadigital.com.ar\/blog\/los-vigiladores-privados-untan-firmas-para-declarar-persona-no-grata-a-angel-alberto-garcia-y-celestina-ferrara\/","url_meta":{"origin":2659,"position":3},"title":"LOS VIGILADORES PRIVADOS JUNTAN FIRMAS PARA DECLARAR \u00abPERSONA NO GRATA\u00bb A \u00c1NGEL ALBERTO GARC\u00cdA Y CELESTINA FERRARA","author":"Alejandro Sosa Ruda","date":"5 enero, 2021","format":false,"excerpt":"Es una iniciativa de los propios vigiladores, que no guardan un grato recuerdo de \u00c1ngel Alberto Garc\u00eda y su mujer, Celestina Ferrara quienes estuvieron al frente del Gremio y la Obra Social durante m\u00e1s de 30 a\u00f1os, llevandolos al descontrol y vaciamiento casi total. Los vigiladores privados, han tomado la\u2026","rel":"","context":"En \u00abGREMIALES\u00bb","block_context":{"text":"GREMIALES","link":"https:\/\/larevistadigital.com.ar\/blog\/category\/gremiales\/"},"img":{"alt_text":"","src":"https:\/\/i0.wp.com\/larevistadigital.com.ar\/blog\/wp-content\/uploads\/GARCIA-PERSONA-NO-GRATA.jpg?fit=1200%2C776&ssl=1&resize=350%2C200","width":350,"height":200,"srcset":"https:\/\/i0.wp.com\/larevistadigital.com.ar\/blog\/wp-content\/uploads\/GARCIA-PERSONA-NO-GRATA.jpg?fit=1200%2C776&ssl=1&resize=350%2C200 1x, https:\/\/i0.wp.com\/larevistadigital.com.ar\/blog\/wp-content\/uploads\/GARCIA-PERSONA-NO-GRATA.jpg?fit=1200%2C776&ssl=1&resize=525%2C300 1.5x, https:\/\/i0.wp.com\/larevistadigital.com.ar\/blog\/wp-content\/uploads\/GARCIA-PERSONA-NO-GRATA.jpg?fit=1200%2C776&ssl=1&resize=700%2C400 2x, https:\/\/i0.wp.com\/larevistadigital.com.ar\/blog\/wp-content\/uploads\/GARCIA-PERSONA-NO-GRATA.jpg?fit=1200%2C776&ssl=1&resize=1050%2C600 3x"},"classes":[]},{"id":18634,"url":"https:\/\/larevistadigital.com.ar\/blog\/gestiones-del-secretario-general-de-upsra-leo-requelme-con-el-ministro-gines-gonzalez-garcia-por-la-vacuna-de-covid-para-los-vigiladores-privados\/","url_meta":{"origin":2659,"position":4},"title":"GESTIONES DEL SECRETARIO GENERAL DE UPSRA, LEO REQUELME CON EL MINISTRO GINES GONZALEZ GARC\u00cdA, POR LA VACUNA DE COVID PARA LOS VIGILADORES PRIVADOS","author":"Alejandro Sosa Ruda","date":"15 enero, 2021","format":false,"excerpt":"Los Vigiladores Privados, hicieron llegar por una nota del apoderado de\u00a0la\u00a0Uni\u00f3n Personal de Seguridad de la Rep\u00fablica Argentina\u00a0(UPSRA),\u00a0Pablo Otero, al director\u00a0provincial para la\u00a0gesti\u00f3n\u00a0de la Seguridad Privada,\u00a0Marcelo Montero, se solicit\u00f3 que trabajadoras y trabajadores de dicha actividad sean tenidos en cuenta en el plan de vacunaci\u00f3n contra el COVID-19. \u201cAnte la\u2026","rel":"","context":"En \u00abGREMIALES\u00bb","block_context":{"text":"GREMIALES","link":"https:\/\/larevistadigital.com.ar\/blog\/category\/gremiales\/"},"img":{"alt_text":"","src":"https:\/\/i0.wp.com\/larevistadigital.com.ar\/blog\/wp-content\/uploads\/3305255w1033.jpg?fit=1033%2C688&ssl=1&resize=350%2C200","width":350,"height":200,"srcset":"https:\/\/i0.wp.com\/larevistadigital.com.ar\/blog\/wp-content\/uploads\/3305255w1033.jpg?fit=1033%2C688&ssl=1&resize=350%2C200 1x, https:\/\/i0.wp.com\/larevistadigital.com.ar\/blog\/wp-content\/uploads\/3305255w1033.jpg?fit=1033%2C688&ssl=1&resize=525%2C300 1.5x, https:\/\/i0.wp.com\/larevistadigital.com.ar\/blog\/wp-content\/uploads\/3305255w1033.jpg?fit=1033%2C688&ssl=1&resize=700%2C400 2x"},"classes":[]},{"id":13268,"url":"https:\/\/larevistadigital.com.ar\/blog\/esperanza-para-los-vigiladores-privados-llegan-las-elecciones-en-u-p-s-r-a-con-lista-de-unidad-encabezada-por-leonidas-requelme\/","url_meta":{"origin":2659,"position":5},"title":"ESPERANZA PARA LOS VIGILADORES PRIVADOS: LLEGAN LAS ELECCIONES EN U.P.S.R.A. CON LISTA DE UNIDAD ENCABEZADA POR LEONIDAS REQUELME","author":"Alejandro Sosa Ruda","date":"20 noviembre, 2019","format":false,"excerpt":"Parece mentira, pero luego de a\u00f1os de lucha, entre los que se cuentan los \u00faltimos con cuatro interventores designados por el Ministerio de Trabajo, ma\u00f1ana, 20 de Noviembre de 2019 finalmente los afiliados a la U.P.S.R.A. (Uni\u00f3n del Personal de Seguridad de la Rep\u00fablica Argentina) podr\u00e1n definitivamente emitir su voto\u2026","rel":"","context":"En \u00abGREMIALES\u00bb","block_context":{"text":"GREMIALES","link":"https:\/\/larevistadigital.com.ar\/blog\/category\/gremiales\/"},"img":{"alt_text":"","src":"https:\/\/i0.wp.com\/larevistadigital.com.ar\/blog\/wp-content\/uploads\/WhatsApp-Image-2019-11-05-at-10.08.41.jpeg?fit=720%2C845&ssl=1&resize=350%2C200","width":350,"height":200,"srcset":"https:\/\/i0.wp.com\/larevistadigital.com.ar\/blog\/wp-content\/uploads\/WhatsApp-Image-2019-11-05-at-10.08.41.jpeg?fit=720%2C845&ssl=1&resize=350%2C200 1x, https:\/\/i0.wp.com\/larevistadigital.com.ar\/blog\/wp-content\/uploads\/WhatsApp-Image-2019-11-05-at-10.08.41.jpeg?fit=720%2C845&ssl=1&resize=525%2C300 1.5x, https:\/\/i0.wp.com\/larevistadigital.com.ar\/blog\/wp-content\/uploads\/WhatsApp-Image-2019-11-05-at-10.08.41.jpeg?fit=720%2C845&ssl=1&resize=700%2C400 2x"},"classes":[]}],"_links":{"self":[{"href":"https:\/\/larevistadigital.com.ar\/blog\/wp-json\/wp\/v2\/posts\/2659","targetHints":{"allow":["GET"]}}],"collection":[{"href":"https:\/\/larevistadigital.com.ar\/blog\/wp-json\/wp\/v2\/posts"}],"about":[{"href":"https:\/\/larevistadigital.com.ar\/blog\/wp-json\/wp\/v2\/types\/post"}],"author":[{"embeddable":true,"href":"https:\/\/larevistadigital.com.ar\/blog\/wp-json\/wp\/v2\/users\/3"}],"replies":[{"embeddable":true,"href":"https:\/\/larevistadigital.com.ar\/blog\/wp-json\/wp\/v2\/comments?post=2659"}],"version-history":[{"count":4,"href":"https:\/\/larevistadigital.com.ar\/blog\/wp-json\/wp\/v2\/posts\/2659\/revisions"}],"predecessor-version":[{"id":2670,"href":"https:\/\/larevistadigital.com.ar\/blog\/wp-json\/wp\/v2\/posts\/2659\/revisions\/2670"}],"wp:featuredmedia":[{"embeddable":true,"href":"https:\/\/larevistadigital.com.ar\/blog\/wp-json\/wp\/v2\/media\/2660"}],"wp:attachment":[{"href":"https:\/\/larevistadigital.com.ar\/blog\/wp-json\/wp\/v2\/media?parent=2659"}],"wp:term":[{"taxonomy":"category","embeddable":true,"href":"https:\/\/larevistadigital.com.ar\/blog\/wp-json\/wp\/v2\/categories?post=2659"},{"taxonomy":"post_tag","embeddable":true,"href":"https:\/\/larevistadigital.com.ar\/blog\/wp-json\/wp\/v2\/tags?post=2659"}],"curies":[{"name":"wp","href":"https:\/\/api.w.org\/{rel}","templated":true}]}}