{"id":26592,"date":"2022-07-14T19:20:40","date_gmt":"2022-07-14T19:20:40","guid":{"rendered":"https:\/\/larevistadigital.com.ar\/blog\/?p=26592"},"modified":"2022-07-14T19:20:40","modified_gmt":"2022-07-14T19:20:40","slug":"trasladaban-ilegalmente-30-toneladas-de-soja","status":"publish","type":"post","link":"https:\/\/larevistadigital.com.ar\/blog\/trasladaban-ilegalmente-30-toneladas-de-soja\/","title":{"rendered":"TRASLADABAN ILEGALMENTE 30 TONELADAS DE SOJA"},"content":{"rendered":"<h2 class=\"fparrafo ctext fz18 lh25\">Efectivos del Escuadr\u00f3n 54 \u201cAguaray\u201d mientras realizaban controles vehiculares sobre el kil\u00f3metro 1.466 de la Ruta Nacional N\u00b0 34, interceptaron un cami\u00f3n Iveco con acoplado, en el que circulaba un ciudadano con itinerario C\u00f3rdoba \u2013 Salvador Mazza (Salta). Los gendarmes detectaron que el chofer trasportaba 600 bolsas tipo arpillera que conten\u00eda soja entera y partida, por lo cual el personal de la Fuerza realiz\u00f3 el registro correspondiente de la documentaci\u00f3n.<\/h2>\n<p class=\"selectionShareable\">Consecuentemente, los funcionarios tomaron contacto con integrantes de Delitos Econ\u00f3micos, quienes confirmaron que la destinataria no pose\u00eda planta de acopio inscripta en el Registro \u00danico de Operadores de la Cadena Agroindustrial (RUCA).<\/p>\n<blockquote>\n<h3 class=\"selectionShareable\">Seg\u00fan pudo saber InfoGEI, los efectivos informaron de lo sucedido al personal de AFIP-DGA \u201cPocitos\u201d, la cual orient\u00f3 realizar el labrado de las actuaciones como as\u00ed tambi\u00e9n decomisar el rodado, la totalidad de 30.000 kilos de soja y dem\u00e1s elementos de inter\u00e9s para la causa.<\/h3>\n<\/blockquote>\n<p class=\"selectionShareable\">Con respecto al involucrado, quedo supeditado a la causa, por encontrarse en presunta infracci\u00f3n a la Ley 22.415 \u201cC\u00f3digo Aduanero\u201d, el cual fue sancionado y promulgado el 2 de marzo de 1981, mientras que se public\u00f3 en el Bolet\u00edn Oficial el 23 de marzo de ese mismo a\u00f1o, y entr\u00f3 en vigencia a los seis meses de su publicaci\u00f3n.<\/p>\n<p class=\"selectionShareable\"><span style=\"color: #ff0000\"><b>Ley 22.415 \u201cC\u00f3digo Aduanero\u201d<\/b><\/span><\/p>\n<p class=\"selectionShareable\">La Comisi\u00f3n Redactora del C\u00f3digo Aduanero fue designada por Resoluciones 599\/76 y 695\/77 de la Secretar\u00eda de Estado de Hacienda, y estuvo presidida por el Dr. Carlos M. Tacchi, formando parte de ella los Dres. Mario A. Alsina, Enrique Carlos Barreira, Ricardo Xavier Basald\u00faa, Rodolfo H. Cambra, Juan Patricio Cotter Moine y H\u00e9ctor Guillermo Vidal Albarrac\u00edn, y los se\u00f1ores Laureano Fern\u00e1ndez y Francisco Mario Garc\u00eda.<\/p>\n<blockquote>\n<h3 class=\"selectionShareable\">La Comisi\u00f3n ten\u00eda la misi\u00f3n de elaborar un cuerpo de normas organizado, arm\u00f3nico y moderno destinado a regular en forma sistem\u00e1tica la materia aduanera. Como se indica en la Exposici\u00f3n de Motivos del C\u00f3digo Aduanero, el proyecto elaborado por la Comisi\u00f3n ten\u00eda por objeto regular todos los institutos que conforman el ordenamiento aduanero de base, sustituyendo toda la legislaci\u00f3n aduanera hasta entonces vigente.<\/h3>\n<\/blockquote>\n<p class=\"selectionShareable\">El texto completo del C\u00f3digo y su reglamentaci\u00f3n, con todas las reformas introducidas hasta la fecha, se publican en esta Secci\u00f3n. (<b>InfoGEI<\/b>)Ap<\/p>\n<p>&nbsp;<\/p>\n","protected":false},"excerpt":{"rendered":"<div class=\"mh-excerpt\"><p>Efectivos del Escuadr\u00f3n 54 \u201cAguaray\u201d mientras realizaban controles vehiculares sobre el kil\u00f3metro 1.466 de la Ruta Nacional N\u00b0 34, interceptaron un cami\u00f3n Iveco con acoplado, en el que circulaba un ciudadano con itinerario C\u00f3rdoba \u2013 <a class=\"mh-excerpt-more\" href=\"https:\/\/larevistadigital.com.ar\/blog\/trasladaban-ilegalmente-30-toneladas-de-soja\/\" title=\"TRASLADABAN ILEGALMENTE 30 TONELADAS DE SOJA\">[Leer M\u00e1s]<\/a><\/p>\n<\/div>","protected":false},"author":3,"featured_media":26593,"comment_status":"open","ping_status":"open","sticky":false,"template":"","format":"standard","meta":{"_jetpack_memberships_contains_paid_content":false,"footnotes":"","jetpack_publicize_message":"","jetpack_publicize_feature_enabled":true,"jetpack_social_post_already_shared":true,"jetpack_social_options":{"image_generator_settings":{"template":"highway","default_image_id":0,"font":"","enabled":false},"version":2}},"categories":[50,44],"tags":[],"class_list":{"0":"post-26592","1":"post","2":"type-post","3":"status-publish","4":"format-standard","5":"has-post-thumbnail","7":"category-interes-general","8":"category-policiales"},"jetpack_publicize_connections":[],"jetpack_featured_media_url":"https:\/\/i0.wp.com\/larevistadigital.com.ar\/blog\/wp-content\/uploads\/20220714171143_trasladaba-ilegalmente-30-toneladas-de-soja.jpg?fit=880%2C512&ssl=1","jetpack_sharing_enabled":true,"jetpack_shortlink":"https:\/\/wp.me\/p8qtrQ-6UU","jetpack-related-posts":[{"id":23990,"url":"https:\/\/larevistadigital.com.ar\/blog\/prohibieron-en-todo-el-pais-el-consumo-de-una-marca-de-milanesas-de-soja\/","url_meta":{"origin":26592,"position":0},"title":"PROHIBIERON EN TODO EL PA\u00cdS EL CONSUMO DE UNA MARCA DE MILANESAS DE SOJA","author":"Alejandro Sosa Ruda","date":"15 febrero, 2022","format":false,"excerpt":"La Administraci\u00f3n Nacional de Medicamentos, Alimentos y Tecnolog\u00eda M\u00e9dica (ANMAT) hab\u00eda iniciado una investigaci\u00f3n tras una denuncia en Mendoza. La Administraci\u00f3n Nacional de Medicamentos, Alimentos y Tecnolog\u00eda M\u00e9dica (ANMAT) prohibi\u00f3 en las \u00faltimas horas\u00a0la elaboraci\u00f3n, el fraccionamiento y la comercializaci\u00f3n en todo el pa\u00eds de una milanesa de soja ilegal.\u2026","rel":"","context":"En \u00abINTERES GENERAL\u00bb","block_context":{"text":"INTERES GENERAL","link":"https:\/\/larevistadigital.com.ar\/blog\/category\/interes-general\/"},"img":{"alt_text":"","src":"https:\/\/i0.wp.com\/larevistadigital.com.ar\/blog\/wp-content\/uploads\/imagepng.png?fit=1200%2C676&ssl=1&resize=350%2C200","width":350,"height":200,"srcset":"https:\/\/i0.wp.com\/larevistadigital.com.ar\/blog\/wp-content\/uploads\/imagepng.png?fit=1200%2C676&ssl=1&resize=350%2C200 1x, https:\/\/i0.wp.com\/larevistadigital.com.ar\/blog\/wp-content\/uploads\/imagepng.png?fit=1200%2C676&ssl=1&resize=525%2C300 1.5x, https:\/\/i0.wp.com\/larevistadigital.com.ar\/blog\/wp-content\/uploads\/imagepng.png?fit=1200%2C676&ssl=1&resize=700%2C400 2x, https:\/\/i0.wp.com\/larevistadigital.com.ar\/blog\/wp-content\/uploads\/imagepng.png?fit=1200%2C676&ssl=1&resize=1050%2C600 3x"},"classes":[]},{"id":38327,"url":"https:\/\/larevistadigital.com.ar\/blog\/detienen-a-un-hombre-por-el-robo-de-30-toneladas-de-soja\/","url_meta":{"origin":26592,"position":1},"title":"Detienen a un hombre por el robo de 30 toneladas de soja","author":"Alejandro Sosa Ruda","date":"18 diciembre, 2024","format":false,"excerpt":"Un hombre fue detenido en Chacabuco en el marco de una investigaci\u00f3n por \"Robo Agravado\", encabezada por fuerzas policiales de distintas jurisdicciones. Adem\u00e1s de la soja recuperada, se incautaron armas, equipos de comunicaci\u00f3n y otros elementos en cuatro allanamientos realizados. El caso se inici\u00f3 el 9 de septiembre, cuando se\u2026","rel":"","context":"En \u00abINTERES GENERAL\u00bb","block_context":{"text":"INTERES GENERAL","link":"https:\/\/larevistadigital.com.ar\/blog\/category\/interes-general\/"},"img":{"alt_text":"","src":"https:\/\/i0.wp.com\/larevistadigital.com.ar\/blog\/wp-content\/uploads\/20241218162054_policia-rural-chacabuco-allanamientos.jpg?fit=880%2C512&ssl=1&resize=350%2C200","width":350,"height":200,"srcset":"https:\/\/i0.wp.com\/larevistadigital.com.ar\/blog\/wp-content\/uploads\/20241218162054_policia-rural-chacabuco-allanamientos.jpg?fit=880%2C512&ssl=1&resize=350%2C200 1x, https:\/\/i0.wp.com\/larevistadigital.com.ar\/blog\/wp-content\/uploads\/20241218162054_policia-rural-chacabuco-allanamientos.jpg?fit=880%2C512&ssl=1&resize=525%2C300 1.5x, https:\/\/i0.wp.com\/larevistadigital.com.ar\/blog\/wp-content\/uploads\/20241218162054_policia-rural-chacabuco-allanamientos.jpg?fit=880%2C512&ssl=1&resize=700%2C400 2x"},"classes":[]},{"id":7397,"url":"https:\/\/larevistadigital.com.ar\/blog\/chascomus-llegaron-los-efectivos-del-operativo-sol\/","url_meta":{"origin":26592,"position":2},"title":"CHASCOM\u00daS. LLEGARON LOS EFECTIVOS DEL OPERATIVO SOL","author":"Alejandro Sosa Ruda","date":"27 diciembre, 2018","format":false,"excerpt":"En el d\u00eda de ayer se sumaron los efectivos policiales del Operativo Sol para lo que es la temporada estival. A la ma\u00f1ana se presentaron los 25 agentes reci\u00e9n egresados de la Escuela de Polic\u00eda, tuvieron que pasar primero por la Estaci\u00f3n Departamental para realizar cuestiones administrativas. A su vez,\u2026","rel":"","context":"En \u00abCHASCOM\u00daS\u00bb","block_context":{"text":"CHASCOM\u00daS","link":"https:\/\/larevistadigital.com.ar\/blog\/category\/chascomus\/"},"img":{"alt_text":"","src":"https:\/\/i0.wp.com\/larevistadigital.com.ar\/blog\/wp-content\/uploads\/2018\/10\/COMISARIA-de-CHASCOMUS_02-05-2015.jpg?fit=800%2C600&ssl=1&resize=350%2C200","width":350,"height":200,"srcset":"https:\/\/i0.wp.com\/larevistadigital.com.ar\/blog\/wp-content\/uploads\/2018\/10\/COMISARIA-de-CHASCOMUS_02-05-2015.jpg?fit=800%2C600&ssl=1&resize=350%2C200 1x, https:\/\/i0.wp.com\/larevistadigital.com.ar\/blog\/wp-content\/uploads\/2018\/10\/COMISARIA-de-CHASCOMUS_02-05-2015.jpg?fit=800%2C600&ssl=1&resize=525%2C300 1.5x, https:\/\/i0.wp.com\/larevistadigital.com.ar\/blog\/wp-content\/uploads\/2018\/10\/COMISARIA-de-CHASCOMUS_02-05-2015.jpg?fit=800%2C600&ssl=1&resize=700%2C400 2x"},"classes":[]},{"id":29867,"url":"https:\/\/larevistadigital.com.ar\/blog\/hieren-a-un-policia-luego-que-un-hombre-acciono-una-granada\/","url_meta":{"origin":26592,"position":3},"title":"HIEREN A UN POLIC\u00cdA LUEGO QUE UN HOMBRE ACCION\u00d3 UNA GRANADA","author":"Alejandro Sosa Ruda","date":"21 enero, 2023","format":false,"excerpt":"Un polic\u00eda result\u00f3 gravemente herido cuando un hombre que gritaba \"ahora explotamos todos\" accion\u00f3 una granada en la v\u00eda p\u00fablica, tras lo cual qued\u00f3 detenido, en la localidad bonaerense de Jos\u00e9 C. Paz, informaron hoy fuentes de la fuerza. JOS\u00c9 C. PAZ - El hecho ocurri\u00f3 este mi\u00e9roles, en las\u2026","rel":"","context":"En \u00abPOLICIALES\u00bb","block_context":{"text":"POLICIALES","link":"https:\/\/larevistadigital.com.ar\/blog\/category\/policiales\/"},"img":{"alt_text":"","src":"https:\/\/i0.wp.com\/larevistadigital.com.ar\/blog\/wp-content\/uploads\/20230119101532_atacante-granada-jose-c-paz.jpg?fit=880%2C512&ssl=1&resize=350%2C200","width":350,"height":200,"srcset":"https:\/\/i0.wp.com\/larevistadigital.com.ar\/blog\/wp-content\/uploads\/20230119101532_atacante-granada-jose-c-paz.jpg?fit=880%2C512&ssl=1&resize=350%2C200 1x, https:\/\/i0.wp.com\/larevistadigital.com.ar\/blog\/wp-content\/uploads\/20230119101532_atacante-granada-jose-c-paz.jpg?fit=880%2C512&ssl=1&resize=525%2C300 1.5x, https:\/\/i0.wp.com\/larevistadigital.com.ar\/blog\/wp-content\/uploads\/20230119101532_atacante-granada-jose-c-paz.jpg?fit=880%2C512&ssl=1&resize=700%2C400 2x"},"classes":[]},{"id":26685,"url":"https:\/\/larevistadigital.com.ar\/blog\/controlaron-un-motin-en-la-comisaria-de-los-toldos\/","url_meta":{"origin":26592,"position":4},"title":"CONTROLARON UN MOTIN EN LA COMISAR\u00cdA DE LOS TOLDOS","author":"Alejandro Sosa Ruda","date":"17 julio, 2022","format":false,"excerpt":"Un grupo de nueve presos gener\u00f3 un principio de incendio. Uno de ellos exig\u00eda que se lo traslade al a una dependencia del conurbano. LOS TOLDOS -\u00a0 En la tarde de este s\u00e1bado se registr\u00f3 un mot\u00edn en la comisar\u00eda de Los Toldos, partido de General Viamonte. Hasta all\u00ed se\u2026","rel":"","context":"En \u00abINTERES GENERAL\u00bb","block_context":{"text":"INTERES GENERAL","link":"https:\/\/larevistadigital.com.ar\/blog\/category\/interes-general\/"},"img":{"alt_text":"","src":"https:\/\/i0.wp.com\/larevistadigital.com.ar\/blog\/wp-content\/uploads\/LOS-TOLDOS.jpg?fit=800%2C500&ssl=1&resize=350%2C200","width":350,"height":200,"srcset":"https:\/\/i0.wp.com\/larevistadigital.com.ar\/blog\/wp-content\/uploads\/LOS-TOLDOS.jpg?fit=800%2C500&ssl=1&resize=350%2C200 1x, https:\/\/i0.wp.com\/larevistadigital.com.ar\/blog\/wp-content\/uploads\/LOS-TOLDOS.jpg?fit=800%2C500&ssl=1&resize=525%2C300 1.5x, https:\/\/i0.wp.com\/larevistadigital.com.ar\/blog\/wp-content\/uploads\/LOS-TOLDOS.jpg?fit=800%2C500&ssl=1&resize=700%2C400 2x"},"classes":[]},{"id":24041,"url":"https:\/\/larevistadigital.com.ar\/blog\/insolito-agentes-realizaban-una-inspeccion-en-el-super-chino-y-el-dueno-los-encerro\/","url_meta":{"origin":26592,"position":5},"title":"INSOLITO: AGENTES REALIZABAN UNA INSPECCI\u00d3N EN EL SUPER CHINO Y EL DUE\u00d1O LOS ENCERR\u00d3","author":"Alejandro Sosa Ruda","date":"16 febrero, 2022","format":false,"excerpt":"Sucedi\u00f3 el martes por la noche en un comercio de Ruta 15 entre 50 y 51. Durante el procedimiento, se habr\u00eda generado una discusi\u00f3n que deriv\u00f3 en el hecho. BERISSO -\u00a0 Un comerciante de nacionalidad china de 44 a\u00f1os fue detenido durante las \u00faltimas horas en Berisso, acusado de\u00a0dejar encerrados\u2026","rel":"","context":"En \u00abPOLICIALES\u00bb","block_context":{"text":"POLICIALES","link":"https:\/\/larevistadigital.com.ar\/blog\/category\/policiales\/"},"img":{"alt_text":"","src":"https:\/\/i0.wp.com\/larevistadigital.com.ar\/blog\/wp-content\/uploads\/una-mujer-fue-rescatada-la-policia-la-plata.jpg?fit=1200%2C675&ssl=1&resize=350%2C200","width":350,"height":200,"srcset":"https:\/\/i0.wp.com\/larevistadigital.com.ar\/blog\/wp-content\/uploads\/una-mujer-fue-rescatada-la-policia-la-plata.jpg?fit=1200%2C675&ssl=1&resize=350%2C200 1x, https:\/\/i0.wp.com\/larevistadigital.com.ar\/blog\/wp-content\/uploads\/una-mujer-fue-rescatada-la-policia-la-plata.jpg?fit=1200%2C675&ssl=1&resize=525%2C300 1.5x, https:\/\/i0.wp.com\/larevistadigital.com.ar\/blog\/wp-content\/uploads\/una-mujer-fue-rescatada-la-policia-la-plata.jpg?fit=1200%2C675&ssl=1&resize=700%2C400 2x, https:\/\/i0.wp.com\/larevistadigital.com.ar\/blog\/wp-content\/uploads\/una-mujer-fue-rescatada-la-policia-la-plata.jpg?fit=1200%2C675&ssl=1&resize=1050%2C600 3x"},"classes":[]}],"_links":{"self":[{"href":"https:\/\/larevistadigital.com.ar\/blog\/wp-json\/wp\/v2\/posts\/26592","targetHints":{"allow":["GET"]}}],"collection":[{"href":"https:\/\/larevistadigital.com.ar\/blog\/wp-json\/wp\/v2\/posts"}],"about":[{"href":"https:\/\/larevistadigital.com.ar\/blog\/wp-json\/wp\/v2\/types\/post"}],"author":[{"embeddable":true,"href":"https:\/\/larevistadigital.com.ar\/blog\/wp-json\/wp\/v2\/users\/3"}],"replies":[{"embeddable":true,"href":"https:\/\/larevistadigital.com.ar\/blog\/wp-json\/wp\/v2\/comments?post=26592"}],"version-history":[{"count":2,"href":"https:\/\/larevistadigital.com.ar\/blog\/wp-json\/wp\/v2\/posts\/26592\/revisions"}],"predecessor-version":[{"id":26600,"href":"https:\/\/larevistadigital.com.ar\/blog\/wp-json\/wp\/v2\/posts\/26592\/revisions\/26600"}],"wp:featuredmedia":[{"embeddable":true,"href":"https:\/\/larevistadigital.com.ar\/blog\/wp-json\/wp\/v2\/media\/26593"}],"wp:attachment":[{"href":"https:\/\/larevistadigital.com.ar\/blog\/wp-json\/wp\/v2\/media?parent=26592"}],"wp:term":[{"taxonomy":"category","embeddable":true,"href":"https:\/\/larevistadigital.com.ar\/blog\/wp-json\/wp\/v2\/categories?post=26592"},{"taxonomy":"post_tag","embeddable":true,"href":"https:\/\/larevistadigital.com.ar\/blog\/wp-json\/wp\/v2\/tags?post=26592"}],"curies":[{"name":"wp","href":"https:\/\/api.w.org\/{rel}","templated":true}]}}