{"id":26597,"date":"2022-07-15T07:44:02","date_gmt":"2022-07-15T07:44:02","guid":{"rendered":"https:\/\/larevistadigital.com.ar\/blog\/?p=26597"},"modified":"2022-07-15T07:44:02","modified_gmt":"2022-07-15T07:44:02","slug":"esto-paso-un-dia-como-hoy-15-7","status":"publish","type":"post","link":"https:\/\/larevistadigital.com.ar\/blog\/esto-paso-un-dia-como-hoy-15-7\/","title":{"rendered":"ESTO PAS\u00d3 UN D\u00cdA COMO HOY (15\/7)"},"content":{"rendered":"<h2 class=\"headline\">Hac\u00e9 un recorrido hist\u00f3rico por los acontecimientos argentinos y del mundo que quedaron para siempre grabados en el calendario.<\/h2>\n<ul>\n<li>El\u00a0<strong>15 de julio<\/strong>\u00a0de\u00a0<strong>1963,\u00a0<\/strong>la planta de l\u00ednea de montaje situada en General Pacheco present\u00f3el primer Ford Falcon\u00a0construido por argentinos. Esta carrocer\u00eda ten\u00eda las modificaciones ya efectuadas en Estados Unidos. Ligado fuertemente a la vida cotidiana de un pueblo, el<strong>\u00a0<\/strong>Falcon\u00a0marc\u00f3 varias d\u00e9cadas en la Argentina. M\u00e1s all\u00e1 de ser un modelo ic\u00f3nico en la industria nacional, fue empleado como auto particular, taxi, patrullero, utilitario y coche de carrera, dejando una huella imborrable en el Turismo Carretera, la categor\u00eda de \u201clos fierros\u201d m\u00e1s popular del pa\u00eds.<br \/>\nEl origen del\u00a0<strong>Falcon<\/strong>\u00a0comenz\u00f3 en suelo norteamericano a mediados de 1957,\u00e9poca en la que los ejecutivos de la\u00a0<strong>Ford Motor Company<\/strong>\u00a0empezaron\u00a0 a ver c\u00f3mo la \u201cnueva ola\u201d de j\u00f3venes se ve\u00eda deslumbrada por autom\u00f3viles m\u00e1s peque\u00f1os y \u00e1giles.<\/li>\n<li><strong>1867-<\/strong> El ingeniero qu\u00edmico sueco Alfred Nobel patenta la dinamita,\u00a0herramienta explosiva que ha sido clave en las guerras de la historia contempor\u00e1nea.\u00a0Su mayor descubrimiento\u00a0es el haber indagado sobre la mezcla de la nitroglicerina con la diatomita, material absorbente que se transforma en una pasta moldeable, mediante la que asegur\u00f3 que la explosi\u00f3n se provocara\u00a0solo con el uso de un detonador.<br \/>\nEl inventor decidi\u00f3 legar parte de su fortuna para crear una fundaci\u00f3n que premiara anualmente a aquellas personas que hayan realizado el mayor aporte a la humanidad, surgiendo as\u00ed los Premios Nobel.<\/p>\n<ul>\n<li><strong>1883-<\/strong>\u00a0Se efect\u00faa\u00a0<strong>la primera llamada de la historia<\/strong>\u00a0en\u00a0<strong>Sudam\u00e9rica\u00a0<\/strong>a trav\u00e9s del tel\u00e9grafo\u00a0entre las ciudades de Buenos Aires y Rosario, con dispositivos de fabricaci\u00f3n alemana.<\/li>\n<\/ul>\n<ul>\n<li><strong>1900-\u00a0<\/strong>Nace el compositor y poeta argentino Enrique Cad\u00edcamo\u00a0en la localidad bonaerense de Luj\u00e1n. Al autor nacional se lo enalteci\u00f3 con los t\u00edtulos de Personalidad Em\u00e9rita de la Cultura Argentina y Ciudadano Ilustre de la Ciudad de Buenos Aires.\u00a0Estas condecoraciones\u00a0son fruto de su numeroso cancionero,\u00a0conformado por m\u00e1s de 800 temas y diversidad de ritmos como tangos, valses, milongas, foxtrots, polkas y candombes.<\/li>\n<li><strong>1930-\u00a0<\/strong>En el marco de la realizaci\u00f3n del\u00a0<strong>primer<\/strong>\u00a0<strong>Mundial de la FIFA<\/strong>, la\u00a0<strong>selecci\u00f3n argentina\u00a0<\/strong>debuta contra Francia y\u00a0se impone por 1 a 0 en la cita de conjuntos nacionales que se lleva a cabo cada cuatro a\u00f1os.<\/li>\n<li><strong>1945 &#8211;<\/strong>\u00a0El hist\u00f3rico delantero apodado internacionalmente como \u201cla Saeta Rubia\u201d,\u00a0<strong>Alfredo Di St\u00e9fano,<\/strong>\u00a0hace su aparici\u00f3n en la Primera Divisi\u00f3n del f\u00fatbol argentino con la camiseta del Club Atl\u00e9tico River Plate a los 19 a\u00f1os de edad, partido en el que los \u201cmillonarios\u201d cayeron 2 a 1 ante Hurac\u00e1n.<\/li>\n<li><strong>1954 &#8211;\u00a0<\/strong>Nace uno de los jugadores m\u00e1s sobresalientes que supo vestir la albiceleste durante la Copa del Mundo de Argentina 78 y actual comentarista deportivo de la liga espa\u00f1ola, <b>Mario Kempes en el pueblo cordob\u00e9s de Bell Ville.<\/b><br \/>\nA lo largo de su carrera disput\u00f3 649 partidos y convirti\u00f3 un total de 357 goles, camino profesional que lo llev\u00f3 a instituciones como el Valencia en el viejo continente, uno de los principales equipos en Argentina como lo es River Plate y surgi\u00f3 de Instituto, perteneciente a su provincia natal.<\/li>\n<li><strong>1989 &#8211;<\/strong> Desde un escenario flotante, la banda brit\u00e1nica Pink Floyd brinda un show frente a la Plaza de San Marco, en\u00a0la ciudad italiana de Venecia, lugar p\u00fablico que fue colmado por decenas de miles de espectadores para presenciar el espect\u00e1culo<\/li>\n<li><strong>1997 &#8211;<\/strong> Asesinan al famoso dise\u00f1ador de moda a nivel internacional Gianni Versace cuando se encontraba en su mansi\u00f3n de Florida, Estados Unidos. El responsable del crimen fue identificado como Andrew Cunanan, asesino serial que era buscado por la Oficina Federal de Investigaciones (FBI), tras haber perpetrado previamente cuatro homicidios.<\/li>\n<li><strong>2003 &#8211;<\/strong> Fallece el novelista chileno Roberto Bola\u00f1o\u00a0a los 50 a\u00f1os\u00a0en Barcelona, Espa\u00f1a, como consecuencia de una dolencia hep\u00e1tica degenerativa.\u00a0El ensayista forz\u00f3 los l\u00edmites de la literatura con\u00a0obras en las que desarrollaba y combinaba con\u00a0igual acierto historias paralelas, autobiograf\u00eda y\u00a0biograf\u00eda inventada. Contaba con un talento extraordinario, que mostr\u00f3 tanto en relato corto como\u00a0en la narrativa de largo aliento.<\/li>\n<li><strong>2006 &#8211;<\/strong> Se lanza al mercado la red social Twitter, servicio de microblogueo creado\u00a0por Jack Dorsey, Biz Stone, Evan Williams y Noah Glass. Plataforma ideada en San Francisco, California.<\/li>\n<li><strong>2009 &#8211;<\/strong>\u00a0<strong>Estudiantes de La Plata<\/strong>\u00a0gana su cuarta\u00a0<strong>Copa Libertadores de Am\u00e9rica<\/strong>\u00a0al vencer al Cruzeiro de Brasil en condici\u00f3n de visitante por 2 a 1 en Belo Horizonte, con goles de Gast\u00f3n Fern\u00e1ndez y Mauro Boselli, tras haber empezado el encuentro en desventaja,<\/li>\n<li><strong>2010 &#8211;<\/strong>\u00a0Se aprueba la\u00a0<strong>Ley de Matrimonio igualitario\u00a0(N\u00b0 26.618)<\/strong>\u00a0en Argentina con 33 votos a favor, 27 en contra y 3 abstenciones. Debido a ello se posicion\u00f3 como el primer pa\u00eds de Am\u00e9rica Latina en habilitar ese derecho en materia de g\u00e9nero.<\/li>\n<li><strong>D\u00eda Mundial de las Habilidades de la Juventud<\/strong>, proclamado por la Asamblea General de la Organizaci\u00f3n de las Naciones Unidas (ONU).\u00a0Se instaur\u00f3 con la finalidad\u00a0de divulgar la importancia de impulsar a los j\u00f3venes a trav\u00e9s de la adquisici\u00f3n de aptitudes\u00a0 y destrezas\u00a0que les permitan acceder al mercado laboral global, para as\u00ed,\u00a0empoderarlos y que sean influyentes\u00a0 en sus comunidades.<\/li>\n<\/ul>\n<\/li>\n<\/ul>\n<p>fuente Perfil<\/p>\n","protected":false},"excerpt":{"rendered":"<div class=\"mh-excerpt\"><p>Hac\u00e9 un recorrido hist\u00f3rico por los acontecimientos argentinos y del mundo que quedaron para siempre grabados en el calendario. El\u00a015 de julio\u00a0de\u00a01963,\u00a0la planta de l\u00ednea de montaje situada en General Pacheco present\u00f3el primer Ford Falcon\u00a0construido <a class=\"mh-excerpt-more\" href=\"https:\/\/larevistadigital.com.ar\/blog\/esto-paso-un-dia-como-hoy-15-7\/\" title=\"ESTO PAS\u00d3 UN D\u00cdA COMO HOY (15\/7)\">[Leer M\u00e1s]<\/a><\/p>\n<\/div>","protected":false},"author":3,"featured_media":16747,"comment_status":"open","ping_status":"open","sticky":false,"template":"","format":"standard","meta":{"_jetpack_memberships_contains_paid_content":false,"footnotes":"","jetpack_publicize_message":"","jetpack_publicize_feature_enabled":true,"jetpack_social_post_already_shared":true,"jetpack_social_options":{"image_generator_settings":{"template":"highway","default_image_id":0,"font":"","enabled":false},"version":2}},"categories":[15],"tags":[],"class_list":{"0":"post-26597","1":"post","2":"type-post","3":"status-publish","4":"format-standard","5":"has-post-thumbnail","7":"category-cultura"},"jetpack_publicize_connections":[],"jetpack_featured_media_url":"https:\/\/i0.wp.com\/larevistadigital.com.ar\/blog\/wp-content\/uploads\/LOGO-EFEMERIDES.jpg?fit=1268%2C664&ssl=1","jetpack_sharing_enabled":true,"jetpack_shortlink":"https:\/\/wp.me\/p8qtrQ-6UZ","jetpack-related-posts":[{"id":33112,"url":"https:\/\/larevistadigital.com.ar\/blog\/mar-del-plata-quisieron-robar-un-bano-quimico-en-un-falcon-y-fueron-descubiertos\/","url_meta":{"origin":26597,"position":0},"title":"MAR DEL PLATA: QUISIERON ROBAR UN BA\u00d1O QU\u00cdMICO EN UN FALCON Y FUERON DESCUBIERTOS","author":"Alejandro Sosa Ruda","date":"29 agosto, 2023","format":false,"excerpt":"El hecho ocurri\u00f3 esta madrugada en un balneario del barrio Alfar. Los delincuentes, dos hombres de 44 y 45 a\u00f1os, quedaron aprehendidos. 29 de agosto de 2023 MAR DEL PLATA -\u00a0 Una alerta al n\u00famero de emergencias 911 puso en movimiento al personal de la comisar\u00eda decimotercera al sur de\u2026","rel":"","context":"En \u00abPOLICIALES\u00bb","block_context":{"text":"POLICIALES","link":"https:\/\/larevistadigital.com.ar\/blog\/category\/policiales\/"},"img":{"alt_text":"","src":"https:\/\/i0.wp.com\/larevistadigital.com.ar\/blog\/wp-content\/uploads\/Captura-de-pantalla-2023-08-29-140522.jpg?fit=824%2C458&ssl=1&resize=350%2C200","width":350,"height":200,"srcset":"https:\/\/i0.wp.com\/larevistadigital.com.ar\/blog\/wp-content\/uploads\/Captura-de-pantalla-2023-08-29-140522.jpg?fit=824%2C458&ssl=1&resize=350%2C200 1x, https:\/\/i0.wp.com\/larevistadigital.com.ar\/blog\/wp-content\/uploads\/Captura-de-pantalla-2023-08-29-140522.jpg?fit=824%2C458&ssl=1&resize=525%2C300 1.5x, https:\/\/i0.wp.com\/larevistadigital.com.ar\/blog\/wp-content\/uploads\/Captura-de-pantalla-2023-08-29-140522.jpg?fit=824%2C458&ssl=1&resize=700%2C400 2x"},"classes":[]},{"id":11840,"url":"https:\/\/larevistadigital.com.ar\/blog\/mar-del-plata-escaparon-en-un-falcon-y-chocaron-dos-autos-tienen-16-y-19-anos\/","url_meta":{"origin":26597,"position":1},"title":"MAR DEL PLATA: ESCAPARON EN UN FALCON Y CHOCARON DOS AUTOS. TIENEN 16 Y 19 A\u00d1OS","author":"Alejandro Sosa Ruda","date":"13 agosto, 2019","format":false,"excerpt":"Sucedi\u00f3 en la esquina de Gasc\u00f3n y Dorrego. Fueron asistidos por personal m\u00e9dico y se les form\u00f3 una causa por resistencia a la autoridad. Un joven de 19 a\u00f1os y un adolescente de 16 que escaparon en un auto al ver un control policial y chocaron a dos veh\u00edculos estacionados\u2026","rel":"","context":"En \u00abREGIONALES\u00bb","block_context":{"text":"REGIONALES","link":"https:\/\/larevistadigital.com.ar\/blog\/category\/regionales\/"},"img":{"alt_text":"","src":"https:\/\/i0.wp.com\/larevistadigital.com.ar\/blog\/wp-content\/uploads\/1565696687689.jpeg?fit=600%2C365&ssl=1&resize=350%2C200","width":350,"height":200,"srcset":"https:\/\/i0.wp.com\/larevistadigital.com.ar\/blog\/wp-content\/uploads\/1565696687689.jpeg?fit=600%2C365&ssl=1&resize=350%2C200 1x, https:\/\/i0.wp.com\/larevistadigital.com.ar\/blog\/wp-content\/uploads\/1565696687689.jpeg?fit=600%2C365&ssl=1&resize=525%2C300 1.5x"},"classes":[]},{"id":31435,"url":"https:\/\/larevistadigital.com.ar\/blog\/la-historia-del-taxi-que-corrio-en-tc\/","url_meta":{"origin":26597,"position":2},"title":"LA HISTORIA DEL \u00abTAXI\u00bb QUE CORRI\u00d3 EN TC","author":"Alejandro Sosa Ruda","date":"7 mayo, 2023","format":false,"excerpt":"Sucedi\u00f3 en el a\u00f1o 2004 y gener\u00f3 pol\u00e9mica. Aqu\u00ed reproducimos una nota del portal \"ayacuchoald\u00eda\" y \"carburando\". 7 de mayo de 2023 La cuarta fecha de la temporada 2004 del TC Pista en el aut\u00f3dromo de Balcarce parec\u00eda que iba a ser una carrera m\u00e1s de la telonera, pero no\u2026","rel":"","context":"En \u00abDEPORTES\u00bb","block_context":{"text":"DEPORTES","link":"https:\/\/larevistadigital.com.ar\/blog\/category\/deportes\/"},"img":{"alt_text":"","src":"https:\/\/i0.wp.com\/larevistadigital.com.ar\/blog\/wp-content\/uploads\/taxi-de-tc-ao-2004.jpg?fit=800%2C418&ssl=1&resize=350%2C200","width":350,"height":200,"srcset":"https:\/\/i0.wp.com\/larevistadigital.com.ar\/blog\/wp-content\/uploads\/taxi-de-tc-ao-2004.jpg?fit=800%2C418&ssl=1&resize=350%2C200 1x, https:\/\/i0.wp.com\/larevistadigital.com.ar\/blog\/wp-content\/uploads\/taxi-de-tc-ao-2004.jpg?fit=800%2C418&ssl=1&resize=525%2C300 1.5x, https:\/\/i0.wp.com\/larevistadigital.com.ar\/blog\/wp-content\/uploads\/taxi-de-tc-ao-2004.jpg?fit=800%2C418&ssl=1&resize=700%2C400 2x"},"classes":[]},{"id":24001,"url":"https:\/\/larevistadigital.com.ar\/blog\/interesante-encuesta-como-seria-el-trabajo-ideal-y-cuanto-quieren-cobrar-los-argentinos\/","url_meta":{"origin":26597,"position":3},"title":"INTERESANTE ENCUESTA: COMO SER\u00cdA EL TRABAJO IDEAL, Y CU\u00c1NTO QUIEREN COBRAR LOS ARGENTINOS&#8230;","author":"Alejandro Sosa Ruda","date":"15 febrero, 2022","format":false,"excerpt":"Buen sueldo, clima laboral ameno y homeoffice, entre los beneficios elegidos son los \u00edtems m\u00e1s votados en la encuesta del portal de empleo Bumeran, que indag\u00f3 sobre las preferencias a la hora de pensar en un \"trabajo ideal\". El empleo es uno de los factores clave para los argentinos, quienes\u2026","rel":"","context":"En \u00abINTERES GENERAL\u00bb","block_context":{"text":"INTERES GENERAL","link":"https:\/\/larevistadigital.com.ar\/blog\/category\/interes-general\/"},"img":{"alt_text":"","src":"https:\/\/i0.wp.com\/larevistadigital.com.ar\/blog\/wp-content\/uploads\/home-office-shutterstock.jpg?fit=900%2C615&ssl=1&resize=350%2C200","width":350,"height":200,"srcset":"https:\/\/i0.wp.com\/larevistadigital.com.ar\/blog\/wp-content\/uploads\/home-office-shutterstock.jpg?fit=900%2C615&ssl=1&resize=350%2C200 1x, https:\/\/i0.wp.com\/larevistadigital.com.ar\/blog\/wp-content\/uploads\/home-office-shutterstock.jpg?fit=900%2C615&ssl=1&resize=525%2C300 1.5x, https:\/\/i0.wp.com\/larevistadigital.com.ar\/blog\/wp-content\/uploads\/home-office-shutterstock.jpg?fit=900%2C615&ssl=1&resize=700%2C400 2x"},"classes":[]},{"id":32114,"url":"https:\/\/larevistadigital.com.ar\/blog\/estadistica-preocupante-el-11-de-los-argentinos-sufrio-estafas-virtuales\/","url_meta":{"origin":26597,"position":4},"title":"ESTAD\u00cdSTICA PREOCUPANTE: EL 11% DE LOS ARGENTINOS SUFRI\u00d3 ESTAFAS VIRTUALES","author":"Alejandro Sosa Ruda","date":"26 junio, 2023","format":false,"excerpt":"Las razones del crecimiento de este \u00e1mbito delictual son varias. Desde la pandemia much\u00edsimas personas se sumaron a hacer tr\u00e1mites y transacciones digitales. Este fen\u00f3meno implic\u00f3 sumar al mundo de las transacciones online una gran masa de gente, muchas veces sin experiencia digital. 26 de junio de 2023 De acuerdo\u2026","rel":"","context":"En \u00abINTERES GENERAL\u00bb","block_context":{"text":"INTERES GENERAL","link":"https:\/\/larevistadigital.com.ar\/blog\/category\/interes-general\/"},"img":{"alt_text":"","src":"https:\/\/i0.wp.com\/larevistadigital.com.ar\/blog\/wp-content\/uploads\/20230626173944_estafas.jpg?fit=880%2C512&ssl=1&resize=350%2C200","width":350,"height":200,"srcset":"https:\/\/i0.wp.com\/larevistadigital.com.ar\/blog\/wp-content\/uploads\/20230626173944_estafas.jpg?fit=880%2C512&ssl=1&resize=350%2C200 1x, https:\/\/i0.wp.com\/larevistadigital.com.ar\/blog\/wp-content\/uploads\/20230626173944_estafas.jpg?fit=880%2C512&ssl=1&resize=525%2C300 1.5x, https:\/\/i0.wp.com\/larevistadigital.com.ar\/blog\/wp-content\/uploads\/20230626173944_estafas.jpg?fit=880%2C512&ssl=1&resize=700%2C400 2x"},"classes":[]},{"id":42352,"url":"https:\/\/larevistadigital.com.ar\/blog\/la-sub-17-se-prepara-para-el-debut-en-el-mundial-de-qatar\/","url_meta":{"origin":26597,"position":5},"title":"La Sub 17 se prepara para el debut en el Mundial de Qatar","author":"Alejandro Sosa Ruda","date":"1 noviembre, 2025","format":false,"excerpt":"El seleccionado juvenil dirigido por Diego Placente ya entrena en Doha de cara a su debut mundialista ante B\u00e9lgica. Tras un extenso viaje, el plantel realiz\u00f3 trabajos livianos. La Selecci\u00f3n Argentina Sub 17, comandada por\u00a0Diego Placente, ya pisa fuerte en Doha. El plantel juvenil realiz\u00f3 su primera pr\u00e1ctica en suelo\u2026","rel":"","context":"En \u00abDEPORTES\u00bb","block_context":{"text":"DEPORTES","link":"https:\/\/larevistadigital.com.ar\/blog\/category\/deportes\/"},"img":{"alt_text":"","src":"https:\/\/i0.wp.com\/larevistadigital.com.ar\/blog\/wp-content\/uploads\/Captura-de-pantalla-2025-11-01-223533.jpg?fit=649%2C413&ssl=1&resize=350%2C200","width":350,"height":200,"srcset":"https:\/\/i0.wp.com\/larevistadigital.com.ar\/blog\/wp-content\/uploads\/Captura-de-pantalla-2025-11-01-223533.jpg?fit=649%2C413&ssl=1&resize=350%2C200 1x, https:\/\/i0.wp.com\/larevistadigital.com.ar\/blog\/wp-content\/uploads\/Captura-de-pantalla-2025-11-01-223533.jpg?fit=649%2C413&ssl=1&resize=525%2C300 1.5x"},"classes":[]}],"_links":{"self":[{"href":"https:\/\/larevistadigital.com.ar\/blog\/wp-json\/wp\/v2\/posts\/26597","targetHints":{"allow":["GET"]}}],"collection":[{"href":"https:\/\/larevistadigital.com.ar\/blog\/wp-json\/wp\/v2\/posts"}],"about":[{"href":"https:\/\/larevistadigital.com.ar\/blog\/wp-json\/wp\/v2\/types\/post"}],"author":[{"embeddable":true,"href":"https:\/\/larevistadigital.com.ar\/blog\/wp-json\/wp\/v2\/users\/3"}],"replies":[{"embeddable":true,"href":"https:\/\/larevistadigital.com.ar\/blog\/wp-json\/wp\/v2\/comments?post=26597"}],"version-history":[{"count":1,"href":"https:\/\/larevistadigital.com.ar\/blog\/wp-json\/wp\/v2\/posts\/26597\/revisions"}],"predecessor-version":[{"id":26598,"href":"https:\/\/larevistadigital.com.ar\/blog\/wp-json\/wp\/v2\/posts\/26597\/revisions\/26598"}],"wp:featuredmedia":[{"embeddable":true,"href":"https:\/\/larevistadigital.com.ar\/blog\/wp-json\/wp\/v2\/media\/16747"}],"wp:attachment":[{"href":"https:\/\/larevistadigital.com.ar\/blog\/wp-json\/wp\/v2\/media?parent=26597"}],"wp:term":[{"taxonomy":"category","embeddable":true,"href":"https:\/\/larevistadigital.com.ar\/blog\/wp-json\/wp\/v2\/categories?post=26597"},{"taxonomy":"post_tag","embeddable":true,"href":"https:\/\/larevistadigital.com.ar\/blog\/wp-json\/wp\/v2\/tags?post=26597"}],"curies":[{"name":"wp","href":"https:\/\/api.w.org\/{rel}","templated":true}]}}