{"id":26601,"date":"2022-07-15T08:23:46","date_gmt":"2022-07-15T08:23:46","guid":{"rendered":"https:\/\/larevistadigital.com.ar\/blog\/?p=26601"},"modified":"2022-07-15T08:36:25","modified_gmt":"2022-07-15T08:36:25","slug":"aprehenden-en-chascomus-a-sujetos-que-robaron-en-dolores","status":"publish","type":"post","link":"https:\/\/larevistadigital.com.ar\/blog\/aprehenden-en-chascomus-a-sujetos-que-robaron-en-dolores\/","title":{"rendered":"APREHENDEN EN CHASCOM\u00daS A SUJETOS QUE ROBARON EN DOLORES"},"content":{"rendered":"<h2>Lograron detenerlos en el km.121 de la ruta 2, hab\u00edan robado en Dolores haci\u00e9ndose pasar por polic\u00edas.<\/h2>\n<p><strong>CHASCOM\u00daS &#8211;\u00a0\u00a0<\/strong>Todo se inicia con un robo que dos masculinos llevaron a cabo en la ciudad de Dolores, y que fue denunciado por una se\u00f1ora que se encontraba con sus hijos de 28 y 13 a\u00f1os.<\/p>\n<p>El hecho ocurri\u00f3 pasado el mediod\u00eda, cuando se presentaron en casa de la denunciante, en calle Sucre al 1400, haci\u00e9ndose pasar por efectivos DDI y mencionando que tienen una orden de allanamiento.<\/p>\n<blockquote>\n<h3>Luego, reducen a los moradores, sustraen celulares, una carabina .22 y unos $ 5000 en efectivo. Acto seguido, se retiran en Renault Duster blanca, vidrios polarizados, con certificado de discapacidad en la parte trasera, y previa amenaza los dejan encerrados en la vivienda.<\/h3>\n<\/blockquote>\n<p>La mujer aport\u00f3 la descripci\u00f3n de ambos.<\/p>\n<p><span style=\"color: #ff0000\"><strong>LA DETENCI\u00d3N<\/strong><\/span><\/p>\n<p>Ante la alerta, personal de la Estaci\u00f3n de Polic\u00eda Comunal de Chascom\u00fas, logra interceptar el veh\u00edculo en la ruta 2 a la altura del kil\u00f3metro 121, e identifica a tres sujetos de sexo masculino, dos procedentes de Avellaneda y uno de Guernica, realizando una requisa incautando:<strong> 1 carabina cal. 22 nro. 62882 con dos carg., 20 mun. y un Pistola Bersa 9mm Nro. F64305 con cargador y 14 mun., 3 tel\u00e9fonos celulares, dinero en efectivo como as\u00ed el rodado mencionado.<\/strong><\/p>\n<p>Se procedi\u00f3 a la aprehensi\u00f3n de los mismos.<\/p>\n<p><span style=\"color: #ff0000\"><strong>FOTOS<\/strong><\/span><\/p>\n<p><img data-recalc-dims=\"1\" loading=\"lazy\" decoding=\"async\" class=\"alignnone size-full wp-image-26605\" src=\"https:\/\/i0.wp.com\/larevistadigital.com.ar\/blog\/wp-content\/uploads\/WhatsApp-Image-2022-07-14-at-8.39.26-PM-1.jpeg?resize=1600%2C1200&#038;ssl=1\" alt=\"\" width=\"1600\" height=\"1200\" srcset=\"https:\/\/i0.wp.com\/larevistadigital.com.ar\/blog\/wp-content\/uploads\/WhatsApp-Image-2022-07-14-at-8.39.26-PM-1.jpeg?w=1600&amp;ssl=1 1600w, https:\/\/i0.wp.com\/larevistadigital.com.ar\/blog\/wp-content\/uploads\/WhatsApp-Image-2022-07-14-at-8.39.26-PM-1.jpeg?resize=300%2C225&amp;ssl=1 300w, https:\/\/i0.wp.com\/larevistadigital.com.ar\/blog\/wp-content\/uploads\/WhatsApp-Image-2022-07-14-at-8.39.26-PM-1.jpeg?resize=1024%2C768&amp;ssl=1 1024w, https:\/\/i0.wp.com\/larevistadigital.com.ar\/blog\/wp-content\/uploads\/WhatsApp-Image-2022-07-14-at-8.39.26-PM-1.jpeg?resize=768%2C576&amp;ssl=1 768w, https:\/\/i0.wp.com\/larevistadigital.com.ar\/blog\/wp-content\/uploads\/WhatsApp-Image-2022-07-14-at-8.39.26-PM-1.jpeg?resize=1536%2C1152&amp;ssl=1 1536w, https:\/\/i0.wp.com\/larevistadigital.com.ar\/blog\/wp-content\/uploads\/WhatsApp-Image-2022-07-14-at-8.39.26-PM-1.jpeg?resize=678%2C509&amp;ssl=1 678w, https:\/\/i0.wp.com\/larevistadigital.com.ar\/blog\/wp-content\/uploads\/WhatsApp-Image-2022-07-14-at-8.39.26-PM-1.jpeg?resize=326%2C245&amp;ssl=1 326w, https:\/\/i0.wp.com\/larevistadigital.com.ar\/blog\/wp-content\/uploads\/WhatsApp-Image-2022-07-14-at-8.39.26-PM-1.jpeg?resize=80%2C60&amp;ssl=1 80w\" sizes=\"auto, (max-width: 1000px) 100vw, 1000px\" \/> <img data-recalc-dims=\"1\" loading=\"lazy\" decoding=\"async\" class=\"alignnone size-full wp-image-26604\" src=\"https:\/\/i0.wp.com\/larevistadigital.com.ar\/blog\/wp-content\/uploads\/WhatsApp-Image-2022-07-14-at-8.39.26-PM.jpeg?resize=1200%2C1600&#038;ssl=1\" alt=\"\" width=\"1200\" height=\"1600\" srcset=\"https:\/\/i0.wp.com\/larevistadigital.com.ar\/blog\/wp-content\/uploads\/WhatsApp-Image-2022-07-14-at-8.39.26-PM.jpeg?w=1200&amp;ssl=1 1200w, https:\/\/i0.wp.com\/larevistadigital.com.ar\/blog\/wp-content\/uploads\/WhatsApp-Image-2022-07-14-at-8.39.26-PM.jpeg?resize=225%2C300&amp;ssl=1 225w, https:\/\/i0.wp.com\/larevistadigital.com.ar\/blog\/wp-content\/uploads\/WhatsApp-Image-2022-07-14-at-8.39.26-PM.jpeg?resize=768%2C1024&amp;ssl=1 768w, https:\/\/i0.wp.com\/larevistadigital.com.ar\/blog\/wp-content\/uploads\/WhatsApp-Image-2022-07-14-at-8.39.26-PM.jpeg?resize=1152%2C1536&amp;ssl=1 1152w\" sizes=\"auto, (max-width: 1000px) 100vw, 1000px\" \/> <img data-recalc-dims=\"1\" loading=\"lazy\" decoding=\"async\" class=\"alignnone size-full wp-image-26602\" src=\"https:\/\/i0.wp.com\/larevistadigital.com.ar\/blog\/wp-content\/uploads\/WhatsApp-Image-2022-07-14-at-8.39.25-PM.jpeg?resize=1600%2C1200&#038;ssl=1\" alt=\"\" width=\"1600\" height=\"1200\" srcset=\"https:\/\/i0.wp.com\/larevistadigital.com.ar\/blog\/wp-content\/uploads\/WhatsApp-Image-2022-07-14-at-8.39.25-PM.jpeg?w=1600&amp;ssl=1 1600w, https:\/\/i0.wp.com\/larevistadigital.com.ar\/blog\/wp-content\/uploads\/WhatsApp-Image-2022-07-14-at-8.39.25-PM.jpeg?resize=300%2C225&amp;ssl=1 300w, https:\/\/i0.wp.com\/larevistadigital.com.ar\/blog\/wp-content\/uploads\/WhatsApp-Image-2022-07-14-at-8.39.25-PM.jpeg?resize=1024%2C768&amp;ssl=1 1024w, https:\/\/i0.wp.com\/larevistadigital.com.ar\/blog\/wp-content\/uploads\/WhatsApp-Image-2022-07-14-at-8.39.25-PM.jpeg?resize=768%2C576&amp;ssl=1 768w, https:\/\/i0.wp.com\/larevistadigital.com.ar\/blog\/wp-content\/uploads\/WhatsApp-Image-2022-07-14-at-8.39.25-PM.jpeg?resize=1536%2C1152&amp;ssl=1 1536w, https:\/\/i0.wp.com\/larevistadigital.com.ar\/blog\/wp-content\/uploads\/WhatsApp-Image-2022-07-14-at-8.39.25-PM.jpeg?resize=678%2C509&amp;ssl=1 678w, https:\/\/i0.wp.com\/larevistadigital.com.ar\/blog\/wp-content\/uploads\/WhatsApp-Image-2022-07-14-at-8.39.25-PM.jpeg?resize=326%2C245&amp;ssl=1 326w, https:\/\/i0.wp.com\/larevistadigital.com.ar\/blog\/wp-content\/uploads\/WhatsApp-Image-2022-07-14-at-8.39.25-PM.jpeg?resize=80%2C60&amp;ssl=1 80w\" sizes=\"auto, (max-width: 1000px) 100vw, 1000px\" \/><\/p>\n","protected":false},"excerpt":{"rendered":"<div class=\"mh-excerpt\"><p>Lograron detenerlos en el km.121 de la ruta 2, hab\u00edan robado en Dolores haci\u00e9ndose pasar por polic\u00edas. CHASCOM\u00daS &#8211;\u00a0\u00a0Todo se inicia con un robo que dos masculinos llevaron a cabo en la ciudad de Dolores, <a class=\"mh-excerpt-more\" href=\"https:\/\/larevistadigital.com.ar\/blog\/aprehenden-en-chascomus-a-sujetos-que-robaron-en-dolores\/\" title=\"APREHENDEN EN CHASCOM\u00daS A SUJETOS QUE ROBARON EN DOLORES\">[Leer M\u00e1s]<\/a><\/p>\n<\/div>","protected":false},"author":3,"featured_media":26603,"comment_status":"open","ping_status":"open","sticky":false,"template":"","format":"standard","meta":{"_jetpack_memberships_contains_paid_content":false,"footnotes":"","jetpack_publicize_message":"","jetpack_publicize_feature_enabled":true,"jetpack_social_post_already_shared":true,"jetpack_social_options":{"image_generator_settings":{"template":"highway","default_image_id":0,"font":"","enabled":false},"version":2}},"categories":[50],"tags":[],"class_list":{"0":"post-26601","1":"post","2":"type-post","3":"status-publish","4":"format-standard","5":"has-post-thumbnail","7":"category-interes-general"},"jetpack_publicize_connections":[],"jetpack_featured_media_url":"https:\/\/i0.wp.com\/larevistadigital.com.ar\/blog\/wp-content\/uploads\/WhatsApp-Image-2022-07-14-at-8.39.25-PM-1.jpeg?fit=1600%2C1200&ssl=1","jetpack_sharing_enabled":true,"jetpack_shortlink":"https:\/\/wp.me\/p8qtrQ-6V3","jetpack-related-posts":[{"id":23501,"url":"https:\/\/larevistadigital.com.ar\/blog\/continua-la-ola-de-estafas-en-la-region-ahora-le-robaron-1700-dolares-a-una-mujer-en-dolores\/","url_meta":{"origin":26601,"position":0},"title":"CONTIN\u00daA LA OLA DE ESTAFAS EN LA REGI\u00d3N. AHORA LE ROBARON 1700 D\u00d3LARES A UNA MUJER EN DOLORES","author":"Alejandro Sosa Ruda","date":"22 enero, 2022","format":false,"excerpt":"Una persona se hizo pasar por su sobrina y le dijo que deb\u00eda cambiar el dinero. Dos hombres fueron los c\u00f3mplices. Luego, la mujer habl\u00f3 con otro familiar y advirti\u00f3 que hab\u00eda sido enga\u00f1ada y v\u00edctima de un robo. DOLORES -\u00a0Una docente jubilada de Dolores fue v\u00edctima de un enga\u00f1o\u2026","rel":"","context":"En \u00abDOLORES\u00bb","block_context":{"text":"DOLORES","link":"https:\/\/larevistadigital.com.ar\/blog\/category\/dolores\/"},"img":{"alt_text":"","src":"https:\/\/i0.wp.com\/larevistadigital.com.ar\/blog\/wp-content\/uploads\/20220121184129_cuentodeltiojpg.jpg?fit=880%2C512&ssl=1&resize=350%2C200","width":350,"height":200,"srcset":"https:\/\/i0.wp.com\/larevistadigital.com.ar\/blog\/wp-content\/uploads\/20220121184129_cuentodeltiojpg.jpg?fit=880%2C512&ssl=1&resize=350%2C200 1x, https:\/\/i0.wp.com\/larevistadigital.com.ar\/blog\/wp-content\/uploads\/20220121184129_cuentodeltiojpg.jpg?fit=880%2C512&ssl=1&resize=525%2C300 1.5x, https:\/\/i0.wp.com\/larevistadigital.com.ar\/blog\/wp-content\/uploads\/20220121184129_cuentodeltiojpg.jpg?fit=880%2C512&ssl=1&resize=700%2C400 2x"},"classes":[]},{"id":30462,"url":"https:\/\/larevistadigital.com.ar\/blog\/dolores-inusual-seguidilla-de-cuentos-del-tio-causa-preocupacion-y-alerta-policial\/","url_meta":{"origin":26601,"position":1},"title":"DOLORES: INUSUAL SEGUIDILLA DE \u00abCUENTOS DEL T\u00cdO\u00bb CAUSA PREOCUPACI\u00d3N Y ALERTA POLICIAL.","author":"Alejandro Sosa Ruda","date":"8 marzo, 2023","format":false,"excerpt":"Las autoridades policiales difundieron recomendaciones para actuar ante este tipo de estafas, que en los \u00faltimos tiempos recrudecieron en la Regi\u00f3n. 8 de marzo de 2023 DOLORES -\u00a0 La estrategia es repetida: alguien realiza un llamado haci\u00e9ndose pasar por un familiar y le dice a la persona que alguien pasar\u00e1\u2026","rel":"","context":"En \u00abDOLORES\u00bb","block_context":{"text":"DOLORES","link":"https:\/\/larevistadigital.com.ar\/blog\/category\/dolores\/"},"img":{"alt_text":"","src":"https:\/\/i0.wp.com\/larevistadigital.com.ar\/blog\/wp-content\/uploads\/cuento.jpg?fit=999%2C666&ssl=1&resize=350%2C200","width":350,"height":200,"srcset":"https:\/\/i0.wp.com\/larevistadigital.com.ar\/blog\/wp-content\/uploads\/cuento.jpg?fit=999%2C666&ssl=1&resize=350%2C200 1x, https:\/\/i0.wp.com\/larevistadigital.com.ar\/blog\/wp-content\/uploads\/cuento.jpg?fit=999%2C666&ssl=1&resize=525%2C300 1.5x, https:\/\/i0.wp.com\/larevistadigital.com.ar\/blog\/wp-content\/uploads\/cuento.jpg?fit=999%2C666&ssl=1&resize=700%2C400 2x"},"classes":[]},{"id":21408,"url":"https:\/\/larevistadigital.com.ar\/blog\/carrio-compro-quesos-en-chascomus-y-condimentos-en-dolores\/","url_meta":{"origin":26601,"position":2},"title":"CARRI\u00d3 COMPR\u00d3 QUESOS EN CHASCOM\u00daS Y CONDIMENTOS EN DOLORES","author":"Alejandro Sosa Ruda","date":"6 agosto, 2021","format":false,"excerpt":"De\u00a0camino a Pinamar\u00a0la exdiputada nacional por la Coalici\u00f3n C\u00edvica ARI,\u00a0Elisa Carri\u00f3, par\u00f3 en Chascom\u00fas y Dolores para comprar productos regionales.\u00a0 La dirigente opositora al Gobierno public\u00f3 un tuit con un v\u00eddeo en la que se la ve en su auto, sentada en el asiento del acompa\u00f1ante con un queso en\u2026","rel":"","context":"En \u00abINTERES GENERAL\u00bb","block_context":{"text":"INTERES GENERAL","link":"https:\/\/larevistadigital.com.ar\/blog\/category\/interes-general\/"},"img":{"alt_text":"","src":"https:\/\/i0.wp.com\/larevistadigital.com.ar\/blog\/wp-content\/uploads\/ce8af0c5440f4714bd8eba6db8de22cef672fcfe.jpg?fit=1140%2C759&ssl=1&resize=350%2C200","width":350,"height":200,"srcset":"https:\/\/i0.wp.com\/larevistadigital.com.ar\/blog\/wp-content\/uploads\/ce8af0c5440f4714bd8eba6db8de22cef672fcfe.jpg?fit=1140%2C759&ssl=1&resize=350%2C200 1x, https:\/\/i0.wp.com\/larevistadigital.com.ar\/blog\/wp-content\/uploads\/ce8af0c5440f4714bd8eba6db8de22cef672fcfe.jpg?fit=1140%2C759&ssl=1&resize=525%2C300 1.5x, https:\/\/i0.wp.com\/larevistadigital.com.ar\/blog\/wp-content\/uploads\/ce8af0c5440f4714bd8eba6db8de22cef672fcfe.jpg?fit=1140%2C759&ssl=1&resize=700%2C400 2x, https:\/\/i0.wp.com\/larevistadigital.com.ar\/blog\/wp-content\/uploads\/ce8af0c5440f4714bd8eba6db8de22cef672fcfe.jpg?fit=1140%2C759&ssl=1&resize=1050%2C600 3x"},"classes":[]},{"id":6212,"url":"https:\/\/larevistadigital.com.ar\/blog\/se-presenta-la-lista-de-la-cta-regional-chascomus-lezama-castelli-dolores-y-tordillo\/","url_meta":{"origin":26601,"position":3},"title":"SE PRESENTA LA LISTA DE LA CTA REGIONAL CHASCOM\u00daS, LEZAMA, CASTELLI, DOLORES Y TORDILLO","author":"Alejandro Sosa Ruda","date":"15 agosto, 2018","format":false,"excerpt":"El jueves 16 de agosto a las 18. 30 hs se presentar\u00e1 en Chascom\u00fas la lista regional de la CTA de los Trabajadores. La actividad se desarrollar\u00e1 en la sede del Centro Cultural Cooperativo Rodolfo Walsh, calle Cr\u00e1mer 226 entre Mitre y Alsina, y contar\u00e1 con la presencia del Secretario\u2026","rel":"","context":"En \u00abGREMIALES\u00bb","block_context":{"text":"GREMIALES","link":"https:\/\/larevistadigital.com.ar\/blog\/category\/gremiales\/"},"img":{"alt_text":"","src":"https:\/\/i0.wp.com\/larevistadigital.com.ar\/blog\/wp-content\/uploads\/2018\/08\/INVITACION-PRESENTACION-LISTA-10-CHASCOMUS-final-3.jpg?fit=1200%2C957&ssl=1&resize=350%2C200","width":350,"height":200,"srcset":"https:\/\/i0.wp.com\/larevistadigital.com.ar\/blog\/wp-content\/uploads\/2018\/08\/INVITACION-PRESENTACION-LISTA-10-CHASCOMUS-final-3.jpg?fit=1200%2C957&ssl=1&resize=350%2C200 1x, https:\/\/i0.wp.com\/larevistadigital.com.ar\/blog\/wp-content\/uploads\/2018\/08\/INVITACION-PRESENTACION-LISTA-10-CHASCOMUS-final-3.jpg?fit=1200%2C957&ssl=1&resize=525%2C300 1.5x, https:\/\/i0.wp.com\/larevistadigital.com.ar\/blog\/wp-content\/uploads\/2018\/08\/INVITACION-PRESENTACION-LISTA-10-CHASCOMUS-final-3.jpg?fit=1200%2C957&ssl=1&resize=700%2C400 2x, https:\/\/i0.wp.com\/larevistadigital.com.ar\/blog\/wp-content\/uploads\/2018\/08\/INVITACION-PRESENTACION-LISTA-10-CHASCOMUS-final-3.jpg?fit=1200%2C957&ssl=1&resize=1050%2C600 3x"},"classes":[]},{"id":7397,"url":"https:\/\/larevistadigital.com.ar\/blog\/chascomus-llegaron-los-efectivos-del-operativo-sol\/","url_meta":{"origin":26601,"position":4},"title":"CHASCOM\u00daS. LLEGARON LOS EFECTIVOS DEL OPERATIVO SOL","author":"Alejandro Sosa Ruda","date":"27 diciembre, 2018","format":false,"excerpt":"En el d\u00eda de ayer se sumaron los efectivos policiales del Operativo Sol para lo que es la temporada estival. A la ma\u00f1ana se presentaron los 25 agentes reci\u00e9n egresados de la Escuela de Polic\u00eda, tuvieron que pasar primero por la Estaci\u00f3n Departamental para realizar cuestiones administrativas. A su vez,\u2026","rel":"","context":"En \u00abCHASCOM\u00daS\u00bb","block_context":{"text":"CHASCOM\u00daS","link":"https:\/\/larevistadigital.com.ar\/blog\/category\/chascomus\/"},"img":{"alt_text":"","src":"https:\/\/i0.wp.com\/larevistadigital.com.ar\/blog\/wp-content\/uploads\/2018\/10\/COMISARIA-de-CHASCOMUS_02-05-2015.jpg?fit=800%2C600&ssl=1&resize=350%2C200","width":350,"height":200,"srcset":"https:\/\/i0.wp.com\/larevistadigital.com.ar\/blog\/wp-content\/uploads\/2018\/10\/COMISARIA-de-CHASCOMUS_02-05-2015.jpg?fit=800%2C600&ssl=1&resize=350%2C200 1x, https:\/\/i0.wp.com\/larevistadigital.com.ar\/blog\/wp-content\/uploads\/2018\/10\/COMISARIA-de-CHASCOMUS_02-05-2015.jpg?fit=800%2C600&ssl=1&resize=525%2C300 1.5x, https:\/\/i0.wp.com\/larevistadigital.com.ar\/blog\/wp-content\/uploads\/2018\/10\/COMISARIA-de-CHASCOMUS_02-05-2015.jpg?fit=800%2C600&ssl=1&resize=700%2C400 2x"},"classes":[]},{"id":8631,"url":"https:\/\/larevistadigital.com.ar\/blog\/chascomus-la-policia-comunal-resuelve-un-hecho-de-robo-a-comercio-del-18-02\/","url_meta":{"origin":26601,"position":5},"title":"CHASCOM\u00daS: LA POLIC\u00cdA COMUNAL RESUELVE UN HECHO DE ROBO A COMERCIO DEL 18\/02","author":"Alejandro Sosa Ruda","date":"21 febrero, 2019","format":false,"excerpt":"En relaci\u00f3n a hecho de Robo Agravado (por el uso de arma de fuego) acaecido en horas de la tarde del 18.02.19 en un comercio del barrio Esmeralda, del que fuera v\u00edctima Stella Maris Lezcano\u00a0y como resultado de la investigaci\u00f3n llevada a cabo por personal de la Estaci\u00f3n de Polic\u00eda\u2026","rel":"","context":"En \u00abPOLICIALES\u00bb","block_context":{"text":"POLICIALES","link":"https:\/\/larevistadigital.com.ar\/blog\/category\/policiales\/"},"img":{"alt_text":"","src":"https:\/\/i0.wp.com\/larevistadigital.com.ar\/blog\/wp-content\/uploads\/2019\/02\/WhatsApp-Image-2019-02-20-at-23.59.11.jpeg?fit=1200%2C900&ssl=1&resize=350%2C200","width":350,"height":200,"srcset":"https:\/\/i0.wp.com\/larevistadigital.com.ar\/blog\/wp-content\/uploads\/2019\/02\/WhatsApp-Image-2019-02-20-at-23.59.11.jpeg?fit=1200%2C900&ssl=1&resize=350%2C200 1x, https:\/\/i0.wp.com\/larevistadigital.com.ar\/blog\/wp-content\/uploads\/2019\/02\/WhatsApp-Image-2019-02-20-at-23.59.11.jpeg?fit=1200%2C900&ssl=1&resize=525%2C300 1.5x, https:\/\/i0.wp.com\/larevistadigital.com.ar\/blog\/wp-content\/uploads\/2019\/02\/WhatsApp-Image-2019-02-20-at-23.59.11.jpeg?fit=1200%2C900&ssl=1&resize=700%2C400 2x, https:\/\/i0.wp.com\/larevistadigital.com.ar\/blog\/wp-content\/uploads\/2019\/02\/WhatsApp-Image-2019-02-20-at-23.59.11.jpeg?fit=1200%2C900&ssl=1&resize=1050%2C600 3x"},"classes":[]}],"_links":{"self":[{"href":"https:\/\/larevistadigital.com.ar\/blog\/wp-json\/wp\/v2\/posts\/26601","targetHints":{"allow":["GET"]}}],"collection":[{"href":"https:\/\/larevistadigital.com.ar\/blog\/wp-json\/wp\/v2\/posts"}],"about":[{"href":"https:\/\/larevistadigital.com.ar\/blog\/wp-json\/wp\/v2\/types\/post"}],"author":[{"embeddable":true,"href":"https:\/\/larevistadigital.com.ar\/blog\/wp-json\/wp\/v2\/users\/3"}],"replies":[{"embeddable":true,"href":"https:\/\/larevistadigital.com.ar\/blog\/wp-json\/wp\/v2\/comments?post=26601"}],"version-history":[{"count":2,"href":"https:\/\/larevistadigital.com.ar\/blog\/wp-json\/wp\/v2\/posts\/26601\/revisions"}],"predecessor-version":[{"id":26609,"href":"https:\/\/larevistadigital.com.ar\/blog\/wp-json\/wp\/v2\/posts\/26601\/revisions\/26609"}],"wp:featuredmedia":[{"embeddable":true,"href":"https:\/\/larevistadigital.com.ar\/blog\/wp-json\/wp\/v2\/media\/26603"}],"wp:attachment":[{"href":"https:\/\/larevistadigital.com.ar\/blog\/wp-json\/wp\/v2\/media?parent=26601"}],"wp:term":[{"taxonomy":"category","embeddable":true,"href":"https:\/\/larevistadigital.com.ar\/blog\/wp-json\/wp\/v2\/categories?post=26601"},{"taxonomy":"post_tag","embeddable":true,"href":"https:\/\/larevistadigital.com.ar\/blog\/wp-json\/wp\/v2\/tags?post=26601"}],"curies":[{"name":"wp","href":"https:\/\/api.w.org\/{rel}","templated":true}]}}