{"id":26632,"date":"2022-07-16T12:19:50","date_gmt":"2022-07-16T12:19:50","guid":{"rendered":"https:\/\/larevistadigital.com.ar\/blog\/?p=26632"},"modified":"2022-07-16T12:19:50","modified_gmt":"2022-07-16T12:19:50","slug":"destituyeron-a-un-fiscal-de-lomas-de-zamora","status":"publish","type":"post","link":"https:\/\/larevistadigital.com.ar\/blog\/destituyeron-a-un-fiscal-de-lomas-de-zamora\/","title":{"rendered":"DESTITUYERON A UN FISCAL DE LOMAS DE ZAMORA"},"content":{"rendered":"<h2 class=\"fparrafo ctext fz18 lh25\">El Jurado de Enjuiciamiento de Magistrados de la provincia de Buenos Aires destituy\u00f3 por unanimidad al agente fiscal Oscar David Acevedo, que se desempe\u00f1aba en una Fiscal\u00eda en lo Correccional del Departamento Judicial Lomas de Zamora, al comprobar que cometi\u00f3 distintos delitos en el ejercicio de sus funciones tales como \u00abencubrimiento agravado, falsedad ideol\u00f3gica, coacci\u00f3n agravada, abuso de autoridad e incumplimiento de los deberes de funcionario p\u00fablico\u00bb.<\/h2>\n<p class=\"selectionShareable\"><strong>LOMAS DE ZAMORA &#8211;<\/strong>\u00a0 En un comunicado, se indic\u00f3 que el jurado, encabezado por la presidenta de la Suprema Corte de Justicia,<strong> Hilda Kogan<\/strong>, e integrado por legisladores y abogados, consider\u00f3 probado que Acevedo cometi\u00f3 delitos dolosos en el marco de sus funciones. Durante el juicio qued\u00f3 acreditado que el ahora ex fiscal durante el a\u00f1o 2008 utiliz\u00f3 su cargo y funci\u00f3n para \u00abmanipular\u00bb un expediente judicial en el que tom\u00f3 medidas tendientes a entorpecer otra causa en la que se investigaba el robo y homicidio de un empresario de Avellaneda.<\/p>\n<blockquote>\n<h3 class=\"selectionShareable\">Seg\u00fan menciona el portal InfoGEI, se precis\u00f3 que<em><strong> \u00aben connivencia con su secretaria judicial y el abogado de uno de los investigados de haber participado en el crimen de Ramos, busc\u00f3 beneficiar la situaci\u00f3n procesal del sospechoso\u00bb<\/strong><\/em>, pr\u00f3fugo en ese entonces.<\/h3>\n<\/blockquote>\n<p class=\"selectionShareable\">Con esta decisi\u00f3n el Tribunal puso fin a un proceso que, seg\u00fan se inform\u00f3, cont\u00f3 con m\u00e1s de diez a\u00f1os de tr\u00e1mite y que conllev\u00f3 tres intentos previos de juzgamiento que se vieron frustrados por planteos dilatorios del fiscal ahora removido y su abogado <strong>Luis Alberto Picot<\/strong>, sobre el cual la sentencia dispone informar al Colegio de Abogados de Lomas de Zamora por la recurrente gravedad de su conducta. (<b>InfoGEI<\/b>)Ap<\/p>\n","protected":false},"excerpt":{"rendered":"<div class=\"mh-excerpt\"><p>El Jurado de Enjuiciamiento de Magistrados de la provincia de Buenos Aires destituy\u00f3 por unanimidad al agente fiscal Oscar David Acevedo, que se desempe\u00f1aba en una Fiscal\u00eda en lo Correccional del Departamento Judicial Lomas de <a class=\"mh-excerpt-more\" href=\"https:\/\/larevistadigital.com.ar\/blog\/destituyeron-a-un-fiscal-de-lomas-de-zamora\/\" title=\"DESTITUYERON A UN FISCAL DE LOMAS DE ZAMORA\">[Leer M\u00e1s]<\/a><\/p>\n<\/div>","protected":false},"author":3,"featured_media":26633,"comment_status":"open","ping_status":"open","sticky":false,"template":"","format":"standard","meta":{"_jetpack_memberships_contains_paid_content":false,"footnotes":"","jetpack_publicize_message":"","jetpack_publicize_feature_enabled":true,"jetpack_social_post_already_shared":true,"jetpack_social_options":{"image_generator_settings":{"template":"highway","default_image_id":0,"font":"","enabled":false},"version":2}},"categories":[50],"tags":[],"class_list":{"0":"post-26632","1":"post","2":"type-post","3":"status-publish","4":"format-standard","5":"has-post-thumbnail","7":"category-interes-general"},"jetpack_publicize_connections":[],"jetpack_featured_media_url":"https:\/\/i0.wp.com\/larevistadigital.com.ar\/blog\/wp-content\/uploads\/20220714115234_destituyeron-a-un-fiscal-de-lomas-de-zamora.jpg?fit=880%2C512&ssl=1","jetpack_sharing_enabled":true,"jetpack_shortlink":"https:\/\/wp.me\/p8qtrQ-6Vy","jetpack-related-posts":[{"id":30174,"url":"https:\/\/larevistadigital.com.ar\/blog\/balean-a-un-agente-para-robarle-la-moto-en-lomas-de-zamora\/","url_meta":{"origin":26632,"position":0},"title":"BALEAN A UN AGENTE PARA ROBARLE LA MOTO EN LOMAS DE ZAMORA","author":"Alejandro Sosa Ruda","date":"15 febrero, 2023","format":false,"excerpt":"Gustavo Bombace\u00a0fue sorprendido por dos delincuentes\u00a0que intentaron robarle su moto. Durante el ataque recibi\u00f3 un disparo en la cadera. La v\u00edctima fue trasladada al Hospital Gandulfo. Ocurri\u00f3 poco despu\u00e9s del asesinato de\u00a0otra Polic\u00eda de la Ciudad en Retiro. 15 de febrero de 2023 LOMAS DE ZAMORA -\u00a0 Un efectivo de\u2026","rel":"","context":"En \u00abPOLICIALES\u00bb","block_context":{"text":"POLICIALES","link":"https:\/\/larevistadigital.com.ar\/blog\/category\/policiales\/"},"img":{"alt_text":"","src":"https:\/\/i0.wp.com\/larevistadigital.com.ar\/blog\/wp-content\/uploads\/hospital-gandulfo.jpg?fit=750%2C499&ssl=1&resize=350%2C200","width":350,"height":200,"srcset":"https:\/\/i0.wp.com\/larevistadigital.com.ar\/blog\/wp-content\/uploads\/hospital-gandulfo.jpg?fit=750%2C499&ssl=1&resize=350%2C200 1x, https:\/\/i0.wp.com\/larevistadigital.com.ar\/blog\/wp-content\/uploads\/hospital-gandulfo.jpg?fit=750%2C499&ssl=1&resize=525%2C300 1.5x, https:\/\/i0.wp.com\/larevistadigital.com.ar\/blog\/wp-content\/uploads\/hospital-gandulfo.jpg?fit=750%2C499&ssl=1&resize=700%2C400 2x"},"classes":[]},{"id":9209,"url":"https:\/\/larevistadigital.com.ar\/blog\/se-creara-un-hospital-de-mascotas-en-lomas-de-zamora-que-sera-unico-en-la-provincia\/","url_meta":{"origin":26632,"position":1},"title":"SE CREAR\u00c1 UN HOSPITAL DE MASCOTAS EN LOMAS DE ZAMORA QUE SER\u00c1 \u00daNICO EN LA PROVINCIA","author":"Alejandro Sosa Ruda","date":"19 marzo, 2019","format":false,"excerpt":"El Municipio de Lomas de Zamora construir\u00e1 dentro del Centro de Zoonosis, un hospital de Mascotas que permitir\u00e1n mejorar tanto la atenci\u00f3n como los diagn\u00f3sticos de los perros y gatos del distrito. Lomas de Zamora tendr\u00e1 un Hospital de Mascotas que ser\u00e1 clave para profundizar la atenci\u00f3n gratuita de perros\u2026","rel":"","context":"En \u00abPOLITICA\u00bb","block_context":{"text":"POLITICA","link":"https:\/\/larevistadigital.com.ar\/blog\/category\/politica\/"},"img":{"alt_text":"","src":"https:\/\/i0.wp.com\/larevistadigital.com.ar\/blog\/wp-content\/uploads\/2019\/03\/05-01-FOTO-Quir%C3%B3fano-m%C3%B3vil.jpg?fit=1200%2C676&ssl=1&resize=350%2C200","width":350,"height":200,"srcset":"https:\/\/i0.wp.com\/larevistadigital.com.ar\/blog\/wp-content\/uploads\/2019\/03\/05-01-FOTO-Quir%C3%B3fano-m%C3%B3vil.jpg?fit=1200%2C676&ssl=1&resize=350%2C200 1x, https:\/\/i0.wp.com\/larevistadigital.com.ar\/blog\/wp-content\/uploads\/2019\/03\/05-01-FOTO-Quir%C3%B3fano-m%C3%B3vil.jpg?fit=1200%2C676&ssl=1&resize=525%2C300 1.5x, https:\/\/i0.wp.com\/larevistadigital.com.ar\/blog\/wp-content\/uploads\/2019\/03\/05-01-FOTO-Quir%C3%B3fano-m%C3%B3vil.jpg?fit=1200%2C676&ssl=1&resize=700%2C400 2x, https:\/\/i0.wp.com\/larevistadigital.com.ar\/blog\/wp-content\/uploads\/2019\/03\/05-01-FOTO-Quir%C3%B3fano-m%C3%B3vil.jpg?fit=1200%2C676&ssl=1&resize=1050%2C600 3x"},"classes":[]},{"id":27921,"url":"https:\/\/larevistadigital.com.ar\/blog\/allanan-comisarias-en-lomas-e-investigan-una-banda-de-poliladrones\/","url_meta":{"origin":26632,"position":2},"title":"ALLANAN COMISAR\u00cdAS EN LOMAS E INVESTIGAN UNA BANDA DE POLILADRONES","author":"Alejandro Sosa Ruda","date":"20 septiembre, 2022","format":false,"excerpt":"20 de septiembre de 2022 El Comando de Patrullas de Lomas y las comisar\u00edas de Fiorito y Villa Centenario fueron allanadas en el marco de una investigaci\u00f3n que apunta a un grupo de polic\u00edas que cometieron robos en distintos comercios y viviendas de Lomas de Zamora simulando realizar un allanamiento.\u2026","rel":"","context":"En \u00abINTERES GENERAL\u00bb","block_context":{"text":"INTERES GENERAL","link":"https:\/\/larevistadigital.com.ar\/blog\/category\/interes-general\/"},"img":{"alt_text":"","src":"https:\/\/i0.wp.com\/larevistadigital.com.ar\/blog\/wp-content\/uploads\/fiorito_Comisaria.png?fit=800%2C420&ssl=1&resize=350%2C200","width":350,"height":200,"srcset":"https:\/\/i0.wp.com\/larevistadigital.com.ar\/blog\/wp-content\/uploads\/fiorito_Comisaria.png?fit=800%2C420&ssl=1&resize=350%2C200 1x, https:\/\/i0.wp.com\/larevistadigital.com.ar\/blog\/wp-content\/uploads\/fiorito_Comisaria.png?fit=800%2C420&ssl=1&resize=525%2C300 1.5x, https:\/\/i0.wp.com\/larevistadigital.com.ar\/blog\/wp-content\/uploads\/fiorito_Comisaria.png?fit=800%2C420&ssl=1&resize=700%2C400 2x"},"classes":[]},{"id":11713,"url":"https:\/\/larevistadigital.com.ar\/blog\/lomas-de-zamora-desesperada-busqueda-de-una-menor-que-desaparecio-el-domingo\/","url_meta":{"origin":26632,"position":3},"title":"LOMAS DE ZAMORA: DESESPERADA B\u00daSQUEDA DE UNA MENOR QUE DESAPARECI\u00d3 EL DOMINGO","author":"Alejandro Sosa Ruda","date":"3 agosto, 2019","format":false,"excerpt":"Familiares, amigos y docentes de Nadia Varela, una adolescente de 16 a\u00f1os que desapareci\u00f3 de su casa de Lomas de Zamora el \u00faltimo domingo, la buscan intensamente y solicitan que quien la haya visto aporte informaci\u00f3n para dar con ella. La menor desapareci\u00f3 de su hogar \u2013 ubicado cerca de\u2026","rel":"","context":"En \u00abINTERES GENERAL\u00bb","block_context":{"text":"INTERES GENERAL","link":"https:\/\/larevistadigital.com.ar\/blog\/category\/interes-general\/"},"img":{"alt_text":"","src":"https:\/\/i0.wp.com\/larevistadigital.com.ar\/blog\/wp-content\/uploads\/1564607942642.jpg?fit=1200%2C674&ssl=1&resize=350%2C200","width":350,"height":200,"srcset":"https:\/\/i0.wp.com\/larevistadigital.com.ar\/blog\/wp-content\/uploads\/1564607942642.jpg?fit=1200%2C674&ssl=1&resize=350%2C200 1x, https:\/\/i0.wp.com\/larevistadigital.com.ar\/blog\/wp-content\/uploads\/1564607942642.jpg?fit=1200%2C674&ssl=1&resize=525%2C300 1.5x, https:\/\/i0.wp.com\/larevistadigital.com.ar\/blog\/wp-content\/uploads\/1564607942642.jpg?fit=1200%2C674&ssl=1&resize=700%2C400 2x, https:\/\/i0.wp.com\/larevistadigital.com.ar\/blog\/wp-content\/uploads\/1564607942642.jpg?fit=1200%2C674&ssl=1&resize=1050%2C600 3x"},"classes":[]},{"id":5617,"url":"https:\/\/larevistadigital.com.ar\/blog\/boxeadores-de-chascomus-se-presentan-en-el-festival-de-lomas-de-zamora\/","url_meta":{"origin":26632,"position":4},"title":"BOXEADORES DE CHASCOMUS SE PRESENTAN EN EL FESTIVAL DE LOMAS DE ZAMORA","author":"Alejandro Sosa Ruda","date":"22 mayo, 2018","format":false,"excerpt":"Boxeadores del Club de Pelota Chascom\u00fas, entrenados por Daniel Britos, se presentar\u00e1n el pr\u00f3ximo s\u00e1bado en Lomas de Zamora. Nicol\u00e1s Barrios pelear\u00e1 en la categor\u00eda de los sesenta y siete kilos; Lautaro Benedetti en los 68 kilogramos; Mat\u00edas Villarruel en los setenta kilos y Priscila Larraula lo har\u00e1 en la\u2026","rel":"","context":"En \u00abCHASCOM\u00daS\u00bb","block_context":{"text":"CHASCOM\u00daS","link":"https:\/\/larevistadigital.com.ar\/blog\/category\/chascomus\/"},"img":{"alt_text":"","src":"https:\/\/i0.wp.com\/larevistadigital.com.ar\/blog\/wp-content\/uploads\/2018\/05\/boxeo_1.jpg?fit=1200%2C799&ssl=1&resize=350%2C200","width":350,"height":200,"srcset":"https:\/\/i0.wp.com\/larevistadigital.com.ar\/blog\/wp-content\/uploads\/2018\/05\/boxeo_1.jpg?fit=1200%2C799&ssl=1&resize=350%2C200 1x, https:\/\/i0.wp.com\/larevistadigital.com.ar\/blog\/wp-content\/uploads\/2018\/05\/boxeo_1.jpg?fit=1200%2C799&ssl=1&resize=525%2C300 1.5x, https:\/\/i0.wp.com\/larevistadigital.com.ar\/blog\/wp-content\/uploads\/2018\/05\/boxeo_1.jpg?fit=1200%2C799&ssl=1&resize=700%2C400 2x, https:\/\/i0.wp.com\/larevistadigital.com.ar\/blog\/wp-content\/uploads\/2018\/05\/boxeo_1.jpg?fit=1200%2C799&ssl=1&resize=1050%2C600 3x"},"classes":[]},{"id":38094,"url":"https:\/\/larevistadigital.com.ar\/blog\/el-macabro-femicidio-de-candela-la-mataron-y-calcinaron-sus-restos-para-luego-descartarlos-como-basura-al-costado-de-las-vias\/","url_meta":{"origin":26632,"position":5},"title":"El macabro femicidio de Candela: la mataron y calcinaron sus restos para luego descartarlos como basura al costado de las v\u00edas","author":"Alejandro Sosa Ruda","date":"1 diciembre, 2024","format":false,"excerpt":"Ten\u00eda 17 a\u00f1os y nada se sab\u00eda de ella desde el 27 de noviembre pasado, cuando sali\u00f3 de la casa de su mam\u00e1 en Lomas de Zamora a buscar unas zapatillas que hab\u00eda comprado. Su primo fue detenido y hay dos pr\u00f3fugos. Los detalles del horror. 01 de diciembre de\u2026","rel":"","context":"En \u00abPOLICIALES\u00bb","block_context":{"text":"POLICIALES","link":"https:\/\/larevistadigital.com.ar\/blog\/category\/policiales\/"},"img":{"alt_text":"","src":"https:\/\/i0.wp.com\/larevistadigital.com.ar\/blog\/wp-content\/uploads\/Captura-de-pantalla-2024-12-01-204919.png?fit=581%2C369&ssl=1&resize=350%2C200","width":350,"height":200,"srcset":"https:\/\/i0.wp.com\/larevistadigital.com.ar\/blog\/wp-content\/uploads\/Captura-de-pantalla-2024-12-01-204919.png?fit=581%2C369&ssl=1&resize=350%2C200 1x, https:\/\/i0.wp.com\/larevistadigital.com.ar\/blog\/wp-content\/uploads\/Captura-de-pantalla-2024-12-01-204919.png?fit=581%2C369&ssl=1&resize=525%2C300 1.5x"},"classes":[]}],"_links":{"self":[{"href":"https:\/\/larevistadigital.com.ar\/blog\/wp-json\/wp\/v2\/posts\/26632","targetHints":{"allow":["GET"]}}],"collection":[{"href":"https:\/\/larevistadigital.com.ar\/blog\/wp-json\/wp\/v2\/posts"}],"about":[{"href":"https:\/\/larevistadigital.com.ar\/blog\/wp-json\/wp\/v2\/types\/post"}],"author":[{"embeddable":true,"href":"https:\/\/larevistadigital.com.ar\/blog\/wp-json\/wp\/v2\/users\/3"}],"replies":[{"embeddable":true,"href":"https:\/\/larevistadigital.com.ar\/blog\/wp-json\/wp\/v2\/comments?post=26632"}],"version-history":[{"count":1,"href":"https:\/\/larevistadigital.com.ar\/blog\/wp-json\/wp\/v2\/posts\/26632\/revisions"}],"predecessor-version":[{"id":26634,"href":"https:\/\/larevistadigital.com.ar\/blog\/wp-json\/wp\/v2\/posts\/26632\/revisions\/26634"}],"wp:featuredmedia":[{"embeddable":true,"href":"https:\/\/larevistadigital.com.ar\/blog\/wp-json\/wp\/v2\/media\/26633"}],"wp:attachment":[{"href":"https:\/\/larevistadigital.com.ar\/blog\/wp-json\/wp\/v2\/media?parent=26632"}],"wp:term":[{"taxonomy":"category","embeddable":true,"href":"https:\/\/larevistadigital.com.ar\/blog\/wp-json\/wp\/v2\/categories?post=26632"},{"taxonomy":"post_tag","embeddable":true,"href":"https:\/\/larevistadigital.com.ar\/blog\/wp-json\/wp\/v2\/tags?post=26632"}],"curies":[{"name":"wp","href":"https:\/\/api.w.org\/{rel}","templated":true}]}}