{"id":26638,"date":"2022-07-16T12:41:18","date_gmt":"2022-07-16T12:41:18","guid":{"rendered":"https:\/\/larevistadigital.com.ar\/blog\/?p=26638"},"modified":"2022-07-16T12:41:18","modified_gmt":"2022-07-16T12:41:18","slug":"cristina-impulsa-un-proyecto-alternativo-al-salario-basico-universal","status":"publish","type":"post","link":"https:\/\/larevistadigital.com.ar\/blog\/cristina-impulsa-un-proyecto-alternativo-al-salario-basico-universal\/","title":{"rendered":"CRISTINA IMPULSA UN PROYECTO ALTERNATIVO AL SALARIO B\u00c1SICO UNIVERSAL"},"content":{"rendered":"<h2 class=\"fparrafo ctext fz18 lh25\">Tras la inflaci\u00f3n y la p\u00e9rdida de poder adquisitivo de las \u00faltimas semanas, el Kirchnerismo eval\u00faa un proyecto alternativo al Salario B\u00e1sico Universal (SBU) para dar una respuesta urgente de ingresos a la poblaci\u00f3n m\u00e1s vulnerable.<\/h2>\n<p class=\"selectionShareable\">El objetivo es presentar una incitativa propia, diferente a la que lleva la firma de Hagman pero acordada con las organizaciones sociales. No tendr\u00e1 el nombre de \u201csalario universal\u201d, sino que ser\u00e1 un \u201cingreso complementario\u201d que tendr\u00e1 como objetivo atacar la indigencia en un contexto de escalada inflacionaria \u2013 64% la interanual, la m\u00e1s alta en 30 a\u00f1os \u2013 y de gran conflictividad social.<\/p>\n<blockquote>\n<h3 class=\"selectionShareable\">Seg\u00fan revela el portal Agora Digital, la propuesta del SBU encuentra mayores resistencias en el sector del Ejecutivo m\u00e1s cercano a Alberto Fern\u00e1ndez. La ministra de Econom\u00eda, Silvina Batakis, ya dijo que el tema \u201cni siquiera est\u00e1 resuelto en pa\u00edses m\u00e1s desarrollados\u201d y la portavoz de Presidencia, Gabriela Cerruti, remarc\u00f3 que \u201cno dan las cuentas\u201d para avanzar con su financiaci\u00f3n.<\/h3>\n<\/blockquote>\n<p class=\"selectionShareable\"><strong>Juliana Di Tullio<\/strong>, senadora muy cercana la vicepresidenta, es la dirigenta encargada de conversar con los distintos sectores que integran la coalici\u00f3n de modo de dise\u00f1ar un proyecto consensuado que permita dar una respuesta a la crisis social.<\/p>\n<p class=\"selectionShareable\"><span style=\"color: #ff0000\"><b>Negociaciones en el Senado<\/b><\/span><\/p>\n<p class=\"selectionShareable\">Las negociaciones en el Senado para acordar el proyecto comenzaron hace semanas. Si bien<strong> Di Tullio<\/strong> ya estaba trabajando en el tema desde mayo, el puntapi\u00e9 fue la intervenci\u00f3n de<strong> Cristina Fern\u00e1ndez de Kirchner<\/strong> en el acto de Ensenada, cuando anunci\u00f3 que hab\u00eda llegado el momento de discutir \u201cla necesidad de un ingreso universal b\u00e1sico\u201d.<\/p>\n<blockquote>\n<h3 class=\"selectionShareable\">Los principales interlocutores con Di Tullio son los referentes de Patria Grande, como Juan Grabois o el diputado autor del proyecto original, Hagman. Las negociaciones son un proceso delicado porque la iniciativa de les senadores tiene que convencer a las organizaciones sociales, que son los principales impulsores del proyecto, en un contexto de creciente tensi\u00f3n social.<\/h3>\n<\/blockquote>\n<p class=\"selectionShareable\">En estos \u00faltimos d\u00edas <strong>Grabois<\/strong> ya ha protagonizado, junto a otras organizaciones sociales afines al FdT, dos convocatorias cr\u00edticas al gobierno nacional -la asamblea en Constituci\u00f3n el mi\u00e9rcoles y la feria popular frente al Congreso el jueves-. <strong><em>\u201cEsto ya lleg\u00f3 a un punto en el que esto se resuelve en la calle o no se resuelve. Lo que estamos esperando son medidas\u201c<\/em><\/strong>, sostuvo<strong> Grabois<\/strong> en declaraciones televisivas.<\/p>\n<p class=\"selectionShareable\"><span style=\"color: #ff0000\"><b>El proyecto<\/b><\/span><\/p>\n<p class=\"selectionShareable\">El proyecto no ser\u00e1 igual al que firm\u00f3 Itai Hagman. En primer lugar, no ser\u00e1 un \u201csalario b\u00e1sico universal\u201d, sino un \u201cingreso complementario\u201c, m\u00e1s similar a lo que en su momento fue el IFE.<\/p>\n<blockquote>\n<h3 class=\"selectionShareable\"><em><strong>\u201cSalario es otra cosa. Salario significa una relaci\u00f3n formal de trabajo. Salario b\u00e1sico es el salario m\u00ednimo vital y m\u00f3vil\u201d<\/strong><\/em>, explican desde el Senado, desde donde apuestan a impulsar un proyecto \u201cperonista\u201d de refuerzo de ingresos.<\/h3>\n<\/blockquote>\n<p class=\"selectionShareable\">Tampoco ser\u00e1 \u201cuniversal\u201d, ya que el objetivo no es que sea para todos, sino para las personas en mayor situaci\u00f3n de vulnerabilidad. La iniciativa de Hagman incluye a los trabajadores informales de la econom\u00eda popular, empleadas de casas particulares, las categor\u00edas m\u00e1s bajas del monotributo, entre otros, lo que implica un universo de alrededor de 7,5 millones de personas. Si bien a\u00fan no hay precisiones, el objetivo del kirchnerismo est\u00e1 puesto fundamentalmente en eliminar la indigencia.<\/p>\n<blockquote>\n<h3 class=\"selectionShareable\">El universo de beneficiados es uno de los motivos de discusi\u00f3n. El monto, en cambio, es m\u00e1s factible que sea el mismo que propone el proyecto de Patria Grande: una Canasta B\u00e1sica Alimentaria (que en mayo hab\u00eda sido de 14.400 pesos).<\/h3>\n<\/blockquote>\n<p class=\"selectionShareable\">A la hora de discutir las fuentes de financiamiento -principal argumento en contra del sector cercano al presidente-, desde el Kirchnerismo cuestionan la postura fiscalista de la gesti\u00f3n de la ministra de Econom\u00eda <strong>Silvina Batakis<\/strong> y advierten: <em><strong>\u201cHay que ponerse creativos\u201c<\/strong><\/em>.<\/p>\n<p class=\"selectionShareable\">Algunos de las propuestas para sortear ese problema ser\u00eda el impuesto a la Renta inesperada, aumento de retenciones, transferencia de los subsidios a las tarifas energ\u00e9ticas, etc. Mientras tanto, los movimientos sociales, sindicatos y referentes que impulsan el proyecto advierten que, tarde o temprano, el gobierno tendr\u00e1 que \u201cpelearse con alguien\u201d para costearlo. (<b>InfoGEI<\/b>)Ap<\/p>\n","protected":false},"excerpt":{"rendered":"<div class=\"mh-excerpt\"><p>Tras la inflaci\u00f3n y la p\u00e9rdida de poder adquisitivo de las \u00faltimas semanas, el Kirchnerismo eval\u00faa un proyecto alternativo al Salario B\u00e1sico Universal (SBU) para dar una respuesta urgente de ingresos a la poblaci\u00f3n m\u00e1s <a class=\"mh-excerpt-more\" href=\"https:\/\/larevistadigital.com.ar\/blog\/cristina-impulsa-un-proyecto-alternativo-al-salario-basico-universal\/\" title=\"CRISTINA IMPULSA UN PROYECTO ALTERNATIVO AL SALARIO B\u00c1SICO UNIVERSAL\">[Leer M\u00e1s]<\/a><\/p>\n<\/div>","protected":false},"author":3,"featured_media":26639,"comment_status":"open","ping_status":"open","sticky":false,"template":"","format":"standard","meta":{"_jetpack_memberships_contains_paid_content":false,"footnotes":"","jetpack_publicize_message":"","jetpack_publicize_feature_enabled":true,"jetpack_social_post_already_shared":true,"jetpack_social_options":{"image_generator_settings":{"template":"highway","default_image_id":0,"font":"","enabled":false},"version":2}},"categories":[50,12],"tags":[],"class_list":{"0":"post-26638","1":"post","2":"type-post","3":"status-publish","4":"format-standard","5":"has-post-thumbnail","7":"category-interes-general","8":"category-politica"},"jetpack_publicize_connections":[],"jetpack_featured_media_url":"https:\/\/i0.wp.com\/larevistadigital.com.ar\/blog\/wp-content\/uploads\/20220716111105_cristina-kirchner-impulsa-un-proyecto-alternativo-al-salario-basico-universal.jpg?fit=880%2C512&ssl=1","jetpack_sharing_enabled":true,"jetpack_shortlink":"https:\/\/wp.me\/p8qtrQ-6VE","jetpack-related-posts":[{"id":39603,"url":"https:\/\/larevistadigital.com.ar\/blog\/comercio-firmo-un-nuevo-acuerdo-paritario-con-un-salario-basico-de-1-123-000\/","url_meta":{"origin":26638,"position":0},"title":"Comercio firm\u00f3 un nuevo acuerdo paritario con un salario b\u00e1sico de $1.123.000","author":"Alejandro Sosa Ruda","date":"1 mayo, 2025","format":false,"excerpt":"La Federaci\u00f3n Argentina de Empleados de Comercio y Servicios (FAECYS), el sindicato con mayor cantidad de afiliados del pa\u00eds, logr\u00f3 cerrar un nuevo acuerdo salarial para el segundo trimestre del a\u00f1o. La actualizaci\u00f3n contempla un incremento acumulativo del 5,4% y sumas fijas que elevar\u00e1n el salario b\u00e1sico con presentismo a\u2026","rel":"","context":"En \u00abINTERES GENERAL\u00bb","block_context":{"text":"INTERES GENERAL","link":"https:\/\/larevistadigital.com.ar\/blog\/category\/interes-general\/"},"img":{"alt_text":"","src":"https:\/\/i0.wp.com\/larevistadigital.com.ar\/blog\/wp-content\/uploads\/20250430174611_armando-cavalieri-faecys-paritaria.jpg?fit=880%2C512&ssl=1&resize=350%2C200","width":350,"height":200,"srcset":"https:\/\/i0.wp.com\/larevistadigital.com.ar\/blog\/wp-content\/uploads\/20250430174611_armando-cavalieri-faecys-paritaria.jpg?fit=880%2C512&ssl=1&resize=350%2C200 1x, https:\/\/i0.wp.com\/larevistadigital.com.ar\/blog\/wp-content\/uploads\/20250430174611_armando-cavalieri-faecys-paritaria.jpg?fit=880%2C512&ssl=1&resize=525%2C300 1.5x, https:\/\/i0.wp.com\/larevistadigital.com.ar\/blog\/wp-content\/uploads\/20250430174611_armando-cavalieri-faecys-paritaria.jpg?fit=880%2C512&ssl=1&resize=700%2C400 2x"},"classes":[]},{"id":41639,"url":"https:\/\/larevistadigital.com.ar\/blog\/upsra-cerro-la-paritaria-de-fin-de-ano-y-garantiza-nuevos-aumentos-para-los-vigiladores-privados\/","url_meta":{"origin":26638,"position":1},"title":"UPSRA cerr\u00f3 la paritaria de fin de a\u00f1o y garantiza nuevos aumentos para los vigiladores privados","author":"Alejandro Sosa Ruda","date":"24 septiembre, 2025","format":false,"excerpt":"El sindicato que conduce \u00c1ngel Garc\u00eda logr\u00f3 un acuerdo con la c\u00e1mara empresaria que asegura incrementos salariales hasta diciembre y una cl\u00e1usula de revisi\u00f3n para proteger los ingresos del sector. 24 de Septiembre de 2025 La Uni\u00f3n Personal de la Seguridad Privada (UPSRA) anunci\u00f3 el cierre de la paritaria correspondiente\u2026","rel":"","context":"En \u00abGREMIALES\u00bb","block_context":{"text":"GREMIALES","link":"https:\/\/larevistadigital.com.ar\/blog\/category\/gremiales\/"},"img":{"alt_text":"","src":"https:\/\/i0.wp.com\/larevistadigital.com.ar\/blog\/wp-content\/uploads\/UPSRA.jpg?fit=724%2C399&ssl=1&resize=350%2C200","width":350,"height":200,"srcset":"https:\/\/i0.wp.com\/larevistadigital.com.ar\/blog\/wp-content\/uploads\/UPSRA.jpg?fit=724%2C399&ssl=1&resize=350%2C200 1x, https:\/\/i0.wp.com\/larevistadigital.com.ar\/blog\/wp-content\/uploads\/UPSRA.jpg?fit=724%2C399&ssl=1&resize=525%2C300 1.5x, https:\/\/i0.wp.com\/larevistadigital.com.ar\/blog\/wp-content\/uploads\/UPSRA.jpg?fit=724%2C399&ssl=1&resize=700%2C400 2x"},"classes":[]},{"id":605,"url":"https:\/\/larevistadigital.com.ar\/blog\/mercedes-roldan-ningun-trabajador-puede-cobrar-menos-diez-mil-pesos-basico\/","url_meta":{"origin":26638,"position":2},"title":"Mercedes Rold\u00e1n: \u201cning\u00fan trabajador puede cobrar menos de diez mil pesos de b\u00e1sico\u201d","author":"editor","date":"6 marzo, 2017","format":false,"excerpt":"La secretaria general del Sindicato de Trabajadores Municipales de Chascom\u00fas Mercedes Rold\u00e1n, confirm\u00f3 que el pedido que su gremio hizo en la mesa del salario fue de \u201c\u2026 un b\u00e1sico de por lo menos diez mil pesos para el trabajador ingresante con r\u00e9gimen de 35 horas semanales, y que hoy\u2026","rel":"","context":"En \u00abGREMIALES\u00bb","block_context":{"text":"GREMIALES","link":"https:\/\/larevistadigital.com.ar\/blog\/category\/gremiales\/"},"img":{"alt_text":"","src":"https:\/\/i0.wp.com\/larevistadigital.com.ar\/blog\/wp-content\/uploads\/2017\/03\/mercedes-roldan-640x446.jpg?fit=640%2C446&ssl=1&resize=350%2C200","width":350,"height":200,"srcset":"https:\/\/i0.wp.com\/larevistadigital.com.ar\/blog\/wp-content\/uploads\/2017\/03\/mercedes-roldan-640x446.jpg?fit=640%2C446&ssl=1&resize=350%2C200 1x, https:\/\/i0.wp.com\/larevistadigital.com.ar\/blog\/wp-content\/uploads\/2017\/03\/mercedes-roldan-640x446.jpg?fit=640%2C446&ssl=1&resize=525%2C300 1.5x"},"classes":[]},{"id":44903,"url":"https:\/\/larevistadigital.com.ar\/blog\/escalafon-municipal-un-proyecto-clave-para-los-trabajadores-sigue-frenado-hace-mas-de-un-ano\/","url_meta":{"origin":26638,"position":3},"title":"Escalaf\u00f3n municipal: un proyecto clave para los trabajadores sigue frenado hace m\u00e1s de un a\u00f1o","author":"Alejandro Sosa Ruda","date":"2 abril, 2026","format":false,"excerpt":"La iniciativa, impulsada por gremios y el Ejecutivo, busca mejorar salarios, jubilaciones y la carrera laboral. Denuncian falta de tratamiento en el Concejo Deliberante y reclaman respuestas. 02 de abril de 2026 CHASCOM\u00daS -\u00a0 \u00a0En medio de un debate que impacta de lleno en la realidad de los trabajadores municipales,\u2026","rel":"","context":"En \u00abDESTACADAS\u00bb","block_context":{"text":"DESTACADAS","link":"https:\/\/larevistadigital.com.ar\/blog\/category\/destacadas\/"},"img":{"alt_text":"","src":"https:\/\/i0.wp.com\/larevistadigital.com.ar\/blog\/wp-content\/uploads\/Captura-de-pantalla-2026-04-02-212308.jpg?fit=745%2C418&ssl=1&resize=350%2C200","width":350,"height":200,"srcset":"https:\/\/i0.wp.com\/larevistadigital.com.ar\/blog\/wp-content\/uploads\/Captura-de-pantalla-2026-04-02-212308.jpg?fit=745%2C418&ssl=1&resize=350%2C200 1x, https:\/\/i0.wp.com\/larevistadigital.com.ar\/blog\/wp-content\/uploads\/Captura-de-pantalla-2026-04-02-212308.jpg?fit=745%2C418&ssl=1&resize=525%2C300 1.5x, https:\/\/i0.wp.com\/larevistadigital.com.ar\/blog\/wp-content\/uploads\/Captura-de-pantalla-2026-04-02-212308.jpg?fit=745%2C418&ssl=1&resize=700%2C400 2x"},"classes":[]},{"id":42349,"url":"https:\/\/larevistadigital.com.ar\/blog\/la-justicia-intimo-a-pettovello-por-no-convocar-al-consejo-del-salario\/","url_meta":{"origin":26638,"position":4},"title":"La Justicia intim\u00f3 a Pettovello por no convocar al Consejo del Salario","author":"Alejandro Sosa Ruda","date":"1 noviembre, 2025","format":false,"excerpt":"El Juzgado Nacional del Trabajo N\u00b010 intim\u00f3 al Ministerio de Capital Humano a explicar por qu\u00e9 hace m\u00e1s de seis meses no convoca al Consejo del Salario. La decisi\u00f3n judicial expone la tensi\u00f3n con los gremios en medio de la p\u00e9rdida del poder adquisitivo. La Justicia laboral le puso un\u2026","rel":"","context":"En \u00abINTERES GENERAL\u00bb","block_context":{"text":"INTERES GENERAL","link":"https:\/\/larevistadigital.com.ar\/blog\/category\/interes-general\/"},"img":{"alt_text":"","src":"https:\/\/i0.wp.com\/larevistadigital.com.ar\/blog\/wp-content\/uploads\/Captura-de-pantalla-2025-11-01-222806.jpg?fit=681%2C436&ssl=1&resize=350%2C200","width":350,"height":200,"srcset":"https:\/\/i0.wp.com\/larevistadigital.com.ar\/blog\/wp-content\/uploads\/Captura-de-pantalla-2025-11-01-222806.jpg?fit=681%2C436&ssl=1&resize=350%2C200 1x, https:\/\/i0.wp.com\/larevistadigital.com.ar\/blog\/wp-content\/uploads\/Captura-de-pantalla-2025-11-01-222806.jpg?fit=681%2C436&ssl=1&resize=525%2C300 1.5x"},"classes":[]},{"id":3445,"url":"https:\/\/larevistadigital.com.ar\/blog\/chascomus-la-decision-del-ejecutivo-de-modificar-los-salarios-de-los-medicos-del-hospital-estaria-transgrediendo-una-ordenanza-vigente\/","url_meta":{"origin":26638,"position":5},"title":"CHASCOM\u00daS: LA DECISI\u00d3N DEL EJECUTIVO DE MODIFICAR LOS SALARIOS DE LOS M\u00c9DICOS DEL HOSPITAL ESTAR\u00cdA TRANSGREDIENDO UNA ORDENANZA VIGENTE","author":"Alejandro Sosa Ruda","date":"10 octubre, 2017","format":false,"excerpt":"Seg\u00fan se explica con claridad en un informe publicado por el diario El Cronista de Chascom\u00fas, la decisi\u00f3n tomada en forma unilateral por las autoridades municipales de modificar la grilla salarial de los profesionales del Hospital Municipal, no solo es inconsulta y no consensuada, sino que va en contra de\u2026","rel":"","context":"En \u00abDESTACADAS\u00bb","block_context":{"text":"DESTACADAS","link":"https:\/\/larevistadigital.com.ar\/blog\/category\/destacadas\/"},"img":{"alt_text":"","src":"https:\/\/i0.wp.com\/larevistadigital.com.ar\/blog\/wp-content\/uploads\/2017\/09\/CICOP.jpg?fit=960%2C720&ssl=1&resize=350%2C200","width":350,"height":200,"srcset":"https:\/\/i0.wp.com\/larevistadigital.com.ar\/blog\/wp-content\/uploads\/2017\/09\/CICOP.jpg?fit=960%2C720&ssl=1&resize=350%2C200 1x, https:\/\/i0.wp.com\/larevistadigital.com.ar\/blog\/wp-content\/uploads\/2017\/09\/CICOP.jpg?fit=960%2C720&ssl=1&resize=525%2C300 1.5x, https:\/\/i0.wp.com\/larevistadigital.com.ar\/blog\/wp-content\/uploads\/2017\/09\/CICOP.jpg?fit=960%2C720&ssl=1&resize=700%2C400 2x"},"classes":[]}],"_links":{"self":[{"href":"https:\/\/larevistadigital.com.ar\/blog\/wp-json\/wp\/v2\/posts\/26638","targetHints":{"allow":["GET"]}}],"collection":[{"href":"https:\/\/larevistadigital.com.ar\/blog\/wp-json\/wp\/v2\/posts"}],"about":[{"href":"https:\/\/larevistadigital.com.ar\/blog\/wp-json\/wp\/v2\/types\/post"}],"author":[{"embeddable":true,"href":"https:\/\/larevistadigital.com.ar\/blog\/wp-json\/wp\/v2\/users\/3"}],"replies":[{"embeddable":true,"href":"https:\/\/larevistadigital.com.ar\/blog\/wp-json\/wp\/v2\/comments?post=26638"}],"version-history":[{"count":1,"href":"https:\/\/larevistadigital.com.ar\/blog\/wp-json\/wp\/v2\/posts\/26638\/revisions"}],"predecessor-version":[{"id":26641,"href":"https:\/\/larevistadigital.com.ar\/blog\/wp-json\/wp\/v2\/posts\/26638\/revisions\/26641"}],"wp:featuredmedia":[{"embeddable":true,"href":"https:\/\/larevistadigital.com.ar\/blog\/wp-json\/wp\/v2\/media\/26639"}],"wp:attachment":[{"href":"https:\/\/larevistadigital.com.ar\/blog\/wp-json\/wp\/v2\/media?parent=26638"}],"wp:term":[{"taxonomy":"category","embeddable":true,"href":"https:\/\/larevistadigital.com.ar\/blog\/wp-json\/wp\/v2\/categories?post=26638"},{"taxonomy":"post_tag","embeddable":true,"href":"https:\/\/larevistadigital.com.ar\/blog\/wp-json\/wp\/v2\/tags?post=26638"}],"curies":[{"name":"wp","href":"https:\/\/api.w.org\/{rel}","templated":true}]}}