{"id":2671,"date":"2017-07-17T02:34:41","date_gmt":"2017-07-17T02:34:41","guid":{"rendered":"https:\/\/larevistadigital.com.ar\/blog\/?p=2671"},"modified":"2017-07-17T13:13:47","modified_gmt":"2017-07-17T13:13:47","slug":"chascomus-ferrante-lanzo-su-campana-y-responsabilizo-a-la-otra-lista-por-no-alcanzar-la-unidad","status":"publish","type":"post","link":"https:\/\/larevistadigital.com.ar\/blog\/chascomus-ferrante-lanzo-su-campana-y-responsabilizo-a-la-otra-lista-por-no-alcanzar-la-unidad\/","title":{"rendered":"CHASCOM\u00daS: FERRANTE LANZ\u00d3 SU CAMPA\u00d1A Y RESPONSABILIZ\u00d3 A LA OTRA LISTA POR NO ALCANZAR LA UNIDAD"},"content":{"rendered":"<h2>En el marco del inicio de campa\u00f1a de cara a las PASO en el mes de agosto, fue presentada el \u00faltimo s\u00e1bado a las 12 hs. la lista de Cambiemos encabezada por <strong>Ramiro Ferrante<\/strong> en las instalaciones del Balneario Lamadrid (Av. Costanera Espa\u00f1a 152) y, al finalizar la actividad, se realiz\u00f3 una conferencia de prensa.<\/h2>\n<p>Estuvieron presentes todos los candidatos que integran la lista y representan en Chascom\u00fas a los distintos partidos pol\u00edticos que integran el espacio: PRO, UCR, PARTIDO FE y UNION POR LA LIBERTAD.<\/p>\n<p>Adem\u00e1s, participaron funcionarios provinciales y nacionales, \u00a0que durante el transcurso de la ma\u00f1ana se sumaron al Timbreo Nacional que en la provincia de Buenos Aires encabez\u00f3 la gobernadora <strong>Mar\u00eda Eugenia Vidal<\/strong>.<\/p>\n<blockquote>\n<h3><strong>Ferrante<\/strong> particip\u00f3 la semana pasada del encuentro de candidatos de Cambiemos en La Plata junto a la Gobernadora <strong>Vidal<\/strong>; el Vicegobernador, <strong>Daniel Salvador<\/strong>, el Jefe de Gabinete nacional, <strong>Marcos Pe\u00f1a<\/strong>, y su par provincial, <strong>Federico Salvai<\/strong>, entre otros funcionarios, intendentes y candidatos provinciales.<\/h3>\n<\/blockquote>\n<p>La lista completa que participar\u00e1 en las PASO del pr\u00f3ximo 13 de agosto es la siguiente:<\/p>\n<p><strong>CONCEJALES<\/strong><\/p>\n<p>1) <strong>FERRANTE, Ramiro<\/strong> (PRO)<\/p>\n<p>2) <strong>NIVIO, Soledad<\/strong> (UCR)<\/p>\n<p>3) <strong>LOPEZ, Nacho<\/strong> (UCR)<\/p>\n<p>4) <strong>GONZALES CHAVES, Alhel\u00ed<\/strong> (PRO)<\/p>\n<p>5) <strong>GARA\u00d1A MORALES, Augusto<\/strong> (Uni\u00f3n x la Libertad)<\/p>\n<p>6) <strong>KILLAMET, Mar\u00eda Andrea<\/strong> (FE)<\/p>\n<p>7) <strong>IBIETA, Miguel \u00c1ngel<\/strong> (PRO)<\/p>\n<p>8) <strong>ROJAS, Mar\u00eda Beatriz<\/strong> (UCR)<\/p>\n<p>&nbsp;<\/p>\n<p><strong>CONSEJEROS ESCOLARES<\/strong><\/p>\n<p>1) <strong>VIEIRA, Andrea<\/strong> (FE)<\/p>\n<p>2) <strong>CARVALHO, Carlos<\/strong> (PRO)<\/p>\n<p>3) <strong>RUIZ, Anal\u00eda<\/strong> (UCR)<\/p>\n<p>&nbsp;<\/p>\n<p><strong>LA PALABRA DE FERRANTE<\/strong><\/p>\n<p>En lo que fue su primer discurso oficial como precandidato a Concejal, <strong>Ramiro Ferrante <\/strong>luci\u00f3 sobrio y comprometido con el rol que ha asumido, en donde comenz\u00f3 diciendo que <strong><em>\u00abespero como persona estar a la altura de las circunstancias, no defraudar ni a mi familia, ni a los vecinos ni al equipo de laburo que apuestan muy fuerte a m\u00ed\u201d<\/em><\/strong>.<\/p>\n<p><a href=\"https:\/\/i0.wp.com\/larevistadigital.com.ar\/blog\/wp-content\/uploads\/2017\/07\/2aa8edd6-d49d-4a08-a4d1-2b62d7dafef9.jpg?ssl=1\"><img data-recalc-dims=\"1\" loading=\"lazy\" decoding=\"async\" class=\"alignnone size-full wp-image-2673\" src=\"https:\/\/i0.wp.com\/larevistadigital.com.ar\/blog\/wp-content\/uploads\/2017\/07\/2aa8edd6-d49d-4a08-a4d1-2b62d7dafef9.jpg?resize=1280%2C768&#038;ssl=1\" alt=\"\" width=\"1280\" height=\"768\" srcset=\"https:\/\/i0.wp.com\/larevistadigital.com.ar\/blog\/wp-content\/uploads\/2017\/07\/2aa8edd6-d49d-4a08-a4d1-2b62d7dafef9.jpg?w=1280&amp;ssl=1 1280w, https:\/\/i0.wp.com\/larevistadigital.com.ar\/blog\/wp-content\/uploads\/2017\/07\/2aa8edd6-d49d-4a08-a4d1-2b62d7dafef9.jpg?resize=300%2C180&amp;ssl=1 300w, https:\/\/i0.wp.com\/larevistadigital.com.ar\/blog\/wp-content\/uploads\/2017\/07\/2aa8edd6-d49d-4a08-a4d1-2b62d7dafef9.jpg?resize=768%2C461&amp;ssl=1 768w, https:\/\/i0.wp.com\/larevistadigital.com.ar\/blog\/wp-content\/uploads\/2017\/07\/2aa8edd6-d49d-4a08-a4d1-2b62d7dafef9.jpg?resize=1024%2C614&amp;ssl=1 1024w\" sizes=\"auto, (max-width: 1000px) 100vw, 1000px\" \/><\/a><\/p>\n<p>Continu\u00f3 haciendo hincapi\u00e9 en el futuro. En que se comprometi\u00f3 y tom\u00f3 la decisi\u00f3n de participar de manera activa en la pol\u00edtica partidaria, para poder cambiar el futuro que les espera a sus hijos y los de los vecinos, tratando de alejar los problemas de las drogas y la p\u00e9rdida de valores en la sociedad, sosteniendo que <strong><em>\u201cSi no hacemos algo estaremos dinamitando el futuro de nuestros hijos\u201d. \u201cPor eso tenemos que hablar con los dem\u00e1s dirigentes y pensar en el futuro. Animarnos a tener sue\u00f1os y pensar el futuro, sin olvidar el pasado y el presente.<\/em><\/strong><\/p>\n<p><a href=\"https:\/\/i0.wp.com\/larevistadigital.com.ar\/blog\/wp-content\/uploads\/2017\/07\/704918dc-5b0b-4769-a757-ac79d92786bf.jpg?ssl=1\"><img data-recalc-dims=\"1\" loading=\"lazy\" decoding=\"async\" class=\"alignnone size-full wp-image-2674\" src=\"https:\/\/i0.wp.com\/larevistadigital.com.ar\/blog\/wp-content\/uploads\/2017\/07\/704918dc-5b0b-4769-a757-ac79d92786bf.jpg?resize=1140%2C850&#038;ssl=1\" alt=\"\" width=\"1140\" height=\"850\" srcset=\"https:\/\/i0.wp.com\/larevistadigital.com.ar\/blog\/wp-content\/uploads\/2017\/07\/704918dc-5b0b-4769-a757-ac79d92786bf.jpg?w=1140&amp;ssl=1 1140w, https:\/\/i0.wp.com\/larevistadigital.com.ar\/blog\/wp-content\/uploads\/2017\/07\/704918dc-5b0b-4769-a757-ac79d92786bf.jpg?resize=300%2C224&amp;ssl=1 300w, https:\/\/i0.wp.com\/larevistadigital.com.ar\/blog\/wp-content\/uploads\/2017\/07\/704918dc-5b0b-4769-a757-ac79d92786bf.jpg?resize=768%2C573&amp;ssl=1 768w, https:\/\/i0.wp.com\/larevistadigital.com.ar\/blog\/wp-content\/uploads\/2017\/07\/704918dc-5b0b-4769-a757-ac79d92786bf.jpg?resize=1024%2C764&amp;ssl=1 1024w, https:\/\/i0.wp.com\/larevistadigital.com.ar\/blog\/wp-content\/uploads\/2017\/07\/704918dc-5b0b-4769-a757-ac79d92786bf.jpg?resize=80%2C60&amp;ssl=1 80w\" sizes=\"auto, (max-width: 1000px) 100vw, 1000px\" \/><\/a><\/p>\n<p>Luego hizo menci\u00f3n a la lista con la que le tocar\u00e1 competir, haci\u00e9ndolos directos responsables de no haber alcanzado la \u201cunidad\u201d. <strong><em>\u201cMuchos nos preguntan porque no vamos todos juntos, con la otra lista que encabeza el doctor Dos Santos, pero bueno&#8230;estamos ac\u00e1 porque una de las cosas que queremos cambiar, son las formas y las maneras de sentarnos a la mesa (de discusi\u00f3n pol\u00edtica). Nosotros quer\u00edamos llenar la mesa para discutir el futuro de Chascom\u00fas, y siempre como que \u00abnos pon\u00edan en la mesita de atr\u00e1s\u00bb. Hoy nosotros plantamos bandera para decir: Ac\u00e1 estamos. Queremos tomar decisiones acerca del futuro de nuestros hijos.\u201d<\/em><\/strong><\/p>\n<p>Por \u00faltimo, sostuvo que <strong><em>\u201ccon la fe y la fortaleza espiritual que tenemos, no va a haber aparato partidario que pueda detenernos\u201d<\/em><\/strong><\/p>\n<p>&nbsp;<\/p>\n<p>&nbsp;<\/p>\n<p>&nbsp;<\/p>\n<p>&nbsp;<\/p>\n","protected":false},"excerpt":{"rendered":"<div class=\"mh-excerpt\"><p>En el marco del inicio de campa\u00f1a de cara a las PASO en el mes de agosto, fue presentada el \u00faltimo s\u00e1bado a las 12 hs. la lista de Cambiemos encabezada por Ramiro Ferrante en <a class=\"mh-excerpt-more\" href=\"https:\/\/larevistadigital.com.ar\/blog\/chascomus-ferrante-lanzo-su-campana-y-responsabilizo-a-la-otra-lista-por-no-alcanzar-la-unidad\/\" title=\"CHASCOM\u00daS: FERRANTE LANZ\u00d3 SU CAMPA\u00d1A Y RESPONSABILIZ\u00d3 A LA OTRA LISTA POR NO ALCANZAR LA UNIDAD\">[Leer M\u00e1s]<\/a><\/p>\n<\/div>","protected":false},"author":3,"featured_media":2672,"comment_status":"open","ping_status":"open","sticky":false,"template":"","format":"standard","meta":{"_jetpack_memberships_contains_paid_content":false,"footnotes":"","jetpack_publicize_message":"","jetpack_publicize_feature_enabled":true,"jetpack_social_post_already_shared":true,"jetpack_social_options":{"image_generator_settings":{"template":"highway","default_image_id":0,"font":"","enabled":false},"version":2}},"categories":[6,41,23],"tags":[],"class_list":{"0":"post-2671","1":"post","2":"type-post","3":"status-publish","4":"format-standard","5":"has-post-thumbnail","7":"category-chascomus","8":"category-destacadas","9":"category-politica-local"},"jetpack_publicize_connections":[],"jetpack_featured_media_url":"https:\/\/i0.wp.com\/larevistadigital.com.ar\/blog\/wp-content\/uploads\/2017\/07\/d509ce0e-2c7a-4de7-bcb9-8b09cb3b31f4.jpg?fit=1280%2C768&ssl=1","jetpack_sharing_enabled":true,"jetpack_shortlink":"https:\/\/wp.me\/p8qtrQ-H5","jetpack-related-posts":[{"id":32488,"url":"https:\/\/larevistadigital.com.ar\/blog\/de-cara-a-las-paso-ferrante-intensifica-su-agenda-de-campana\/","url_meta":{"origin":2671,"position":0},"title":"DE CARA A LAS PASO: FERRANTE INTENSIFICA SU AGENDA DE CAMPA\u00d1A","author":"Alejandro Sosa Ruda","date":"18 julio, 2023","format":false,"excerpt":"El precandidato a intendente por Juntos Chascom\u00fas mantuvo reuniones con vecinos de Parque Girado, Lomas Altas y El Porte\u00f1o. \u201cEstamos convencidos que para gobernar debemos escuchar, acompa\u00f1ar y empatizar. Apostamos a un municipio cercano a la gente\u201d, expres\u00f3. 18 de julio de 2023 CHASCOM\u00daS -\u00a0 \u00a0Acompa\u00f1ado por su equipo de\u2026","rel":"","context":"En \u00abINTERES GENERAL\u00bb","block_context":{"text":"INTERES GENERAL","link":"https:\/\/larevistadigital.com.ar\/blog\/category\/interes-general\/"},"img":{"alt_text":"","src":"https:\/\/i0.wp.com\/larevistadigital.com.ar\/blog\/wp-content\/uploads\/WhatsApp-Image-2023-07-18-at-17.22.18-1.jpeg?fit=675%2C1200&ssl=1&resize=350%2C200","width":350,"height":200,"srcset":"https:\/\/i0.wp.com\/larevistadigital.com.ar\/blog\/wp-content\/uploads\/WhatsApp-Image-2023-07-18-at-17.22.18-1.jpeg?fit=675%2C1200&ssl=1&resize=350%2C200 1x, https:\/\/i0.wp.com\/larevistadigital.com.ar\/blog\/wp-content\/uploads\/WhatsApp-Image-2023-07-18-at-17.22.18-1.jpeg?fit=675%2C1200&ssl=1&resize=525%2C300 1.5x"},"classes":[]},{"id":3536,"url":"https:\/\/larevistadigital.com.ar\/blog\/chascomus-molesto-actitudes-competidores-ramiro-ferrante-emitio-comunicado-la-sociedad\/","url_meta":{"origin":2671,"position":1},"title":"CHASCOM\u00daS: MOLESTO CON ACTITUDES DE SUS COMPETIDORES, RAMIRO FERRANTE EMITI\u00d3 UN COMUNICADO A LA SOCIEDAD","author":"Alejandro Sosa Ruda","date":"20 octubre, 2017","format":false,"excerpt":"Notablemente molesto por algunas situaciones que tienen que ver con los repartos de boletas a los vecinos, el candidato que encabeza la lista de Cambiemos en Chascom\u00fas, Ramiro Ferrante, hizo p\u00fablico un comunicado en el que apunta al oficialismo y al partido vecinalista \"Juntos por Chascom\u00fas\". AQU\u00cd EL TEXTO COMPLETO\u2026","rel":"","context":"En \u00abCHASCOM\u00daS\u00bb","block_context":{"text":"CHASCOM\u00daS","link":"https:\/\/larevistadigital.com.ar\/blog\/category\/chascomus\/"},"img":{"alt_text":"","src":"https:\/\/i0.wp.com\/larevistadigital.com.ar\/blog\/wp-content\/uploads\/2017\/10\/d509ce0e-2c7a-4de7-bcb9-8b09cb3b31f4-1.jpg?fit=359%2C405&ssl=1&resize=350%2C200","width":350,"height":200},"classes":[]},{"id":3576,"url":"https:\/\/larevistadigital.com.ar\/blog\/chascomus-ultimo-momento-escrutadas-97-99-mesas-ferrante-casi-dobla-al-segundo\/","url_meta":{"origin":2671,"position":2},"title":"CHASCOM\u00daS: RESULTADOS FINALES. FERRANTE ARRAS\u00d3 Y LOGRAN 4 CONCEJALES.","author":"Alejandro Sosa Ruda","date":"23 octubre, 2017","format":false,"excerpt":"Cuando se han escrutado las 99 mesas del distrito, el candidato a concejal del frente Cambiemos, Ramiro Ferrante obtuvo un \u00e1mplio triunfo, seguido por el candidato Gabriel Macchi de Unidad Ciudadana y en tercer lugar el representante de Unidad por Chascom\u00fas 1 Pa\u00eds, Pablo Francese. Jos\u00e9 Ochoa\u00a0se ubica en el\u2026","rel":"","context":"En \u00abDESTACADAS\u00bb","block_context":{"text":"DESTACADAS","link":"https:\/\/larevistadigital.com.ar\/blog\/category\/destacadas\/"},"img":{"alt_text":"","src":"https:\/\/i0.wp.com\/larevistadigital.com.ar\/blog\/wp-content\/uploads\/2017\/10\/d509ce0e-2c7a-4de7-bcb9-8b09cb3b31f4-1.jpg?fit=359%2C405&ssl=1&resize=350%2C200","width":350,"height":200},"classes":[]},{"id":21380,"url":"https:\/\/larevistadigital.com.ar\/blog\/el-colo-santilli-visita-chascomus-el-dia-de-manana-en-una-clara-muestra-de-apoyo-a-la-lista-que-encabeza-ramiro-ferrante\/","url_meta":{"origin":2671,"position":3},"title":"EL \u00abCOLO\u00bb SANTILLI VISITA CHASCOM\u00daS EL D\u00cdA DE MA\u00d1ANA, EN UNA CLARA MUESTRA DE APOYO A LA LISTA QUE ENCABEZA RAMIRO FERRANTE","author":"Alejandro Sosa Ruda","date":"4 agosto, 2021","format":false,"excerpt":"CHASCOM\u00daS - Durante el d\u00eda de ma\u00f1ana, se har\u00e1 presente en la ciudad de Chascom\u00fas, el precandidato a Diputado Nacional Diego Santilli, a efectos de acompa\u00f1ar la lista de unidad que se conform\u00f3 a nivel local y apoyar a Ramiro Ferrante, que encabeza la misma. De esta manera se da\u2026","rel":"","context":"En \u00abINTERES GENERAL\u00bb","block_context":{"text":"INTERES GENERAL","link":"https:\/\/larevistadigital.com.ar\/blog\/category\/interes-general\/"},"img":{"alt_text":"","src":"https:\/\/i0.wp.com\/larevistadigital.com.ar\/blog\/wp-content\/uploads\/FERRANTE-SANTILLI.jpg?fit=943%2C446&ssl=1&resize=350%2C200","width":350,"height":200,"srcset":"https:\/\/i0.wp.com\/larevistadigital.com.ar\/blog\/wp-content\/uploads\/FERRANTE-SANTILLI.jpg?fit=943%2C446&ssl=1&resize=350%2C200 1x, https:\/\/i0.wp.com\/larevistadigital.com.ar\/blog\/wp-content\/uploads\/FERRANTE-SANTILLI.jpg?fit=943%2C446&ssl=1&resize=525%2C300 1.5x, https:\/\/i0.wp.com\/larevistadigital.com.ar\/blog\/wp-content\/uploads\/FERRANTE-SANTILLI.jpg?fit=943%2C446&ssl=1&resize=700%2C400 2x"},"classes":[]},{"id":22624,"url":"https:\/\/larevistadigital.com.ar\/blog\/chascomus-los-candidatos-de-juntos-votaron-con-mucha-alegria-y-confianza\/","url_meta":{"origin":2671,"position":4},"title":"CHASCOM\u00daS: LOS CANDIDATOS DE JUNTOS VOTARON CON MUCHA ALEGR\u00cdA Y CONFIANZA","author":"Alejandro Sosa Ruda","date":"14 noviembre, 2021","format":false,"excerpt":"CHASCOM\u00daS -\u00a0 Durante la jornada eleccionaria, los distintos candidatos del espacio JUNTOS, se acercaron a emitir su voto con mucho optimismo y alegr\u00eda, cada uno en el colegio que le toc\u00f3 en suerte. As\u00ed fue que quien encabeza la lista, y se perfila como el gran ganador de la elecci\u00f3n,\u2026","rel":"","context":"En \u00abINTERES GENERAL\u00bb","block_context":{"text":"INTERES GENERAL","link":"https:\/\/larevistadigital.com.ar\/blog\/category\/interes-general\/"},"img":{"alt_text":"","src":"https:\/\/i0.wp.com\/larevistadigital.com.ar\/blog\/wp-content\/uploads\/255845580_1720030444869108_5458336188044158240_n.jpg?fit=1200%2C1200&ssl=1&resize=350%2C200","width":350,"height":200,"srcset":"https:\/\/i0.wp.com\/larevistadigital.com.ar\/blog\/wp-content\/uploads\/255845580_1720030444869108_5458336188044158240_n.jpg?fit=1200%2C1200&ssl=1&resize=350%2C200 1x, https:\/\/i0.wp.com\/larevistadigital.com.ar\/blog\/wp-content\/uploads\/255845580_1720030444869108_5458336188044158240_n.jpg?fit=1200%2C1200&ssl=1&resize=525%2C300 1.5x, https:\/\/i0.wp.com\/larevistadigital.com.ar\/blog\/wp-content\/uploads\/255845580_1720030444869108_5458336188044158240_n.jpg?fit=1200%2C1200&ssl=1&resize=700%2C400 2x, https:\/\/i0.wp.com\/larevistadigital.com.ar\/blog\/wp-content\/uploads\/255845580_1720030444869108_5458336188044158240_n.jpg?fit=1200%2C1200&ssl=1&resize=1050%2C600 3x"},"classes":[]},{"id":2503,"url":"https:\/\/larevistadigital.com.ar\/blog\/habra-internas-en-cambiemos-en-chascomus-aqui-las-dos-listas\/","url_meta":{"origin":2671,"position":5},"title":"CHASCOM\u00daS: HABR\u00c1 INTERNAS EN CAMBIEMOS . AQU\u00cd LAS DOS LISTAS","author":"Alejandro Sosa Ruda","date":"25 junio, 2017","format":false,"excerpt":"Como se ve\u00eda venir, finalmente en el distrito de Chascom\u00fas habr\u00e1 elecciones internas para definir qui\u00e9nes son los que encabezan las listas de Cambiemos en octubre. Las discusiones y deliberaciones finalmente no fueron tan largas, porque el principal problema que se present\u00f3 fue la disputa por qui\u00e9n encabezaba la lista,\u2026","rel":"","context":"En \u00abCHASCOM\u00daS\u00bb","block_context":{"text":"CHASCOM\u00daS","link":"https:\/\/larevistadigital.com.ar\/blog\/category\/chascomus\/"},"img":{"alt_text":"","src":"https:\/\/i0.wp.com\/larevistadigital.com.ar\/blog\/wp-content\/uploads\/2017\/06\/cambiemos-pablo.jpg?fit=950%2C712&ssl=1&resize=350%2C200","width":350,"height":200,"srcset":"https:\/\/i0.wp.com\/larevistadigital.com.ar\/blog\/wp-content\/uploads\/2017\/06\/cambiemos-pablo.jpg?fit=950%2C712&ssl=1&resize=350%2C200 1x, https:\/\/i0.wp.com\/larevistadigital.com.ar\/blog\/wp-content\/uploads\/2017\/06\/cambiemos-pablo.jpg?fit=950%2C712&ssl=1&resize=525%2C300 1.5x, https:\/\/i0.wp.com\/larevistadigital.com.ar\/blog\/wp-content\/uploads\/2017\/06\/cambiemos-pablo.jpg?fit=950%2C712&ssl=1&resize=700%2C400 2x"},"classes":[]}],"_links":{"self":[{"href":"https:\/\/larevistadigital.com.ar\/blog\/wp-json\/wp\/v2\/posts\/2671","targetHints":{"allow":["GET"]}}],"collection":[{"href":"https:\/\/larevistadigital.com.ar\/blog\/wp-json\/wp\/v2\/posts"}],"about":[{"href":"https:\/\/larevistadigital.com.ar\/blog\/wp-json\/wp\/v2\/types\/post"}],"author":[{"embeddable":true,"href":"https:\/\/larevistadigital.com.ar\/blog\/wp-json\/wp\/v2\/users\/3"}],"replies":[{"embeddable":true,"href":"https:\/\/larevistadigital.com.ar\/blog\/wp-json\/wp\/v2\/comments?post=2671"}],"version-history":[{"count":5,"href":"https:\/\/larevistadigital.com.ar\/blog\/wp-json\/wp\/v2\/posts\/2671\/revisions"}],"predecessor-version":[{"id":2680,"href":"https:\/\/larevistadigital.com.ar\/blog\/wp-json\/wp\/v2\/posts\/2671\/revisions\/2680"}],"wp:featuredmedia":[{"embeddable":true,"href":"https:\/\/larevistadigital.com.ar\/blog\/wp-json\/wp\/v2\/media\/2672"}],"wp:attachment":[{"href":"https:\/\/larevistadigital.com.ar\/blog\/wp-json\/wp\/v2\/media?parent=2671"}],"wp:term":[{"taxonomy":"category","embeddable":true,"href":"https:\/\/larevistadigital.com.ar\/blog\/wp-json\/wp\/v2\/categories?post=2671"},{"taxonomy":"post_tag","embeddable":true,"href":"https:\/\/larevistadigital.com.ar\/blog\/wp-json\/wp\/v2\/tags?post=2671"}],"curies":[{"name":"wp","href":"https:\/\/api.w.org\/{rel}","templated":true}]}}