{"id":2684,"date":"2017-07-20T01:25:17","date_gmt":"2017-07-20T01:25:17","guid":{"rendered":"https:\/\/larevistadigital.com.ar\/blog\/?p=2684"},"modified":"2017-07-20T01:25:17","modified_gmt":"2017-07-20T01:25:17","slug":"chascomus-candidato-del-randazzismo-visito-chascomus","status":"publish","type":"post","link":"https:\/\/larevistadigital.com.ar\/blog\/chascomus-candidato-del-randazzismo-visito-chascomus\/","title":{"rendered":"CHASCOM\u00daS: CANDIDATO DEL RANDAZZISMO VISIT\u00d3 CHASCOM\u00daS"},"content":{"rendered":"<h2 id=\"yui_3_16_0_ym19_1_1500512100549_30999\" class=\"yiv4040593897MsoNormal\"><b id=\"yui_3_16_0_ym19_1_1500512100549_30998\"><span id=\"yui_3_16_0_ym19_1_1500512100549_30997\">Oscar Romero cuarto candidato a diputado nacional de CUMPLIR, acompa\u00f1o a Alexa Oyhamburu en una recorrida por la ciudad<\/span><\/b><\/h2>\n<p id=\"yui_3_16_0_ym19_1_1500512100549_31000\" class=\"yiv4040593897MsoNormal\">\n<p id=\"yui_3_16_0_ym19_1_1500512100549_31002\" class=\"yiv4040593897MsoNormal\"><span id=\"yui_3_16_0_ym19_1_1500512100549_31001\">El candidato a diputado en cuarto lugar de la lista nacional de\u00a0<b>CUMPLIR<\/b>, espacio que lidera\u00a0<b id=\"yui_3_16_0_ym19_1_1500512100549_31013\">Florencio Randazzo<\/b>,\u00a0<b id=\"yui_3_16_0_ym19_1_1500512100549_32668\">Oscar Romero<\/b>, visito en la tarde de ayer nuestra ciudad.<\/span><\/p>\n<p id=\"yui_3_16_0_ym19_1_1500512100549_31004\" class=\"yiv4040593897MsoNormal\"><span id=\"yui_3_16_0_ym19_1_1500512100549_31003\">El actual Presidente del Bloque PJ en el congreso nacional, arribo en horas de la tarde al local partidario que Randazzo posee en Chascom\u00fas, en la esquina de Mazzini y Alvear.<\/span><\/p>\n<blockquote>\n<h3 id=\"yui_3_16_0_ym19_1_1500512100549_31006\" class=\"yiv4040593897MsoNormal\"><span id=\"yui_3_16_0_ym19_1_1500512100549_31005\">Fue recibido por la candidata a primer concejal\u00a0<b>Alexa Oyhamburu<\/b>\u00a0e integrantes de la lista que acompa\u00f1a a la \u00fanica mujer que encabeza una nomina local, tambi\u00e9n estuvo presente el Presidente del Partido Justicialista de Chascom\u00fas,\u00a0<b id=\"yui_3_16_0_ym19_1_1500512100549_31012\">Marcelo Muscarello<\/b>\u00a0y dirigentes partidarios.<\/span><\/h3>\n<\/blockquote>\n<p id=\"yui_3_16_0_ym19_1_1500512100549_31018\" class=\"yiv4040593897MsoNormal\"><span id=\"yui_3_16_0_ym19_1_1500512100549_31017\">Luego de una ronda de prensa, la comitiva inicio una recorrida por la ciudad que incluyo una caminata c\u00e9ntrica, contacto con vecinos y comerciantes, finalizando con una visita a la Planta Industrial de\u00a0<b>La Bloquera S.A.<\/b>, donde fue recibido por su titular, el empresario local\u00a0<b>Luis Medina<\/b>.<\/span><\/p>\n<p id=\"yui_3_16_0_ym19_1_1500512100549_32670\" class=\"yiv4040593897MsoNormal\"><span id=\"yui_3_16_0_ym19_1_1500512100549_32669\">\u201cCreemos que <strong>Florencio Randazzo<\/strong> expresa una nueva mirada sobre el peronismo y <strong>Alexa<\/strong> es parte de esa expresi\u00f3n\u201d, subrayo <strong>Romero<\/strong>.<\/span><\/p>\n","protected":false},"excerpt":{"rendered":"<div class=\"mh-excerpt\"><p>Oscar Romero cuarto candidato a diputado nacional de CUMPLIR, acompa\u00f1o a Alexa Oyhamburu en una recorrida por la ciudad El candidato a diputado en cuarto lugar de la lista nacional de\u00a0CUMPLIR, espacio que lidera\u00a0Florencio Randazzo,\u00a0Oscar <a class=\"mh-excerpt-more\" href=\"https:\/\/larevistadigital.com.ar\/blog\/chascomus-candidato-del-randazzismo-visito-chascomus\/\" title=\"CHASCOM\u00daS: CANDIDATO DEL RANDAZZISMO VISIT\u00d3 CHASCOM\u00daS\">[Leer M\u00e1s]<\/a><\/p>\n<\/div>","protected":false},"author":3,"featured_media":2685,"comment_status":"open","ping_status":"open","sticky":false,"template":"","format":"standard","meta":{"_jetpack_memberships_contains_paid_content":false,"footnotes":"","jetpack_publicize_message":"","jetpack_publicize_feature_enabled":true,"jetpack_social_post_already_shared":true,"jetpack_social_options":{"image_generator_settings":{"template":"highway","default_image_id":0,"font":"","enabled":false},"version":2}},"categories":[6,41,12,23],"tags":[],"class_list":{"0":"post-2684","1":"post","2":"type-post","3":"status-publish","4":"format-standard","5":"has-post-thumbnail","7":"category-chascomus","8":"category-destacadas","9":"category-politica","10":"category-politica-local"},"jetpack_publicize_connections":[],"jetpack_featured_media_url":"https:\/\/i0.wp.com\/larevistadigital.com.ar\/blog\/wp-content\/uploads\/2017\/07\/REUNION-EN-EL-LOCAL-1.jpg?fit=1371%2C1315&ssl=1","jetpack_sharing_enabled":true,"jetpack_shortlink":"https:\/\/wp.me\/p8qtrQ-Hi","jetpack-related-posts":[{"id":21450,"url":"https:\/\/larevistadigital.com.ar\/blog\/lo-que-dejo-el-paso-de-randazzo-en-chascomus\/","url_meta":{"origin":2684,"position":0},"title":"LO QUE DEJ\u00d3 EL PASO DE RANDAZZO EN CHASCOM\u00daS","author":"Alejandro Sosa Ruda","date":"6 agosto, 2021","format":false,"excerpt":"CHASCOM\u00daS -\u00a0 D\u00edas atr\u00e1s, visit\u00f3 la ciudad de Chascom\u00fas el reconocido dirigente y precandidato a Diputado Nacional Florencio Randazzo, para acompa\u00f1ar la presentaci\u00f3n de la lista que encabezar\u00e1 la dirigente Mar\u00eda Beatriz de Le\u00f3n. Randazzo que lleg\u00f3 junto su compa\u00f1era de f\u00f3rmula Carolina Castro, Rodrigo Blanco (precandidato a Diputado Nacional)\u2026","rel":"","context":"En \u00abCHASCOM\u00daS\u00bb","block_context":{"text":"CHASCOM\u00daS","link":"https:\/\/larevistadigital.com.ar\/blog\/category\/chascomus\/"},"img":{"alt_text":"","src":"https:\/\/i0.wp.com\/larevistadigital.com.ar\/blog\/wp-content\/uploads\/DE-LEON-Y-RANDAZZO.jpg?fit=1200%2C900&ssl=1&resize=350%2C200","width":350,"height":200,"srcset":"https:\/\/i0.wp.com\/larevistadigital.com.ar\/blog\/wp-content\/uploads\/DE-LEON-Y-RANDAZZO.jpg?fit=1200%2C900&ssl=1&resize=350%2C200 1x, https:\/\/i0.wp.com\/larevistadigital.com.ar\/blog\/wp-content\/uploads\/DE-LEON-Y-RANDAZZO.jpg?fit=1200%2C900&ssl=1&resize=525%2C300 1.5x, https:\/\/i0.wp.com\/larevistadigital.com.ar\/blog\/wp-content\/uploads\/DE-LEON-Y-RANDAZZO.jpg?fit=1200%2C900&ssl=1&resize=700%2C400 2x, https:\/\/i0.wp.com\/larevistadigital.com.ar\/blog\/wp-content\/uploads\/DE-LEON-Y-RANDAZZO.jpg?fit=1200%2C900&ssl=1&resize=1050%2C600 3x"},"classes":[]},{"id":11386,"url":"https:\/\/larevistadigital.com.ar\/blog\/visito-chascomus-el-candidato-a-gobernador-de-roberto-lavagna\/","url_meta":{"origin":2684,"position":1},"title":"VISIT\u00d3 CHASCOM\u00daS EL CANDIDATO A GOBERNADOR DE ROBERTO LAVAGNA","author":"Alejandro Sosa Ruda","date":"20 julio, 2019","format":false,"excerpt":"EDUARDO \u201cBALI\u201d BUCCA, EX INTNEDENTE DE BOL\u00cdVAR MANTUVO ENCUENTRO CON LA PRENSA, SE REUNIO CON LOS CANDIDATOS IGNACIO GORRIZ, LEO MOYANO, EVA BRICCIO, LA PRIMERA CANDIDATA A CONSEJERA ESCOLAR CLAUDIA QUIROGA Y DEMAS INTEGRANTES DE LA LISTA. TUVO UN CALIDO ENCUENTRO CON JUAN CARLOS HAEDO, VISITO UNA FABRICA DE CALZADO,\u2026","rel":"","context":"En \u00abINTERES GENERAL\u00bb","block_context":{"text":"INTERES GENERAL","link":"https:\/\/larevistadigital.com.ar\/blog\/category\/interes-general\/"},"img":{"alt_text":"","src":"https:\/\/i0.wp.com\/larevistadigital.com.ar\/blog\/wp-content\/uploads\/WhatsApp-Image-2019-07-20-at-21.11.24.jpeg?fit=1200%2C797&ssl=1&resize=350%2C200","width":350,"height":200,"srcset":"https:\/\/i0.wp.com\/larevistadigital.com.ar\/blog\/wp-content\/uploads\/WhatsApp-Image-2019-07-20-at-21.11.24.jpeg?fit=1200%2C797&ssl=1&resize=350%2C200 1x, https:\/\/i0.wp.com\/larevistadigital.com.ar\/blog\/wp-content\/uploads\/WhatsApp-Image-2019-07-20-at-21.11.24.jpeg?fit=1200%2C797&ssl=1&resize=525%2C300 1.5x, https:\/\/i0.wp.com\/larevistadigital.com.ar\/blog\/wp-content\/uploads\/WhatsApp-Image-2019-07-20-at-21.11.24.jpeg?fit=1200%2C797&ssl=1&resize=700%2C400 2x, https:\/\/i0.wp.com\/larevistadigital.com.ar\/blog\/wp-content\/uploads\/WhatsApp-Image-2019-07-20-at-21.11.24.jpeg?fit=1200%2C797&ssl=1&resize=1050%2C600 3x"},"classes":[]},{"id":22308,"url":"https:\/\/larevistadigital.com.ar\/blog\/con-galeria-de-fotos-de-la-mano-de-ramiro-ferrante-y-con-importante-acompanamiento-diego-santilli-visito-chascomus\/","url_meta":{"origin":2684,"position":2},"title":"[CON GALER\u00cdA DE FOTOS] DE LA MANO DE RAMIRO FERRANTE, Y CON IMPORTANTE ACOMPA\u00d1AMIENTO, DIEGO SANTILLI VISIT\u00d3 CHASCOM\u00daS","author":"Alejandro Sosa Ruda","date":"11 octubre, 2021","format":false,"excerpt":"Lleg\u00f3 nuevamente a la ciudad, como muestra de apoyo mutuo con el candidato a concejal y referente del espacio, Ramiro Ferrante. Se reunieron con vecinos y simpatizantes que brindaron muestras de afecto y compromiso. CHASCOM\u00daS - Durante la jornada de ayer, estuvo en la ciudad de Chascom\u00fas, el primer candidato\u2026","rel":"","context":"En \u00abDESTACADAS\u00bb","block_context":{"text":"DESTACADAS","link":"https:\/\/larevistadigital.com.ar\/blog\/category\/destacadas\/"},"img":{"alt_text":"","src":"https:\/\/i0.wp.com\/larevistadigital.com.ar\/blog\/wp-content\/uploads\/WhatsApp-Image-2021-10-10-at-19.32.43.jpeg?fit=1200%2C900&ssl=1&resize=350%2C200","width":350,"height":200,"srcset":"https:\/\/i0.wp.com\/larevistadigital.com.ar\/blog\/wp-content\/uploads\/WhatsApp-Image-2021-10-10-at-19.32.43.jpeg?fit=1200%2C900&ssl=1&resize=350%2C200 1x, https:\/\/i0.wp.com\/larevistadigital.com.ar\/blog\/wp-content\/uploads\/WhatsApp-Image-2021-10-10-at-19.32.43.jpeg?fit=1200%2C900&ssl=1&resize=525%2C300 1.5x, https:\/\/i0.wp.com\/larevistadigital.com.ar\/blog\/wp-content\/uploads\/WhatsApp-Image-2021-10-10-at-19.32.43.jpeg?fit=1200%2C900&ssl=1&resize=700%2C400 2x, https:\/\/i0.wp.com\/larevistadigital.com.ar\/blog\/wp-content\/uploads\/WhatsApp-Image-2021-10-10-at-19.32.43.jpeg?fit=1200%2C900&ssl=1&resize=1050%2C600 3x"},"classes":[]},{"id":21376,"url":"https:\/\/larevistadigital.com.ar\/blog\/randazzo-visita-manana-chascomus-en-apoyo-a-la-dirigente-beatriz-de-leon\/","url_meta":{"origin":2684,"position":3},"title":"RANDAZZO VISITA MA\u00d1ANA CHASCOM\u00daS, MOSTRANDO APOYO A LA DIRIGENTE BEATRIZ DE LE\u00d3N","author":"Alejandro Sosa Ruda","date":"4 agosto, 2021","format":false,"excerpt":"CHASCOM\u00daS -\u00a0 El precandidato a diputado nacional Florencio Randazzo estar\u00e1 llegando a Chascom\u00fas en horas de la tarde en su recorrida por la provincia, acompa\u00f1ado por qui\u00e9n es su compa\u00f1era de f\u00f3rmula Carolina Castro , industrial y miembro de la UIA ( Comit\u00e9 Ejecutivo de la Uni\u00f3n Industrial Argentina). Tambi\u00e9n\u2026","rel":"","context":"En \u00abINTERES GENERAL\u00bb","block_context":{"text":"INTERES GENERAL","link":"https:\/\/larevistadigital.com.ar\/blog\/category\/interes-general\/"},"img":{"alt_text":"","src":"https:\/\/i0.wp.com\/larevistadigital.com.ar\/blog\/wp-content\/uploads\/60fa035b2eb1f_1004x565.jpg?fit=1004%2C565&ssl=1&resize=350%2C200","width":350,"height":200,"srcset":"https:\/\/i0.wp.com\/larevistadigital.com.ar\/blog\/wp-content\/uploads\/60fa035b2eb1f_1004x565.jpg?fit=1004%2C565&ssl=1&resize=350%2C200 1x, https:\/\/i0.wp.com\/larevistadigital.com.ar\/blog\/wp-content\/uploads\/60fa035b2eb1f_1004x565.jpg?fit=1004%2C565&ssl=1&resize=525%2C300 1.5x, https:\/\/i0.wp.com\/larevistadigital.com.ar\/blog\/wp-content\/uploads\/60fa035b2eb1f_1004x565.jpg?fit=1004%2C565&ssl=1&resize=700%2C400 2x"},"classes":[]},{"id":2986,"url":"https:\/\/larevistadigital.com.ar\/blog\/jorge-taiana-visito-la-ciudad-y-fue-recibido-por-gabriel-macchi\/","url_meta":{"origin":2684,"position":4},"title":"Jorge Taiana visit\u00f3 la ciudad y fue recibido por Gabriel Macchi","author":"admin","date":"4 agosto, 2017","format":false,"excerpt":"El candidato a senador nacional por la provincia de Buenos Aires Jorge Taiana, visit\u00f3 Chascom\u00fas Fue recibido por Gabriel Macchi junto al resto de los candidatos locales de Unidad Ciudadana y los actuales concejales Alfredo Ateasuain, Ana Francese, Hector Larramendy y Juan Cano y el diputado Jos\u00e9 Cote Rossi. Tras\u2026","rel":"","context":"En \u00abPOLITICA\u00bb","block_context":{"text":"POLITICA","link":"https:\/\/larevistadigital.com.ar\/blog\/category\/politica\/"},"img":{"alt_text":"","src":"https:\/\/i0.wp.com\/larevistadigital.com.ar\/blog\/wp-content\/uploads\/2017\/08\/20604157_10212049465145895_2066480076831303291_n.jpg?fit=960%2C744&ssl=1&resize=350%2C200","width":350,"height":200,"srcset":"https:\/\/i0.wp.com\/larevistadigital.com.ar\/blog\/wp-content\/uploads\/2017\/08\/20604157_10212049465145895_2066480076831303291_n.jpg?fit=960%2C744&ssl=1&resize=350%2C200 1x, https:\/\/i0.wp.com\/larevistadigital.com.ar\/blog\/wp-content\/uploads\/2017\/08\/20604157_10212049465145895_2066480076831303291_n.jpg?fit=960%2C744&ssl=1&resize=525%2C300 1.5x, https:\/\/i0.wp.com\/larevistadigital.com.ar\/blog\/wp-content\/uploads\/2017\/08\/20604157_10212049465145895_2066480076831303291_n.jpg?fit=960%2C744&ssl=1&resize=700%2C400 2x"},"classes":[]},{"id":2363,"url":"https:\/\/larevistadigital.com.ar\/blog\/de-maximo-a-randazzo-no-aceptamos-un-candidato-con-menos-coraje-que-cristina\/","url_meta":{"origin":2684,"position":5},"title":"DE M\u00c1XIMO A RANDAZZO: \u201cNO ACEPTAMOS UN CANDIDATO CON MENOS CORAJE QUE CRISTINA\u201d","author":"Alejandro Sosa Ruda","date":"11 junio, 2017","format":false,"excerpt":"Fue un acto en Avellaneda en donde tuvo duras palabras para el creador del espacio \u201cCumplir\u201d. M\u00e1ximo Kirchner, referente principal de La C\u00e1mpora e hijo de la ex presidente encabez\u00f3 un acto en la localidad de Avellaneda, en donde atac\u00f3 directamente al ex ministro Florencio Randazzo diciendo que \u201cNo importa\u2026","rel":"","context":"En \u00abDESTACADAS\u00bb","block_context":{"text":"DESTACADAS","link":"https:\/\/larevistadigital.com.ar\/blog\/category\/destacadas\/"},"img":{"alt_text":"","src":"https:\/\/i0.wp.com\/larevistadigital.com.ar\/blog\/wp-content\/uploads\/2017\/06\/apfdigital_282200_tapa_30112016_111823.jpg?fit=1200%2C769&ssl=1&resize=350%2C200","width":350,"height":200,"srcset":"https:\/\/i0.wp.com\/larevistadigital.com.ar\/blog\/wp-content\/uploads\/2017\/06\/apfdigital_282200_tapa_30112016_111823.jpg?fit=1200%2C769&ssl=1&resize=350%2C200 1x, https:\/\/i0.wp.com\/larevistadigital.com.ar\/blog\/wp-content\/uploads\/2017\/06\/apfdigital_282200_tapa_30112016_111823.jpg?fit=1200%2C769&ssl=1&resize=525%2C300 1.5x, https:\/\/i0.wp.com\/larevistadigital.com.ar\/blog\/wp-content\/uploads\/2017\/06\/apfdigital_282200_tapa_30112016_111823.jpg?fit=1200%2C769&ssl=1&resize=700%2C400 2x, https:\/\/i0.wp.com\/larevistadigital.com.ar\/blog\/wp-content\/uploads\/2017\/06\/apfdigital_282200_tapa_30112016_111823.jpg?fit=1200%2C769&ssl=1&resize=1050%2C600 3x"},"classes":[]}],"_links":{"self":[{"href":"https:\/\/larevistadigital.com.ar\/blog\/wp-json\/wp\/v2\/posts\/2684","targetHints":{"allow":["GET"]}}],"collection":[{"href":"https:\/\/larevistadigital.com.ar\/blog\/wp-json\/wp\/v2\/posts"}],"about":[{"href":"https:\/\/larevistadigital.com.ar\/blog\/wp-json\/wp\/v2\/types\/post"}],"author":[{"embeddable":true,"href":"https:\/\/larevistadigital.com.ar\/blog\/wp-json\/wp\/v2\/users\/3"}],"replies":[{"embeddable":true,"href":"https:\/\/larevistadigital.com.ar\/blog\/wp-json\/wp\/v2\/comments?post=2684"}],"version-history":[{"count":1,"href":"https:\/\/larevistadigital.com.ar\/blog\/wp-json\/wp\/v2\/posts\/2684\/revisions"}],"predecessor-version":[{"id":2686,"href":"https:\/\/larevistadigital.com.ar\/blog\/wp-json\/wp\/v2\/posts\/2684\/revisions\/2686"}],"wp:featuredmedia":[{"embeddable":true,"href":"https:\/\/larevistadigital.com.ar\/blog\/wp-json\/wp\/v2\/media\/2685"}],"wp:attachment":[{"href":"https:\/\/larevistadigital.com.ar\/blog\/wp-json\/wp\/v2\/media?parent=2684"}],"wp:term":[{"taxonomy":"category","embeddable":true,"href":"https:\/\/larevistadigital.com.ar\/blog\/wp-json\/wp\/v2\/categories?post=2684"},{"taxonomy":"post_tag","embeddable":true,"href":"https:\/\/larevistadigital.com.ar\/blog\/wp-json\/wp\/v2\/tags?post=2684"}],"curies":[{"name":"wp","href":"https:\/\/api.w.org\/{rel}","templated":true}]}}