{"id":2688,"date":"2017-07-21T00:33:11","date_gmt":"2017-07-21T00:33:11","guid":{"rendered":"https:\/\/larevistadigital.com.ar\/blog\/?p=2688"},"modified":"2017-07-21T00:33:11","modified_gmt":"2017-07-21T00:33:11","slug":"chascomus-ferrante-se-reunio-con-jorge-macri-y-acordaron-una-jornada-de-trabajo-conjunta","status":"publish","type":"post","link":"https:\/\/larevistadigital.com.ar\/blog\/chascomus-ferrante-se-reunio-con-jorge-macri-y-acordaron-una-jornada-de-trabajo-conjunta\/","title":{"rendered":"CHASCOM\u00daS: FERRANTE SE REUNI\u00d3 CON JORGE MACRI Y ACORDARON UNA JORNADA DE TRABAJO CONJUNTA"},"content":{"rendered":"<p><strong><\/strong><\/p>\n<h2><strong>Ramiro Ferrante<\/strong>, precandidato a Concejal por la lista de Cambiemos que en Chascom\u00fas cuenta con representantes del PRO, UCR, PARTIDO FE y UNI\u00d3N POR LA LIBERTAD, se reuni\u00f3 hoy con <strong>Jorge Macri<\/strong>, intendente de Vicente L\u00f3pez y Presidente del Grupo BAPRO.<\/h2>\n<p>En el marco de sus encuentros con funcionarios nacionales, provinciales e Intendentes, <strong>Ferrante<\/strong> se acerc\u00f3 a la municipalidad de Vicente L\u00f3pez donde fue recibido por <strong>Macri<\/strong> en su despacho. Durante el encuentro conversaron sobre la actualidad de los municipios y sobre el trabajo en diferentes \u00e1reas de gesti\u00f3n que el Intendente lleva adelante. En este sentido,<strong> Ferrante<\/strong> fue invitado a compartir una jornada de trabajo conjunta la semana pr\u00f3xima.<\/p>\n<blockquote>\n<h3><em><strong>\u00abJorge demostr\u00f3 una capacidad de gesti\u00f3n en Vicente L\u00f3pez de la que sin dudas podemos aprender para replicar en nuestra ciudad. \u00c9l es uno de los principales referentes de la gobernadora Mar\u00eda Eugenia Vidal y, como tal, se mostr\u00f3 muy abierto y con ganas de colaborar\u00bb<\/strong><\/em>, expres\u00f3 <strong>Ferrante<\/strong> al finalizar la reuni\u00f3n.<\/h3>\n<\/blockquote>\n<p>Asimismo, el precandidato a Concejal manifest\u00f3 la importancia de poder compartir una jornada de trabajo con otro municipio. <em><strong>\u00abTenemos previsto recorrer distintas \u00e1reas como la de salud, seguridad, educaci\u00f3n y desarrollo social. Esto nos permitir\u00e1 intercambiar experiencias y analizar proyectos con la intenci\u00f3n de darles curso en nuestra ciudad\u00bb<\/strong><\/em>, agreg\u00f3.<\/p>\n<p>La jornada de trabajo est\u00e1 prevista para lunes o martes de la semana entrante donde, adem\u00e1s de <strong>Ferrante<\/strong>, participar\u00e1n otros referentes del espacio que nuclea al PRO, UCR, PARTIDO FE y UNI\u00d3N POR LA LIBERTAD.<\/p>\n<blockquote>\n<h3>Antes de finalizar, <strong>Ferrante<\/strong> le transmiti\u00f3 a <strong>Macri<\/strong> la intenci\u00f3n de generar una reuni\u00f3n con autoridades del Banco Provincia para hacerles llegar el pedido formal para incorporar m\u00e1s comercios de nuestra ciudad a la promoci\u00f3n del 50% de descuento en supermercados. El intendente se interes\u00f3 por el tema y quedaron en avanzar en un posible encuentro con representantes de la entidad bancaria.<\/h3>\n<\/blockquote>\n<p>Por la tarde y de regreso en Chascom\u00fas, <strong>Ferrante<\/strong> junto a otros candidatos como <strong>Soledad Nivio, Nacho L\u00f3pez y Andrea Vieira<\/strong>, continuaron con la vista a vecinos y recorridas por distintos barrios de nuestra ciudad. <em><strong>\u00abVamos a visitar cada uno de los barrios y queremos escuchar la palabra de la mayor cantidad de vecinos posibles. Queremos saber qu\u00e9 piensan y que conozcan lo que nosotros como equipo queremos llevar adelante en la ciudad\u00bb<\/strong><\/em>, finaliz\u00f3.<\/p>\n","protected":false},"excerpt":{"rendered":"<div class=\"mh-excerpt\"><p>Ramiro Ferrante, precandidato a Concejal por la lista de Cambiemos que en Chascom\u00fas cuenta con representantes del PRO, UCR, PARTIDO FE y UNI\u00d3N POR LA LIBERTAD, se reuni\u00f3 hoy con Jorge Macri, intendente de Vicente <a class=\"mh-excerpt-more\" href=\"https:\/\/larevistadigital.com.ar\/blog\/chascomus-ferrante-se-reunio-con-jorge-macri-y-acordaron-una-jornada-de-trabajo-conjunta\/\" title=\"CHASCOM\u00daS: FERRANTE SE REUNI\u00d3 CON JORGE MACRI Y ACORDARON UNA JORNADA DE TRABAJO CONJUNTA\">[Leer M\u00e1s]<\/a><\/p>\n<\/div>","protected":false},"author":3,"featured_media":2689,"comment_status":"open","ping_status":"open","sticky":false,"template":"","format":"standard","meta":{"_jetpack_memberships_contains_paid_content":false,"footnotes":"","jetpack_publicize_message":"","jetpack_publicize_feature_enabled":true,"jetpack_social_post_already_shared":true,"jetpack_social_options":{"image_generator_settings":{"template":"highway","default_image_id":0,"font":"","enabled":false},"version":2}},"categories":[6,41,12,23],"tags":[],"class_list":{"0":"post-2688","1":"post","2":"type-post","3":"status-publish","4":"format-standard","5":"has-post-thumbnail","7":"category-chascomus","8":"category-destacadas","9":"category-politica","10":"category-politica-local"},"jetpack_publicize_connections":[],"jetpack_featured_media_url":"https:\/\/i0.wp.com\/larevistadigital.com.ar\/blog\/wp-content\/uploads\/2017\/07\/WhatsApp-Image-2017-07-20-at-21.25.00.jpeg?fit=1032%2C581&ssl=1","jetpack_sharing_enabled":true,"jetpack_shortlink":"https:\/\/wp.me\/p8qtrQ-Hm","jetpack-related-posts":[{"id":33139,"url":"https:\/\/larevistadigital.com.ar\/blog\/chascomus-dos-santos-se-reunio-con-gustavo-lopez-y-ramiro-ferrante-y-acordaron-trabajar-en-conjunto\/","url_meta":{"origin":2688,"position":0},"title":"CHASCOM\u00daS: DOS SANTOS SE REUNI\u00d3 CON GUSTAVO L\u00d3PEZ Y RAMIRO FERRANTE, Y ACORDARON TRABAJAR EN CONJUNTO","author":"Alejandro Sosa Ruda","date":"30 agosto, 2023","format":false,"excerpt":"Tanto el dirigente radical, como el lider del PRO, acordaron con el candidato el trabajo conjunto para ganar las elecciones de Octubre y dise\u00f1ar una gesti\u00f3n de gobierno municipal. 30 de agosto de 2023 CHASCOM\u00daS -\u00a0 Luego de conversar con Gustavo Lopez y Ramiro Ferrante el candidato a intendente y\u2026","rel":"","context":"En \u00abINTERES GENERAL\u00bb","block_context":{"text":"INTERES GENERAL","link":"https:\/\/larevistadigital.com.ar\/blog\/category\/interes-general\/"},"img":{"alt_text":"","src":"https:\/\/i0.wp.com\/larevistadigital.com.ar\/blog\/wp-content\/uploads\/Captura-de-pantalla-2023-08-30-092917.jpg?fit=700%2C473&ssl=1&resize=350%2C200","width":350,"height":200,"srcset":"https:\/\/i0.wp.com\/larevistadigital.com.ar\/blog\/wp-content\/uploads\/Captura-de-pantalla-2023-08-30-092917.jpg?fit=700%2C473&ssl=1&resize=350%2C200 1x, https:\/\/i0.wp.com\/larevistadigital.com.ar\/blog\/wp-content\/uploads\/Captura-de-pantalla-2023-08-30-092917.jpg?fit=700%2C473&ssl=1&resize=525%2C300 1.5x, https:\/\/i0.wp.com\/larevistadigital.com.ar\/blog\/wp-content\/uploads\/Captura-de-pantalla-2023-08-30-092917.jpg?fit=700%2C473&ssl=1&resize=700%2C400 2x"},"classes":[]},{"id":2696,"url":"https:\/\/larevistadigital.com.ar\/blog\/chascomus-federico-pinedo-acompano-a-ramiro-ferrante-en-el-timbreo-de-cambiemos\/","url_meta":{"origin":2688,"position":1},"title":"CHASCOM\u00daS: FEDERICO PINEDO ACOMPA\u00d1\u00d3 A RAMIRO FERRANTE EN EL TIMBREO DE CAMBIEMOS","author":"Alejandro Sosa Ruda","date":"22 julio, 2017","format":false,"excerpt":"El Presidente provisional del Senado de la Naci\u00f3n, Federico Pinedo, acompa\u00f1\u00f3 al precandidato a Concejal por Cambiemos, Ramiro Ferrante durante el timbreo realizado en la ma\u00f1ana de hoy. Pinedo arrib\u00f3 a la ciudad a las 10 de la ma\u00f1ana y se dirigi\u00f3 al local de Cambiemos en la calle Belgrano\u2026","rel":"","context":"En \u00abCHASCOM\u00daS\u00bb","block_context":{"text":"CHASCOM\u00daS","link":"https:\/\/larevistadigital.com.ar\/blog\/category\/chascomus\/"},"img":{"alt_text":"","src":"https:\/\/i0.wp.com\/larevistadigital.com.ar\/blog\/wp-content\/uploads\/2017\/07\/WhatsApp-Image-2017-07-22-at-15.59.32.jpeg?fit=1032%2C581&ssl=1&resize=350%2C200","width":350,"height":200,"srcset":"https:\/\/i0.wp.com\/larevistadigital.com.ar\/blog\/wp-content\/uploads\/2017\/07\/WhatsApp-Image-2017-07-22-at-15.59.32.jpeg?fit=1032%2C581&ssl=1&resize=350%2C200 1x, https:\/\/i0.wp.com\/larevistadigital.com.ar\/blog\/wp-content\/uploads\/2017\/07\/WhatsApp-Image-2017-07-22-at-15.59.32.jpeg?fit=1032%2C581&ssl=1&resize=525%2C300 1.5x, https:\/\/i0.wp.com\/larevistadigital.com.ar\/blog\/wp-content\/uploads\/2017\/07\/WhatsApp-Image-2017-07-22-at-15.59.32.jpeg?fit=1032%2C581&ssl=1&resize=700%2C400 2x"},"classes":[]},{"id":3263,"url":"https:\/\/larevistadigital.com.ar\/blog\/chascomus-ramiro-ferrante-se-reunio-con-el-ministro-de-justicia-de-la-provincia-de-buenos-aires-gustavo-ferrari\/","url_meta":{"origin":2688,"position":2},"title":"CHASCOMUS: RAMIRO FERRANTE SE REUNI\u00d3 CON EL MINISTRO DE JUSTICIA DE LA PROVINCIA DE BUENOS AIRES, GUSTAVO FERRARI","author":"Alejandro Sosa Ruda","date":"7 septiembre, 2017","format":false,"excerpt":"El primer candidato a concejal por Cambiemos en Chascom\u00fas, Ramiro Ferrante, mantuvo un encuentro con el ministro de Justicia de la provincia de Buenos Aires, Gustavo Ferrari. \u00a0 Durante la reuni\u00f3n, que se desarroll\u00f3 en el despacho que el ministro posee en la ciudad de La Plata, Ferrari y Ferrante\u2026","rel":"","context":"En \u00abCHASCOM\u00daS\u00bb","block_context":{"text":"CHASCOM\u00daS","link":"https:\/\/larevistadigital.com.ar\/blog\/category\/chascomus\/"},"img":{"alt_text":"","src":"https:\/\/i0.wp.com\/larevistadigital.com.ar\/blog\/wp-content\/uploads\/2017\/09\/Foto-1-Ferrante-Ferrari.jpg?fit=1200%2C801&ssl=1&resize=350%2C200","width":350,"height":200,"srcset":"https:\/\/i0.wp.com\/larevistadigital.com.ar\/blog\/wp-content\/uploads\/2017\/09\/Foto-1-Ferrante-Ferrari.jpg?fit=1200%2C801&ssl=1&resize=350%2C200 1x, https:\/\/i0.wp.com\/larevistadigital.com.ar\/blog\/wp-content\/uploads\/2017\/09\/Foto-1-Ferrante-Ferrari.jpg?fit=1200%2C801&ssl=1&resize=525%2C300 1.5x, https:\/\/i0.wp.com\/larevistadigital.com.ar\/blog\/wp-content\/uploads\/2017\/09\/Foto-1-Ferrante-Ferrari.jpg?fit=1200%2C801&ssl=1&resize=700%2C400 2x, https:\/\/i0.wp.com\/larevistadigital.com.ar\/blog\/wp-content\/uploads\/2017\/09\/Foto-1-Ferrante-Ferrari.jpg?fit=1200%2C801&ssl=1&resize=1050%2C600 3x"},"classes":[]},{"id":2804,"url":"https:\/\/larevistadigital.com.ar\/blog\/chascomus-ferrante-se-reunio-con-el-ministro-de-infraestructura-de-la-provincia\/","url_meta":{"origin":2688,"position":3},"title":"CHASCOM\u00daS: FERRANTE SE REUNI\u00d3 CON EL MINISTRO DE INFRAESTRUCTURA DE LA PROVINCIA","author":"Alejandro Sosa Ruda","date":"28 julio, 2017","format":false,"excerpt":"Ramiro Ferrante, precandidato a Concejal por la lista de Cambiemos que en Chascom\u00fas cuenta con representantes del PRO, UCR, PARTIDO FE y UNI\u00d3N POR LA LIBERTAD, se reuni\u00f3 \u00a0con Roberto Gigante, ministro de Infraestructura de la provincia de Buenos Aires. La charla mantenida, gir\u00f3 sobre los avances de las obras\u2026","rel":"","context":"En \u00abPOLITICA\u00bb","block_context":{"text":"POLITICA","link":"https:\/\/larevistadigital.com.ar\/blog\/category\/politica\/"},"img":{"alt_text":"","src":"https:\/\/i0.wp.com\/larevistadigital.com.ar\/blog\/wp-content\/uploads\/2017\/07\/WhatsApp-Image-2017-07-28-at-08.25.30.jpeg?fit=1032%2C581&ssl=1&resize=350%2C200","width":350,"height":200,"srcset":"https:\/\/i0.wp.com\/larevistadigital.com.ar\/blog\/wp-content\/uploads\/2017\/07\/WhatsApp-Image-2017-07-28-at-08.25.30.jpeg?fit=1032%2C581&ssl=1&resize=350%2C200 1x, https:\/\/i0.wp.com\/larevistadigital.com.ar\/blog\/wp-content\/uploads\/2017\/07\/WhatsApp-Image-2017-07-28-at-08.25.30.jpeg?fit=1032%2C581&ssl=1&resize=525%2C300 1.5x, https:\/\/i0.wp.com\/larevistadigital.com.ar\/blog\/wp-content\/uploads\/2017\/07\/WhatsApp-Image-2017-07-28-at-08.25.30.jpeg?fit=1032%2C581&ssl=1&resize=700%2C400 2x"},"classes":[]},{"id":28724,"url":"https:\/\/larevistadigital.com.ar\/blog\/ramiro-ferrante-participo-de-un-nuevo-ciclo-de-la-escuela-para-intendentes\/","url_meta":{"origin":2688,"position":4},"title":"RAMIRO FERRANTE PARTICIP\u00d3 DE UN NUEVO CICLO DE LA \u00abESCUELA PARA INTENDENTES\u00bb","author":"Alejandro Sosa Ruda","date":"1 noviembre, 2022","format":false,"excerpt":"\"De la candidatura a la gesti\u00f3n\" es el slogan del seminario que lanz\u00f3 en el mes de septiembre el ex presidente Mauricio Macri, un programa de liderazgo para referentes territoriales de su espacio con aspiraciones concretas a gestionar sus comunidades a partir de las elecciones de 2023. En esta oportunidad,\u2026","rel":"","context":"En \u00abINTERES GENERAL\u00bb","block_context":{"text":"INTERES GENERAL","link":"https:\/\/larevistadigital.com.ar\/blog\/category\/interes-general\/"},"img":{"alt_text":"","src":"https:\/\/i0.wp.com\/larevistadigital.com.ar\/blog\/wp-content\/uploads\/1-1.png?fit=700%2C426&ssl=1&resize=350%2C200","width":350,"height":200,"srcset":"https:\/\/i0.wp.com\/larevistadigital.com.ar\/blog\/wp-content\/uploads\/1-1.png?fit=700%2C426&ssl=1&resize=350%2C200 1x, https:\/\/i0.wp.com\/larevistadigital.com.ar\/blog\/wp-content\/uploads\/1-1.png?fit=700%2C426&ssl=1&resize=525%2C300 1.5x, https:\/\/i0.wp.com\/larevistadigital.com.ar\/blog\/wp-content\/uploads\/1-1.png?fit=700%2C426&ssl=1&resize=700%2C400 2x"},"classes":[]},{"id":32678,"url":"https:\/\/larevistadigital.com.ar\/blog\/chascomus-ramiro-ferrante-la-renovacion-en-la-politica-es-la-clave\/","url_meta":{"origin":2688,"position":5},"title":"CHASCOM\u00daS: RAMIRO FERRANTE \u00abLA RENOVACI\u00d3N EN LA POL\u00cdTICA ES LA CLAVE\u00bb","author":"Alejandro Sosa Ruda","date":"31 julio, 2023","format":false,"excerpt":"El precandidato a intendente Ramiro Ferrante reflexion\u00f3 luego del triunfo de Ignacio Torres de Juntos por el Cambio en Chubut. 31 de julio de 2023 CHASCOM\u00daS -\u00a0 La aguda crisis socio-econ\u00f3mica y el descreimiento de la gente, presentan un escenario adverso y al mismo tiempo de oportunidades en este a\u00f1o\u2026","rel":"","context":"En \u00abINTERES GENERAL\u00bb","block_context":{"text":"INTERES GENERAL","link":"https:\/\/larevistadigital.com.ar\/blog\/category\/interes-general\/"},"img":{"alt_text":"","src":"https:\/\/i0.wp.com\/larevistadigital.com.ar\/blog\/wp-content\/uploads\/WhatsApp-Image-2023-07-31-at-13.21.49-1.jpeg?fit=905%2C510&ssl=1&resize=350%2C200","width":350,"height":200,"srcset":"https:\/\/i0.wp.com\/larevistadigital.com.ar\/blog\/wp-content\/uploads\/WhatsApp-Image-2023-07-31-at-13.21.49-1.jpeg?fit=905%2C510&ssl=1&resize=350%2C200 1x, https:\/\/i0.wp.com\/larevistadigital.com.ar\/blog\/wp-content\/uploads\/WhatsApp-Image-2023-07-31-at-13.21.49-1.jpeg?fit=905%2C510&ssl=1&resize=525%2C300 1.5x, https:\/\/i0.wp.com\/larevistadigital.com.ar\/blog\/wp-content\/uploads\/WhatsApp-Image-2023-07-31-at-13.21.49-1.jpeg?fit=905%2C510&ssl=1&resize=700%2C400 2x"},"classes":[]}],"_links":{"self":[{"href":"https:\/\/larevistadigital.com.ar\/blog\/wp-json\/wp\/v2\/posts\/2688","targetHints":{"allow":["GET"]}}],"collection":[{"href":"https:\/\/larevistadigital.com.ar\/blog\/wp-json\/wp\/v2\/posts"}],"about":[{"href":"https:\/\/larevistadigital.com.ar\/blog\/wp-json\/wp\/v2\/types\/post"}],"author":[{"embeddable":true,"href":"https:\/\/larevistadigital.com.ar\/blog\/wp-json\/wp\/v2\/users\/3"}],"replies":[{"embeddable":true,"href":"https:\/\/larevistadigital.com.ar\/blog\/wp-json\/wp\/v2\/comments?post=2688"}],"version-history":[{"count":2,"href":"https:\/\/larevistadigital.com.ar\/blog\/wp-json\/wp\/v2\/posts\/2688\/revisions"}],"predecessor-version":[{"id":2692,"href":"https:\/\/larevistadigital.com.ar\/blog\/wp-json\/wp\/v2\/posts\/2688\/revisions\/2692"}],"wp:featuredmedia":[{"embeddable":true,"href":"https:\/\/larevistadigital.com.ar\/blog\/wp-json\/wp\/v2\/media\/2689"}],"wp:attachment":[{"href":"https:\/\/larevistadigital.com.ar\/blog\/wp-json\/wp\/v2\/media?parent=2688"}],"wp:term":[{"taxonomy":"category","embeddable":true,"href":"https:\/\/larevistadigital.com.ar\/blog\/wp-json\/wp\/v2\/categories?post=2688"},{"taxonomy":"post_tag","embeddable":true,"href":"https:\/\/larevistadigital.com.ar\/blog\/wp-json\/wp\/v2\/tags?post=2688"}],"curies":[{"name":"wp","href":"https:\/\/api.w.org\/{rel}","templated":true}]}}