{"id":2696,"date":"2017-07-22T20:44:13","date_gmt":"2017-07-22T20:44:13","guid":{"rendered":"https:\/\/larevistadigital.com.ar\/blog\/?p=2696"},"modified":"2017-07-22T20:44:13","modified_gmt":"2017-07-22T20:44:13","slug":"chascomus-federico-pinedo-acompano-a-ramiro-ferrante-en-el-timbreo-de-cambiemos","status":"publish","type":"post","link":"https:\/\/larevistadigital.com.ar\/blog\/chascomus-federico-pinedo-acompano-a-ramiro-ferrante-en-el-timbreo-de-cambiemos\/","title":{"rendered":"CHASCOM\u00daS: FEDERICO PINEDO ACOMPA\u00d1\u00d3 A RAMIRO FERRANTE EN EL TIMBREO DE CAMBIEMOS"},"content":{"rendered":"<h2>El Presidente provisional del Senado de la Naci\u00f3n, <strong>Federico Pinedo<\/strong>, acompa\u00f1\u00f3 al precandidato a Concejal por Cambiemos, <strong>Ramiro Ferrante<\/strong> durante el timbreo realizado en la ma\u00f1ana de hoy.<\/h2>\n<p><strong>Pinedo<\/strong> arrib\u00f3 a la ciudad a las 10 de la ma\u00f1ana y se dirigi\u00f3 al local de Cambiemos en la calle Belgrano donde tom\u00f3 mate y convers\u00f3 con los candidatos del espacio que encabeza <strong>Ferrante<\/strong> y nuclea a representantes del PRO, UCR, PARTIDO FE y UNI\u00d3N POR LA LIBERTAD.<\/p>\n<p><a href=\"https:\/\/i0.wp.com\/larevistadigital.com.ar\/blog\/wp-content\/uploads\/2017\/07\/WhatsApp-Image-2017-07-22-at-15.59.29.jpeg?ssl=1\"><img data-recalc-dims=\"1\" loading=\"lazy\" decoding=\"async\" class=\"alignnone size-full wp-image-2698\" src=\"https:\/\/i0.wp.com\/larevistadigital.com.ar\/blog\/wp-content\/uploads\/2017\/07\/WhatsApp-Image-2017-07-22-at-15.59.29.jpeg?resize=1032%2C581&#038;ssl=1\" alt=\"\" width=\"1032\" height=\"581\" srcset=\"https:\/\/i0.wp.com\/larevistadigital.com.ar\/blog\/wp-content\/uploads\/2017\/07\/WhatsApp-Image-2017-07-22-at-15.59.29.jpeg?w=1032&amp;ssl=1 1032w, https:\/\/i0.wp.com\/larevistadigital.com.ar\/blog\/wp-content\/uploads\/2017\/07\/WhatsApp-Image-2017-07-22-at-15.59.29.jpeg?resize=300%2C169&amp;ssl=1 300w, https:\/\/i0.wp.com\/larevistadigital.com.ar\/blog\/wp-content\/uploads\/2017\/07\/WhatsApp-Image-2017-07-22-at-15.59.29.jpeg?resize=768%2C432&amp;ssl=1 768w, https:\/\/i0.wp.com\/larevistadigital.com.ar\/blog\/wp-content\/uploads\/2017\/07\/WhatsApp-Image-2017-07-22-at-15.59.29.jpeg?resize=1024%2C576&amp;ssl=1 1024w, https:\/\/i0.wp.com\/larevistadigital.com.ar\/blog\/wp-content\/uploads\/2017\/07\/WhatsApp-Image-2017-07-22-at-15.59.29.jpeg?resize=678%2C381&amp;ssl=1 678w\" sizes=\"auto, (max-width: 1000px) 100vw, 1000px\" \/><\/a><\/p>\n<p>Posteriormente se trasladaron al barrio Comi Pini para sumarse al Timbreo Nacional realizado por Cambiemos en todo el pa\u00eds. Durante la recorrida, dialogaron con vecinos y comerciantes quienes acercaron sus impresiones y recibieron las propuestas.<\/p>\n<blockquote>\n<h3><em>\u00abTuvimos la posibilidad de escuchar a los vecinos de Chascom\u00fas y me voy con muy buenas impresiones. Encontr\u00e9 mucho optimismo y confianza en que vamos a cambiar y mejorar, entre todos, la situaci\u00f3n de la ciudad y el pa\u00eds\u00bb<\/em>, manifest\u00f3 Pinedo al finalizar la recorrida.<\/h3>\n<\/blockquote>\n<p>Por su parte,<strong> Ferrante<\/strong> expres\u00f3 que <strong><em>\u00abuna vez m\u00e1s contamos en nuestra ciudad con un destacado representante de Cambiemos. Para nuestro espacio es un gran apoyo presencia de Federico y que nos acompa\u00f1e en el contacto con los vecinos\u00bb<\/em><\/strong>.<\/p>\n<blockquote>\n<h3><strong><em>\u00abNuestra intenci\u00f3n es recorrer todos los barrios de la ciudad y contactar la mayor cantidad de vecinos posibles. Somos un espacio nuevo, que considera que la dirigencia pol\u00edtica actual de nuestra ciudad debe cambiar y, para eso, es necesario que podamos llegar a la gente para contarles nuestros proyectos\u00bb<\/em><\/strong>, agreg\u00f3 <strong>Ferrante<\/strong>.<\/h3>\n<\/blockquote>\n<p>Adem\u00e1s de <strong>Pinedo<\/strong>, otros pol\u00edticos de renombre de Cambiemos se mostraron junto a Ferrante. Durante la \u00faltima semana, el precandidato mantuvo reuniones de trabajo con <strong>Federico Salvai<\/strong>, Jefe de Gabinete del gobierno de <strong>Mar\u00eda Eugenia Vidal<\/strong>, y con <strong>Jorge Macri<\/strong>, Intendente de Vicente L\u00f3pez y Presidente del Grupo BAPRO. Asimismo, participaron de la presentaci\u00f3n de la lista en Chascom\u00fas <strong>Martiniano Molina<\/strong>, Intendente de Quilmes; <strong>Mat\u00edas Rapallini<\/strong>, Intendente de Maip\u00fa, y <strong>Mar\u00eda Fernanda Inza<\/strong>, secretaria Legal y T\u00e9cnica de la provincia de Buenos Aires.<\/p>\n","protected":false},"excerpt":{"rendered":"<div class=\"mh-excerpt\"><p>El Presidente provisional del Senado de la Naci\u00f3n, Federico Pinedo, acompa\u00f1\u00f3 al precandidato a Concejal por Cambiemos, Ramiro Ferrante durante el timbreo realizado en la ma\u00f1ana de hoy. Pinedo arrib\u00f3 a la ciudad a las <a class=\"mh-excerpt-more\" href=\"https:\/\/larevistadigital.com.ar\/blog\/chascomus-federico-pinedo-acompano-a-ramiro-ferrante-en-el-timbreo-de-cambiemos\/\" title=\"CHASCOM\u00daS: FEDERICO PINEDO ACOMPA\u00d1\u00d3 A RAMIRO FERRANTE EN EL TIMBREO DE CAMBIEMOS\">[Leer M\u00e1s]<\/a><\/p>\n<\/div>","protected":false},"author":3,"featured_media":2697,"comment_status":"open","ping_status":"open","sticky":false,"template":"","format":"standard","meta":{"_jetpack_memberships_contains_paid_content":false,"footnotes":"","jetpack_publicize_message":"","jetpack_publicize_feature_enabled":true,"jetpack_social_post_already_shared":true,"jetpack_social_options":{"image_generator_settings":{"template":"highway","default_image_id":0,"font":"","enabled":false},"version":2}},"categories":[6,41,12,23],"tags":[],"class_list":{"0":"post-2696","1":"post","2":"type-post","3":"status-publish","4":"format-standard","5":"has-post-thumbnail","7":"category-chascomus","8":"category-destacadas","9":"category-politica","10":"category-politica-local"},"jetpack_publicize_connections":[],"jetpack_featured_media_url":"https:\/\/i0.wp.com\/larevistadigital.com.ar\/blog\/wp-content\/uploads\/2017\/07\/WhatsApp-Image-2017-07-22-at-15.59.32.jpeg?fit=1032%2C581&ssl=1","jetpack_sharing_enabled":true,"jetpack_shortlink":"https:\/\/wp.me\/p8qtrQ-Hu","jetpack-related-posts":[{"id":3263,"url":"https:\/\/larevistadigital.com.ar\/blog\/chascomus-ramiro-ferrante-se-reunio-con-el-ministro-de-justicia-de-la-provincia-de-buenos-aires-gustavo-ferrari\/","url_meta":{"origin":2696,"position":0},"title":"CHASCOMUS: RAMIRO FERRANTE SE REUNI\u00d3 CON EL MINISTRO DE JUSTICIA DE LA PROVINCIA DE BUENOS AIRES, GUSTAVO FERRARI","author":"Alejandro Sosa Ruda","date":"7 septiembre, 2017","format":false,"excerpt":"El primer candidato a concejal por Cambiemos en Chascom\u00fas, Ramiro Ferrante, mantuvo un encuentro con el ministro de Justicia de la provincia de Buenos Aires, Gustavo Ferrari. \u00a0 Durante la reuni\u00f3n, que se desarroll\u00f3 en el despacho que el ministro posee en la ciudad de La Plata, Ferrari y Ferrante\u2026","rel":"","context":"En \u00abCHASCOM\u00daS\u00bb","block_context":{"text":"CHASCOM\u00daS","link":"https:\/\/larevistadigital.com.ar\/blog\/category\/chascomus\/"},"img":{"alt_text":"","src":"https:\/\/i0.wp.com\/larevistadigital.com.ar\/blog\/wp-content\/uploads\/2017\/09\/Foto-1-Ferrante-Ferrari.jpg?fit=1200%2C801&ssl=1&resize=350%2C200","width":350,"height":200,"srcset":"https:\/\/i0.wp.com\/larevistadigital.com.ar\/blog\/wp-content\/uploads\/2017\/09\/Foto-1-Ferrante-Ferrari.jpg?fit=1200%2C801&ssl=1&resize=350%2C200 1x, https:\/\/i0.wp.com\/larevistadigital.com.ar\/blog\/wp-content\/uploads\/2017\/09\/Foto-1-Ferrante-Ferrari.jpg?fit=1200%2C801&ssl=1&resize=525%2C300 1.5x, https:\/\/i0.wp.com\/larevistadigital.com.ar\/blog\/wp-content\/uploads\/2017\/09\/Foto-1-Ferrante-Ferrari.jpg?fit=1200%2C801&ssl=1&resize=700%2C400 2x, https:\/\/i0.wp.com\/larevistadigital.com.ar\/blog\/wp-content\/uploads\/2017\/09\/Foto-1-Ferrante-Ferrari.jpg?fit=1200%2C801&ssl=1&resize=1050%2C600 3x"},"classes":[]},{"id":3179,"url":"https:\/\/larevistadigital.com.ar\/blog\/chascomus-sergio-bergman-y-alex-campbell-recorrieron-junto-a-ramiro-ferrante-el-intech\/","url_meta":{"origin":2696,"position":1},"title":"CHASCOMUS: SERGIO BERGMAN Y ALEX CAMPBELL RECORRIERON JUNTO A RAMIRO FERRANTE EL INTECH","author":"Alejandro Sosa Ruda","date":"25 agosto, 2017","format":false,"excerpt":"El ministro de Ambiente y Desarrollo Sustentable de la naci\u00f3n, Sergio Bergman, y el subsecretario de Gobierno y Asuntos Municipales, Alex Campbell; visitaron hoy la ciudad de chascom\u00fas. Acompa\u00f1ados por Ramiro Ferrante, candidato a concejal por Cambiemos en Chascom\u00fas, recorrieron el INTECH donde observaron el trabajo que se realiza en\u2026","rel":"","context":"En \u00abCHASCOM\u00daS\u00bb","block_context":{"text":"CHASCOM\u00daS","link":"https:\/\/larevistadigital.com.ar\/blog\/category\/chascomus\/"},"img":{"alt_text":"","src":"https:\/\/i0.wp.com\/larevistadigital.com.ar\/blog\/wp-content\/uploads\/2017\/08\/Foto-1-Bergman-Campbell-y-Ferrante.jpg?fit=1200%2C900&ssl=1&resize=350%2C200","width":350,"height":200,"srcset":"https:\/\/i0.wp.com\/larevistadigital.com.ar\/blog\/wp-content\/uploads\/2017\/08\/Foto-1-Bergman-Campbell-y-Ferrante.jpg?fit=1200%2C900&ssl=1&resize=350%2C200 1x, https:\/\/i0.wp.com\/larevistadigital.com.ar\/blog\/wp-content\/uploads\/2017\/08\/Foto-1-Bergman-Campbell-y-Ferrante.jpg?fit=1200%2C900&ssl=1&resize=525%2C300 1.5x, https:\/\/i0.wp.com\/larevistadigital.com.ar\/blog\/wp-content\/uploads\/2017\/08\/Foto-1-Bergman-Campbell-y-Ferrante.jpg?fit=1200%2C900&ssl=1&resize=700%2C400 2x, https:\/\/i0.wp.com\/larevistadigital.com.ar\/blog\/wp-content\/uploads\/2017\/08\/Foto-1-Bergman-Campbell-y-Ferrante.jpg?fit=1200%2C900&ssl=1&resize=1050%2C600 3x"},"classes":[]},{"id":3576,"url":"https:\/\/larevistadigital.com.ar\/blog\/chascomus-ultimo-momento-escrutadas-97-99-mesas-ferrante-casi-dobla-al-segundo\/","url_meta":{"origin":2696,"position":2},"title":"CHASCOM\u00daS: RESULTADOS FINALES. FERRANTE ARRAS\u00d3 Y LOGRAN 4 CONCEJALES.","author":"Alejandro Sosa Ruda","date":"23 octubre, 2017","format":false,"excerpt":"Cuando se han escrutado las 99 mesas del distrito, el candidato a concejal del frente Cambiemos, Ramiro Ferrante obtuvo un \u00e1mplio triunfo, seguido por el candidato Gabriel Macchi de Unidad Ciudadana y en tercer lugar el representante de Unidad por Chascom\u00fas 1 Pa\u00eds, Pablo Francese. Jos\u00e9 Ochoa\u00a0se ubica en el\u2026","rel":"","context":"En \u00abDESTACADAS\u00bb","block_context":{"text":"DESTACADAS","link":"https:\/\/larevistadigital.com.ar\/blog\/category\/destacadas\/"},"img":{"alt_text":"","src":"https:\/\/i0.wp.com\/larevistadigital.com.ar\/blog\/wp-content\/uploads\/2017\/10\/d509ce0e-2c7a-4de7-bcb9-8b09cb3b31f4-1.jpg?fit=359%2C405&ssl=1&resize=350%2C200","width":350,"height":200},"classes":[]},{"id":6096,"url":"https:\/\/larevistadigital.com.ar\/blog\/cambiemos-salio-de-timbreo\/","url_meta":{"origin":2696,"position":3},"title":"CAMBIEMOS SALI\u00d3 DE TIMBREO","author":"Alejandro Sosa Ruda","date":"29 julio, 2018","format":false,"excerpt":"Cambiemos volvi\u00f3 a realizar su tradicional timbreo en la ma\u00f1ana del s\u00e1bado, luego de la tormenta econ\u00f3mica que atraves\u00f3 el pa\u00eds. El tradicional recorrido que inaugur\u00f3 el PRO en Capital Federal es el primero luego del acuerdo con el Fondo Monetario Internacional, y dio por desechados los rumores que establec\u00edan\u2026","rel":"","context":"En \u00abPOLITICA\u00bb","block_context":{"text":"POLITICA","link":"https:\/\/larevistadigital.com.ar\/blog\/category\/politica\/"},"img":{"alt_text":"","src":"https:\/\/i0.wp.com\/larevistadigital.com.ar\/blog\/wp-content\/uploads\/2018\/07\/maria-eugenia-vidal-timbreo-03102018-208929.jpg?fit=728%2C500&ssl=1&resize=350%2C200","width":350,"height":200,"srcset":"https:\/\/i0.wp.com\/larevistadigital.com.ar\/blog\/wp-content\/uploads\/2018\/07\/maria-eugenia-vidal-timbreo-03102018-208929.jpg?fit=728%2C500&ssl=1&resize=350%2C200 1x, https:\/\/i0.wp.com\/larevistadigital.com.ar\/blog\/wp-content\/uploads\/2018\/07\/maria-eugenia-vidal-timbreo-03102018-208929.jpg?fit=728%2C500&ssl=1&resize=525%2C300 1.5x, https:\/\/i0.wp.com\/larevistadigital.com.ar\/blog\/wp-content\/uploads\/2018\/07\/maria-eugenia-vidal-timbreo-03102018-208929.jpg?fit=728%2C500&ssl=1&resize=700%2C400 2x"},"classes":[]},{"id":2671,"url":"https:\/\/larevistadigital.com.ar\/blog\/chascomus-ferrante-lanzo-su-campana-y-responsabilizo-a-la-otra-lista-por-no-alcanzar-la-unidad\/","url_meta":{"origin":2696,"position":4},"title":"CHASCOM\u00daS: FERRANTE LANZ\u00d3 SU CAMPA\u00d1A Y RESPONSABILIZ\u00d3 A LA OTRA LISTA POR NO ALCANZAR LA UNIDAD","author":"Alejandro Sosa Ruda","date":"17 julio, 2017","format":false,"excerpt":"En el marco del inicio de campa\u00f1a de cara a las PASO en el mes de agosto, fue presentada el \u00faltimo s\u00e1bado a las 12 hs. la lista de Cambiemos encabezada por Ramiro Ferrante en las instalaciones del Balneario Lamadrid (Av. Costanera Espa\u00f1a 152) y, al finalizar la actividad, se\u2026","rel":"","context":"En \u00abCHASCOM\u00daS\u00bb","block_context":{"text":"CHASCOM\u00daS","link":"https:\/\/larevistadigital.com.ar\/blog\/category\/chascomus\/"},"img":{"alt_text":"","src":"https:\/\/i0.wp.com\/larevistadigital.com.ar\/blog\/wp-content\/uploads\/2017\/07\/d509ce0e-2c7a-4de7-bcb9-8b09cb3b31f4.jpg?fit=1200%2C720&ssl=1&resize=350%2C200","width":350,"height":200,"srcset":"https:\/\/i0.wp.com\/larevistadigital.com.ar\/blog\/wp-content\/uploads\/2017\/07\/d509ce0e-2c7a-4de7-bcb9-8b09cb3b31f4.jpg?fit=1200%2C720&ssl=1&resize=350%2C200 1x, https:\/\/i0.wp.com\/larevistadigital.com.ar\/blog\/wp-content\/uploads\/2017\/07\/d509ce0e-2c7a-4de7-bcb9-8b09cb3b31f4.jpg?fit=1200%2C720&ssl=1&resize=525%2C300 1.5x, https:\/\/i0.wp.com\/larevistadigital.com.ar\/blog\/wp-content\/uploads\/2017\/07\/d509ce0e-2c7a-4de7-bcb9-8b09cb3b31f4.jpg?fit=1200%2C720&ssl=1&resize=700%2C400 2x, https:\/\/i0.wp.com\/larevistadigital.com.ar\/blog\/wp-content\/uploads\/2017\/07\/d509ce0e-2c7a-4de7-bcb9-8b09cb3b31f4.jpg?fit=1200%2C720&ssl=1&resize=1050%2C600 3x"},"classes":[]},{"id":3102,"url":"https:\/\/larevistadigital.com.ar\/blog\/chascomus-ferrante-gano-una-eleccion-en-la-que-cambiemos-saco-mas-de-10-000-votos-sumando-a-las-dos-listas\/","url_meta":{"origin":2696,"position":5},"title":"CHASCOMUS: FERRANTE GAN\u00d3 UNA ELECCI\u00d3N EN LA QUE CAMBIEMOS SAC\u00d3 MAS DE 10.000 VOTOS SUMANDO A LAS DOS LISTAS","author":"Alejandro Sosa Ruda","date":"14 agosto, 2017","format":false,"excerpt":"Si bien como suele decirse en pol\u00edtica no siempre dos m\u00e1s dos suman cuatro, el espacio de Cambiemos hizo una incre\u00edble elecci\u00f3n en la que sac\u00f3 m\u00e1s de 10.000 votos sumando a quienes sufragaron por Ferrante y por el m\u00e9dico cirujano Santiago Dos Santos. En la previa todo era posible.\u2026","rel":"","context":"En \u00abCHASCOM\u00daS\u00bb","block_context":{"text":"CHASCOM\u00daS","link":"https:\/\/larevistadigital.com.ar\/blog\/category\/chascomus\/"},"img":{"alt_text":"","src":"https:\/\/i0.wp.com\/larevistadigital.com.ar\/blog\/wp-content\/uploads\/2017\/08\/WhatsApp-Image-2017-08-14-at-00.07.00.jpeg?fit=1200%2C675&ssl=1&resize=350%2C200","width":350,"height":200,"srcset":"https:\/\/i0.wp.com\/larevistadigital.com.ar\/blog\/wp-content\/uploads\/2017\/08\/WhatsApp-Image-2017-08-14-at-00.07.00.jpeg?fit=1200%2C675&ssl=1&resize=350%2C200 1x, https:\/\/i0.wp.com\/larevistadigital.com.ar\/blog\/wp-content\/uploads\/2017\/08\/WhatsApp-Image-2017-08-14-at-00.07.00.jpeg?fit=1200%2C675&ssl=1&resize=525%2C300 1.5x, https:\/\/i0.wp.com\/larevistadigital.com.ar\/blog\/wp-content\/uploads\/2017\/08\/WhatsApp-Image-2017-08-14-at-00.07.00.jpeg?fit=1200%2C675&ssl=1&resize=700%2C400 2x, https:\/\/i0.wp.com\/larevistadigital.com.ar\/blog\/wp-content\/uploads\/2017\/08\/WhatsApp-Image-2017-08-14-at-00.07.00.jpeg?fit=1200%2C675&ssl=1&resize=1050%2C600 3x"},"classes":[]}],"_links":{"self":[{"href":"https:\/\/larevistadigital.com.ar\/blog\/wp-json\/wp\/v2\/posts\/2696","targetHints":{"allow":["GET"]}}],"collection":[{"href":"https:\/\/larevistadigital.com.ar\/blog\/wp-json\/wp\/v2\/posts"}],"about":[{"href":"https:\/\/larevistadigital.com.ar\/blog\/wp-json\/wp\/v2\/types\/post"}],"author":[{"embeddable":true,"href":"https:\/\/larevistadigital.com.ar\/blog\/wp-json\/wp\/v2\/users\/3"}],"replies":[{"embeddable":true,"href":"https:\/\/larevistadigital.com.ar\/blog\/wp-json\/wp\/v2\/comments?post=2696"}],"version-history":[{"count":2,"href":"https:\/\/larevistadigital.com.ar\/blog\/wp-json\/wp\/v2\/posts\/2696\/revisions"}],"predecessor-version":[{"id":2700,"href":"https:\/\/larevistadigital.com.ar\/blog\/wp-json\/wp\/v2\/posts\/2696\/revisions\/2700"}],"wp:featuredmedia":[{"embeddable":true,"href":"https:\/\/larevistadigital.com.ar\/blog\/wp-json\/wp\/v2\/media\/2697"}],"wp:attachment":[{"href":"https:\/\/larevistadigital.com.ar\/blog\/wp-json\/wp\/v2\/media?parent=2696"}],"wp:term":[{"taxonomy":"category","embeddable":true,"href":"https:\/\/larevistadigital.com.ar\/blog\/wp-json\/wp\/v2\/categories?post=2696"},{"taxonomy":"post_tag","embeddable":true,"href":"https:\/\/larevistadigital.com.ar\/blog\/wp-json\/wp\/v2\/tags?post=2696"}],"curies":[{"name":"wp","href":"https:\/\/api.w.org\/{rel}","templated":true}]}}