{"id":26998,"date":"2022-08-05T02:04:16","date_gmt":"2022-08-05T02:04:16","guid":{"rendered":"https:\/\/larevistadigital.com.ar\/blog\/?p=26998"},"modified":"2022-08-05T02:04:16","modified_gmt":"2022-08-05T02:04:16","slug":"cuales-son-los-electrodomesticos-que-consumen-mas-energia-y-como-se-calcula","status":"publish","type":"post","link":"https:\/\/larevistadigital.com.ar\/blog\/cuales-son-los-electrodomesticos-que-consumen-mas-energia-y-como-se-calcula\/","title":{"rendered":"CUALES SON LOS ELECTRODOM\u00c9STICOS QUE CONSUMEN M\u00c1S ENERG\u00cdA, Y C\u00d3MO SE CALCULA"},"content":{"rendered":"<h2 class=\"intro\">El Enre\u00a0dispone de una calculadora de consumo el\u00e9ctrico para conocer cu\u00e1nto se gasta por electrodom\u00e9stico, la cantidad que se tenga y las horas de uso por d\u00eda y semana.<\/h2>\n<p>El ministro de Econom\u00eda de la Naci\u00f3n, Sergio Massa,\u00a0anunci\u00f3 el mi\u00e9rcoles un nuevo esquema de subsidios con un\u00a0<strong>tope de consumo de 400 kilowatts (Kw) para el caso de la energ\u00eda el\u00e9ctrica.<\/strong> Pero, \u00bfCu\u00e1nta energ\u00eda consumen los electrodom\u00e9sticos de un hogar?<\/p>\n<blockquote>\n<h3>De acuerdo a los anuncios de Massa, a partir de ahora habr\u00e1 un l\u00edmite en la cantidad de Kw que ser\u00e1n subsidiados a cada usuario. Si se supera ese l\u00edmite, las familias comenzar\u00e1n pagar\u00e1n la tarifa plena, sin aporte del Estado. Se calcula que\u00a0<strong>el consumo promedio de un hogar en la Argentina es de alrededor de 370 kilowatt por hora (KWh)<\/strong>\u00a0por bimestre.<\/h3>\n<\/blockquote>\n<p>En este contexto,\u00a0<strong>los usuarios pueden calcular el consumo hogare\u00f1o para tener un registro y hacer un uso responsable<\/strong>\u00a0que impacte en los montos de las facturas, para lo cual el Ente Nacional Regulador de la Electricidad (Enre) dispone de una\u00a0<a class=\"link\" href=\"https:\/\/www.argentina.gob.ar\/enre\/uso-eficiente-y-seguro\/calcula-tu-consumo-electrico-hogar-kwh\"><strong>calculadora de consumo el\u00e9ctrico<\/strong><\/a>\u00a0que permite conocer cu\u00e1nto se gasta por electrodom\u00e9stico, la cantidad que se tenga y el n\u00famero de horas de uso por d\u00eda y semana.<\/p>\n<p>Asimismo, el consumo promedio de un hogar var\u00eda de acuerdo a la estaci\u00f3n del a\u00f1o, los metros cuadrados de la vivienda, la cantidad y tipos de artefactos el\u00e9ctricos en uso, el n\u00famero de habitantes y la cantidad de horas que se est\u00e9 en la casa. Adem\u00e1s del beneficio econ\u00f3mico, usar la electricidad de manera eficiente ayuda a cuidar el medioambiente sin renunciar a las facilidades de los aparatos el\u00e9ctricos.<\/p>\n<p>fuente 0223<\/p>\n","protected":false},"excerpt":{"rendered":"<div class=\"mh-excerpt\"><p>El Enre\u00a0dispone de una calculadora de consumo el\u00e9ctrico para conocer cu\u00e1nto se gasta por electrodom\u00e9stico, la cantidad que se tenga y las horas de uso por d\u00eda y semana. El ministro de Econom\u00eda de la <a class=\"mh-excerpt-more\" href=\"https:\/\/larevistadigital.com.ar\/blog\/cuales-son-los-electrodomesticos-que-consumen-mas-energia-y-como-se-calcula\/\" title=\"CUALES SON LOS ELECTRODOM\u00c9STICOS QUE CONSUMEN M\u00c1S ENERG\u00cdA, Y C\u00d3MO SE CALCULA\">[Leer M\u00e1s]<\/a><\/p>\n<\/div>","protected":false},"author":3,"featured_media":26999,"comment_status":"open","ping_status":"open","sticky":false,"template":"","format":"standard","meta":{"_jetpack_memberships_contains_paid_content":false,"footnotes":"","jetpack_publicize_message":"","jetpack_publicize_feature_enabled":true,"jetpack_social_post_already_shared":true,"jetpack_social_options":{"image_generator_settings":{"template":"highway","default_image_id":0,"font":"","enabled":false},"version":2}},"categories":[50],"tags":[],"class_list":{"0":"post-26998","1":"post","2":"type-post","3":"status-publish","4":"format-standard","5":"has-post-thumbnail","7":"category-interes-general"},"jetpack_publicize_connections":[],"jetpack_featured_media_url":"https:\/\/i0.wp.com\/larevistadigital.com.ar\/blog\/wp-content\/uploads\/luz.png?fit=798%2C437&ssl=1","jetpack_sharing_enabled":true,"jetpack_shortlink":"https:\/\/wp.me\/p8qtrQ-71s","jetpack-related-posts":[{"id":43123,"url":"https:\/\/larevistadigital.com.ar\/blog\/el-consumo-fantasma-los-aparatos-que-gastan-energia-aunque-esten-apagados\/","url_meta":{"origin":26998,"position":0},"title":"El \u201cconsumo fantasma\u201d: los aparatos que gastan energ\u00eda aunque est\u00e9n apagados","author":"Alejandro Sosa Ruda","date":"2 enero, 2026","format":false,"excerpt":"El \"consumo fantasma\" puede representar hasta un 10% del gasto el\u00e9ctrico anual de un hogar. Te contamos cu\u00e1les son los aparatos que m\u00e1s energ\u00eda demandan en standby y c\u00f3mo frenar ese derroche sin esfuerzo. 02 de enero de 2026 En tiempos donde cada kilovatio cuenta, el ahorro energ\u00e9tico dej\u00f3 de\u2026","rel":"","context":"En \u00abINTERES GENERAL\u00bb","block_context":{"text":"INTERES GENERAL","link":"https:\/\/larevistadigital.com.ar\/blog\/category\/interes-general\/"},"img":{"alt_text":"","src":"https:\/\/i0.wp.com\/larevistadigital.com.ar\/blog\/wp-content\/uploads\/Gemini_Generated_Image_m80vc8m80vc8m80v.png?fit=1024%2C1024&ssl=1&resize=350%2C200","width":350,"height":200,"srcset":"https:\/\/i0.wp.com\/larevistadigital.com.ar\/blog\/wp-content\/uploads\/Gemini_Generated_Image_m80vc8m80vc8m80v.png?fit=1024%2C1024&ssl=1&resize=350%2C200 1x, https:\/\/i0.wp.com\/larevistadigital.com.ar\/blog\/wp-content\/uploads\/Gemini_Generated_Image_m80vc8m80vc8m80v.png?fit=1024%2C1024&ssl=1&resize=525%2C300 1.5x, https:\/\/i0.wp.com\/larevistadigital.com.ar\/blog\/wp-content\/uploads\/Gemini_Generated_Image_m80vc8m80vc8m80v.png?fit=1024%2C1024&ssl=1&resize=700%2C400 2x"},"classes":[]},{"id":29311,"url":"https:\/\/larevistadigital.com.ar\/blog\/por-el-alto-consumo-en-verano-se-instalaran-generadores-de-energia-en-14-municipios-bonaerenses\/","url_meta":{"origin":26998,"position":1},"title":"POR EL ALTO CONSUMO EN VERANO, SE INSTALARAN GENERADORES DE ENERG\u00cdA EN 14 MUNICIPIOS BONAERENSES","author":"Alejandro Sosa Ruda","date":"8 diciembre, 2022","format":false,"excerpt":"La Subsecretar\u00eda de Energ\u00eda los colocar\u00e1 en puntos cr\u00edticos del territorio bonaerense y el beneficio tambi\u00e9n alcanza a usuarios de cooperativas. 8 de diciembre de 2022 La Subsecretar\u00eda de Energ\u00eda de la Provincia de Buenos Aires comenzar\u00e1 a implementar el \u201cPrograma de Generaci\u00f3n El\u00e9ctrica Distribuida Temporal\u201d o \u201cPlan Verano\u201d, para\u2026","rel":"","context":"En \u00abPOLITICA PROVINCIAL\u00bb","block_context":{"text":"POLITICA PROVINCIAL","link":"https:\/\/larevistadigital.com.ar\/blog\/category\/politica\/politica-provincial\/"},"img":{"alt_text":"","src":"https:\/\/i0.wp.com\/larevistadigital.com.ar\/blog\/wp-content\/uploads\/20221206183207_tension-electrica-apertura.jpg?fit=880%2C512&ssl=1&resize=350%2C200","width":350,"height":200,"srcset":"https:\/\/i0.wp.com\/larevistadigital.com.ar\/blog\/wp-content\/uploads\/20221206183207_tension-electrica-apertura.jpg?fit=880%2C512&ssl=1&resize=350%2C200 1x, https:\/\/i0.wp.com\/larevistadigital.com.ar\/blog\/wp-content\/uploads\/20221206183207_tension-electrica-apertura.jpg?fit=880%2C512&ssl=1&resize=525%2C300 1.5x, https:\/\/i0.wp.com\/larevistadigital.com.ar\/blog\/wp-content\/uploads\/20221206183207_tension-electrica-apertura.jpg?fit=880%2C512&ssl=1&resize=700%2C400 2x"},"classes":[]},{"id":10137,"url":"https:\/\/larevistadigital.com.ar\/blog\/lezama-prevenir-la-triquinosis-es-una-tarea-de-todos\/","url_meta":{"origin":26998,"position":2},"title":"LEZAMA: PREVENIR LA TRIQUINOSIS ES UNA TAREA DE TODOS","author":"Alejandro Sosa Ruda","date":"11 mayo, 2019","format":false,"excerpt":"El \u00c1rea de Zoonosis y Bromatolog\u00eda recuerda los recaudos que deben tomar los criadores de porcinos y qui\u00e9nes consumen productos de ese origen. La triquinosis es una enfermedad producida por un par\u00e1sito conocido como Trichinella spp. Esta zoonosis est\u00e1 asociada, principalmente, al consumo de carne de cerdo o de jabal\u00ed\u2026","rel":"","context":"En \u00abLEZAMA\u00bb","block_context":{"text":"LEZAMA","link":"https:\/\/larevistadigital.com.ar\/blog\/category\/lezama\/"},"img":{"alt_text":"","src":"https:\/\/i0.wp.com\/larevistadigital.com.ar\/blog\/wp-content\/uploads\/2019\/05\/60349696_1455632254629471_5937283307325620224_n.jpg?fit=960%2C527&ssl=1&resize=350%2C200","width":350,"height":200,"srcset":"https:\/\/i0.wp.com\/larevistadigital.com.ar\/blog\/wp-content\/uploads\/2019\/05\/60349696_1455632254629471_5937283307325620224_n.jpg?fit=960%2C527&ssl=1&resize=350%2C200 1x, https:\/\/i0.wp.com\/larevistadigital.com.ar\/blog\/wp-content\/uploads\/2019\/05\/60349696_1455632254629471_5937283307325620224_n.jpg?fit=960%2C527&ssl=1&resize=525%2C300 1.5x, https:\/\/i0.wp.com\/larevistadigital.com.ar\/blog\/wp-content\/uploads\/2019\/05\/60349696_1455632254629471_5937283307325620224_n.jpg?fit=960%2C527&ssl=1&resize=700%2C400 2x"},"classes":[]},{"id":27072,"url":"https:\/\/larevistadigital.com.ar\/blog\/massa-anuncio-que-flavia-royon-sera-la-nueva-secretaria-de-energia\/","url_meta":{"origin":26998,"position":3},"title":"MASSA ANUNCI\u00d3 QUE FLAVIA ROYON SER\u00c1 LA NUEVA SECRETARIA DE ENERG\u00cdA","author":"Alejandro Sosa Ruda","date":"8 agosto, 2022","format":false,"excerpt":"El flamante ministro de Econom\u00eda,\u00a0Sergio Massa, confirm\u00f3 esta noche que desde\u00a0el lunes\u00a0Flavia Roy\u00f3n\u00a0pasar\u00e1 a ser secretaria de Energ\u00eda, en reemplazo de Dar\u00edo Mart\u00ednez. 07 de agosto de 2022 Roy\u00f3n estar\u00e1 acompa\u00f1ada por \u201cSantiago Yanotti como subsecretario de Energ\u00eda El\u00e9ctrica, Federico Bernal como subsecretario de Hidrocarburos y Cecilia Garibotti como subsecretaria\u2026","rel":"","context":"En \u00abINTERES GENERAL\u00bb","block_context":{"text":"INTERES GENERAL","link":"https:\/\/larevistadigital.com.ar\/blog\/category\/interes-general\/"},"img":{"alt_text":"","src":"https:\/\/i0.wp.com\/larevistadigital.com.ar\/blog\/wp-content\/uploads\/Captura-de-pantalla-2022-08-07-211837.png?fit=802%2C477&ssl=1&resize=350%2C200","width":350,"height":200,"srcset":"https:\/\/i0.wp.com\/larevistadigital.com.ar\/blog\/wp-content\/uploads\/Captura-de-pantalla-2022-08-07-211837.png?fit=802%2C477&ssl=1&resize=350%2C200 1x, https:\/\/i0.wp.com\/larevistadigital.com.ar\/blog\/wp-content\/uploads\/Captura-de-pantalla-2022-08-07-211837.png?fit=802%2C477&ssl=1&resize=525%2C300 1.5x, https:\/\/i0.wp.com\/larevistadigital.com.ar\/blog\/wp-content\/uploads\/Captura-de-pantalla-2022-08-07-211837.png?fit=802%2C477&ssl=1&resize=700%2C400 2x"},"classes":[]},{"id":36309,"url":"https:\/\/larevistadigital.com.ar\/blog\/quita-de-subsidios-a-los-servicios-publicos\/","url_meta":{"origin":26998,"position":4},"title":"QUITA DE SUBSIDIOS A LOS SERVICIOS P\u00daBLICOS","author":"Alejandro Sosa Ruda","date":"13 junio, 2024","format":false,"excerpt":"En sesenta d\u00edas vence el plazo para la inscripci\u00f3n en el registro de segmentaci\u00f3n energ\u00e9tica. 13 de Junio de 2024 CHASCOM\u00daS -\u00a0 Desde la oficina de OMIC informan que la Secretar\u00eda de Energ\u00eda de la Naci\u00f3n modific\u00f3 el Sistema de Subsidios a la energ\u00eda y el valor de consumo. Deber\u00e1n\u2026","rel":"","context":"En \u00abINTERES GENERAL\u00bb","block_context":{"text":"INTERES GENERAL","link":"https:\/\/larevistadigital.com.ar\/blog\/category\/interes-general\/"},"img":{"alt_text":"","src":"https:\/\/i0.wp.com\/larevistadigital.com.ar\/blog\/wp-content\/uploads\/2024_06_12_01_38_22_5964752.jpg?fit=600%2C400&ssl=1&resize=350%2C200","width":350,"height":200,"srcset":"https:\/\/i0.wp.com\/larevistadigital.com.ar\/blog\/wp-content\/uploads\/2024_06_12_01_38_22_5964752.jpg?fit=600%2C400&ssl=1&resize=350%2C200 1x, https:\/\/i0.wp.com\/larevistadigital.com.ar\/blog\/wp-content\/uploads\/2024_06_12_01_38_22_5964752.jpg?fit=600%2C400&ssl=1&resize=525%2C300 1.5x"},"classes":[]},{"id":46653,"url":"https:\/\/larevistadigital.com.ar\/blog\/detectaron-mas-de-115-casos-de-fraude-electrico-en-viviendas-de-la-plata-durante-operativos-de-control\/","url_meta":{"origin":26998,"position":5},"title":"Detectaron m\u00e1s de 115 casos de fraude el\u00e9ctrico en viviendas de La Plata durante operativos de control","author":"Alejandro Sosa Ruda","date":"23 julio, 2026","format":false,"excerpt":"EDELAP inform\u00f3 que descubri\u00f3 m\u00e1s de 115 casos de fraude el\u00e9ctrico en distintos barrios de La Plata. Las inspecciones revelaron conexiones irregulares y maniobras para alterar el registro del consumo de energ\u00eda, una pr\u00e1ctica que constituye un delito y puede derivar en sanciones econ\u00f3micas y penales. 23 de julio de\u2026","rel":"","context":"En \u00abREGIONALES\u00bb","block_context":{"text":"REGIONALES","link":"https:\/\/larevistadigital.com.ar\/blog\/category\/regionales\/"},"img":{"alt_text":"","src":"https:\/\/i0.wp.com\/larevistadigital.com.ar\/blog\/wp-content\/uploads\/Captura-de-pantalla-2026-07-23-122506.jpg?fit=779%2C502&ssl=1&resize=350%2C200","width":350,"height":200,"srcset":"https:\/\/i0.wp.com\/larevistadigital.com.ar\/blog\/wp-content\/uploads\/Captura-de-pantalla-2026-07-23-122506.jpg?fit=779%2C502&ssl=1&resize=350%2C200 1x, https:\/\/i0.wp.com\/larevistadigital.com.ar\/blog\/wp-content\/uploads\/Captura-de-pantalla-2026-07-23-122506.jpg?fit=779%2C502&ssl=1&resize=525%2C300 1.5x, https:\/\/i0.wp.com\/larevistadigital.com.ar\/blog\/wp-content\/uploads\/Captura-de-pantalla-2026-07-23-122506.jpg?fit=779%2C502&ssl=1&resize=700%2C400 2x"},"classes":[]}],"_links":{"self":[{"href":"https:\/\/larevistadigital.com.ar\/blog\/wp-json\/wp\/v2\/posts\/26998","targetHints":{"allow":["GET"]}}],"collection":[{"href":"https:\/\/larevistadigital.com.ar\/blog\/wp-json\/wp\/v2\/posts"}],"about":[{"href":"https:\/\/larevistadigital.com.ar\/blog\/wp-json\/wp\/v2\/types\/post"}],"author":[{"embeddable":true,"href":"https:\/\/larevistadigital.com.ar\/blog\/wp-json\/wp\/v2\/users\/3"}],"replies":[{"embeddable":true,"href":"https:\/\/larevistadigital.com.ar\/blog\/wp-json\/wp\/v2\/comments?post=26998"}],"version-history":[{"count":1,"href":"https:\/\/larevistadigital.com.ar\/blog\/wp-json\/wp\/v2\/posts\/26998\/revisions"}],"predecessor-version":[{"id":27000,"href":"https:\/\/larevistadigital.com.ar\/blog\/wp-json\/wp\/v2\/posts\/26998\/revisions\/27000"}],"wp:featuredmedia":[{"embeddable":true,"href":"https:\/\/larevistadigital.com.ar\/blog\/wp-json\/wp\/v2\/media\/26999"}],"wp:attachment":[{"href":"https:\/\/larevistadigital.com.ar\/blog\/wp-json\/wp\/v2\/media?parent=26998"}],"wp:term":[{"taxonomy":"category","embeddable":true,"href":"https:\/\/larevistadigital.com.ar\/blog\/wp-json\/wp\/v2\/categories?post=26998"},{"taxonomy":"post_tag","embeddable":true,"href":"https:\/\/larevistadigital.com.ar\/blog\/wp-json\/wp\/v2\/tags?post=26998"}],"curies":[{"name":"wp","href":"https:\/\/api.w.org\/{rel}","templated":true}]}}