{"id":2702,"date":"2017-07-22T21:19:00","date_gmt":"2017-07-22T21:19:00","guid":{"rendered":"https:\/\/larevistadigital.com.ar\/blog\/?p=2702"},"modified":"2017-07-22T21:19:00","modified_gmt":"2017-07-22T21:19:00","slug":"castelli-bomberos-firmaron-boletos-de-fideicomiso-y-echarren-los-bonifico-con-40-mil-pesos-a-cada-uno","status":"publish","type":"post","link":"https:\/\/larevistadigital.com.ar\/blog\/castelli-bomberos-firmaron-boletos-de-fideicomiso-y-echarren-los-bonifico-con-40-mil-pesos-a-cada-uno\/","title":{"rendered":"CASTELLI: BOMBEROS FIRMARON BOLETOS DE FIDEICOMISO Y ECHARREN LOS BONIFIC\u00d3 CON 40 MIL PESOS A CADA UNO"},"content":{"rendered":"<div dir=\"auto\">14 miembros del cuartel de Bomberos Voluntarios de Castelli firmaron los boletos de compra venta de sus lotes dentro del Fideicomiso P\u00fablico que conform\u00f3 el Municipio.<\/div>\n<div dir=\"auto\"><\/div>\n<blockquote>\n<h3>El acto se realiz\u00f3 en el cuartel y fue el propio Intendente<strong> Francisco Echarren<\/strong> quien agradeci\u00f3 a los Bomberos por su labor voluntaria y resalt\u00f3:<em><strong> \u201ccomo hay que agradecer con hechos, les vamos a bonificar 40mil pesos en sus lotes. Ustedes arriesgan sus vidas de manera desinteresda\u201d<\/strong><\/em>.<\/h3>\n<\/blockquote>\n<div dir=\"auto\"><\/div>\n<div dir=\"auto\">Por su parte, el Presidente de la Comisi\u00f3n Directiva de la Instituci\u00f3n H\u00e9ctor Carmouze agradeci\u00f3 al Intendente el compromiso y la posibilidad de facilitar el acceso a un terreno para estos vecinos.<\/div>\n<div dir=\"auto\"><\/div>\n<div dir=\"auto\"><strong>Echarren<\/strong> destac\u00f3 que en esta pol\u00edtica de generaci\u00f3n de suelo urbano ya se llevan invertidos 15 millones de pesos con recursos propios:<em><strong> \u201cno existen herramientas en la Provincia para acceder al lote propio\u201d<\/strong><\/em>, afirm\u00f3.<\/div>\n<div dir=\"auto\">FUENTE:CASTELLIDIARIO<\/div>\n","protected":false},"excerpt":{"rendered":"<div class=\"mh-excerpt\"><p>14 miembros del cuartel de Bomberos Voluntarios de Castelli firmaron los boletos de compra venta de sus lotes dentro del Fideicomiso P\u00fablico que conform\u00f3 el Municipio. El acto se realiz\u00f3 en el cuartel y fue <a class=\"mh-excerpt-more\" href=\"https:\/\/larevistadigital.com.ar\/blog\/castelli-bomberos-firmaron-boletos-de-fideicomiso-y-echarren-los-bonifico-con-40-mil-pesos-a-cada-uno\/\" title=\"CASTELLI: BOMBEROS FIRMARON BOLETOS DE FIDEICOMISO Y ECHARREN LOS BONIFIC\u00d3 CON 40 MIL PESOS A CADA UNO\">[Leer M\u00e1s]<\/a><\/p>\n<\/div>","protected":false},"author":3,"featured_media":2703,"comment_status":"open","ping_status":"open","sticky":false,"template":"","format":"standard","meta":{"_jetpack_memberships_contains_paid_content":false,"footnotes":"","jetpack_publicize_message":"","jetpack_publicize_feature_enabled":true,"jetpack_social_post_already_shared":true,"jetpack_social_options":{"image_generator_settings":{"template":"highway","default_image_id":0,"font":"","enabled":false},"version":2}},"categories":[4,12],"tags":[],"class_list":{"0":"post-2702","1":"post","2":"type-post","3":"status-publish","4":"format-standard","5":"has-post-thumbnail","7":"category-castelli","8":"category-politica"},"jetpack_publicize_connections":[],"jetpack_featured_media_url":"https:\/\/i0.wp.com\/larevistadigital.com.ar\/blog\/wp-content\/uploads\/2017\/07\/foto-baja-75.jpg?fit=800%2C534&ssl=1","jetpack_sharing_enabled":true,"jetpack_shortlink":"https:\/\/wp.me\/p8qtrQ-HA","jetpack-related-posts":[{"id":12691,"url":"https:\/\/larevistadigital.com.ar\/blog\/el-intendente-echarren-pagara-un-bono-de-7-000-por-el-dia-de-la-madre\/","url_meta":{"origin":2702,"position":0},"title":"EL INTENDENTE ECHARREN PAGAR\u00c1 UN BONO DE $7.000.- POR EL D\u00cdA DE LA MADRE","author":"Alejandro Sosa Ruda","date":"18 octubre, 2019","format":false,"excerpt":"Este jueves 17 de octubre el Intendente Municipal Francisco Echarren anuncio en sus redes sociales que estar\u00e1 pagando un bono de $7000 a empleados municipales. Este pago especial de un plus salarial implic\u00f3 un desembolso de casi 2,3 millones de pesos que se reinsertar\u00e1n en el circuito econ\u00f3mico de Castelli\u2026","rel":"","context":"En \u00abCASTELLI\u00bb","block_context":{"text":"CASTELLI","link":"https:\/\/larevistadigital.com.ar\/blog\/category\/castelli\/"},"img":{"alt_text":"","src":"https:\/\/i0.wp.com\/larevistadigital.com.ar\/blog\/wp-content\/uploads\/5afa15dab4b66-1140x641.jpg?fit=1140%2C641&ssl=1&resize=350%2C200","width":350,"height":200,"srcset":"https:\/\/i0.wp.com\/larevistadigital.com.ar\/blog\/wp-content\/uploads\/5afa15dab4b66-1140x641.jpg?fit=1140%2C641&ssl=1&resize=350%2C200 1x, https:\/\/i0.wp.com\/larevistadigital.com.ar\/blog\/wp-content\/uploads\/5afa15dab4b66-1140x641.jpg?fit=1140%2C641&ssl=1&resize=525%2C300 1.5x, https:\/\/i0.wp.com\/larevistadigital.com.ar\/blog\/wp-content\/uploads\/5afa15dab4b66-1140x641.jpg?fit=1140%2C641&ssl=1&resize=700%2C400 2x, https:\/\/i0.wp.com\/larevistadigital.com.ar\/blog\/wp-content\/uploads\/5afa15dab4b66-1140x641.jpg?fit=1140%2C641&ssl=1&resize=1050%2C600 3x"},"classes":[]},{"id":7454,"url":"https:\/\/larevistadigital.com.ar\/blog\/castelli-el-intendente-echarren-otorgo-un-bono-de-6-000-a-los-empleados-municipales\/","url_meta":{"origin":2702,"position":1},"title":"CASTELLI: EL INTENDENTE ECHARREN OTORG\u00d3 UN BONO DE $ 6.000.- A LOS EMPLEADOS MUNICIPALES","author":"Alejandro Sosa Ruda","date":"28 diciembre, 2018","format":false,"excerpt":"Seg\u00fan inform\u00f3 el portal INFOZONA, el intendente de Castelli, Francisco Echarren\u00a0cumpliment\u00f3 durante el d\u00eda de ayer, el pago del bono de fin de a\u00f1o que\u00a0 a los trabajadores municipales. Se trata de la nada despreciable suma de $6.000.- de manera extraordinaria, y que seguramente ser\u00e1n de gran ayuda para los\u2026","rel":"","context":"En \u00abCASTELLI\u00bb","block_context":{"text":"CASTELLI","link":"https:\/\/larevistadigital.com.ar\/blog\/category\/castelli\/"},"img":{"alt_text":"","src":"https:\/\/i0.wp.com\/larevistadigital.com.ar\/blog\/wp-content\/uploads\/2018\/12\/ECHARREN.jpg?fit=900%2C598&ssl=1&resize=350%2C200","width":350,"height":200,"srcset":"https:\/\/i0.wp.com\/larevistadigital.com.ar\/blog\/wp-content\/uploads\/2018\/12\/ECHARREN.jpg?fit=900%2C598&ssl=1&resize=350%2C200 1x, https:\/\/i0.wp.com\/larevistadigital.com.ar\/blog\/wp-content\/uploads\/2018\/12\/ECHARREN.jpg?fit=900%2C598&ssl=1&resize=525%2C300 1.5x, https:\/\/i0.wp.com\/larevistadigital.com.ar\/blog\/wp-content\/uploads\/2018\/12\/ECHARREN.jpg?fit=900%2C598&ssl=1&resize=700%2C400 2x"},"classes":[]},{"id":11523,"url":"https:\/\/larevistadigital.com.ar\/blog\/castelli-el-municipio-entrego-bono-de-7-000-a-sus-trabajadores\/","url_meta":{"origin":2702,"position":2},"title":"CASTELLI: EL MUNICIPIO ENTREG\u00d3 BONO DE $7.000.- A SUS TRABAJADORES","author":"Alejandro Sosa Ruda","date":"26 julio, 2019","format":false,"excerpt":"El intendente de Castelli, Franc\u00edsco Echarren comunic\u00f3 a trav\u00e9s de las redes sociales que en el d\u00eda de hoy entreg\u00f3 un bono a los empleados municipales de $7.000.- Es la tercera entrega que se brinda en lo que va del a\u00f1o, y Echarren lo expres\u00f3 de esta manera: \"Reci\u00e9n pagamos\u2026","rel":"","context":"En \u00abCASTELLI\u00bb","block_context":{"text":"CASTELLI","link":"https:\/\/larevistadigital.com.ar\/blog\/category\/castelli\/"},"img":{"alt_text":"","src":"https:\/\/i0.wp.com\/larevistadigital.com.ar\/blog\/wp-content\/uploads\/dinero-peso-argentinos-103252250.jpg?fit=1200%2C883&ssl=1&resize=350%2C200","width":350,"height":200,"srcset":"https:\/\/i0.wp.com\/larevistadigital.com.ar\/blog\/wp-content\/uploads\/dinero-peso-argentinos-103252250.jpg?fit=1200%2C883&ssl=1&resize=350%2C200 1x, https:\/\/i0.wp.com\/larevistadigital.com.ar\/blog\/wp-content\/uploads\/dinero-peso-argentinos-103252250.jpg?fit=1200%2C883&ssl=1&resize=525%2C300 1.5x, https:\/\/i0.wp.com\/larevistadigital.com.ar\/blog\/wp-content\/uploads\/dinero-peso-argentinos-103252250.jpg?fit=1200%2C883&ssl=1&resize=700%2C400 2x, https:\/\/i0.wp.com\/larevistadigital.com.ar\/blog\/wp-content\/uploads\/dinero-peso-argentinos-103252250.jpg?fit=1200%2C883&ssl=1&resize=1050%2C600 3x"},"classes":[]},{"id":36891,"url":"https:\/\/larevistadigital.com.ar\/blog\/castelli-bono-a-jubilados-de-100-000-y-eximicion-de-pago-de-tasas-al-80-de-los-comercios-locales\/","url_meta":{"origin":2702,"position":3},"title":"CASTELLI: BONO A JUBILADOS DE $100.000.- Y EXIMICI\u00d3N DE PAGO DE TASAS AL 80% DE LOS COMERCIOS LOCALES","author":"Alejandro Sosa Ruda","date":"3 agosto, 2024","format":false,"excerpt":"Ante la dif\u00edcil situaci\u00f3n econ\u00f3mica, el intendente de Castelli, Francisco Echarren, ha anunciado una serie de medidas para apoyar a los jubilados y comerciantes de su distrito. 03 de Agosto de 2024 CASTELLI -\u00a0 A trav\u00e9s de sus redes sociales, Echarren expres\u00f3: \u201cEst\u00e1n fundiendo todo. En Castelli tenemos r\u00e9cord de\u2026","rel":"","context":"En \u00abPOLITICA\u00bb","block_context":{"text":"POLITICA","link":"https:\/\/larevistadigital.com.ar\/blog\/category\/politica\/"},"img":{"alt_text":"","src":"https:\/\/i0.wp.com\/larevistadigital.com.ar\/blog\/wp-content\/uploads\/ccf6fc27ffbfa59b5b3ed1421d9a87c31f422787.jpg?fit=1140%2C759&ssl=1&resize=350%2C200","width":350,"height":200,"srcset":"https:\/\/i0.wp.com\/larevistadigital.com.ar\/blog\/wp-content\/uploads\/ccf6fc27ffbfa59b5b3ed1421d9a87c31f422787.jpg?fit=1140%2C759&ssl=1&resize=350%2C200 1x, https:\/\/i0.wp.com\/larevistadigital.com.ar\/blog\/wp-content\/uploads\/ccf6fc27ffbfa59b5b3ed1421d9a87c31f422787.jpg?fit=1140%2C759&ssl=1&resize=525%2C300 1.5x, https:\/\/i0.wp.com\/larevistadigital.com.ar\/blog\/wp-content\/uploads\/ccf6fc27ffbfa59b5b3ed1421d9a87c31f422787.jpg?fit=1140%2C759&ssl=1&resize=700%2C400 2x, https:\/\/i0.wp.com\/larevistadigital.com.ar\/blog\/wp-content\/uploads\/ccf6fc27ffbfa59b5b3ed1421d9a87c31f422787.jpg?fit=1140%2C759&ssl=1&resize=1050%2C600 3x"},"classes":[]},{"id":2650,"url":"https:\/\/larevistadigital.com.ar\/blog\/castelli-francisco-echarren-acordo-la-construccion-de-un-nuevo-barrio-policial\/","url_meta":{"origin":2702,"position":4},"title":"CASTELLI: FRANCISCO ECHARREN ACORD\u00d3 LA CONSTRUCCI\u00d3N DE UN NUEVO BARRIO POLICIAL","author":"Alejandro Sosa Ruda","date":"12 julio, 2017","format":false,"excerpt":"Se trata de 24 viviendas que ser\u00e1n financiadas a trav\u00e9s de la Caja de la Polic\u00eda Bonaerense y la Municipalidad de Castelli. Ambas partes firmaron el convenio este lunes al mediod\u00eda que luego deber\u00e1 ser convalidado por el Concejo Deliberante de la ciudad. El Dr. Juan Caniggia presidente de la\u2026","rel":"","context":"En \u00abCASTELLI\u00bb","block_context":{"text":"CASTELLI","link":"https:\/\/larevistadigital.com.ar\/blog\/category\/castelli\/"},"img":{"alt_text":"","src":"https:\/\/i0.wp.com\/larevistadigital.com.ar\/blog\/wp-content\/uploads\/2017\/07\/foto-baja-18.jpg?fit=800%2C559&ssl=1&resize=350%2C200","width":350,"height":200,"srcset":"https:\/\/i0.wp.com\/larevistadigital.com.ar\/blog\/wp-content\/uploads\/2017\/07\/foto-baja-18.jpg?fit=800%2C559&ssl=1&resize=350%2C200 1x, https:\/\/i0.wp.com\/larevistadigital.com.ar\/blog\/wp-content\/uploads\/2017\/07\/foto-baja-18.jpg?fit=800%2C559&ssl=1&resize=525%2C300 1.5x, https:\/\/i0.wp.com\/larevistadigital.com.ar\/blog\/wp-content\/uploads\/2017\/07\/foto-baja-18.jpg?fit=800%2C559&ssl=1&resize=700%2C400 2x"},"classes":[]},{"id":8745,"url":"https:\/\/larevistadigital.com.ar\/blog\/castelli-el-intendente-echarren-confirmo-un-aumento-del-50-para-los-trabajadores-municipales\/","url_meta":{"origin":2702,"position":5},"title":"CASTELLI: EL INTENDENTE ECHARREN CONFIRM\u00d3 UN AUMENTO DEL 50% PARA LOS TRABAJADORES MUNICIPALES","author":"Alejandro Sosa Ruda","date":"26 febrero, 2019","format":false,"excerpt":"Franc\u00edsco Echarren, intendente de Castelli, hizo un importante anuncio para los trabajadores municipales de esa ciudad: Otorgar\u00e1 un aumento salarial de nada menos que el 50%, seg\u00fan \u00e9l mismo inform\u00f3 a trav\u00e9s de su cuenta de facebook. Mediante un corto pero contundente mensaje, en donde hizo referencia a la dif\u00edcil\u2026","rel":"","context":"En \u00abCASTELLI\u00bb","block_context":{"text":"CASTELLI","link":"https:\/\/larevistadigital.com.ar\/blog\/category\/castelli\/"},"img":{"alt_text":"","src":"https:\/\/i0.wp.com\/larevistadigital.com.ar\/blog\/wp-content\/uploads\/2019\/02\/902671_10200564214341970_1580403800_o.jpg?fit=1200%2C1071&ssl=1&resize=350%2C200","width":350,"height":200,"srcset":"https:\/\/i0.wp.com\/larevistadigital.com.ar\/blog\/wp-content\/uploads\/2019\/02\/902671_10200564214341970_1580403800_o.jpg?fit=1200%2C1071&ssl=1&resize=350%2C200 1x, https:\/\/i0.wp.com\/larevistadigital.com.ar\/blog\/wp-content\/uploads\/2019\/02\/902671_10200564214341970_1580403800_o.jpg?fit=1200%2C1071&ssl=1&resize=525%2C300 1.5x, https:\/\/i0.wp.com\/larevistadigital.com.ar\/blog\/wp-content\/uploads\/2019\/02\/902671_10200564214341970_1580403800_o.jpg?fit=1200%2C1071&ssl=1&resize=700%2C400 2x, https:\/\/i0.wp.com\/larevistadigital.com.ar\/blog\/wp-content\/uploads\/2019\/02\/902671_10200564214341970_1580403800_o.jpg?fit=1200%2C1071&ssl=1&resize=1050%2C600 3x"},"classes":[]}],"_links":{"self":[{"href":"https:\/\/larevistadigital.com.ar\/blog\/wp-json\/wp\/v2\/posts\/2702","targetHints":{"allow":["GET"]}}],"collection":[{"href":"https:\/\/larevistadigital.com.ar\/blog\/wp-json\/wp\/v2\/posts"}],"about":[{"href":"https:\/\/larevistadigital.com.ar\/blog\/wp-json\/wp\/v2\/types\/post"}],"author":[{"embeddable":true,"href":"https:\/\/larevistadigital.com.ar\/blog\/wp-json\/wp\/v2\/users\/3"}],"replies":[{"embeddable":true,"href":"https:\/\/larevistadigital.com.ar\/blog\/wp-json\/wp\/v2\/comments?post=2702"}],"version-history":[{"count":2,"href":"https:\/\/larevistadigital.com.ar\/blog\/wp-json\/wp\/v2\/posts\/2702\/revisions"}],"predecessor-version":[{"id":2706,"href":"https:\/\/larevistadigital.com.ar\/blog\/wp-json\/wp\/v2\/posts\/2702\/revisions\/2706"}],"wp:featuredmedia":[{"embeddable":true,"href":"https:\/\/larevistadigital.com.ar\/blog\/wp-json\/wp\/v2\/media\/2703"}],"wp:attachment":[{"href":"https:\/\/larevistadigital.com.ar\/blog\/wp-json\/wp\/v2\/media?parent=2702"}],"wp:term":[{"taxonomy":"category","embeddable":true,"href":"https:\/\/larevistadigital.com.ar\/blog\/wp-json\/wp\/v2\/categories?post=2702"},{"taxonomy":"post_tag","embeddable":true,"href":"https:\/\/larevistadigital.com.ar\/blog\/wp-json\/wp\/v2\/tags?post=2702"}],"curies":[{"name":"wp","href":"https:\/\/api.w.org\/{rel}","templated":true}]}}