{"id":27054,"date":"2022-08-07T23:47:44","date_gmt":"2022-08-07T23:47:44","guid":{"rendered":"https:\/\/larevistadigital.com.ar\/blog\/?p=27054"},"modified":"2022-08-07T23:47:44","modified_gmt":"2022-08-07T23:47:44","slug":"dolores-macabro-hallaron-el-cuerpo-de-un-bebe-en-la-basura","status":"publish","type":"post","link":"https:\/\/larevistadigital.com.ar\/blog\/dolores-macabro-hallaron-el-cuerpo-de-un-bebe-en-la-basura\/","title":{"rendered":"DOLORES: MACABRO. HALLARON EL CUERPO DE UN BEB\u00c9 EN LA BASURA"},"content":{"rendered":"<h2>Aparentemente ser\u00eda un beb\u00e9 reci\u00e9n nacido.<\/h2>\n<p><strong>DOLORES &#8211;<\/strong>\u00a0 Durante la ma\u00f1ana de hoy, domingo 7\/8 fue encontrado el cuerpo sin vida de un beb\u00e9. Una vecina, dio aviso a la Polic\u00eda del terrible hallazgo, a la altura de calle Mendiola al 1359 de la ciudad de Dolores.<\/p>\n<blockquote>\n<h3>El cuerpo sin vida del beb\u00e9, hab\u00eda sido descartado en una bolsa de basura, que se encontraba rota por el accionar de los perros.<\/h3>\n<\/blockquote>\n<p>Luego del trabajo de la Polic\u00eda Cient\u00edfica en el lugar, los restos fueron trasladados para la realizaci\u00f3n de la autopsia que est\u00e1 prevista para la tarde.<\/p>\n<p>Se Investiga la causa de la muerte y la identidad del beb\u00e9 que seg\u00fan las primeras informaciones seria reci\u00e9n nacido, c\u00f3mo as\u00ed tambi\u00e9n a los responsables de este terrible hecho.<\/p>\n<p>fuente: entrel\u00edneas.<\/p>\n","protected":false},"excerpt":{"rendered":"<div class=\"mh-excerpt\"><p>Aparentemente ser\u00eda un beb\u00e9 reci\u00e9n nacido. DOLORES &#8211;\u00a0 Durante la ma\u00f1ana de hoy, domingo 7\/8 fue encontrado el cuerpo sin vida de un beb\u00e9. Una vecina, dio aviso a la Polic\u00eda del terrible hallazgo, a <a class=\"mh-excerpt-more\" href=\"https:\/\/larevistadigital.com.ar\/blog\/dolores-macabro-hallaron-el-cuerpo-de-un-bebe-en-la-basura\/\" title=\"DOLORES: MACABRO. HALLARON EL CUERPO DE UN BEB\u00c9 EN LA BASURA\">[Leer M\u00e1s]<\/a><\/p>\n<\/div>","protected":false},"author":3,"featured_media":27055,"comment_status":"open","ping_status":"open","sticky":false,"template":"","format":"standard","meta":{"_jetpack_memberships_contains_paid_content":false,"footnotes":"","jetpack_publicize_message":"","jetpack_publicize_feature_enabled":true,"jetpack_social_post_already_shared":true,"jetpack_social_options":{"image_generator_settings":{"template":"highway","default_image_id":0,"font":"","enabled":false},"version":2}},"categories":[43,44,51],"tags":[],"class_list":{"0":"post-27054","1":"post","2":"type-post","3":"status-publish","4":"format-standard","5":"has-post-thumbnail","7":"category-dolores","8":"category-policiales","9":"category-regionales"},"jetpack_publicize_connections":[],"jetpack_featured_media_url":"https:\/\/i0.wp.com\/larevistadigital.com.ar\/blog\/wp-content\/uploads\/4248265c3a430a96a6f8d95833e2ac80eacb99cb.jpg?fit=1140%2C855&ssl=1","jetpack_sharing_enabled":true,"jetpack_shortlink":"https:\/\/wp.me\/p8qtrQ-72m","jetpack-related-posts":[{"id":33057,"url":"https:\/\/larevistadigital.com.ar\/blog\/mar-del-plata-abandonan-un-bebe-en-un-descampado-y-murio-por-hipotermia\/","url_meta":{"origin":27054,"position":0},"title":"MAR DEL PLATA: ABANDONAN UN BEB\u00c9 EN UN DESCAMPADO Y MURI\u00d3 POR HIPOTERMIA.","author":"Alejandro Sosa Ruda","date":"27 agosto, 2023","format":false,"excerpt":"La intervenci\u00f3n de los peritos de la Polic\u00eda Cient\u00edfica, revel\u00f3 que el beb\u00e9 hab\u00eda nacido con vida. El informe preliminar de la autopsia apunt\u00f3 a un \"paro cardiorrespiratorio por un cuadro de hipotermia\" como la causa de la muerte del infante. 27 de agosto de 2023 MAR DEL PLATA -\u00a0\u2026","rel":"","context":"En \u00abPOLICIALES\u00bb","block_context":{"text":"POLICIALES","link":"https:\/\/larevistadigital.com.ar\/blog\/category\/policiales\/"},"img":{"alt_text":"","src":"https:\/\/i0.wp.com\/larevistadigital.com.ar\/blog\/wp-content\/uploads\/20230826151604_cientifica.jpg?fit=880%2C512&ssl=1&resize=350%2C200","width":350,"height":200,"srcset":"https:\/\/i0.wp.com\/larevistadigital.com.ar\/blog\/wp-content\/uploads\/20230826151604_cientifica.jpg?fit=880%2C512&ssl=1&resize=350%2C200 1x, https:\/\/i0.wp.com\/larevistadigital.com.ar\/blog\/wp-content\/uploads\/20230826151604_cientifica.jpg?fit=880%2C512&ssl=1&resize=525%2C300 1.5x, https:\/\/i0.wp.com\/larevistadigital.com.ar\/blog\/wp-content\/uploads\/20230826151604_cientifica.jpg?fit=880%2C512&ssl=1&resize=700%2C400 2x"},"classes":[]},{"id":15725,"url":"https:\/\/larevistadigital.com.ar\/blog\/guerra-de-intendentes-audio-echarren-castelli-acuso-a-etchevarren-dolores-de-no-permitir-su-ingreso-a-llevar-leche-a-su-hijo-recien-nacido\/","url_meta":{"origin":27054,"position":1},"title":"GUERRA DE INTENDENTES: [AUDIO] ECHARREN (CASTELLI) ACUS\u00d3 A ETCHEVARREN (DOLORES) DE NO PERMITIR SU INGRESO A LLEVAR LECHE A SU HIJO RECI\u00c9N NACIDO","author":"Alejandro Sosa Ruda","date":"19 junio, 2020","format":false,"excerpt":"Estuvo circulando un audio, del intendente de Castelli, Franc\u00edsco Echarren, donde cuanta una situaci\u00f3n ocurrida d\u00edas atr\u00e1s, cuando seg\u00fan dice se le impidi\u00f3 el ingreso a la ciudad de Dolores, donde tiene internada a su se\u00f1ora que dio a\u00a0 luz a su hijo reci\u00e9n nacido. En su relato, Franc\u00edsco Echarren,\u2026","rel":"","context":"En \u00abCASTELLI\u00bb","block_context":{"text":"CASTELLI","link":"https:\/\/larevistadigital.com.ar\/blog\/category\/castelli\/"},"img":{"alt_text":"","src":"https:\/\/i0.wp.com\/larevistadigital.com.ar\/blog\/wp-content\/uploads\/Bys2D0DQ7_720x0.jpg?fit=720%2C480&ssl=1&resize=350%2C200","width":350,"height":200,"srcset":"https:\/\/i0.wp.com\/larevistadigital.com.ar\/blog\/wp-content\/uploads\/Bys2D0DQ7_720x0.jpg?fit=720%2C480&ssl=1&resize=350%2C200 1x, https:\/\/i0.wp.com\/larevistadigital.com.ar\/blog\/wp-content\/uploads\/Bys2D0DQ7_720x0.jpg?fit=720%2C480&ssl=1&resize=525%2C300 1.5x, https:\/\/i0.wp.com\/larevistadigital.com.ar\/blog\/wp-content\/uploads\/Bys2D0DQ7_720x0.jpg?fit=720%2C480&ssl=1&resize=700%2C400 2x"},"classes":[]},{"id":24614,"url":"https:\/\/larevistadigital.com.ar\/blog\/horror-encontraron-el-cuerpo-de-un-recien-nacido-en-un-descampado\/","url_meta":{"origin":27054,"position":2},"title":"HORROR: \u00a1ENCONTRARON EL CUERPO DE UN RECI\u00c9N NACIDO EN UN DESCAMPADO!","author":"Alejandro Sosa Ruda","date":"17 marzo, 2022","format":false,"excerpt":"El nene ten\u00eda menos de una semana de vida, y fue hallado por unos chicos que jugaban en la zona CORDOBA -\u00a0 Un terrible hallazgo gener\u00f3 alarma\u00a0y conmoci\u00f3n en la poblaci\u00f3n cuando, en un descampado,\u00a0encontraron muerto a un nene de apenas cinco d\u00edas de nacido. El peque\u00f1o estaba metido en\u2026","rel":"","context":"En \u00abINTERES GENERAL\u00bb","block_context":{"text":"INTERES GENERAL","link":"https:\/\/larevistadigital.com.ar\/blog\/category\/interes-general\/"},"img":{"alt_text":"","src":"https:\/\/i0.wp.com\/larevistadigital.com.ar\/blog\/wp-content\/uploads\/bebe-cordoba-800x400-1.png?fit=800%2C400&ssl=1&resize=350%2C200","width":350,"height":200,"srcset":"https:\/\/i0.wp.com\/larevistadigital.com.ar\/blog\/wp-content\/uploads\/bebe-cordoba-800x400-1.png?fit=800%2C400&ssl=1&resize=350%2C200 1x, https:\/\/i0.wp.com\/larevistadigital.com.ar\/blog\/wp-content\/uploads\/bebe-cordoba-800x400-1.png?fit=800%2C400&ssl=1&resize=525%2C300 1.5x, https:\/\/i0.wp.com\/larevistadigital.com.ar\/blog\/wp-content\/uploads\/bebe-cordoba-800x400-1.png?fit=800%2C400&ssl=1&resize=700%2C400 2x"},"classes":[]},{"id":13685,"url":"https:\/\/larevistadigital.com.ar\/blog\/terrible-murio-bebe-tras-caer-al-piso-en-pleno-parto\/","url_meta":{"origin":27054,"position":3},"title":"TERRIBLE: MURI\u00d3 BEB\u00c9 TRAS CAER AL PISO EN PLENO PARTO","author":"Alejandro Sosa Ruda","date":"13 diciembre, 2019","format":false,"excerpt":"Investigan mala pr\u00e1xis. El tr\u00e1gico hecho ocurri\u00f3 en un sanatorio privado de Gualeguaych\u00fa. Seg\u00fan las versiones, al momento de dar a luz la obstetra no habr\u00eda sujetado bien al reci\u00e9n nacido, que cay\u00f3 al piso y muri\u00f3 a ra\u00edz del fuerte golpe en su cabeza. La Justicia investiga si hubo\u2026","rel":"","context":"En \u00abINTERES GENERAL\u00bb","block_context":{"text":"INTERES GENERAL","link":"https:\/\/larevistadigital.com.ar\/blog\/category\/interes-general\/"},"img":{"alt_text":"","src":"https:\/\/i0.wp.com\/larevistadigital.com.ar\/blog\/wp-content\/uploads\/hospital-centenario-gualeguaychu.jpg?fit=1000%2C650&ssl=1&resize=350%2C200","width":350,"height":200,"srcset":"https:\/\/i0.wp.com\/larevistadigital.com.ar\/blog\/wp-content\/uploads\/hospital-centenario-gualeguaychu.jpg?fit=1000%2C650&ssl=1&resize=350%2C200 1x, https:\/\/i0.wp.com\/larevistadigital.com.ar\/blog\/wp-content\/uploads\/hospital-centenario-gualeguaychu.jpg?fit=1000%2C650&ssl=1&resize=525%2C300 1.5x, https:\/\/i0.wp.com\/larevistadigital.com.ar\/blog\/wp-content\/uploads\/hospital-centenario-gualeguaychu.jpg?fit=1000%2C650&ssl=1&resize=700%2C400 2x"},"classes":[]},{"id":30649,"url":"https:\/\/larevistadigital.com.ar\/blog\/sutiaga-interna-villa-del-sur-lo-despidieron-sin-causa-con-un-bebe-recien-nacido-hoy-cuenta-todo-con-lujo-de-detalles\/","url_meta":{"origin":27054,"position":4},"title":"SUTIAGA &#8211; INTERNA &#8211;  VILLA DEL SUR: LO DESPIDIERON SIN CAUSA, CON UN BEB\u00c9 RECI\u00c9N NACIDO. HOY CUENTA TODO CON LUJO DE DETALLES","author":"Alejandro Sosa Ruda","date":"21 marzo, 2023","format":false,"excerpt":"Un testimonio conmovedor de otro trabajador que sufri\u00f3 las consecuencias de ser \"un posible delegado\". 21 de marzo de 2023 CHASCOM\u00daS -\u00a0\u00a0Luego de los dos despidos de la pasada semana en la empresa VIlla del Sur, es como que se ha destapado una situaci\u00f3n que adem\u00e1s de revestir gravedad, parece\u2026","rel":"","context":"En \u00abGREMIALES\u00bb","block_context":{"text":"GREMIALES","link":"https:\/\/larevistadigital.com.ar\/blog\/category\/gremiales\/"},"img":{"alt_text":"","src":"https:\/\/i0.wp.com\/larevistadigital.com.ar\/blog\/wp-content\/uploads\/ESTA-DESPEDIDO.jpg?fit=880%2C506&ssl=1&resize=350%2C200","width":350,"height":200,"srcset":"https:\/\/i0.wp.com\/larevistadigital.com.ar\/blog\/wp-content\/uploads\/ESTA-DESPEDIDO.jpg?fit=880%2C506&ssl=1&resize=350%2C200 1x, https:\/\/i0.wp.com\/larevistadigital.com.ar\/blog\/wp-content\/uploads\/ESTA-DESPEDIDO.jpg?fit=880%2C506&ssl=1&resize=525%2C300 1.5x, https:\/\/i0.wp.com\/larevistadigital.com.ar\/blog\/wp-content\/uploads\/ESTA-DESPEDIDO.jpg?fit=880%2C506&ssl=1&resize=700%2C400 2x"},"classes":[]},{"id":31353,"url":"https:\/\/larevistadigital.com.ar\/blog\/merlo-hallan-abandonada-a-una-bebe-recien-nacida\/","url_meta":{"origin":27054,"position":5},"title":"MERLO: HALLAN ABANDONADA A UNA BEB\u00c9 RECI\u00c9N NACIDA","author":"Alejandro Sosa Ruda","date":"4 mayo, 2023","format":false,"excerpt":"La ni\u00f1a fue encontrada en una vereda. Se desnuda y cubierta con una frazada. La madre fue identificada y qued\u00f3 detenida. 4 de mayo de 2023 MERLO -\u00a0 Una mujer encontr\u00f3 a una beb\u00e9 reci\u00e9n nacida abandonada en una vereda del partido de Merlo. La madre de la ni\u00f1a, tras\u2026","rel":"","context":"En \u00abSOCIEDAD\u00bb","block_context":{"text":"SOCIEDAD","link":"https:\/\/larevistadigital.com.ar\/blog\/category\/sociedad\/"},"img":{"alt_text":"","src":"https:\/\/i0.wp.com\/larevistadigital.com.ar\/blog\/wp-content\/uploads\/20230504173033_hosp.jpg?fit=880%2C512&ssl=1&resize=350%2C200","width":350,"height":200,"srcset":"https:\/\/i0.wp.com\/larevistadigital.com.ar\/blog\/wp-content\/uploads\/20230504173033_hosp.jpg?fit=880%2C512&ssl=1&resize=350%2C200 1x, https:\/\/i0.wp.com\/larevistadigital.com.ar\/blog\/wp-content\/uploads\/20230504173033_hosp.jpg?fit=880%2C512&ssl=1&resize=525%2C300 1.5x, https:\/\/i0.wp.com\/larevistadigital.com.ar\/blog\/wp-content\/uploads\/20230504173033_hosp.jpg?fit=880%2C512&ssl=1&resize=700%2C400 2x"},"classes":[]}],"_links":{"self":[{"href":"https:\/\/larevistadigital.com.ar\/blog\/wp-json\/wp\/v2\/posts\/27054","targetHints":{"allow":["GET"]}}],"collection":[{"href":"https:\/\/larevistadigital.com.ar\/blog\/wp-json\/wp\/v2\/posts"}],"about":[{"href":"https:\/\/larevistadigital.com.ar\/blog\/wp-json\/wp\/v2\/types\/post"}],"author":[{"embeddable":true,"href":"https:\/\/larevistadigital.com.ar\/blog\/wp-json\/wp\/v2\/users\/3"}],"replies":[{"embeddable":true,"href":"https:\/\/larevistadigital.com.ar\/blog\/wp-json\/wp\/v2\/comments?post=27054"}],"version-history":[{"count":1,"href":"https:\/\/larevistadigital.com.ar\/blog\/wp-json\/wp\/v2\/posts\/27054\/revisions"}],"predecessor-version":[{"id":27056,"href":"https:\/\/larevistadigital.com.ar\/blog\/wp-json\/wp\/v2\/posts\/27054\/revisions\/27056"}],"wp:featuredmedia":[{"embeddable":true,"href":"https:\/\/larevistadigital.com.ar\/blog\/wp-json\/wp\/v2\/media\/27055"}],"wp:attachment":[{"href":"https:\/\/larevistadigital.com.ar\/blog\/wp-json\/wp\/v2\/media?parent=27054"}],"wp:term":[{"taxonomy":"category","embeddable":true,"href":"https:\/\/larevistadigital.com.ar\/blog\/wp-json\/wp\/v2\/categories?post=27054"},{"taxonomy":"post_tag","embeddable":true,"href":"https:\/\/larevistadigital.com.ar\/blog\/wp-json\/wp\/v2\/tags?post=27054"}],"curies":[{"name":"wp","href":"https:\/\/api.w.org\/{rel}","templated":true}]}}