{"id":27065,"date":"2022-08-08T00:07:58","date_gmt":"2022-08-08T00:07:58","guid":{"rendered":"https:\/\/larevistadigital.com.ar\/blog\/?p=27065"},"modified":"2022-08-08T00:07:58","modified_gmt":"2022-08-08T00:07:58","slug":"cuales-son-los-apellidos-mas-populares-en-argentina-enterate-los-resultados-de-un-curioso-estudio","status":"publish","type":"post","link":"https:\/\/larevistadigital.com.ar\/blog\/cuales-son-los-apellidos-mas-populares-en-argentina-enterate-los-resultados-de-un-curioso-estudio\/","title":{"rendered":"\u00bfCU\u00c1LES SON LOS APELLIDOS M\u00c1S POPULARES EN ARGENTINA?&#8230; ENTER\u00c1TE LOS RESULTADOS DE UN CURIOSO ESTUDIO"},"content":{"rendered":"<div class=\"left\">\n<h2 class=\"negrita\">El documento analiza la distribuci\u00f3n espacial de los apellidos de la poblaci\u00f3n actual del pa\u00eds y lanz\u00f3 datos interesantes tras el relevamiento.<\/h2>\n<p class=\"fecha\">07 de agosto de 2022<\/p>\n<div class=\"texto\">\n<p>A partir de un relevamiento e informe publicado por la\u00a0<strong>Direcci\u00f3n Nacional de Poblaci\u00f3n<\/strong>\u00a0se identificaron<strong>\u00a0348.288 apellidos distintos en toda la Argentina<\/strong>, entre los que se destacan\u00a0<strong>Gonz\u00e1lez, Rodr\u00edguez y G\u00f3mez\u00a0<\/strong>como los m\u00e1s frecuentes.<\/p>\n<p>El documento fue llamado\u00a0<strong>\u00abDistribuci\u00f3n geogr\u00e1fica de apellidos en Argentina\u00bb\u00a0<\/strong>y analiza la distribuci\u00f3n espacial de los apellidos de la poblaci\u00f3n actual del pa\u00eds. De los datos se desprende que, si bien el 79% de la poblaci\u00f3n se identifica con nombres de familia portados por 500 o m\u00e1s personas, estos representan solo el 2% de la totalidad de apellidos de todo el territorio.<\/p>\n<p><a href=\"https:\/\/i0.wp.com\/pxb.cdn.0221.com.ar\/0221\/082022\/1659900025653.jpg?ssl=1\"><img data-recalc-dims=\"1\" decoding=\"async\" src=\"https:\/\/i0.wp.com\/pxb.cdn.0221.com.ar\/0221\/082022\/1659900025653.jpg?ssl=1\" alt=\"\" \/><\/a><\/p>\n<p>En ese sentido,<strong>\u00a0la mayor\u00eda de los apellidos -69,9%- son portados por entre 2 y 99 personas (representando el 9,43% de la poblaci\u00f3n)<\/strong>. En tanto, 73.363 apellidos -el 20,5%- posee un \u00fanico representante (0,15% de la poblaci\u00f3n).<br \/>\nLos apellidos m\u00e1s frecuentes son:<\/p>\n<ul>\n<li><strong>Gonz\u00e1lez<\/strong><\/li>\n<li><strong>Rodr\u00edguez<\/strong><\/li>\n<li><strong>G\u00f3mez<\/strong><\/li>\n<li><strong>Fern\u00e1ndez<\/strong><\/li>\n<li><strong>L\u00f3pez<\/strong><\/li>\n<li><strong>Mart\u00ednez<\/strong><\/li>\n<li><strong>D\u00edaz<\/strong><\/li>\n<li><strong>P\u00e9rez<\/strong><\/li>\n<li><strong>S\u00e1nchez<\/strong><\/li>\n<li><strong>Romero<\/strong><\/li>\n<\/ul>\n<blockquote>\n<h3>Gonz\u00e1lez, Rodr\u00edguez y G\u00f3mez encabezan el listado de los apellidos m\u00e1s frecuentes que se pueden encontrar en el pa\u00eds. Fern\u00e1ndez y L\u00f3pez le siguen en el ranking como los m\u00e1s recurrentes a nivel nacional, con m\u00e1s del 1% de la poblaci\u00f3n cada uno. Los apellidos que siguen en esa n\u00f3mina son Mart\u00ednez, D\u00edaz, P\u00e9rez, S\u00e1nchez y Romero, todos con cifras inferiores al 1%.<\/h3>\n<\/blockquote>\n<p>&nbsp;<\/p>\n<p>Estos diez apellidos, todos de ascendencia espa\u00f1ola, representan el 10.4% de la poblaci\u00f3n nacional. En esta misma l\u00ednea, en el 50% de las jurisdicciones el apellido Gonz\u00e1lez coincide con el m\u00e1s com\u00fan a nivel nacional.<\/p>\n<\/div>\n<div class=\"notapage_sticky\">\n<div class=\"compartir em\"><\/div>\n<\/div>\n<\/div>\n","protected":false},"excerpt":{"rendered":"<div class=\"mh-excerpt\"><p>El documento analiza la distribuci\u00f3n espacial de los apellidos de la poblaci\u00f3n actual del pa\u00eds y lanz\u00f3 datos interesantes tras el relevamiento. 07 de agosto de 2022 A partir de un relevamiento e informe publicado <a class=\"mh-excerpt-more\" href=\"https:\/\/larevistadigital.com.ar\/blog\/cuales-son-los-apellidos-mas-populares-en-argentina-enterate-los-resultados-de-un-curioso-estudio\/\" title=\"\u00bfCU\u00c1LES SON LOS APELLIDOS M\u00c1S POPULARES EN ARGENTINA?&#8230; ENTER\u00c1TE LOS RESULTADOS DE UN CURIOSO ESTUDIO\">[Leer M\u00e1s]<\/a><\/p>\n<\/div>","protected":false},"author":3,"featured_media":27066,"comment_status":"open","ping_status":"open","sticky":false,"template":"","format":"standard","meta":{"_jetpack_memberships_contains_paid_content":false,"footnotes":"","jetpack_publicize_message":"","jetpack_publicize_feature_enabled":true,"jetpack_social_post_already_shared":true,"jetpack_social_options":{"image_generator_settings":{"template":"highway","default_image_id":0,"font":"","enabled":false},"version":2}},"categories":[11],"tags":[],"class_list":{"0":"post-27065","1":"post","2":"type-post","3":"status-publish","4":"format-standard","5":"has-post-thumbnail","7":"category-curiosas"},"jetpack_publicize_connections":[],"jetpack_featured_media_url":"https:\/\/i0.wp.com\/larevistadigital.com.ar\/blog\/wp-content\/uploads\/1659900022915.jpg?fit=1200%2C675&ssl=1","jetpack_sharing_enabled":true,"jetpack_shortlink":"https:\/\/wp.me\/p8qtrQ-72x","jetpack-related-posts":[{"id":34047,"url":"https:\/\/larevistadigital.com.ar\/blog\/la-argentina-exige-la-inmediata-e-incondicional-liberacion-de-los-rehenes-de-todas-las-nacionalidades\/","url_meta":{"origin":27065,"position":0},"title":"LA ARGENTINA EXIGE LA INMEDIATA E INCONDICIONAL LIBERACI\u00d3N DE LOS REHENES DE TODAS LAS NACIONALIDADES","author":"Alejandro Sosa Ruda","date":"16 octubre, 2023","format":false,"excerpt":"16 de Octubre de 2023 La Argentina exige la inmediata e incondicional liberaci\u00f3n de los rehenes de todas las nacionalidades entre quienes se encuentran ciudadanos argentinos, sobre cuyo bienestar responsabilizamos directamente a quienes los han secuestrado. Adem\u00e1s nuestro pa\u00eds reitera su condena a los actos terroristas cometidos por Hamas el\u2026","rel":"","context":"En \u00abINTERES GENERAL\u00bb","block_context":{"text":"INTERES GENERAL","link":"https:\/\/larevistadigital.com.ar\/blog\/category\/interes-general\/"},"img":{"alt_text":"","src":"https:\/\/i0.wp.com\/larevistadigital.com.ar\/blog\/wp-content\/uploads\/comunicado_49.png?fit=1025%2C513&ssl=1&resize=350%2C200","width":350,"height":200,"srcset":"https:\/\/i0.wp.com\/larevistadigital.com.ar\/blog\/wp-content\/uploads\/comunicado_49.png?fit=1025%2C513&ssl=1&resize=350%2C200 1x, https:\/\/i0.wp.com\/larevistadigital.com.ar\/blog\/wp-content\/uploads\/comunicado_49.png?fit=1025%2C513&ssl=1&resize=525%2C300 1.5x, https:\/\/i0.wp.com\/larevistadigital.com.ar\/blog\/wp-content\/uploads\/comunicado_49.png?fit=1025%2C513&ssl=1&resize=700%2C400 2x"},"classes":[]},{"id":34107,"url":"https:\/\/larevistadigital.com.ar\/blog\/argentina-condena-ataque-a-hospital-al-ahli-arab-en-gaza\/","url_meta":{"origin":27065,"position":1},"title":"ARGENTINA CONDENA ATAQUE A HOSPITAL AL AHLI ARAB EN GAZA","author":"Alejandro Sosa Ruda","date":"19 octubre, 2023","format":false,"excerpt":"19 de octubre de 2023 COMUNICADO DE PRENSA La Canciller\u00eda argentina condena el ataque contra el hospital Al Ahli Arab ubicado en la regi\u00f3n norte de la Franja de Gaza, que produjo cientos de muertos y heridos y expresa sus sentidas condolencias a los familiares de las v\u00edctimas. El Gobierno\u2026","rel":"","context":"En \u00abINTERES GENERAL\u00bb","block_context":{"text":"INTERES GENERAL","link":"https:\/\/larevistadigital.com.ar\/blog\/category\/interes-general\/"},"img":{"alt_text":"","src":"https:\/\/i0.wp.com\/larevistadigital.com.ar\/blog\/wp-content\/uploads\/comunicado_49.png?fit=1025%2C513&ssl=1&resize=350%2C200","width":350,"height":200,"srcset":"https:\/\/i0.wp.com\/larevistadigital.com.ar\/blog\/wp-content\/uploads\/comunicado_49.png?fit=1025%2C513&ssl=1&resize=350%2C200 1x, https:\/\/i0.wp.com\/larevistadigital.com.ar\/blog\/wp-content\/uploads\/comunicado_49.png?fit=1025%2C513&ssl=1&resize=525%2C300 1.5x, https:\/\/i0.wp.com\/larevistadigital.com.ar\/blog\/wp-content\/uploads\/comunicado_49.png?fit=1025%2C513&ssl=1&resize=700%2C400 2x"},"classes":[]},{"id":45061,"url":"https:\/\/larevistadigital.com.ar\/blog\/encuesta-cae-la-aprobacion-del-gobierno-y-crecen-las-senales-de-alerta\/","url_meta":{"origin":27065,"position":2},"title":"Encuesta: cae la aprobaci\u00f3n del Gobierno y crecen las se\u00f1ales de alerta","author":"Alejandro Sosa Ruda","date":"10 abril, 2026","format":false,"excerpt":"La aprobaci\u00f3n baja, la econom\u00eda preocupa y el futuro no convence. Radiograf\u00eda del humor social que golpea al Gobierno Nacional. Un nuevo relevamiento sobre la situaci\u00f3n pol\u00edtica, econ\u00f3mica y social en Argentina expone un escenario complejo para el Gobierno nacional, con ca\u00edda en los niveles de aprobaci\u00f3n, deterioro en las\u2026","rel":"","context":"En \u00abINTERES GENERAL\u00bb","block_context":{"text":"INTERES GENERAL","link":"https:\/\/larevistadigital.com.ar\/blog\/category\/interes-general\/"},"img":{"alt_text":"","src":"https:\/\/i0.wp.com\/larevistadigital.com.ar\/blog\/wp-content\/uploads\/Captura-de-pantalla-2026-04-10-205004.jpg?fit=865%2C414&ssl=1&resize=350%2C200","width":350,"height":200,"srcset":"https:\/\/i0.wp.com\/larevistadigital.com.ar\/blog\/wp-content\/uploads\/Captura-de-pantalla-2026-04-10-205004.jpg?fit=865%2C414&ssl=1&resize=350%2C200 1x, https:\/\/i0.wp.com\/larevistadigital.com.ar\/blog\/wp-content\/uploads\/Captura-de-pantalla-2026-04-10-205004.jpg?fit=865%2C414&ssl=1&resize=525%2C300 1.5x, https:\/\/i0.wp.com\/larevistadigital.com.ar\/blog\/wp-content\/uploads\/Captura-de-pantalla-2026-04-10-205004.jpg?fit=865%2C414&ssl=1&resize=700%2C400 2x"},"classes":[]},{"id":45143,"url":"https:\/\/larevistadigital.com.ar\/blog\/encuesta-se-desplomo-la-expectativa-sobre-el-futuro-del-pais\/","url_meta":{"origin":27065,"position":3},"title":"Encuesta: se desplom\u00f3 la expectativa sobre el futuro del pa\u00eds","author":"Alejandro Sosa Ruda","date":"16 abril, 2026","format":false,"excerpt":"Una nueva encuesta revel\u00f3 que m\u00e1s del 60% cree que la Argentina est\u00e1 peor y que se derrumb\u00f3 la expectativa de mejora para 2027. 16 de abril de 2026 Una nueva medici\u00f3n de Opina Argentina reflej\u00f3 un deterioro en el clima social y en las expectativas econ\u00f3micas del pa\u00eds. El\u2026","rel":"","context":"En \u00abINTERES GENERAL\u00bb","block_context":{"text":"INTERES GENERAL","link":"https:\/\/larevistadigital.com.ar\/blog\/category\/interes-general\/"},"img":{"alt_text":"","src":"https:\/\/i0.wp.com\/larevistadigital.com.ar\/blog\/wp-content\/uploads\/Captura-de-pantalla-2026-04-16-192017.jpg?fit=657%2C383&ssl=1&resize=350%2C200","width":350,"height":200,"srcset":"https:\/\/i0.wp.com\/larevistadigital.com.ar\/blog\/wp-content\/uploads\/Captura-de-pantalla-2026-04-16-192017.jpg?fit=657%2C383&ssl=1&resize=350%2C200 1x, https:\/\/i0.wp.com\/larevistadigital.com.ar\/blog\/wp-content\/uploads\/Captura-de-pantalla-2026-04-16-192017.jpg?fit=657%2C383&ssl=1&resize=525%2C300 1.5x"},"classes":[]},{"id":21581,"url":"https:\/\/larevistadigital.com.ar\/blog\/atencion-anmat-prohibe-medicamento-por-considerarlo-falsificado\/","url_meta":{"origin":27065,"position":4},"title":"ATENCI\u00d3N: ANMAT PROHIBE MEDICAMENTO, POR CONSIDERARLO FALSIFICADO","author":"Alejandro Sosa Ruda","date":"17 agosto, 2021","format":false,"excerpt":"Este martes la Anmat prohibi\u00f3 la venta y uso de un anest\u00e9sico por considerarlo \"falsificado\". Mir\u00e1 de qu\u00e9 marca de este producto se trata. La Administraci\u00f3n Nacional de Medicamentos, Alimentos y Tecnolog\u00eda M\u00e9dica (Anmat) prohibi\u00f3 este martes el uso, la comercializaci\u00f3n y la distribuci\u00f3n en todo el territorio nacional de\u2026","rel":"","context":"En \u00abINTERES GENERAL\u00bb","block_context":{"text":"INTERES GENERAL","link":"https:\/\/larevistadigital.com.ar\/blog\/category\/interes-general\/"},"img":{"alt_text":"","src":"https:\/\/i0.wp.com\/larevistadigital.com.ar\/blog\/wp-content\/uploads\/c5372d59b25017fa20e46bf9e58a2d34fd268ffe.jpg?fit=1140%2C754&ssl=1&resize=350%2C200","width":350,"height":200,"srcset":"https:\/\/i0.wp.com\/larevistadigital.com.ar\/blog\/wp-content\/uploads\/c5372d59b25017fa20e46bf9e58a2d34fd268ffe.jpg?fit=1140%2C754&ssl=1&resize=350%2C200 1x, https:\/\/i0.wp.com\/larevistadigital.com.ar\/blog\/wp-content\/uploads\/c5372d59b25017fa20e46bf9e58a2d34fd268ffe.jpg?fit=1140%2C754&ssl=1&resize=525%2C300 1.5x, https:\/\/i0.wp.com\/larevistadigital.com.ar\/blog\/wp-content\/uploads\/c5372d59b25017fa20e46bf9e58a2d34fd268ffe.jpg?fit=1140%2C754&ssl=1&resize=700%2C400 2x, https:\/\/i0.wp.com\/larevistadigital.com.ar\/blog\/wp-content\/uploads\/c5372d59b25017fa20e46bf9e58a2d34fd268ffe.jpg?fit=1140%2C754&ssl=1&resize=1050%2C600 3x"},"classes":[]},{"id":33909,"url":"https:\/\/larevistadigital.com.ar\/blog\/ataque-a-israel-comunicado-de-la-cancilleria-argentina\/","url_meta":{"origin":27065,"position":5},"title":"ATAQUE A ISRAEL: COMUNICADO DE LA CANCILLER\u00cdA ARGENTINA","author":"Alejandro Sosa Ruda","date":"7 octubre, 2023","format":false,"excerpt":"La Canciller\u00eda Argentina emiti\u00f3 un comunicado por los ataques a Israel. 7 de octubre de 2023 Luego de los ataques que Palestina efectu\u00f3 contra Israel el d\u00eda de hoy, a manos de Hamas, muchos pa\u00edses manifestaron su repudio. La Canciller\u00eda Argentina, hizo lo propio en su comunicado de prensa n\u00famero:\u2026","rel":"","context":"En \u00abDESTACADAS\u00bb","block_context":{"text":"DESTACADAS","link":"https:\/\/larevistadigital.com.ar\/blog\/category\/destacadas\/"},"img":{"alt_text":"","src":"https:\/\/i0.wp.com\/larevistadigital.com.ar\/blog\/wp-content\/uploads\/comunicado_49.png?fit=1025%2C513&ssl=1&resize=350%2C200","width":350,"height":200,"srcset":"https:\/\/i0.wp.com\/larevistadigital.com.ar\/blog\/wp-content\/uploads\/comunicado_49.png?fit=1025%2C513&ssl=1&resize=350%2C200 1x, https:\/\/i0.wp.com\/larevistadigital.com.ar\/blog\/wp-content\/uploads\/comunicado_49.png?fit=1025%2C513&ssl=1&resize=525%2C300 1.5x, https:\/\/i0.wp.com\/larevistadigital.com.ar\/blog\/wp-content\/uploads\/comunicado_49.png?fit=1025%2C513&ssl=1&resize=700%2C400 2x"},"classes":[]}],"_links":{"self":[{"href":"https:\/\/larevistadigital.com.ar\/blog\/wp-json\/wp\/v2\/posts\/27065","targetHints":{"allow":["GET"]}}],"collection":[{"href":"https:\/\/larevistadigital.com.ar\/blog\/wp-json\/wp\/v2\/posts"}],"about":[{"href":"https:\/\/larevistadigital.com.ar\/blog\/wp-json\/wp\/v2\/types\/post"}],"author":[{"embeddable":true,"href":"https:\/\/larevistadigital.com.ar\/blog\/wp-json\/wp\/v2\/users\/3"}],"replies":[{"embeddable":true,"href":"https:\/\/larevistadigital.com.ar\/blog\/wp-json\/wp\/v2\/comments?post=27065"}],"version-history":[{"count":1,"href":"https:\/\/larevistadigital.com.ar\/blog\/wp-json\/wp\/v2\/posts\/27065\/revisions"}],"predecessor-version":[{"id":27067,"href":"https:\/\/larevistadigital.com.ar\/blog\/wp-json\/wp\/v2\/posts\/27065\/revisions\/27067"}],"wp:featuredmedia":[{"embeddable":true,"href":"https:\/\/larevistadigital.com.ar\/blog\/wp-json\/wp\/v2\/media\/27066"}],"wp:attachment":[{"href":"https:\/\/larevistadigital.com.ar\/blog\/wp-json\/wp\/v2\/media?parent=27065"}],"wp:term":[{"taxonomy":"category","embeddable":true,"href":"https:\/\/larevistadigital.com.ar\/blog\/wp-json\/wp\/v2\/categories?post=27065"},{"taxonomy":"post_tag","embeddable":true,"href":"https:\/\/larevistadigital.com.ar\/blog\/wp-json\/wp\/v2\/tags?post=27065"}],"curies":[{"name":"wp","href":"https:\/\/api.w.org\/{rel}","templated":true}]}}