{"id":27090,"date":"2022-08-13T16:07:12","date_gmt":"2022-08-13T16:07:12","guid":{"rendered":"https:\/\/larevistadigital.com.ar\/blog\/?p=27090"},"modified":"2022-08-13T16:07:12","modified_gmt":"2022-08-13T16:07:12","slug":"chascomus-fotos-fatal-accidente-en-la-costanera-con-una-joven-fallecida","status":"publish","type":"post","link":"https:\/\/larevistadigital.com.ar\/blog\/chascomus-fotos-fatal-accidente-en-la-costanera-con-una-joven-fallecida\/","title":{"rendered":"CHASCOM\u00daS: [fotos] FATAL ACCIDENTE EN LA COSTANERA, CON UNA JOVEN FALLECIDA"},"content":{"rendered":"<h2>Fue por la madrugada, en Costanera entre Lastra y Mu\u00f1iz, donde la v\u00edctima de 17 a\u00f1os circulaba como acompa\u00f1ante en la parte trasera de una moto y colision\u00f3 con un autom\u00f3vil.<\/h2>\n<p>13 de agosto de 2022<\/p>\n<p><strong>CHASCOM\u00daS &#8211;<\/strong> Durante la madrugada, se produjo un lamentable y luctuoso accidente entre una moto Honda Wave de 110 cc. y un autom\u00f3vil marca Fiat, modelo Punto.<\/p>\n<blockquote>\n<h3>El hecho ocurri\u00f3 en la avenida Costanera, entre calles Mu\u00f1iz y Lastra, m\u00e1s precisamente cerca del muelle de pescadores. El auto era conducido por un joven de 18 a\u00f1os, y en la moto circulaban dos personas, quien conduc\u00eda, un muchacho de 18 a\u00f1os y de acompa\u00f1ante una menor de 17 a\u00f1os.<\/h3>\n<\/blockquote>\n<p>Lamentablemente las autoridades comprobaron que la joven se encontraba sin vida, mientras que tanto quien conduc\u00eda la moto, como quien manejaba el auto no sufrieron consecuencias a ra\u00edz del siniestro.<\/p>\n<p>Se preserv\u00f3 el lugar para ser peritado.<\/p>\n<p><strong>IMAGENES<\/strong><\/p>\n<p><img data-recalc-dims=\"1\" loading=\"lazy\" decoding=\"async\" class=\"alignnone size-full wp-image-27094\" src=\"https:\/\/i0.wp.com\/larevistadigital.com.ar\/blog\/wp-content\/uploads\/299080900_10227570650186933_8159683710545625709_n.jpg?resize=1985%2C2048&#038;ssl=1\" alt=\"\" width=\"1985\" height=\"2048\" srcset=\"https:\/\/i0.wp.com\/larevistadigital.com.ar\/blog\/wp-content\/uploads\/299080900_10227570650186933_8159683710545625709_n.jpg?w=1985&amp;ssl=1 1985w, https:\/\/i0.wp.com\/larevistadigital.com.ar\/blog\/wp-content\/uploads\/299080900_10227570650186933_8159683710545625709_n.jpg?resize=291%2C300&amp;ssl=1 291w, https:\/\/i0.wp.com\/larevistadigital.com.ar\/blog\/wp-content\/uploads\/299080900_10227570650186933_8159683710545625709_n.jpg?resize=993%2C1024&amp;ssl=1 993w, https:\/\/i0.wp.com\/larevistadigital.com.ar\/blog\/wp-content\/uploads\/299080900_10227570650186933_8159683710545625709_n.jpg?resize=768%2C792&amp;ssl=1 768w, https:\/\/i0.wp.com\/larevistadigital.com.ar\/blog\/wp-content\/uploads\/299080900_10227570650186933_8159683710545625709_n.jpg?resize=1489%2C1536&amp;ssl=1 1489w\" sizes=\"auto, (max-width: 1000px) 100vw, 1000px\" \/> <img data-recalc-dims=\"1\" loading=\"lazy\" decoding=\"async\" class=\"alignnone size-full wp-image-27093\" src=\"https:\/\/i0.wp.com\/larevistadigital.com.ar\/blog\/wp-content\/uploads\/299118527_10227570232336487_6517372364172841138_n.jpg?resize=2048%2C1536&#038;ssl=1\" alt=\"\" width=\"2048\" height=\"1536\" srcset=\"https:\/\/i0.wp.com\/larevistadigital.com.ar\/blog\/wp-content\/uploads\/299118527_10227570232336487_6517372364172841138_n.jpg?w=2048&amp;ssl=1 2048w, https:\/\/i0.wp.com\/larevistadigital.com.ar\/blog\/wp-content\/uploads\/299118527_10227570232336487_6517372364172841138_n.jpg?resize=300%2C225&amp;ssl=1 300w, https:\/\/i0.wp.com\/larevistadigital.com.ar\/blog\/wp-content\/uploads\/299118527_10227570232336487_6517372364172841138_n.jpg?resize=1024%2C768&amp;ssl=1 1024w, https:\/\/i0.wp.com\/larevistadigital.com.ar\/blog\/wp-content\/uploads\/299118527_10227570232336487_6517372364172841138_n.jpg?resize=768%2C576&amp;ssl=1 768w, https:\/\/i0.wp.com\/larevistadigital.com.ar\/blog\/wp-content\/uploads\/299118527_10227570232336487_6517372364172841138_n.jpg?resize=1536%2C1152&amp;ssl=1 1536w, https:\/\/i0.wp.com\/larevistadigital.com.ar\/blog\/wp-content\/uploads\/299118527_10227570232336487_6517372364172841138_n.jpg?resize=678%2C509&amp;ssl=1 678w, https:\/\/i0.wp.com\/larevistadigital.com.ar\/blog\/wp-content\/uploads\/299118527_10227570232336487_6517372364172841138_n.jpg?resize=326%2C245&amp;ssl=1 326w, https:\/\/i0.wp.com\/larevistadigital.com.ar\/blog\/wp-content\/uploads\/299118527_10227570232336487_6517372364172841138_n.jpg?resize=80%2C60&amp;ssl=1 80w\" sizes=\"auto, (max-width: 1000px) 100vw, 1000px\" \/> <img data-recalc-dims=\"1\" loading=\"lazy\" decoding=\"async\" class=\"alignnone size-full wp-image-27091\" src=\"https:\/\/i0.wp.com\/larevistadigital.com.ar\/blog\/wp-content\/uploads\/298951983_10227570230336437_8576010688718771066_n.jpg?resize=2048%2C1536&#038;ssl=1\" alt=\"\" width=\"2048\" height=\"1536\" srcset=\"https:\/\/i0.wp.com\/larevistadigital.com.ar\/blog\/wp-content\/uploads\/298951983_10227570230336437_8576010688718771066_n.jpg?w=2048&amp;ssl=1 2048w, https:\/\/i0.wp.com\/larevistadigital.com.ar\/blog\/wp-content\/uploads\/298951983_10227570230336437_8576010688718771066_n.jpg?resize=300%2C225&amp;ssl=1 300w, https:\/\/i0.wp.com\/larevistadigital.com.ar\/blog\/wp-content\/uploads\/298951983_10227570230336437_8576010688718771066_n.jpg?resize=1024%2C768&amp;ssl=1 1024w, https:\/\/i0.wp.com\/larevistadigital.com.ar\/blog\/wp-content\/uploads\/298951983_10227570230336437_8576010688718771066_n.jpg?resize=768%2C576&amp;ssl=1 768w, https:\/\/i0.wp.com\/larevistadigital.com.ar\/blog\/wp-content\/uploads\/298951983_10227570230336437_8576010688718771066_n.jpg?resize=1536%2C1152&amp;ssl=1 1536w, https:\/\/i0.wp.com\/larevistadigital.com.ar\/blog\/wp-content\/uploads\/298951983_10227570230336437_8576010688718771066_n.jpg?resize=678%2C509&amp;ssl=1 678w, https:\/\/i0.wp.com\/larevistadigital.com.ar\/blog\/wp-content\/uploads\/298951983_10227570230336437_8576010688718771066_n.jpg?resize=326%2C245&amp;ssl=1 326w, https:\/\/i0.wp.com\/larevistadigital.com.ar\/blog\/wp-content\/uploads\/298951983_10227570230336437_8576010688718771066_n.jpg?resize=80%2C60&amp;ssl=1 80w\" sizes=\"auto, (max-width: 1000px) 100vw, 1000px\" \/><\/p>\n<p>&nbsp;<\/p>\n<p>&nbsp;<\/p>\n","protected":false},"excerpt":{"rendered":"<div class=\"mh-excerpt\"><p>Fue por la madrugada, en Costanera entre Lastra y Mu\u00f1iz, donde la v\u00edctima de 17 a\u00f1os circulaba como acompa\u00f1ante en la parte trasera de una moto y colision\u00f3 con un autom\u00f3vil. 13 de agosto de <a class=\"mh-excerpt-more\" href=\"https:\/\/larevistadigital.com.ar\/blog\/chascomus-fotos-fatal-accidente-en-la-costanera-con-una-joven-fallecida\/\" title=\"CHASCOM\u00daS: [fotos] FATAL ACCIDENTE EN LA COSTANERA, CON UNA JOVEN FALLECIDA\">[Leer M\u00e1s]<\/a><\/p>\n<\/div>","protected":false},"author":3,"featured_media":27092,"comment_status":"open","ping_status":"open","sticky":false,"template":"","format":"standard","meta":{"_jetpack_memberships_contains_paid_content":false,"footnotes":"","jetpack_publicize_message":"","jetpack_publicize_feature_enabled":true,"jetpack_social_post_already_shared":true,"jetpack_social_options":{"image_generator_settings":{"template":"highway","default_image_id":0,"font":"","enabled":false},"version":2}},"categories":[41],"tags":[],"class_list":{"0":"post-27090","1":"post","2":"type-post","3":"status-publish","4":"format-standard","5":"has-post-thumbnail","7":"category-destacadas"},"jetpack_publicize_connections":[],"jetpack_featured_media_url":"https:\/\/i0.wp.com\/larevistadigital.com.ar\/blog\/wp-content\/uploads\/298835278_10227570230776448_3294696304837466845_n.jpg?fit=2048%2C1536&ssl=1","jetpack_sharing_enabled":true,"jetpack_shortlink":"https:\/\/wp.me\/p8qtrQ-72W","jetpack-related-posts":[{"id":23703,"url":"https:\/\/larevistadigital.com.ar\/blog\/chascomus-choque-en-la-costanera-entre-un-automovil-y-una-moto\/","url_meta":{"origin":27090,"position":0},"title":"CHASCOM\u00daS: CHOQUE EN LA COSTANERA ENTRE UN AUTOM\u00d3VIL Y UNA MOTO","author":"Alejandro Sosa Ruda","date":"31 enero, 2022","format":false,"excerpt":"CHASCOM\u00daS -\u00a0 Pasadas las 20 hs, se produjo un accidente entre un autom\u00f3vil y una motocicleta que lo embisti\u00f3 en la intersecci\u00f3n de calles Varela y Costanera Espa\u00f1a de la ciudad de Chascom\u00fas, a unos 50 metros del \"Monolito\". En el autom\u00f3vil viajaba una pareja mayor de turistas, y en\u2026","rel":"","context":"En \u00abDESTACADAS\u00bb","block_context":{"text":"DESTACADAS","link":"https:\/\/larevistadigital.com.ar\/blog\/category\/destacadas\/"},"img":{"alt_text":"","src":"https:\/\/i0.wp.com\/larevistadigital.com.ar\/blog\/wp-content\/uploads\/foto-accidente-2.jpg?fit=1200%2C900&ssl=1&resize=350%2C200","width":350,"height":200,"srcset":"https:\/\/i0.wp.com\/larevistadigital.com.ar\/blog\/wp-content\/uploads\/foto-accidente-2.jpg?fit=1200%2C900&ssl=1&resize=350%2C200 1x, https:\/\/i0.wp.com\/larevistadigital.com.ar\/blog\/wp-content\/uploads\/foto-accidente-2.jpg?fit=1200%2C900&ssl=1&resize=525%2C300 1.5x, https:\/\/i0.wp.com\/larevistadigital.com.ar\/blog\/wp-content\/uploads\/foto-accidente-2.jpg?fit=1200%2C900&ssl=1&resize=700%2C400 2x, https:\/\/i0.wp.com\/larevistadigital.com.ar\/blog\/wp-content\/uploads\/foto-accidente-2.jpg?fit=1200%2C900&ssl=1&resize=1050%2C600 3x"},"classes":[]},{"id":26089,"url":"https:\/\/larevistadigital.com.ar\/blog\/fotos-chascomus-accidente-en-la-costanera-entre-una-moto-y-dos-autos\/","url_meta":{"origin":27090,"position":1},"title":"[FOTOS] CHASCOM\u00daS: ACCIDENTE EN LA COSTANERA ENTRE UNA MOTO Y DOS AUTOS","author":"Alejandro Sosa Ruda","date":"24 junio, 2022","format":false,"excerpt":"CHASCOM\u00daS -\u00a0 Poco antes de caer la noche, se produjo un accidente en la avenida Costanera, frente al local gastron\u00f3mico \"Mule\". El siniestro fue entre un autom\u00f3vil y una moto, y afortunadamente no hubo heridos graves en el mismo, solo lamentando los da\u00f1os materiales. \u00a0","rel":"","context":"En \u00abINTERES GENERAL\u00bb","block_context":{"text":"INTERES GENERAL","link":"https:\/\/larevistadigital.com.ar\/blog\/category\/interes-general\/"},"img":{"alt_text":"","src":"https:\/\/i0.wp.com\/larevistadigital.com.ar\/blog\/wp-content\/uploads\/WhatsApp-Image-2022-06-24-at-10.09.28-PM.jpeg?fit=1200%2C900&ssl=1&resize=350%2C200","width":350,"height":200,"srcset":"https:\/\/i0.wp.com\/larevistadigital.com.ar\/blog\/wp-content\/uploads\/WhatsApp-Image-2022-06-24-at-10.09.28-PM.jpeg?fit=1200%2C900&ssl=1&resize=350%2C200 1x, https:\/\/i0.wp.com\/larevistadigital.com.ar\/blog\/wp-content\/uploads\/WhatsApp-Image-2022-06-24-at-10.09.28-PM.jpeg?fit=1200%2C900&ssl=1&resize=525%2C300 1.5x, https:\/\/i0.wp.com\/larevistadigital.com.ar\/blog\/wp-content\/uploads\/WhatsApp-Image-2022-06-24-at-10.09.28-PM.jpeg?fit=1200%2C900&ssl=1&resize=700%2C400 2x, https:\/\/i0.wp.com\/larevistadigital.com.ar\/blog\/wp-content\/uploads\/WhatsApp-Image-2022-06-24-at-10.09.28-PM.jpeg?fit=1200%2C900&ssl=1&resize=1050%2C600 3x"},"classes":[]},{"id":40120,"url":"https:\/\/larevistadigital.com.ar\/blog\/san-clemente-joven-de-26-anos-murio-tras-caer-de-su-moto\/","url_meta":{"origin":27090,"position":2},"title":"San Clemente: joven de 26 a\u00f1os muri\u00f3 tras caer de su moto","author":"Alejandro Sosa Ruda","date":"23 junio, 2025","format":false,"excerpt":"El hecho ocurri\u00f3 en la madrugada del s\u00e1bado en Costanera y calle 4. Sal\u00eda de una cervecer\u00eda y perdi\u00f3 el control del rodado. 23 de Junio de 2025 SAN CLEMENTE -\u00a0 El s\u00e1bado por la madrugada, San Clemente del Tuy\u00fa fue escenario de una nueva tragedia vial. Un joven de\u2026","rel":"","context":"En \u00abPOLICIALES\u00bb","block_context":{"text":"POLICIALES","link":"https:\/\/larevistadigital.com.ar\/blog\/category\/policiales\/"},"img":{"alt_text":"","src":"https:\/\/i0.wp.com\/larevistadigital.com.ar\/blog\/wp-content\/uploads\/f9a5afe159fc11f4d072f6da7bc3ebcaa78c0cf2.jpg?fit=1140%2C760&ssl=1&resize=350%2C200","width":350,"height":200,"srcset":"https:\/\/i0.wp.com\/larevistadigital.com.ar\/blog\/wp-content\/uploads\/f9a5afe159fc11f4d072f6da7bc3ebcaa78c0cf2.jpg?fit=1140%2C760&ssl=1&resize=350%2C200 1x, https:\/\/i0.wp.com\/larevistadigital.com.ar\/blog\/wp-content\/uploads\/f9a5afe159fc11f4d072f6da7bc3ebcaa78c0cf2.jpg?fit=1140%2C760&ssl=1&resize=525%2C300 1.5x, https:\/\/i0.wp.com\/larevistadigital.com.ar\/blog\/wp-content\/uploads\/f9a5afe159fc11f4d072f6da7bc3ebcaa78c0cf2.jpg?fit=1140%2C760&ssl=1&resize=700%2C400 2x, https:\/\/i0.wp.com\/larevistadigital.com.ar\/blog\/wp-content\/uploads\/f9a5afe159fc11f4d072f6da7bc3ebcaa78c0cf2.jpg?fit=1140%2C760&ssl=1&resize=1050%2C600 3x"},"classes":[]},{"id":47011,"url":"https:\/\/larevistadigital.com.ar\/blog\/chascomus-colision-entre-un-auto-y-una-moto-en-dorrego-y-mazzini-una-mujer-resulto-herida\/","url_meta":{"origin":27090,"position":3},"title":"Chascom\u00fas: Colisi\u00f3n entre un auto y una moto en Dorrego y Mazzini: una mujer result\u00f3 herida","author":"Alejandro Sosa Ruda","date":"21 agosto, 2026","format":false,"excerpt":"Una mujer de 52 a\u00f1os result\u00f3 herida tras un siniestro vial ocurrido en la intersecci\u00f3n de las calles Dorrego y Mazzini, en Chascom\u00fas. Viajaba como acompa\u00f1ante en una motocicleta que colision\u00f3 con un autom\u00f3vil. 21 de agosto de 2026 CHASCOM\u00daS\u00a0 -\u00a0 \u00a0Seg\u00fan nos contaron testigos del hecho, todo ocurri\u00f3 cuando,\u2026","rel":"","context":"En \u00abINTERES GENERAL\u00bb","block_context":{"text":"INTERES GENERAL","link":"https:\/\/larevistadigital.com.ar\/blog\/category\/interes-general\/"},"img":{"alt_text":"Seguridad Ciudadana PPM","src":"https:\/\/i0.wp.com\/larevistadigital.com.ar\/blog\/wp-content\/uploads\/Captura-de-pantalla-2026-08-21-152023.jpg?fit=500%2C328&ssl=1&resize=350%2C200","width":350,"height":200},"classes":[]},{"id":39456,"url":"https:\/\/larevistadigital.com.ar\/blog\/tandil-cayo-de-la-moto-y-se-fracturo-la-pierna-y-las-costillas\/","url_meta":{"origin":27090,"position":4},"title":"Tandil: Cay\u00f3 de la moto y se fractur\u00f3 la pierna y las costillas","author":"Alejandro Sosa Ruda","date":"20 abril, 2025","format":false,"excerpt":"Ocurri\u00f3 la madrugada del domingo, entre Lober\u00eda y Larrea. 20 de Abril de 2025 TANDIL -\u00a0 Era la madrugada y un hombre circulaba en una moto marca Motomel Skua, acompa\u00f1ado de otro, cuando tras perder el control del veh\u00edculo, impactaron contra la carteler\u00eda y cayendo ambos sobre el asfalto en\u2026","rel":"","context":"En \u00abPOLICIALES\u00bb","block_context":{"text":"POLICIALES","link":"https:\/\/larevistadigital.com.ar\/blog\/category\/policiales\/"},"img":{"alt_text":"","src":"https:\/\/i0.wp.com\/larevistadigital.com.ar\/blog\/wp-content\/uploads\/accidente_alvear.jpg?fit=768%2C590&ssl=1&resize=350%2C200","width":350,"height":200,"srcset":"https:\/\/i0.wp.com\/larevistadigital.com.ar\/blog\/wp-content\/uploads\/accidente_alvear.jpg?fit=768%2C590&ssl=1&resize=350%2C200 1x, https:\/\/i0.wp.com\/larevistadigital.com.ar\/blog\/wp-content\/uploads\/accidente_alvear.jpg?fit=768%2C590&ssl=1&resize=525%2C300 1.5x, https:\/\/i0.wp.com\/larevistadigital.com.ar\/blog\/wp-content\/uploads\/accidente_alvear.jpg?fit=768%2C590&ssl=1&resize=700%2C400 2x"},"classes":[]},{"id":27451,"url":"https:\/\/larevistadigital.com.ar\/blog\/chascomus-fallecio-una-joven-que-ayer-sufrio-un-accidente\/","url_meta":{"origin":27090,"position":5},"title":"CHASCOM\u00daS: FALLECI\u00d3 UNA JOVEN QUE AYER SUFRI\u00d3 UN ACCIDENTE","author":"Alejandro Sosa Ruda","date":"1 septiembre, 2022","format":false,"excerpt":"Durante la tarde de ayer se accident\u00f3 colisionando en su moto con un autom\u00f3vil en Alfons\u00edn y M\u00e1rquez. Estaba grave y lamentablemente falleci\u00f3. 01 de septiembre de 2022 CHASCOM\u00daS -\u00a0 Lamentablemente, informamos que falleci\u00f3 una joven de 23 a\u00f1os de edad, a ra\u00edz de las consecuencias de un choque que\u2026","rel":"","context":"En \u00abDESTACADAS\u00bb","block_context":{"text":"DESTACADAS","link":"https:\/\/larevistadigital.com.ar\/blog\/category\/destacadas\/"},"img":{"alt_text":"","src":"https:\/\/i0.wp.com\/larevistadigital.com.ar\/blog\/wp-content\/uploads\/302750129_375759488094183_1039692111407876884_n.jpg?fit=843%2C1124&ssl=1&resize=350%2C200","width":350,"height":200,"srcset":"https:\/\/i0.wp.com\/larevistadigital.com.ar\/blog\/wp-content\/uploads\/302750129_375759488094183_1039692111407876884_n.jpg?fit=843%2C1124&ssl=1&resize=350%2C200 1x, https:\/\/i0.wp.com\/larevistadigital.com.ar\/blog\/wp-content\/uploads\/302750129_375759488094183_1039692111407876884_n.jpg?fit=843%2C1124&ssl=1&resize=525%2C300 1.5x, https:\/\/i0.wp.com\/larevistadigital.com.ar\/blog\/wp-content\/uploads\/302750129_375759488094183_1039692111407876884_n.jpg?fit=843%2C1124&ssl=1&resize=700%2C400 2x"},"classes":[]}],"_links":{"self":[{"href":"https:\/\/larevistadigital.com.ar\/blog\/wp-json\/wp\/v2\/posts\/27090","targetHints":{"allow":["GET"]}}],"collection":[{"href":"https:\/\/larevistadigital.com.ar\/blog\/wp-json\/wp\/v2\/posts"}],"about":[{"href":"https:\/\/larevistadigital.com.ar\/blog\/wp-json\/wp\/v2\/types\/post"}],"author":[{"embeddable":true,"href":"https:\/\/larevistadigital.com.ar\/blog\/wp-json\/wp\/v2\/users\/3"}],"replies":[{"embeddable":true,"href":"https:\/\/larevistadigital.com.ar\/blog\/wp-json\/wp\/v2\/comments?post=27090"}],"version-history":[{"count":1,"href":"https:\/\/larevistadigital.com.ar\/blog\/wp-json\/wp\/v2\/posts\/27090\/revisions"}],"predecessor-version":[{"id":27095,"href":"https:\/\/larevistadigital.com.ar\/blog\/wp-json\/wp\/v2\/posts\/27090\/revisions\/27095"}],"wp:featuredmedia":[{"embeddable":true,"href":"https:\/\/larevistadigital.com.ar\/blog\/wp-json\/wp\/v2\/media\/27092"}],"wp:attachment":[{"href":"https:\/\/larevistadigital.com.ar\/blog\/wp-json\/wp\/v2\/media?parent=27090"}],"wp:term":[{"taxonomy":"category","embeddable":true,"href":"https:\/\/larevistadigital.com.ar\/blog\/wp-json\/wp\/v2\/categories?post=27090"},{"taxonomy":"post_tag","embeddable":true,"href":"https:\/\/larevistadigital.com.ar\/blog\/wp-json\/wp\/v2\/tags?post=27090"}],"curies":[{"name":"wp","href":"https:\/\/api.w.org\/{rel}","templated":true}]}}