{"id":27130,"date":"2022-08-17T14:38:16","date_gmt":"2022-08-17T14:38:16","guid":{"rendered":"https:\/\/larevistadigital.com.ar\/blog\/?p=27130"},"modified":"2022-08-17T14:38:16","modified_gmt":"2022-08-17T14:38:16","slug":"tandil-el-ejecutivo-le-niega-a-96-familias-el-permiso-para-construir-su-casa","status":"publish","type":"post","link":"https:\/\/larevistadigital.com.ar\/blog\/tandil-el-ejecutivo-le-niega-a-96-familias-el-permiso-para-construir-su-casa\/","title":{"rendered":"TANDIL: EL EJECUTIVO LE NIEGA A 96 FAMILIAS EL PERMISO PARA CONSTRU\u00cdR SU CASA"},"content":{"rendered":"<p><strong>TANDIL &#8211;\u00a0<\/strong> En las \u00faltimas horas, la vecina <strong>Erica Lanzini<\/strong> puso de relieve una situaci\u00f3n que preocupa a 96 familias que necesitan un permiso municipal para construir sus viviendas, m\u00e1s precisamente en el Proyecto 3 de urbanizaci\u00f3n de la Asociaci\u00f3n civil \u00abDe Coraz\u00f3n Tandilense\u00bb, la organizaci\u00f3n <em><strong>\u00abque m\u00e1s respuestas habitacionales viene dando en nuestra ciudad en los \u00faltimos 20 a\u00f1os\u00bb<\/strong><\/em>, destac\u00f3.<\/p>\n<p><em><strong>\u00abDesde hace tres a\u00f1os venimos haciendo un dep\u00f3sito mensual que nos permiti\u00f3, con mucho esfuerzo, adquirir un lote del que saldr\u00e1n nuestros 96 terrenos. Hoy el lote ya es nuestro!. Desde octubre de 2021, la provincia de Buenos Aires garantiz\u00f3 un aporte de 50 millones de pesos para financiar a la Asociaci\u00f3n las obras que permitir\u00e1n dotarlo de agua, gas, cloacas y desag\u00fces pluviales. En junio de este a\u00f1o, la Direcci\u00f3n Provincial de Hidr\u00e1ulica de la Provincia hizo un estudio del predio otorg\u00e1ndole a nuestra asociaci\u00f3n el Certificado de Aptitud Hidr\u00e1ulica \u00abpara la ejecuci\u00f3n de las obras proyectadas que comprenden: relleno y nivelaci\u00f3n del terreno, ejecuci\u00f3n de cord\u00f3n cuneta y de badenes de cruce, relleno de calzada con estabilizado, ejecuci\u00f3n de las obras meramente pluviales como excavaci\u00f3n para obras hidr\u00e1ulicas, ca\u00f1er\u00edas de empalme con acometidas, ejecuci\u00f3n de sumideros tipo SP2, y SP 0,50, y c\u00e1maras de inspecci\u00f3n\u00bb; las obras que necesitamos para la subdivisi\u00f3n y llegar as\u00ed a tener nuestro terreno, en el que podamos construir nuestras viviendas\u00bb<\/strong><\/em>, detall\u00f3 la ciudadana.<\/p>\n<p>Sin embargo, para poder avanzar con la obra -a\u00f1adi\u00f3 <strong>Lanzini<\/strong>&#8211; <strong><em>\u00abnecesitamos contar con la aprobaci\u00f3n de Obras P\u00fablicas del Municipio y el Secretario de Planeamiento y Obras P\u00fablicas de Tandil, Luciano Laffose, se niega a otorgarnos la certificaci\u00f3n municipal correspondiente (a\u00fan teniendo el estudio de la provincia, a\u00fan teniendo los recursos para realizar las obras). Hoy (por ayer) presentamos en Mesa de entradas del Municipio un pedido de reuni\u00f3n urgente para que las autoridades nos reciban y nos expliquen por qu\u00e9 nos niegan la posibilidad de hacer realidad nuestro sue\u00f1o de la vivienda propia. Somos 96 familias de trabajadores y trabajadoras, comerciantes, empleados y empleadas, docentes, que hicimos muchos esfuerzo para llegar hasta ac\u00e1. S\u00f3lo pedimos que no conviertan nuestro sue\u00f1o en una pesadilla\u00bb<\/em><\/strong>.<\/p>\n","protected":false},"excerpt":{"rendered":"<div class=\"mh-excerpt\"><p>TANDIL &#8211;\u00a0 En las \u00faltimas horas, la vecina Erica Lanzini puso de relieve una situaci\u00f3n que preocupa a 96 familias que necesitan un permiso municipal para construir sus viviendas, m\u00e1s precisamente en el Proyecto 3 <a class=\"mh-excerpt-more\" href=\"https:\/\/larevistadigital.com.ar\/blog\/tandil-el-ejecutivo-le-niega-a-96-familias-el-permiso-para-construir-su-casa\/\" title=\"TANDIL: EL EJECUTIVO LE NIEGA A 96 FAMILIAS EL PERMISO PARA CONSTRU\u00cdR SU CASA\">[Leer M\u00e1s]<\/a><\/p>\n<\/div>","protected":false},"author":3,"featured_media":27131,"comment_status":"open","ping_status":"open","sticky":false,"template":"","format":"standard","meta":{"_jetpack_memberships_contains_paid_content":false,"footnotes":"","jetpack_publicize_message":"","jetpack_publicize_feature_enabled":true,"jetpack_social_post_already_shared":true,"jetpack_social_options":{"image_generator_settings":{"template":"highway","default_image_id":0,"font":"","enabled":false},"version":2}},"categories":[51],"tags":[],"class_list":{"0":"post-27130","1":"post","2":"type-post","3":"status-publish","4":"format-standard","5":"has-post-thumbnail","7":"category-regionales"},"jetpack_publicize_connections":[],"jetpack_featured_media_url":"https:\/\/i0.wp.com\/larevistadigital.com.ar\/blog\/wp-content\/uploads\/1660745854.jpeg?fit=848%2C477&ssl=1","jetpack_sharing_enabled":true,"jetpack_shortlink":"https:\/\/wp.me\/p8qtrQ-73A","jetpack-related-posts":[{"id":43028,"url":"https:\/\/larevistadigital.com.ar\/blog\/kicillof-entrego-viviendas-a-familias-de-tandil-y-ayacucho\/","url_meta":{"origin":27130,"position":0},"title":"Kicillof entreg\u00f3 viviendas a familias de Tandil y Ayacucho","author":"Alejandro Sosa Ruda","date":"24 diciembre, 2025","format":false,"excerpt":"Las 132 casas fueron otorgadas a vecinos de los barrios Villa Alegre y La Feria. 23 de diciembre de 2025 BUENOS AIRES -\u00a0 \u00a0El gobernador de la provincia de Buenos Aires, Axel Kicillof, encabez\u00f3 este martes la entrega de 132 viviendas para familias beneficiarias de los municipios de Tandil y\u2026","rel":"","context":"En \u00abINTERES GENERAL\u00bb","block_context":{"text":"INTERES GENERAL","link":"https:\/\/larevistadigital.com.ar\/blog\/category\/interes-general\/"},"img":{"alt_text":"","src":"https:\/\/i0.wp.com\/larevistadigital.com.ar\/blog\/wp-content\/uploads\/AR11890-scaled.jpg?fit=1200%2C800&ssl=1&resize=350%2C200","width":350,"height":200,"srcset":"https:\/\/i0.wp.com\/larevistadigital.com.ar\/blog\/wp-content\/uploads\/AR11890-scaled.jpg?fit=1200%2C800&ssl=1&resize=350%2C200 1x, https:\/\/i0.wp.com\/larevistadigital.com.ar\/blog\/wp-content\/uploads\/AR11890-scaled.jpg?fit=1200%2C800&ssl=1&resize=525%2C300 1.5x, https:\/\/i0.wp.com\/larevistadigital.com.ar\/blog\/wp-content\/uploads\/AR11890-scaled.jpg?fit=1200%2C800&ssl=1&resize=700%2C400 2x, https:\/\/i0.wp.com\/larevistadigital.com.ar\/blog\/wp-content\/uploads\/AR11890-scaled.jpg?fit=1200%2C800&ssl=1&resize=1050%2C600 3x"},"classes":[]},{"id":9156,"url":"https:\/\/larevistadigital.com.ar\/blog\/castelli-el-intendente-echarren-promete-entregar-un-lote-a-cada-familia-de-su-ciudad\/","url_meta":{"origin":27130,"position":1},"title":"CASTELLI: EL INTENDENTE ECHARREN PROMETE ENTREGAR UN LOTE A CADA FAMILIA DE SU CIUDAD","author":"Alejandro Sosa Ruda","date":"17 marzo, 2019","format":false,"excerpt":"El intendente de Castelli, Franc\u00edsco Echarren, prometi\u00f3 a trav\u00e9s de su cuenta oficial de Facebook que tiene la decisi\u00f3n tomada de dar soluci\u00f3n al problema habitacional en su distrito. Aqu\u00ed la publicaci\u00f3n del alcalde: #UnTerrenoPorD\u00eda\u00a0\ud83c\udfe1 \u00bfC\u00f3mo puede ser que en una provincia donde lo que sobra es la tierra, haya\u2026","rel":"","context":"En \u00abCASTELLI\u00bb","block_context":{"text":"CASTELLI","link":"https:\/\/larevistadigital.com.ar\/blog\/category\/castelli\/"},"img":{"alt_text":"","src":"https:\/\/i0.wp.com\/larevistadigital.com.ar\/blog\/wp-content\/uploads\/2019\/03\/53560557_1216880881805020_8639566143150882816_o.jpg?fit=1200%2C848&ssl=1&resize=350%2C200","width":350,"height":200,"srcset":"https:\/\/i0.wp.com\/larevistadigital.com.ar\/blog\/wp-content\/uploads\/2019\/03\/53560557_1216880881805020_8639566143150882816_o.jpg?fit=1200%2C848&ssl=1&resize=350%2C200 1x, https:\/\/i0.wp.com\/larevistadigital.com.ar\/blog\/wp-content\/uploads\/2019\/03\/53560557_1216880881805020_8639566143150882816_o.jpg?fit=1200%2C848&ssl=1&resize=525%2C300 1.5x, https:\/\/i0.wp.com\/larevistadigital.com.ar\/blog\/wp-content\/uploads\/2019\/03\/53560557_1216880881805020_8639566143150882816_o.jpg?fit=1200%2C848&ssl=1&resize=700%2C400 2x, https:\/\/i0.wp.com\/larevistadigital.com.ar\/blog\/wp-content\/uploads\/2019\/03\/53560557_1216880881805020_8639566143150882816_o.jpg?fit=1200%2C848&ssl=1&resize=1050%2C600 3x"},"classes":[]},{"id":36247,"url":"https:\/\/larevistadigital.com.ar\/blog\/protestas-en-tandil-por-la-urbanizavcion-de-las-sierras\/","url_meta":{"origin":27130,"position":2},"title":"PROTESTAS EN TANDIL POR LA URBANIZAVCI\u00d3N DE LAS SIERRAS","author":"Alejandro Sosa Ruda","date":"5 junio, 2024","format":false,"excerpt":"La especulaci\u00f3n inmobiliaria, tolerada por la acci\u00f3n o inacci\u00f3n de las autoridades, no s\u00f3lo urbaniza las Sierras, lo cual debe evitarse por razones ambientales, urban\u00edsticas y normativas. 5 de junio de 2024 TANDIL -\u00a0 La especulaci\u00f3n inmobiliaria, facilitada por la inacci\u00f3n o consentimiento de las autoridades, no solo lleva a\u2026","rel":"","context":"En \u00abREGIONALES\u00bb","block_context":{"text":"REGIONALES","link":"https:\/\/larevistadigital.com.ar\/blog\/category\/regionales\/"},"img":{"alt_text":"","src":"https:\/\/i0.wp.com\/larevistadigital.com.ar\/blog\/wp-content\/uploads\/20240605154243_tandil-construccion-sierras.jpg?fit=880%2C512&ssl=1&resize=350%2C200","width":350,"height":200,"srcset":"https:\/\/i0.wp.com\/larevistadigital.com.ar\/blog\/wp-content\/uploads\/20240605154243_tandil-construccion-sierras.jpg?fit=880%2C512&ssl=1&resize=350%2C200 1x, https:\/\/i0.wp.com\/larevistadigital.com.ar\/blog\/wp-content\/uploads\/20240605154243_tandil-construccion-sierras.jpg?fit=880%2C512&ssl=1&resize=525%2C300 1.5x, https:\/\/i0.wp.com\/larevistadigital.com.ar\/blog\/wp-content\/uploads\/20240605154243_tandil-construccion-sierras.jpg?fit=880%2C512&ssl=1&resize=700%2C400 2x"},"classes":[]},{"id":35304,"url":"https:\/\/larevistadigital.com.ar\/blog\/tandil-segun-los-profesionales-de-cicop-la-salud-publica-esta-al-borde-del-colapso\/","url_meta":{"origin":27130,"position":3},"title":"TANDIL: SEG\u00daN LOS PROFESIONALES DE CICOP, LA SALUD P\u00daBLICA EST\u00c1 AL BORDE DEL COLAPSO","author":"Alejandro Sosa Ruda","date":"22 febrero, 2024","format":false,"excerpt":"La reciente renuncia de los tres \u00fanicos onc\u00f3logos del Hospital Santamarina de Tandil puso al descubierto los bajos salarios, la precarizaci\u00f3n laboral y el destrato que padecen los profesionales de la salud del distrito. El gremio que nuclea a los profesionales de la salud p\u00fablica (CICOP) manifest\u00f3 su preocupaci\u00f3n por\u2026","rel":"","context":"En \u00abREGIONALES\u00bb","block_context":{"text":"REGIONALES","link":"https:\/\/larevistadigital.com.ar\/blog\/category\/regionales\/"},"img":{"alt_text":"","src":"https:\/\/i0.wp.com\/larevistadigital.com.ar\/blog\/wp-content\/uploads\/hospital-santamarina-tandil.jpg?fit=700%2C392&ssl=1&resize=350%2C200","width":350,"height":200,"srcset":"https:\/\/i0.wp.com\/larevistadigital.com.ar\/blog\/wp-content\/uploads\/hospital-santamarina-tandil.jpg?fit=700%2C392&ssl=1&resize=350%2C200 1x, https:\/\/i0.wp.com\/larevistadigital.com.ar\/blog\/wp-content\/uploads\/hospital-santamarina-tandil.jpg?fit=700%2C392&ssl=1&resize=525%2C300 1.5x, https:\/\/i0.wp.com\/larevistadigital.com.ar\/blog\/wp-content\/uploads\/hospital-santamarina-tandil.jpg?fit=700%2C392&ssl=1&resize=700%2C400 2x"},"classes":[]},{"id":31716,"url":"https:\/\/larevistadigital.com.ar\/blog\/tandil-miguel-angel-lunghi-ira-por-su-sexto-mandato\/","url_meta":{"origin":27130,"position":4},"title":"TANDIL: MIGUEL \u00c1NGEL LUNGHI IR\u00c1 POR SU SEXTO MANDATO","author":"Alejandro Sosa Ruda","date":"23 mayo, 2023","format":false,"excerpt":"El jefe comunal radical, quien cumplir\u00e1 80 a\u00f1os en diciembre, gobierna el municipio de Tandil desde el a\u00f1o 2003. Competir\u00eda en una interna contra dos precandidatos ya confirmados, Marcos Nicolini y Juan Manazzoni. 23 de mayo de 2023 TANDIL - El actual intendente de Tandil, Miguel \u00c1ngel Lunghi, confirmar\u00e1 este\u2026","rel":"","context":"En \u00abPOLITICA PROVINCIAL\u00bb","block_context":{"text":"POLITICA PROVINCIAL","link":"https:\/\/larevistadigital.com.ar\/blog\/category\/politica\/politica-provincial\/"},"img":{"alt_text":"","src":"https:\/\/i0.wp.com\/larevistadigital.com.ar\/blog\/wp-content\/uploads\/20230523150854_lunghi.jpg?fit=880%2C512&ssl=1&resize=350%2C200","width":350,"height":200,"srcset":"https:\/\/i0.wp.com\/larevistadigital.com.ar\/blog\/wp-content\/uploads\/20230523150854_lunghi.jpg?fit=880%2C512&ssl=1&resize=350%2C200 1x, https:\/\/i0.wp.com\/larevistadigital.com.ar\/blog\/wp-content\/uploads\/20230523150854_lunghi.jpg?fit=880%2C512&ssl=1&resize=525%2C300 1.5x, https:\/\/i0.wp.com\/larevistadigital.com.ar\/blog\/wp-content\/uploads\/20230523150854_lunghi.jpg?fit=880%2C512&ssl=1&resize=700%2C400 2x"},"classes":[]},{"id":22792,"url":"https:\/\/larevistadigital.com.ar\/blog\/tandil-lo-hizo-de-nuevo-volvio-a-batir-el-record-del-salame-mas-largo-del-mundo\/","url_meta":{"origin":27130,"position":5},"title":"TANDIL LO HIZO DE NUEVO: VOLVI\u00d3 A BATIR EL R\u00c9CORD DEL SALAME M\u00c1S LARGO DEL MUNDO","author":"Alejandro Sosa Ruda","date":"24 noviembre, 2021","format":false,"excerpt":"Para la elaboraci\u00f3n del salame m\u00e1s largo del mundo se utilizaron alrededor de 450 kilos de carne \u2014entre vacuna, de cerdo y tocino\u2014 y su preparaci\u00f3n y embutido llev\u00f3 18 horas y un curado de m\u00e1s de 30 d\u00edas. TANDIL -\u00a0 Este domingo, en el contexto de Chacinar 2021, el\u2026","rel":"","context":"En \u00abREGIONALES\u00bb","block_context":{"text":"REGIONALES","link":"https:\/\/larevistadigital.com.ar\/blog\/category\/regionales\/"},"img":{"alt_text":"","src":"https:\/\/i0.wp.com\/larevistadigital.com.ar\/blog\/wp-content\/uploads\/Captura-34.png?fit=990%2C541&ssl=1&resize=350%2C200","width":350,"height":200,"srcset":"https:\/\/i0.wp.com\/larevistadigital.com.ar\/blog\/wp-content\/uploads\/Captura-34.png?fit=990%2C541&ssl=1&resize=350%2C200 1x, https:\/\/i0.wp.com\/larevistadigital.com.ar\/blog\/wp-content\/uploads\/Captura-34.png?fit=990%2C541&ssl=1&resize=525%2C300 1.5x, https:\/\/i0.wp.com\/larevistadigital.com.ar\/blog\/wp-content\/uploads\/Captura-34.png?fit=990%2C541&ssl=1&resize=700%2C400 2x"},"classes":[]}],"_links":{"self":[{"href":"https:\/\/larevistadigital.com.ar\/blog\/wp-json\/wp\/v2\/posts\/27130","targetHints":{"allow":["GET"]}}],"collection":[{"href":"https:\/\/larevistadigital.com.ar\/blog\/wp-json\/wp\/v2\/posts"}],"about":[{"href":"https:\/\/larevistadigital.com.ar\/blog\/wp-json\/wp\/v2\/types\/post"}],"author":[{"embeddable":true,"href":"https:\/\/larevistadigital.com.ar\/blog\/wp-json\/wp\/v2\/users\/3"}],"replies":[{"embeddable":true,"href":"https:\/\/larevistadigital.com.ar\/blog\/wp-json\/wp\/v2\/comments?post=27130"}],"version-history":[{"count":1,"href":"https:\/\/larevistadigital.com.ar\/blog\/wp-json\/wp\/v2\/posts\/27130\/revisions"}],"predecessor-version":[{"id":27132,"href":"https:\/\/larevistadigital.com.ar\/blog\/wp-json\/wp\/v2\/posts\/27130\/revisions\/27132"}],"wp:featuredmedia":[{"embeddable":true,"href":"https:\/\/larevistadigital.com.ar\/blog\/wp-json\/wp\/v2\/media\/27131"}],"wp:attachment":[{"href":"https:\/\/larevistadigital.com.ar\/blog\/wp-json\/wp\/v2\/media?parent=27130"}],"wp:term":[{"taxonomy":"category","embeddable":true,"href":"https:\/\/larevistadigital.com.ar\/blog\/wp-json\/wp\/v2\/categories?post=27130"},{"taxonomy":"post_tag","embeddable":true,"href":"https:\/\/larevistadigital.com.ar\/blog\/wp-json\/wp\/v2\/tags?post=27130"}],"curies":[{"name":"wp","href":"https:\/\/api.w.org\/{rel}","templated":true}]}}