{"id":27133,"date":"2022-08-17T14:51:37","date_gmt":"2022-08-17T14:51:37","guid":{"rendered":"https:\/\/larevistadigital.com.ar\/blog\/?p=27133"},"modified":"2022-08-17T14:51:37","modified_gmt":"2022-08-17T14:51:37","slug":"marcha-de-la-cgt-comenzo-la-concentracion-y-el-centro-porteno-es-un-caos","status":"publish","type":"post","link":"https:\/\/larevistadigital.com.ar\/blog\/marcha-de-la-cgt-comenzo-la-concentracion-y-el-centro-porteno-es-un-caos\/","title":{"rendered":"MARCHA DE LA CGT: COMENZ\u00d3 LA CONCENTRACI\u00d3N Y EL CENTRO PORTE\u00d1O ES UN CAOS"},"content":{"rendered":"<h2>Las columnas de las organizaciones obreras y sociales se congregan en distintos puntos Julio para marchar luego al Congreso. Hubo incidentes con la polic\u00eda por una bandera colgada sobre la Autopista 25 de Mayo. A la tarde la izquierda se movilizar\u00e1 a Plaza de Mayo<\/h2>\n<p class=\"paragraph\">La Ciudad de Buenos Aires, principalmente el centro porte\u00f1o, vuelve este mi\u00e9rcoles a ser un caos de tr\u00e1nsito el que se ve afectado por cortes de calles y avenidas, en el marco de las marchas que convoc\u00f3 la CGT y otros espacios sindicales afines al Gobierno (al Congreso de la Naci\u00f3n) y movimientos sociales y de izquierda opositores (a Plaza de Mayo) en rechazo a la situaci\u00f3n econ\u00f3mica que atraviesa el pa\u00eds.<\/p>\n<p class=\"paragraph\">Ante lo masivo de la protesta, las autoridades recomendaron a los conductores que tienen como destino el centro porte\u00f1o optar hacerlo con servicio de transporte p\u00fablico, especialmente a trav\u00e9s de la red de subterr\u00e1neos, para no sufrir demoras e inconvenientes.<\/p>\n<p class=\"paragraph\"><span style=\"color: #ff0000\"><b>11:00 El humo de choripan<\/b><\/span><\/p>\n<p class=\"paragraph\">A pesar de las malas condiciones clim\u00e1ticas, los puestos de comida callejera se instalaron igual a lo largo de la 9 de Julio.<\/p>\n<p class=\"paragraph\">En una recorrida por los distintos puestos,\u00a0<b>Infobae<\/b>\u00a0pudo comprobar que impacto de la inflaci\u00f3n tambi\u00e9n lleg\u00f3 al cl\u00e1sico chorip\u00e1n: el sandwich cuesta $500, 100 m\u00e1s que la semana pasada. En tanto, un vaso de gaseosa se puede conseguir por 250 pesos.<\/p>\n<p class=\"paragraph\"><span style=\"color: #ff0000\"><b>10:31: No habr\u00e1 escenario ni oradores<\/b><\/span><\/p>\n<p class=\"paragraph\">La primera movilizaci\u00f3n cegetista desde 2019 comenzar\u00e1 a las 15 en el Obelisco y terminar\u00e1 en la Plaza de los Dos Congresos. Se sumar\u00e1n la CTA kirchnerista, movimientos sociales cercanos al oficialismo y La C\u00e1mpora.\u00a0<a href=\"https:\/\/www.infobae.com\/politica\/2022\/08\/17\/la-cgt-marchara-esta-tarde-contra-la-inflacion-intolerable-y-los-empresarios-pero-sin-protestar-contra-el-gobierno\/\" target=\"_blank\" rel=\"noopener\"><b>No habr\u00e1 escenario ni oradores. S\u00f3lo se leer\u00e1 un documento<\/b><\/a>.<\/p>\n","protected":false},"excerpt":{"rendered":"<div class=\"mh-excerpt\"><p>Las columnas de las organizaciones obreras y sociales se congregan en distintos puntos Julio para marchar luego al Congreso. Hubo incidentes con la polic\u00eda por una bandera colgada sobre la Autopista 25 de Mayo. A <a class=\"mh-excerpt-more\" href=\"https:\/\/larevistadigital.com.ar\/blog\/marcha-de-la-cgt-comenzo-la-concentracion-y-el-centro-porteno-es-un-caos\/\" title=\"MARCHA DE LA CGT: COMENZ\u00d3 LA CONCENTRACI\u00d3N Y EL CENTRO PORTE\u00d1O ES UN CAOS\">[Leer M\u00e1s]<\/a><\/p>\n<\/div>","protected":false},"author":3,"featured_media":27134,"comment_status":"open","ping_status":"open","sticky":false,"template":"","format":"standard","meta":{"_jetpack_memberships_contains_paid_content":false,"footnotes":"","jetpack_publicize_message":"","jetpack_publicize_feature_enabled":true,"jetpack_social_post_already_shared":true,"jetpack_social_options":{"image_generator_settings":{"template":"highway","default_image_id":0,"font":"","enabled":false},"version":2}},"categories":[41],"tags":[],"class_list":{"0":"post-27133","1":"post","2":"type-post","3":"status-publish","4":"format-standard","5":"has-post-thumbnail","7":"category-destacadas"},"jetpack_publicize_connections":[],"jetpack_featured_media_url":"https:\/\/i0.wp.com\/larevistadigital.com.ar\/blog\/wp-content\/uploads\/E254BOAJAJDOVGB5NYUJKWEX7E.jpg?fit=1440%2C806&ssl=1","jetpack_sharing_enabled":true,"jetpack_shortlink":"https:\/\/wp.me\/p8qtrQ-73D","jetpack-related-posts":[{"id":666,"url":"https:\/\/larevistadigital.com.ar\/blog\/la-marcha-la-cgt-multitudinaria-centro-porteno-colapsa\/","url_meta":{"origin":27133,"position":0},"title":"La marcha de la CGT es multitudinaria, y el centro porte\u00f1o colapsa","author":"Alejandro Sosa Ruda","date":"7 marzo, 2017","format":false,"excerpt":"A pesar de los contratiempos que la movilizaci\u00f3n ocasiona en el centro de la ciudad de Buenos Aires, los responsables de transportes afirman que el servicio funcionar\u00e1 durante toda la jornada, \u201cya que esto no es un paro, es una movilizaci\u00f3n. Por distintas arterias marchan la CGT, gremios opositores de\u2026","rel":"","context":"En \u00abDESTACADAS\u00bb","block_context":{"text":"DESTACADAS","link":"https:\/\/larevistadigital.com.ar\/blog\/category\/destacadas\/"},"img":{"alt_text":"","src":"https:\/\/i0.wp.com\/larevistadigital.com.ar\/blog\/wp-content\/uploads\/2017\/03\/0004360304.jpg?fit=1140%2C700&ssl=1&resize=350%2C200","width":350,"height":200,"srcset":"https:\/\/i0.wp.com\/larevistadigital.com.ar\/blog\/wp-content\/uploads\/2017\/03\/0004360304.jpg?fit=1140%2C700&ssl=1&resize=350%2C200 1x, https:\/\/i0.wp.com\/larevistadigital.com.ar\/blog\/wp-content\/uploads\/2017\/03\/0004360304.jpg?fit=1140%2C700&ssl=1&resize=525%2C300 1.5x, https:\/\/i0.wp.com\/larevistadigital.com.ar\/blog\/wp-content\/uploads\/2017\/03\/0004360304.jpg?fit=1140%2C700&ssl=1&resize=700%2C400 2x, https:\/\/i0.wp.com\/larevistadigital.com.ar\/blog\/wp-content\/uploads\/2017\/03\/0004360304.jpg?fit=1140%2C700&ssl=1&resize=1050%2C600 3x"},"classes":[]},{"id":27521,"url":"https:\/\/larevistadigital.com.ar\/blog\/llegan-al-centro-porteno-los-manifestantes-que-marchan-en-repudio-al-ataque-a-cristina\/","url_meta":{"origin":27133,"position":1},"title":"LLEGAN AL CENTRO PORTE\u00d1O LOS MANIFESTANTES QUE MARCHAN EN REPUDIO AL ATAQUE A CRISTINA","author":"Alejandro Sosa Ruda","date":"2 septiembre, 2022","format":false,"excerpt":"Organizaciones pol\u00edticas, sociales, universitarias y de derechos humanos convocan hacia Plaza de Mayo para repudiar el atentado sufrido por la vicepresidenta Cristina Kirchner Progresivamente, miles de personas y manifestantes comenzaron a concentrarse desde esta ma\u00f1ana en las inmediaciones de la avenida 9 de Julio, y en los alrededores a la\u2026","rel":"","context":"En \u00abDESTACADAS\u00bb","block_context":{"text":"DESTACADAS","link":"https:\/\/larevistadigital.com.ar\/blog\/category\/destacadas\/"},"img":{"alt_text":"","src":"https:\/\/i0.wp.com\/larevistadigital.com.ar\/blog\/wp-content\/uploads\/1662131522-1.jpeg?fit=848%2C477&ssl=1&resize=350%2C200","width":350,"height":200,"srcset":"https:\/\/i0.wp.com\/larevistadigital.com.ar\/blog\/wp-content\/uploads\/1662131522-1.jpeg?fit=848%2C477&ssl=1&resize=350%2C200 1x, https:\/\/i0.wp.com\/larevistadigital.com.ar\/blog\/wp-content\/uploads\/1662131522-1.jpeg?fit=848%2C477&ssl=1&resize=525%2C300 1.5x, https:\/\/i0.wp.com\/larevistadigital.com.ar\/blog\/wp-content\/uploads\/1662131522-1.jpeg?fit=848%2C477&ssl=1&resize=700%2C400 2x"},"classes":[]},{"id":1613,"url":"https:\/\/larevistadigital.com.ar\/blog\/kirchnerismo-mapa-de-un-acto-dividido\/","url_meta":{"origin":27133,"position":2},"title":"KIRCHNERISMO: MAPA DE UN ACTO DIVIDIDO","author":"Alejandro Sosa Ruda","date":"25 marzo, 2017","format":false,"excerpt":"El acto por los 41 a\u00f1os del golpe de estado de 1976, adem\u00e1s de ser multitudinario, dej\u00f3 al descubierto algo que si bien se sabe, ante semejante convocatoria qued\u00f3 expuesto: La interna en el kirchnerismo est\u00e1 al rojo vivo, y las heridas ser\u00e1n dif\u00edciles de cerrar. Como primera medida, decenas\u2026","rel":"","context":"En \u00abDESTACADAS\u00bb","block_context":{"text":"DESTACADAS","link":"https:\/\/larevistadigital.com.ar\/blog\/category\/destacadas\/"},"img":{"alt_text":"","src":"https:\/\/i0.wp.com\/larevistadigital.com.ar\/blog\/wp-content\/uploads\/2017\/03\/Sin-t%C3%ADtulo-1.jpg?fit=1200%2C675&ssl=1&resize=350%2C200","width":350,"height":200,"srcset":"https:\/\/i0.wp.com\/larevistadigital.com.ar\/blog\/wp-content\/uploads\/2017\/03\/Sin-t%C3%ADtulo-1.jpg?fit=1200%2C675&ssl=1&resize=350%2C200 1x, https:\/\/i0.wp.com\/larevistadigital.com.ar\/blog\/wp-content\/uploads\/2017\/03\/Sin-t%C3%ADtulo-1.jpg?fit=1200%2C675&ssl=1&resize=525%2C300 1.5x, https:\/\/i0.wp.com\/larevistadigital.com.ar\/blog\/wp-content\/uploads\/2017\/03\/Sin-t%C3%ADtulo-1.jpg?fit=1200%2C675&ssl=1&resize=700%2C400 2x, https:\/\/i0.wp.com\/larevistadigital.com.ar\/blog\/wp-content\/uploads\/2017\/03\/Sin-t%C3%ADtulo-1.jpg?fit=1200%2C675&ssl=1&resize=1050%2C600 3x"},"classes":[]},{"id":5918,"url":"https:\/\/larevistadigital.com.ar\/blog\/la-cgt-encabeza-hoy-el-paro-mas-importante-de-este-siglo\/","url_meta":{"origin":27133,"position":3},"title":"La CGT encabeza hoy el paro m\u00e1s importante de este siglo","author":"admin","date":"25 junio, 2018","format":false,"excerpt":"La huelga, sin movilizaci\u00f3n, decidida por el consejo directivo cegetista el 12 de junio pasado, recibi\u00f3 la adhesi\u00f3n de todo el arco sindical, por lo que se descuenta ser\u00e1 la m\u00e1s importante del siglo. Adem\u00e1s de la CGT se sumaron el MASA, la Corriente Federal, importantes gremios no alineados como\u2026","rel":"","context":"En \u00abGREMIALES\u00bb","block_context":{"text":"GREMIALES","link":"https:\/\/larevistadigital.com.ar\/blog\/category\/gremiales\/"},"img":{"alt_text":"","src":"https:\/\/i0.wp.com\/larevistadigital.com.ar\/blog\/wp-content\/uploads\/2018\/06\/12-06-2018_buenos_aires_carlos_acunia_hector-5-644x340.jpg?fit=644%2C340&ssl=1&resize=350%2C200","width":350,"height":200,"srcset":"https:\/\/i0.wp.com\/larevistadigital.com.ar\/blog\/wp-content\/uploads\/2018\/06\/12-06-2018_buenos_aires_carlos_acunia_hector-5-644x340.jpg?fit=644%2C340&ssl=1&resize=350%2C200 1x, https:\/\/i0.wp.com\/larevistadigital.com.ar\/blog\/wp-content\/uploads\/2018\/06\/12-06-2018_buenos_aires_carlos_acunia_hector-5-644x340.jpg?fit=644%2C340&ssl=1&resize=525%2C300 1.5x"},"classes":[]},{"id":1981,"url":"https:\/\/larevistadigital.com.ar\/blog\/finalmente-el-gobierno-porteno-autorizo-la-instalacion-de-una-escuela-itinerante\/","url_meta":{"origin":27133,"position":4},"title":"FINALMENTE EL GOBIERNO PORTE\u00d1O AUTORIZ\u00d3 LA INSTALACI\u00d3N DE UNA \u201cESCUELA ITINERANTE\u201d","author":"Alejandro Sosa Ruda","date":"11 abril, 2017","format":false,"excerpt":"El gobierno porte\u00f1o autoriz\u00f3 a los gremios docentes a instalar una escuela itinerante en la Plaza Congreso. Fuentes oficiales confirmaron al portal de noticias \u00a0Infobae\u00a0que los maestros podr\u00e1n montar la carpa a partir de esta tarde, a las 19. El domingo, los sindicalistas hab\u00edan sido desalojados por la polic\u00eda porte\u00f1a.\u2026","rel":"","context":"En \u00abDESTACADAS\u00bb","block_context":{"text":"DESTACADAS","link":"https:\/\/larevistadigital.com.ar\/blog\/category\/destacadas\/"},"img":{"alt_text":"","src":"https:\/\/i0.wp.com\/larevistadigital.com.ar\/blog\/wp-content\/uploads\/2017\/04\/Desarme-escuela-itinerante-Congreso-aereas-drone-1920-6.jpg?fit=650%2C366&ssl=1&resize=350%2C200","width":350,"height":200,"srcset":"https:\/\/i0.wp.com\/larevistadigital.com.ar\/blog\/wp-content\/uploads\/2017\/04\/Desarme-escuela-itinerante-Congreso-aereas-drone-1920-6.jpg?fit=650%2C366&ssl=1&resize=350%2C200 1x, https:\/\/i0.wp.com\/larevistadigital.com.ar\/blog\/wp-content\/uploads\/2017\/04\/Desarme-escuela-itinerante-Congreso-aereas-drone-1920-6.jpg?fit=650%2C366&ssl=1&resize=525%2C300 1.5x"},"classes":[]},{"id":5883,"url":"https:\/\/larevistadigital.com.ar\/blog\/paro-de-la-cgt-militantes-de-izquierda-y-organizaciones-sociales-se-manifiestan-en-el-obelisco\/","url_meta":{"origin":27133,"position":5},"title":"Paro de la CGT: militantes de izquierda y organizaciones sociales se manifiestan en el Obelisco","author":"admin","date":"25 junio, 2018","format":false,"excerpt":"El acto central se desarrolla luego de realizar bloqueos parciales en los principales accesos a la ciudad de Buenos Aires, como el Puente Pueyrred\u00f3n de Avellaneda, el Acceso Oeste a la altura del Hospital Posadas y la avenida General Paz y Constituyentes. Organizaciones pol\u00edticas como el Partido Obrero, el Movimiento\u2026","rel":"","context":"En \u00abDESTACADAS\u00bb","block_context":{"text":"DESTACADAS","link":"https:\/\/larevistadigital.com.ar\/blog\/category\/destacadas\/"},"img":{"alt_text":"","src":"https:\/\/i0.wp.com\/larevistadigital.com.ar\/blog\/wp-content\/uploads\/2018\/06\/ryl0yvCb7_930x525__1.jpg?fit=930%2C525&ssl=1&resize=350%2C200","width":350,"height":200,"srcset":"https:\/\/i0.wp.com\/larevistadigital.com.ar\/blog\/wp-content\/uploads\/2018\/06\/ryl0yvCb7_930x525__1.jpg?fit=930%2C525&ssl=1&resize=350%2C200 1x, https:\/\/i0.wp.com\/larevistadigital.com.ar\/blog\/wp-content\/uploads\/2018\/06\/ryl0yvCb7_930x525__1.jpg?fit=930%2C525&ssl=1&resize=525%2C300 1.5x, https:\/\/i0.wp.com\/larevistadigital.com.ar\/blog\/wp-content\/uploads\/2018\/06\/ryl0yvCb7_930x525__1.jpg?fit=930%2C525&ssl=1&resize=700%2C400 2x"},"classes":[]}],"_links":{"self":[{"href":"https:\/\/larevistadigital.com.ar\/blog\/wp-json\/wp\/v2\/posts\/27133","targetHints":{"allow":["GET"]}}],"collection":[{"href":"https:\/\/larevistadigital.com.ar\/blog\/wp-json\/wp\/v2\/posts"}],"about":[{"href":"https:\/\/larevistadigital.com.ar\/blog\/wp-json\/wp\/v2\/types\/post"}],"author":[{"embeddable":true,"href":"https:\/\/larevistadigital.com.ar\/blog\/wp-json\/wp\/v2\/users\/3"}],"replies":[{"embeddable":true,"href":"https:\/\/larevistadigital.com.ar\/blog\/wp-json\/wp\/v2\/comments?post=27133"}],"version-history":[{"count":1,"href":"https:\/\/larevistadigital.com.ar\/blog\/wp-json\/wp\/v2\/posts\/27133\/revisions"}],"predecessor-version":[{"id":27135,"href":"https:\/\/larevistadigital.com.ar\/blog\/wp-json\/wp\/v2\/posts\/27133\/revisions\/27135"}],"wp:featuredmedia":[{"embeddable":true,"href":"https:\/\/larevistadigital.com.ar\/blog\/wp-json\/wp\/v2\/media\/27134"}],"wp:attachment":[{"href":"https:\/\/larevistadigital.com.ar\/blog\/wp-json\/wp\/v2\/media?parent=27133"}],"wp:term":[{"taxonomy":"category","embeddable":true,"href":"https:\/\/larevistadigital.com.ar\/blog\/wp-json\/wp\/v2\/categories?post=27133"},{"taxonomy":"post_tag","embeddable":true,"href":"https:\/\/larevistadigital.com.ar\/blog\/wp-json\/wp\/v2\/tags?post=27133"}],"curies":[{"name":"wp","href":"https:\/\/api.w.org\/{rel}","templated":true}]}}