{"id":27136,"date":"2022-08-17T15:37:28","date_gmt":"2022-08-17T15:37:28","guid":{"rendered":"https:\/\/larevistadigital.com.ar\/blog\/?p=27136"},"modified":"2022-08-17T15:38:36","modified_gmt":"2022-08-17T15:38:36","slug":"27136-2","status":"publish","type":"post","link":"https:\/\/larevistadigital.com.ar\/blog\/27136-2\/","title":{"rendered":"CHASCOM\u00daS: APREHENDIERON A DOS J\u00d3VENES QUE PARTICIPARON DE UNA GRESCA Y SE RESISTIERON A LA AUTORIDAD"},"content":{"rendered":"<p><strong>CHASCOM\u00daS &#8211;<\/strong>\u00a0 Luego de una alerta por un llamado al 911, la polic\u00eda se dirigi\u00f3 a la calla Garay al 600 de la ciudad, donde se estaba desarrollando una pelea entre varios jovenes.<\/p>\n<blockquote>\n<h3>Uno de ellos, comenz\u00f3 a arrojar piedras contra una vivienda, rompiendo un vidrio y neg\u00e1ndose a cesar con su actitud, por lo que result\u00f3 aprehendido.<\/h3>\n<\/blockquote>\n<p>En el lugar, tambi\u00e9n se encontraba el hermano del aprehendido, que estaba pele\u00e1ndose con dos jovenes pero al tratar de controlarlo, se volvi\u00f3 muy agresivo contra la polic\u00eda, intentando agredir f\u00edsicamente a los agentes, insultando y llegando inclusive a aplicar un golpe de pu\u00f1o a una de las efectivas, sin provocar lesiones, por lo que se procedi\u00f3 a su aprehensi\u00f3n.<\/p>\n<blockquote>\n<h3>Los otros implicados, se\u00f1alaron que fueron agredidos por el joven aprehendido, quien se hab\u00eda presentado en su domicilio agredi\u00e9ndolos y provoc\u00e1ndole lesiones leves.<\/h3>\n<\/blockquote>\n<p>Los aprehendidos fueron liberados por el magistrado interviniente.<\/p>\n","protected":false},"excerpt":{"rendered":"<div class=\"mh-excerpt\"><p>CHASCOM\u00daS &#8211;\u00a0 Luego de una alerta por un llamado al 911, la polic\u00eda se dirigi\u00f3 a la calla Garay al 600 de la ciudad, donde se estaba desarrollando una pelea entre varios jovenes. Uno de <a class=\"mh-excerpt-more\" href=\"https:\/\/larevistadigital.com.ar\/blog\/27136-2\/\" title=\"CHASCOM\u00daS: APREHENDIERON A DOS J\u00d3VENES QUE PARTICIPARON DE UNA GRESCA Y SE RESISTIERON A LA AUTORIDAD\">[Leer M\u00e1s]<\/a><\/p>\n<\/div>","protected":false},"author":3,"featured_media":20324,"comment_status":"open","ping_status":"open","sticky":false,"template":"","format":"standard","meta":{"_jetpack_memberships_contains_paid_content":false,"footnotes":"","jetpack_publicize_message":"","jetpack_publicize_feature_enabled":true,"jetpack_social_post_already_shared":true,"jetpack_social_options":{"image_generator_settings":{"template":"highway","default_image_id":0,"font":"","enabled":false},"version":2}},"categories":[44],"tags":[],"class_list":{"0":"post-27136","1":"post","2":"type-post","3":"status-publish","4":"format-standard","5":"has-post-thumbnail","7":"category-policiales"},"jetpack_publicize_connections":[],"jetpack_featured_media_url":"https:\/\/i0.wp.com\/larevistadigital.com.ar\/blog\/wp-content\/uploads\/1620734310362.jpg?fit=1500%2C998&ssl=1","jetpack_sharing_enabled":true,"jetpack_shortlink":"https:\/\/wp.me\/p8qtrQ-73G","jetpack-related-posts":[{"id":27999,"url":"https:\/\/larevistadigital.com.ar\/blog\/chascomus-sujeto-agrede-a-policia-vial-trata-de-huir-y-fue-aprehendido-con-colaboracion-de-los-vecinos\/","url_meta":{"origin":27136,"position":0},"title":"CHASCOM\u00daS: SUJETO AGREDE A POLIC\u00cdA VIAL, TRATA DE HUIR Y FUE APREHENDIDO CON COLABORACI\u00d3N DE LOS VECINOS","author":"Alejandro Sosa Ruda","date":"22 septiembre, 2022","format":false,"excerpt":"La polic\u00eda Vial estaba hablando con una persona que circulaba por la ruta, para que no corriera peligro, cuando un individuo apareci\u00f3 de golpe, insultando y agredi\u00f3 a un efectivo. Se pidi\u00f3 apoyo a la Polic\u00eda Comunal que lo detuvo en el Barrio San Cayetano. 22 de septiembre de 2022\u2026","rel":"","context":"En \u00abDESTACADAS\u00bb","block_context":{"text":"DESTACADAS","link":"https:\/\/larevistadigital.com.ar\/blog\/category\/destacadas\/"},"img":{"alt_text":"","src":"https:\/\/i0.wp.com\/larevistadigital.com.ar\/blog\/wp-content\/uploads\/2019\/05\/esposado.jpg?fit=1200%2C748&ssl=1&resize=350%2C200","width":350,"height":200,"srcset":"https:\/\/i0.wp.com\/larevistadigital.com.ar\/blog\/wp-content\/uploads\/2019\/05\/esposado.jpg?fit=1200%2C748&ssl=1&resize=350%2C200 1x, https:\/\/i0.wp.com\/larevistadigital.com.ar\/blog\/wp-content\/uploads\/2019\/05\/esposado.jpg?fit=1200%2C748&ssl=1&resize=525%2C300 1.5x, https:\/\/i0.wp.com\/larevistadigital.com.ar\/blog\/wp-content\/uploads\/2019\/05\/esposado.jpg?fit=1200%2C748&ssl=1&resize=700%2C400 2x, https:\/\/i0.wp.com\/larevistadigital.com.ar\/blog\/wp-content\/uploads\/2019\/05\/esposado.jpg?fit=1200%2C748&ssl=1&resize=1050%2C600 3x"},"classes":[]},{"id":31675,"url":"https:\/\/larevistadigital.com.ar\/blog\/31675-2\/","url_meta":{"origin":27136,"position":1},"title":"CHASCOM\u00daS: NO CUMPLI\u00d3 CON LA \u00abPROHIBICI\u00d3N DE ACERCAMIENTO\u00bb Y TERMIN\u00d3 APREHENDIDO","author":"Alejandro Sosa Ruda","date":"21 mayo, 2023","format":false,"excerpt":"CHASCOM\u00daS\u00a0 -\u00a0 En horas de la noche del d\u00eda de ayer, la polic\u00eda aprehendi\u00f3 a una persona de sexo masculino y mayor de edad en la calle Chubut, cuando el sujeto aprehendido intentaba retirar a su hijo a la fuerza de la vivienda de su ex pareja. Se estableci\u00f3 que\u2026","rel":"","context":"En \u00abINTERES GENERAL\u00bb","block_context":{"text":"INTERES GENERAL","link":"https:\/\/larevistadigital.com.ar\/blog\/category\/interes-general\/"},"img":{"alt_text":"","src":"https:\/\/i0.wp.com\/larevistadigital.com.ar\/blog\/wp-content\/uploads\/WhatsApp-Image-2023-05-21-at-09.34.56-e1684680817932.jpeg?fit=1200%2C936&ssl=1&resize=350%2C200","width":350,"height":200,"srcset":"https:\/\/i0.wp.com\/larevistadigital.com.ar\/blog\/wp-content\/uploads\/WhatsApp-Image-2023-05-21-at-09.34.56-e1684680817932.jpeg?fit=1200%2C936&ssl=1&resize=350%2C200 1x, https:\/\/i0.wp.com\/larevistadigital.com.ar\/blog\/wp-content\/uploads\/WhatsApp-Image-2023-05-21-at-09.34.56-e1684680817932.jpeg?fit=1200%2C936&ssl=1&resize=525%2C300 1.5x, https:\/\/i0.wp.com\/larevistadigital.com.ar\/blog\/wp-content\/uploads\/WhatsApp-Image-2023-05-21-at-09.34.56-e1684680817932.jpeg?fit=1200%2C936&ssl=1&resize=700%2C400 2x, https:\/\/i0.wp.com\/larevistadigital.com.ar\/blog\/wp-content\/uploads\/WhatsApp-Image-2023-05-21-at-09.34.56-e1684680817932.jpeg?fit=1200%2C936&ssl=1&resize=1050%2C600 3x"},"classes":[]},{"id":35201,"url":"https:\/\/larevistadigital.com.ar\/blog\/chascomus-un-comerciante-denuncio-un-robo-y-la-policia-lo-resolvio-rapidamente-y-hay-un-aprehendido\/","url_meta":{"origin":27136,"position":2},"title":"CHASCOM\u00daS: UN COMERCIANTE DENUNCI\u00d3 UN ROBO Y LA POLIC\u00cdA LO RESOLVI\u00d3 RAPIDAMENTE, Y HAY UN APREHENDIDO","author":"Alejandro Sosa Ruda","date":"8 febrero, 2024","format":false,"excerpt":"Las autoridades trabajaron con rapidez y consiguieron resolver el il\u00edcito, aprehendiendo al responsable, que luego fue liberado por la justicia. 8 de febrero de 2023 CHASCOM\u00daS -\u00a0 \u00a0Luego de recibida una denuncia en la Estaci\u00f3n de Polic\u00eda Comunal, donde un comerciante que se dedica a la \"reparaci\u00f3n de tel\u00e9fonos celulares\"\u2026","rel":"","context":"En \u00abDESTACADAS\u00bb","block_context":{"text":"DESTACADAS","link":"https:\/\/larevistadigital.com.ar\/blog\/category\/destacadas\/"},"img":{"alt_text":"","src":"https:\/\/i0.wp.com\/larevistadigital.com.ar\/blog\/wp-content\/uploads\/WhatsApp-Image-2024-02-08-at-10.15.42.jpeg?fit=1014%2C1200&ssl=1&resize=350%2C200","width":350,"height":200,"srcset":"https:\/\/i0.wp.com\/larevistadigital.com.ar\/blog\/wp-content\/uploads\/WhatsApp-Image-2024-02-08-at-10.15.42.jpeg?fit=1014%2C1200&ssl=1&resize=350%2C200 1x, https:\/\/i0.wp.com\/larevistadigital.com.ar\/blog\/wp-content\/uploads\/WhatsApp-Image-2024-02-08-at-10.15.42.jpeg?fit=1014%2C1200&ssl=1&resize=525%2C300 1.5x, https:\/\/i0.wp.com\/larevistadigital.com.ar\/blog\/wp-content\/uploads\/WhatsApp-Image-2024-02-08-at-10.15.42.jpeg?fit=1014%2C1200&ssl=1&resize=700%2C400 2x"},"classes":[]},{"id":28760,"url":"https:\/\/larevistadigital.com.ar\/blog\/chascomus-roban-casa-de-un-capitan-de-policia-y-luego-descubren-al-autor-que-fue-aprehendido\/","url_meta":{"origin":27136,"position":3},"title":"CHASCOM\u00daS: ROBAN CASA DE UN CAPIT\u00c1N DE POLICIA, Y LUEGO DESCUBREN AL AUTOR QUE FUE APREHENDIDO.","author":"Alejandro Sosa Ruda","date":"3 noviembre, 2022","format":false,"excerpt":"El ladr\u00f3n fue identificado y se recuperaron las cosas robadas. Tiene 17 a\u00f1os y fue aprehendido. 02 de noviembre de 2022 CHASCOM\u00daS -\u00a0 Durante el d\u00eda de hoy, se recibi\u00f3 una denuncia de un hombre que narr\u00f3 que hab\u00edan ingresado a casa de su padre y le hab\u00edan sustra\u00eddo objetos,\u2026","rel":"","context":"En \u00abDESTACADAS\u00bb","block_context":{"text":"DESTACADAS","link":"https:\/\/larevistadigital.com.ar\/blog\/category\/destacadas\/"},"img":{"alt_text":"","src":"https:\/\/i0.wp.com\/larevistadigital.com.ar\/blog\/wp-content\/uploads\/1620734310362.jpg?fit=1200%2C798&ssl=1&resize=350%2C200","width":350,"height":200,"srcset":"https:\/\/i0.wp.com\/larevistadigital.com.ar\/blog\/wp-content\/uploads\/1620734310362.jpg?fit=1200%2C798&ssl=1&resize=350%2C200 1x, https:\/\/i0.wp.com\/larevistadigital.com.ar\/blog\/wp-content\/uploads\/1620734310362.jpg?fit=1200%2C798&ssl=1&resize=525%2C300 1.5x, https:\/\/i0.wp.com\/larevistadigital.com.ar\/blog\/wp-content\/uploads\/1620734310362.jpg?fit=1200%2C798&ssl=1&resize=700%2C400 2x, https:\/\/i0.wp.com\/larevistadigital.com.ar\/blog\/wp-content\/uploads\/1620734310362.jpg?fit=1200%2C798&ssl=1&resize=1050%2C600 3x"},"classes":[]},{"id":11974,"url":"https:\/\/larevistadigital.com.ar\/blog\/detienen-a-un-hombre-de-72-anos-por-tenencia-ilegal-de-arma-de-fuego\/","url_meta":{"origin":27136,"position":4},"title":"DETIENEN A UN HOMBRE DE 72 A\u00d1OS POR TENENCIA ILEGAL DE ARMA DE FUEGO","author":"Alejandro Sosa Ruda","date":"22 agosto, 2019","format":false,"excerpt":"Tras una gresca entre j\u00f3venes Se inform\u00f3 desde la Estaci\u00f3n de Polic\u00eda Comunal que ayer fue aprehendido un hombre de 72 a\u00f1os, por \u201ctenencia ilegal de arma de fuego\u201d. El hecho se origin\u00f3 a ra\u00edz de una pelea que tuvo lugar el pasado martes por la noche en calle Rico\u2026","rel":"","context":"En \u00abCHASCOM\u00daS\u00bb","block_context":{"text":"CHASCOM\u00daS","link":"https:\/\/larevistadigital.com.ar\/blog\/category\/chascomus\/"},"img":{"alt_text":"","src":"https:\/\/i0.wp.com\/larevistadigital.com.ar\/blog\/wp-content\/uploads\/2017\/08\/GEO_COMISARIA_1_CHASCOMUS-e1705762962297.jpg?fit=1200%2C548&ssl=1&resize=350%2C200","width":350,"height":200,"srcset":"https:\/\/i0.wp.com\/larevistadigital.com.ar\/blog\/wp-content\/uploads\/2017\/08\/GEO_COMISARIA_1_CHASCOMUS-e1705762962297.jpg?fit=1200%2C548&ssl=1&resize=350%2C200 1x, https:\/\/i0.wp.com\/larevistadigital.com.ar\/blog\/wp-content\/uploads\/2017\/08\/GEO_COMISARIA_1_CHASCOMUS-e1705762962297.jpg?fit=1200%2C548&ssl=1&resize=525%2C300 1.5x, https:\/\/i0.wp.com\/larevistadigital.com.ar\/blog\/wp-content\/uploads\/2017\/08\/GEO_COMISARIA_1_CHASCOMUS-e1705762962297.jpg?fit=1200%2C548&ssl=1&resize=700%2C400 2x, https:\/\/i0.wp.com\/larevistadigital.com.ar\/blog\/wp-content\/uploads\/2017\/08\/GEO_COMISARIA_1_CHASCOMUS-e1705762962297.jpg?fit=1200%2C548&ssl=1&resize=1050%2C600 3x"},"classes":[]},{"id":31841,"url":"https:\/\/larevistadigital.com.ar\/blog\/chascomus-la-policia-aprehendio-a-un-sujeto-que-robo-elementos-de-la-escuela-2-y-recupero-lo-sustraido\/","url_meta":{"origin":27136,"position":5},"title":"CHASCOM\u00daS: LA POLIC\u00cdA APREHENDI\u00d3 A UN SUJETO QUE ROB\u00d3 ELEMENTOS DE LA ESCUELA 2 Y RECUPER\u00d3 LO SUSTRA\u00cdDO","author":"Alejandro Sosa Ruda","date":"4 junio, 2023","format":false,"excerpt":"Eran 3 de los cuales pudieron detener a uno, tras subir a los techos. Recuperaron lo robado. 4 de Junio de 2023 CHASCOM\u00daS -\u00a0\u00a0 Durante el d\u00eda de ayer, alrededor de las siete horas, personal policial se traslad\u00f3 a la escuela n 2 ubicada en la calle Franklin, dado a\u2026","rel":"","context":"En \u00abDESTACADAS\u00bb","block_context":{"text":"DESTACADAS","link":"https:\/\/larevistadigital.com.ar\/blog\/category\/destacadas\/"},"img":{"alt_text":"","src":"https:\/\/i0.wp.com\/larevistadigital.com.ar\/blog\/wp-content\/uploads\/WhatsApp-Image-2023-06-03-at-19.31.06-1.jpeg?fit=898%2C1200&ssl=1&resize=350%2C200","width":350,"height":200,"srcset":"https:\/\/i0.wp.com\/larevistadigital.com.ar\/blog\/wp-content\/uploads\/WhatsApp-Image-2023-06-03-at-19.31.06-1.jpeg?fit=898%2C1200&ssl=1&resize=350%2C200 1x, https:\/\/i0.wp.com\/larevistadigital.com.ar\/blog\/wp-content\/uploads\/WhatsApp-Image-2023-06-03-at-19.31.06-1.jpeg?fit=898%2C1200&ssl=1&resize=525%2C300 1.5x, https:\/\/i0.wp.com\/larevistadigital.com.ar\/blog\/wp-content\/uploads\/WhatsApp-Image-2023-06-03-at-19.31.06-1.jpeg?fit=898%2C1200&ssl=1&resize=700%2C400 2x"},"classes":[]}],"_links":{"self":[{"href":"https:\/\/larevistadigital.com.ar\/blog\/wp-json\/wp\/v2\/posts\/27136","targetHints":{"allow":["GET"]}}],"collection":[{"href":"https:\/\/larevistadigital.com.ar\/blog\/wp-json\/wp\/v2\/posts"}],"about":[{"href":"https:\/\/larevistadigital.com.ar\/blog\/wp-json\/wp\/v2\/types\/post"}],"author":[{"embeddable":true,"href":"https:\/\/larevistadigital.com.ar\/blog\/wp-json\/wp\/v2\/users\/3"}],"replies":[{"embeddable":true,"href":"https:\/\/larevistadigital.com.ar\/blog\/wp-json\/wp\/v2\/comments?post=27136"}],"version-history":[{"count":2,"href":"https:\/\/larevistadigital.com.ar\/blog\/wp-json\/wp\/v2\/posts\/27136\/revisions"}],"predecessor-version":[{"id":27138,"href":"https:\/\/larevistadigital.com.ar\/blog\/wp-json\/wp\/v2\/posts\/27136\/revisions\/27138"}],"wp:featuredmedia":[{"embeddable":true,"href":"https:\/\/larevistadigital.com.ar\/blog\/wp-json\/wp\/v2\/media\/20324"}],"wp:attachment":[{"href":"https:\/\/larevistadigital.com.ar\/blog\/wp-json\/wp\/v2\/media?parent=27136"}],"wp:term":[{"taxonomy":"category","embeddable":true,"href":"https:\/\/larevistadigital.com.ar\/blog\/wp-json\/wp\/v2\/categories?post=27136"},{"taxonomy":"post_tag","embeddable":true,"href":"https:\/\/larevistadigital.com.ar\/blog\/wp-json\/wp\/v2\/tags?post=27136"}],"curies":[{"name":"wp","href":"https:\/\/api.w.org\/{rel}","templated":true}]}}