{"id":27140,"date":"2022-08-17T16:39:26","date_gmt":"2022-08-17T16:39:26","guid":{"rendered":"https:\/\/larevistadigital.com.ar\/blog\/?p=27140"},"modified":"2022-08-17T16:39:26","modified_gmt":"2022-08-17T16:39:26","slug":"chascomus-choque-entre-camion-de-basura-del-municipio-y-auto-particular-en-libres-del-sur","status":"publish","type":"post","link":"https:\/\/larevistadigital.com.ar\/blog\/chascomus-choque-entre-camion-de-basura-del-municipio-y-auto-particular-en-libres-del-sur\/","title":{"rendered":"CHASCOM\u00daS: CHOQUE ENTRE CAMI\u00d3N DE BASURA DEL MUNICIPIO Y AUTO PARTICULAR EN LIBRES DEL SUR"},"content":{"rendered":"<p><strong>CHASCOM\u00daS &#8211;<\/strong>\u00a0 Una lectora y amiga nos mand\u00f3 esta fotograf\u00eda que ilustra un siniestro ocurrido en pleno centro de la ciudad de Chascom\u00fas, m\u00e1s precisamente en la esquina de Libres del Sur y Bolivar.<\/p>\n<blockquote>\n<h3>Seg\u00fan nos narr\u00f3 la vecina, el autom\u00f3vil que circulaba por Bolivar fren\u00f3 al llegar a la calle principal de la ciudad, y el cami\u00f3n lo choc\u00f3 de atr\u00e1s.<\/h3>\n<\/blockquote>\n<p>Ignoramos el motivo, si se qued\u00f3 sin frenos, si se distrajo, o si el autom\u00f3vil fren\u00f3 de golpe, lo cierto es que ahora y ante los antecedentes del pasado nos preguntamos&#8230; El cami\u00f3n municipal&#8230;\u00bfTendr\u00e1 seguro?<\/p>\n","protected":false},"excerpt":{"rendered":"<div class=\"mh-excerpt\"><p>CHASCOM\u00daS &#8211;\u00a0 Una lectora y amiga nos mand\u00f3 esta fotograf\u00eda que ilustra un siniestro ocurrido en pleno centro de la ciudad de Chascom\u00fas, m\u00e1s precisamente en la esquina de Libres del Sur y Bolivar. Seg\u00fan <a class=\"mh-excerpt-more\" href=\"https:\/\/larevistadigital.com.ar\/blog\/chascomus-choque-entre-camion-de-basura-del-municipio-y-auto-particular-en-libres-del-sur\/\" title=\"CHASCOM\u00daS: CHOQUE ENTRE CAMI\u00d3N DE BASURA DEL MUNICIPIO Y AUTO PARTICULAR EN LIBRES DEL SUR\">[Leer M\u00e1s]<\/a><\/p>\n<\/div>","protected":false},"author":3,"featured_media":27141,"comment_status":"open","ping_status":"open","sticky":false,"template":"","format":"standard","meta":{"_jetpack_memberships_contains_paid_content":false,"footnotes":"","jetpack_publicize_message":"","jetpack_publicize_feature_enabled":true,"jetpack_social_post_already_shared":true,"jetpack_social_options":{"image_generator_settings":{"template":"highway","default_image_id":0,"font":"","enabled":false},"version":2}},"categories":[41],"tags":[],"class_list":{"0":"post-27140","1":"post","2":"type-post","3":"status-publish","4":"format-standard","5":"has-post-thumbnail","7":"category-destacadas"},"jetpack_publicize_connections":[],"jetpack_featured_media_url":"https:\/\/i0.wp.com\/larevistadigital.com.ar\/blog\/wp-content\/uploads\/CHOQUE-LIBRES-DEL-SUR.jpg?fit=1600%2C1200&ssl=1","jetpack_sharing_enabled":true,"jetpack_shortlink":"https:\/\/wp.me\/p8qtrQ-73K","jetpack-related-posts":[{"id":41700,"url":"https:\/\/larevistadigital.com.ar\/blog\/chascomus-retuvieron-cuatro-motos-en-operativos-de-prevencion\/","url_meta":{"origin":27140,"position":0},"title":"Chascom\u00fas: Retuvieron cuatro motos en operativos de prevenci\u00f3n","author":"Alejandro Sosa Ruda","date":"2 octubre, 2025","format":false,"excerpt":"La Patrulla de Prevenci\u00f3n Municipal detect\u00f3 maniobras peligrosas y escapes libres en distintos puntos de la ciudad. 02 de septiembre de 2025 CHASCOM\u00daS -\u00a0 \u00a0En menos de 24 horas, la Patrulla de Prevenci\u00f3n Municipal procedi\u00f3 a la retenci\u00f3n de cuatro motocicletas que circulaban realizando picadas y generando explosiones con escapes\u2026","rel":"","context":"En \u00abCHASCOM\u00daS\u00bb","block_context":{"text":"CHASCOM\u00daS","link":"https:\/\/larevistadigital.com.ar\/blog\/category\/chascomus\/"},"img":{"alt_text":"","src":"https:\/\/i0.wp.com\/larevistadigital.com.ar\/blog\/wp-content\/uploads\/68dd5b09bbc06.png?fit=668%2C445&ssl=1&resize=350%2C200","width":350,"height":200,"srcset":"https:\/\/i0.wp.com\/larevistadigital.com.ar\/blog\/wp-content\/uploads\/68dd5b09bbc06.png?fit=668%2C445&ssl=1&resize=350%2C200 1x, https:\/\/i0.wp.com\/larevistadigital.com.ar\/blog\/wp-content\/uploads\/68dd5b09bbc06.png?fit=668%2C445&ssl=1&resize=525%2C300 1.5x"},"classes":[]},{"id":4751,"url":"https:\/\/larevistadigital.com.ar\/blog\/chascomus-camion-alimentos-choca-tira-toldo-del-ingreso-del-hotel-laguna\/","url_meta":{"origin":27140,"position":1},"title":"CHASCOM\u00daS: CAMI\u00d3N DE ALIMENTOS CHOCA Y TIRA EL TOLDO DEL INGRESO DEL HOTEL LAGUNA","author":"Alejandro Sosa Ruda","date":"5 febrero, 2018","format":false,"excerpt":"En una note realizada por la fm Por Siempre, el encargado del Hotel Laguna, hizo saber que en la ma\u00f1ana del d\u00eda de hoy, un cami\u00f3n de alimentos al proceder a dar marcha atr\u00e1s y por una falla de c\u00e1lculos, embisti\u00f3 a la estructura del toldo que se encontraba en\u2026","rel":"","context":"En \u00abCHASCOM\u00daS\u00bb","block_context":{"text":"CHASCOM\u00daS","link":"https:\/\/larevistadigital.com.ar\/blog\/category\/chascomus\/"},"img":{"alt_text":"","src":"https:\/\/i0.wp.com\/larevistadigital.com.ar\/blog\/wp-content\/uploads\/2018\/02\/27500827_1687710834582353_5929171178145520013_o.jpg?fit=1200%2C900&ssl=1&resize=350%2C200","width":350,"height":200,"srcset":"https:\/\/i0.wp.com\/larevistadigital.com.ar\/blog\/wp-content\/uploads\/2018\/02\/27500827_1687710834582353_5929171178145520013_o.jpg?fit=1200%2C900&ssl=1&resize=350%2C200 1x, https:\/\/i0.wp.com\/larevistadigital.com.ar\/blog\/wp-content\/uploads\/2018\/02\/27500827_1687710834582353_5929171178145520013_o.jpg?fit=1200%2C900&ssl=1&resize=525%2C300 1.5x, https:\/\/i0.wp.com\/larevistadigital.com.ar\/blog\/wp-content\/uploads\/2018\/02\/27500827_1687710834582353_5929171178145520013_o.jpg?fit=1200%2C900&ssl=1&resize=700%2C400 2x, https:\/\/i0.wp.com\/larevistadigital.com.ar\/blog\/wp-content\/uploads\/2018\/02\/27500827_1687710834582353_5929171178145520013_o.jpg?fit=1200%2C900&ssl=1&resize=1050%2C600 3x"},"classes":[]},{"id":26037,"url":"https:\/\/larevistadigital.com.ar\/blog\/chascomus-esclarecen-robo-de-gomas-de-camion-e-imputan-a-un-individuo-por-encubrimiento\/","url_meta":{"origin":27140,"position":2},"title":"CHASCOM\u00daS: ESCLARECEN ROBO DE GOMAS DE CAMI\u00d3N E IMPUTAN A UN INDIVIDUO POR \u00abENCUBRIMIENTO\u00bb","author":"Alejandro Sosa Ruda","date":"22 junio, 2022","format":false,"excerpt":"Todo comenz\u00f3 con la denuncia del robo de gomas de cami\u00f3n y luego de trabajos de inteligencia, se logr\u00f3 detener a un individuo y recuperar lo robado CHASCOM\u00daS -\u00a0 \u00a0La polic\u00eda tom\u00f3 conocimiento que en el Barrio 30 de Mayo de la ciudad, se estar\u00edan comercializando ruedas de cami\u00f3n de\u2026","rel":"","context":"En \u00abDESTACADAS\u00bb","block_context":{"text":"DESTACADAS","link":"https:\/\/larevistadigital.com.ar\/blog\/category\/destacadas\/"},"img":{"alt_text":"","src":"https:\/\/i0.wp.com\/larevistadigital.com.ar\/blog\/wp-content\/uploads\/WhatsApp-Image-2022-06-22-at-7.54.43-AM.jpeg?fit=1200%2C675&ssl=1&resize=350%2C200","width":350,"height":200,"srcset":"https:\/\/i0.wp.com\/larevistadigital.com.ar\/blog\/wp-content\/uploads\/WhatsApp-Image-2022-06-22-at-7.54.43-AM.jpeg?fit=1200%2C675&ssl=1&resize=350%2C200 1x, https:\/\/i0.wp.com\/larevistadigital.com.ar\/blog\/wp-content\/uploads\/WhatsApp-Image-2022-06-22-at-7.54.43-AM.jpeg?fit=1200%2C675&ssl=1&resize=525%2C300 1.5x, https:\/\/i0.wp.com\/larevistadigital.com.ar\/blog\/wp-content\/uploads\/WhatsApp-Image-2022-06-22-at-7.54.43-AM.jpeg?fit=1200%2C675&ssl=1&resize=700%2C400 2x, https:\/\/i0.wp.com\/larevistadigital.com.ar\/blog\/wp-content\/uploads\/WhatsApp-Image-2022-06-22-at-7.54.43-AM.jpeg?fit=1200%2C675&ssl=1&resize=1050%2C600 3x"},"classes":[]},{"id":23797,"url":"https:\/\/larevistadigital.com.ar\/blog\/por-la-madrugada-vuelco-de-un-camion-en-el-kilometro-97-de-la-ruta-2\/","url_meta":{"origin":27140,"position":3},"title":"POR LA MADRUGADA: VUELCO DE UN CAMI\u00d3N EN EL KIL\u00d3METRO 97 DE LA RUTA 2","author":"Alejandro Sosa Ruda","date":"3 febrero, 2022","format":false,"excerpt":"CHASCOM\u00daS -\u00a0 Anoche, exactamente a las 04:39 hs., nos lleg\u00f3 por whatsapp el aviso de los Bomberos Voluntarios de una intervenci\u00f3n por un accidente en la ruta 2 a la altura del kil\u00f3metro 97. Al llegar al lugar, se encontraron con un cami\u00f3n que volc\u00f3, luego de que su conductor\u2026","rel":"","context":"En \u00abINTERES GENERAL\u00bb","block_context":{"text":"INTERES GENERAL","link":"https:\/\/larevistadigital.com.ar\/blog\/category\/interes-general\/"},"img":{"alt_text":"","src":"https:\/\/i0.wp.com\/larevistadigital.com.ar\/blog\/wp-content\/uploads\/Captura-de-pantalla-2022-02-03-110751.jpg?fit=1117%2C573&ssl=1&resize=350%2C200","width":350,"height":200,"srcset":"https:\/\/i0.wp.com\/larevistadigital.com.ar\/blog\/wp-content\/uploads\/Captura-de-pantalla-2022-02-03-110751.jpg?fit=1117%2C573&ssl=1&resize=350%2C200 1x, https:\/\/i0.wp.com\/larevistadigital.com.ar\/blog\/wp-content\/uploads\/Captura-de-pantalla-2022-02-03-110751.jpg?fit=1117%2C573&ssl=1&resize=525%2C300 1.5x, https:\/\/i0.wp.com\/larevistadigital.com.ar\/blog\/wp-content\/uploads\/Captura-de-pantalla-2022-02-03-110751.jpg?fit=1117%2C573&ssl=1&resize=700%2C400 2x, https:\/\/i0.wp.com\/larevistadigital.com.ar\/blog\/wp-content\/uploads\/Captura-de-pantalla-2022-02-03-110751.jpg?fit=1117%2C573&ssl=1&resize=1050%2C600 3x"},"classes":[]},{"id":18543,"url":"https:\/\/larevistadigital.com.ar\/blog\/conocido-vecino-y-dirigente-politico-de-chascomus-sobrevivio-milagrosamente-a-un-accidente\/","url_meta":{"origin":27140,"position":4},"title":"CONOCIDO VECINO Y DIRIGENTE POL\u00cdTICO DE CHASCOM\u00daS SOBREVIVI\u00d3 MILAGROSAMENTE A UN ACCIDENTE","author":"Alejandro Sosa Ruda","date":"7 enero, 2021","format":false,"excerpt":"CHASCOM\u00daS -\u00a0Las im\u00e1genes del siniestro son realmente impresionantes, y solo se puede pensar que Dios estuvo junto a Juan Pablo \"El Polilla\" Odera hoy por la ma\u00f1ana cuando sufri\u00f3 un fort\u00edsimo accidente con su autom\u00f3vil, que qued\u00f3 totalmente destruido. Resulta incre\u00edble, pero \"El Poli\", como se le dice en la\u2026","rel":"","context":"En \u00abCHASCOM\u00daS\u00bb","block_context":{"text":"CHASCOM\u00daS","link":"https:\/\/larevistadigital.com.ar\/blog\/category\/chascomus\/"},"img":{"alt_text":"","src":"https:\/\/i0.wp.com\/larevistadigital.com.ar\/blog\/wp-content\/uploads\/WhatsApp-Image-2021-01-07-at-17.20.24.jpeg?fit=1024%2C768&ssl=1&resize=350%2C200","width":350,"height":200,"srcset":"https:\/\/i0.wp.com\/larevistadigital.com.ar\/blog\/wp-content\/uploads\/WhatsApp-Image-2021-01-07-at-17.20.24.jpeg?fit=1024%2C768&ssl=1&resize=350%2C200 1x, https:\/\/i0.wp.com\/larevistadigital.com.ar\/blog\/wp-content\/uploads\/WhatsApp-Image-2021-01-07-at-17.20.24.jpeg?fit=1024%2C768&ssl=1&resize=525%2C300 1.5x, https:\/\/i0.wp.com\/larevistadigital.com.ar\/blog\/wp-content\/uploads\/WhatsApp-Image-2021-01-07-at-17.20.24.jpeg?fit=1024%2C768&ssl=1&resize=700%2C400 2x"},"classes":[]},{"id":32083,"url":"https:\/\/larevistadigital.com.ar\/blog\/fuerte-accidente-en-belgrano-entre-franklin-y-bolivar\/","url_meta":{"origin":27140,"position":5},"title":"FUERTE ACCIDENTE EN BELGRANO ENTRE FRANKLIN Y BOLIVAR","author":"Alejandro Sosa Ruda","date":"19 junio, 2023","format":false,"excerpt":"Un error provoc\u00f3 el siniestro que destruy\u00f3 el frente del veh\u00edculo. 19 de junio de 2023 CHASCOM\u00daS\u00a0 -\u00a0\u00a0 El hecho, ocurri\u00f3 en horas del mediod\u00eda, aproximadamente a las 12:20 hs. cuando un Chevrolet Cruze dominio AF450RL choc\u00f3 contra un poste en calle Belgrano entre Bolivar y Franklin. En el veh\u00edculo\u2026","rel":"","context":"En \u00abINTERES GENERAL\u00bb","block_context":{"text":"INTERES GENERAL","link":"https:\/\/larevistadigital.com.ar\/blog\/category\/interes-general\/"},"img":{"alt_text":"","src":"https:\/\/i0.wp.com\/larevistadigital.com.ar\/blog\/wp-content\/uploads\/CHOQUE-BELGRANO-Y-FRANKLIN-2.jpg?fit=1200%2C746&ssl=1&resize=350%2C200","width":350,"height":200,"srcset":"https:\/\/i0.wp.com\/larevistadigital.com.ar\/blog\/wp-content\/uploads\/CHOQUE-BELGRANO-Y-FRANKLIN-2.jpg?fit=1200%2C746&ssl=1&resize=350%2C200 1x, https:\/\/i0.wp.com\/larevistadigital.com.ar\/blog\/wp-content\/uploads\/CHOQUE-BELGRANO-Y-FRANKLIN-2.jpg?fit=1200%2C746&ssl=1&resize=525%2C300 1.5x, https:\/\/i0.wp.com\/larevistadigital.com.ar\/blog\/wp-content\/uploads\/CHOQUE-BELGRANO-Y-FRANKLIN-2.jpg?fit=1200%2C746&ssl=1&resize=700%2C400 2x, https:\/\/i0.wp.com\/larevistadigital.com.ar\/blog\/wp-content\/uploads\/CHOQUE-BELGRANO-Y-FRANKLIN-2.jpg?fit=1200%2C746&ssl=1&resize=1050%2C600 3x"},"classes":[]}],"_links":{"self":[{"href":"https:\/\/larevistadigital.com.ar\/blog\/wp-json\/wp\/v2\/posts\/27140","targetHints":{"allow":["GET"]}}],"collection":[{"href":"https:\/\/larevistadigital.com.ar\/blog\/wp-json\/wp\/v2\/posts"}],"about":[{"href":"https:\/\/larevistadigital.com.ar\/blog\/wp-json\/wp\/v2\/types\/post"}],"author":[{"embeddable":true,"href":"https:\/\/larevistadigital.com.ar\/blog\/wp-json\/wp\/v2\/users\/3"}],"replies":[{"embeddable":true,"href":"https:\/\/larevistadigital.com.ar\/blog\/wp-json\/wp\/v2\/comments?post=27140"}],"version-history":[{"count":1,"href":"https:\/\/larevistadigital.com.ar\/blog\/wp-json\/wp\/v2\/posts\/27140\/revisions"}],"predecessor-version":[{"id":27142,"href":"https:\/\/larevistadigital.com.ar\/blog\/wp-json\/wp\/v2\/posts\/27140\/revisions\/27142"}],"wp:featuredmedia":[{"embeddable":true,"href":"https:\/\/larevistadigital.com.ar\/blog\/wp-json\/wp\/v2\/media\/27141"}],"wp:attachment":[{"href":"https:\/\/larevistadigital.com.ar\/blog\/wp-json\/wp\/v2\/media?parent=27140"}],"wp:term":[{"taxonomy":"category","embeddable":true,"href":"https:\/\/larevistadigital.com.ar\/blog\/wp-json\/wp\/v2\/categories?post=27140"},{"taxonomy":"post_tag","embeddable":true,"href":"https:\/\/larevistadigital.com.ar\/blog\/wp-json\/wp\/v2\/tags?post=27140"}],"curies":[{"name":"wp","href":"https:\/\/api.w.org\/{rel}","templated":true}]}}