{"id":27143,"date":"2022-08-19T00:35:28","date_gmt":"2022-08-19T00:35:28","guid":{"rendered":"https:\/\/larevistadigital.com.ar\/blog\/?p=27143"},"modified":"2022-08-19T23:09:56","modified_gmt":"2022-08-19T23:09:56","slug":"chascomus-importante-tarea-de-limpieza-en-la-laguna","status":"publish","type":"post","link":"https:\/\/larevistadigital.com.ar\/blog\/chascomus-importante-tarea-de-limpieza-en-la-laguna\/","title":{"rendered":"CHASCOM\u00daS: IMPORTANTE TAREA DE LIMPIEZA EN LA LAGUNA"},"content":{"rendered":"<h2>Se hicieron trabajos para cuidar el ecosistema. quitando residuos y peces muertos por falta de oxigeno a causa de la poca agua. La opini\u00f3n de Gustavo Berasain al respecto.<\/h2>\n<p><strong>CHASCOM\u00daS &#8211;\u00a0<\/strong> En los \u00faltimos tiempos, se ha podido apreciar entre otras cosas una gran mortandad de peces en la laguna de Chascom\u00fas. No solo representan un triste espect\u00e1culo sino que prendieron una luz roja acerca de los motivos que ocasionaron semejante situaci\u00f3n, como tambi\u00e9n qu\u00e9 puede hacerse al respecto.<\/p>\n<blockquote>\n<h3>Consultado quien m\u00e1s sabe del tema, <strong>Gustavo Berasain<\/strong>, mencion\u00f3 en primer t\u00e9rmino que <strong><em>\u201ceste fen\u00f3meno se ha dado en las lagunas de Chascom\u00fas, Chis Chis, Adela, Tablillas y otras, asegurando que el motivo de esta situaci\u00f3n se debe a que \u201clas lagunas est\u00e1n bajas, por falta de lluvias que han provocado que los niveles est\u00e9n tan bajos, sumando las bajas temperaturas que hubo, enfriaron el agua a tal punto que algunas especies mueren\u201d<\/em><\/strong>.<\/h3>\n<\/blockquote>\n<p>Luego agreg\u00f3 que lo que ha muerto fundamentalmente son las especies <strong>\u201cporte\u00f1o, bagre, viejas del agua, sabalitos y alg\u00fan dientudo\u201d<\/strong>, aclarando <strong><em>que \u201cesas son generalmente las especies que primero se mueren cuando hacen temperaturas tan bajas\u201d. <\/em><\/strong><\/p>\n<p><span style=\"color: #ff0000\"><strong>TRABAJOS DE \u201cJUNTADA DE PECES MUERTOS\u201d<\/strong><\/span><\/p>\n<p>En virtud del problema de contaminaci\u00f3n que esto acarrea, y a efectos de cuidar y preservar el ecosistema se sum\u00f3 la \u201cjuntada de peces muertos\u201d a los distintos operativos que se realizaron de limpieza y descacharramiento de la laguna, recolectando gran cantidad elementos pl\u00e1sticos peque\u00f1os, botellas, bolsas, as\u00ed tambi\u00e9n restos de vidrios y otros residuos arrojados al agua y acumulados por el arrastre.<\/p>\n<blockquote>\n<h3><img data-recalc-dims=\"1\" loading=\"lazy\" decoding=\"async\" class=\"alignnone size-full wp-image-27147\" src=\"https:\/\/i0.wp.com\/larevistadigital.com.ar\/blog\/wp-content\/uploads\/WhatsApp-Image-2022-08-17-at-4.45.23-PM-1.jpeg?resize=729%2C1600&#038;ssl=1\" alt=\"\" width=\"729\" height=\"1600\" srcset=\"https:\/\/i0.wp.com\/larevistadigital.com.ar\/blog\/wp-content\/uploads\/WhatsApp-Image-2022-08-17-at-4.45.23-PM-1.jpeg?w=729&amp;ssl=1 729w, https:\/\/i0.wp.com\/larevistadigital.com.ar\/blog\/wp-content\/uploads\/WhatsApp-Image-2022-08-17-at-4.45.23-PM-1.jpeg?resize=137%2C300&amp;ssl=1 137w, https:\/\/i0.wp.com\/larevistadigital.com.ar\/blog\/wp-content\/uploads\/WhatsApp-Image-2022-08-17-at-4.45.23-PM-1.jpeg?resize=467%2C1024&amp;ssl=1 467w, https:\/\/i0.wp.com\/larevistadigital.com.ar\/blog\/wp-content\/uploads\/WhatsApp-Image-2022-08-17-at-4.45.23-PM-1.jpeg?resize=700%2C1536&amp;ssl=1 700w\" sizes=\"auto, (max-width: 729px) 100vw, 729px\" \/><\/h3>\n<h3>Estas tareas, fueron realizadas por\u00a0 \u201ccooperarios\u201d de la Cooperativa \u201cNuevos Horizontes\u201d, trabajando en el agua pese a las bajas temperaturas.<\/h3>\n<\/blockquote>\n<p><img data-recalc-dims=\"1\" loading=\"lazy\" decoding=\"async\" class=\"alignnone size-full wp-image-27148\" src=\"https:\/\/i0.wp.com\/larevistadigital.com.ar\/blog\/wp-content\/uploads\/WhatsApp-Image-2022-08-17-at-4.45.23-PM-2.jpeg?resize=1600%2C729&#038;ssl=1\" alt=\"\" width=\"1600\" height=\"729\" srcset=\"https:\/\/i0.wp.com\/larevistadigital.com.ar\/blog\/wp-content\/uploads\/WhatsApp-Image-2022-08-17-at-4.45.23-PM-2.jpeg?w=1600&amp;ssl=1 1600w, https:\/\/i0.wp.com\/larevistadigital.com.ar\/blog\/wp-content\/uploads\/WhatsApp-Image-2022-08-17-at-4.45.23-PM-2.jpeg?resize=300%2C137&amp;ssl=1 300w, https:\/\/i0.wp.com\/larevistadigital.com.ar\/blog\/wp-content\/uploads\/WhatsApp-Image-2022-08-17-at-4.45.23-PM-2.jpeg?resize=1024%2C467&amp;ssl=1 1024w, https:\/\/i0.wp.com\/larevistadigital.com.ar\/blog\/wp-content\/uploads\/WhatsApp-Image-2022-08-17-at-4.45.23-PM-2.jpeg?resize=768%2C350&amp;ssl=1 768w, https:\/\/i0.wp.com\/larevistadigital.com.ar\/blog\/wp-content\/uploads\/WhatsApp-Image-2022-08-17-at-4.45.23-PM-2.jpeg?resize=1536%2C700&amp;ssl=1 1536w\" sizes=\"auto, (max-width: 1000px) 100vw, 1000px\" \/><\/p>\n<p>Se trabaj\u00f3 con \u201clog\u00edstica municipal\u201d y participaron de los mismos unos 60 cooperarios, que se ocuparon de limpiar la laguna.<\/p>\n<p><img data-recalc-dims=\"1\" loading=\"lazy\" decoding=\"async\" class=\"alignnone size-full wp-image-27149\" src=\"https:\/\/i0.wp.com\/larevistadigital.com.ar\/blog\/wp-content\/uploads\/WhatsApp-Image-2022-08-17-at-4.45.23-PM-3.jpeg?resize=729%2C1600&#038;ssl=1\" alt=\"\" width=\"729\" height=\"1600\" srcset=\"https:\/\/i0.wp.com\/larevistadigital.com.ar\/blog\/wp-content\/uploads\/WhatsApp-Image-2022-08-17-at-4.45.23-PM-3.jpeg?w=729&amp;ssl=1 729w, https:\/\/i0.wp.com\/larevistadigital.com.ar\/blog\/wp-content\/uploads\/WhatsApp-Image-2022-08-17-at-4.45.23-PM-3.jpeg?resize=137%2C300&amp;ssl=1 137w, https:\/\/i0.wp.com\/larevistadigital.com.ar\/blog\/wp-content\/uploads\/WhatsApp-Image-2022-08-17-at-4.45.23-PM-3.jpeg?resize=467%2C1024&amp;ssl=1 467w, https:\/\/i0.wp.com\/larevistadigital.com.ar\/blog\/wp-content\/uploads\/WhatsApp-Image-2022-08-17-at-4.45.23-PM-3.jpeg?resize=700%2C1536&amp;ssl=1 700w\" sizes=\"auto, (max-width: 729px) 100vw, 729px\" \/><\/p>\n<p>&nbsp;<\/p>\n","protected":false},"excerpt":{"rendered":"<div class=\"mh-excerpt\"><p>Se hicieron trabajos para cuidar el ecosistema. quitando residuos y peces muertos por falta de oxigeno a causa de la poca agua. La opini\u00f3n de Gustavo Berasain al respecto. CHASCOM\u00daS &#8211;\u00a0 En los \u00faltimos tiempos, <a class=\"mh-excerpt-more\" href=\"https:\/\/larevistadigital.com.ar\/blog\/chascomus-importante-tarea-de-limpieza-en-la-laguna\/\" title=\"CHASCOM\u00daS: IMPORTANTE TAREA DE LIMPIEZA EN LA LAGUNA\">[Leer M\u00e1s]<\/a><\/p>\n<\/div>","protected":false},"author":3,"featured_media":27144,"comment_status":"open","ping_status":"open","sticky":false,"template":"","format":"standard","meta":{"_jetpack_memberships_contains_paid_content":false,"footnotes":"","jetpack_publicize_message":"","jetpack_publicize_feature_enabled":true,"jetpack_social_post_already_shared":true,"jetpack_social_options":{"image_generator_settings":{"template":"highway","default_image_id":0,"font":"","enabled":false},"version":2}},"categories":[6],"tags":[],"class_list":{"0":"post-27143","1":"post","2":"type-post","3":"status-publish","4":"format-standard","5":"has-post-thumbnail","7":"category-chascomus"},"jetpack_publicize_connections":[],"jetpack_featured_media_url":"https:\/\/i0.wp.com\/larevistadigital.com.ar\/blog\/wp-content\/uploads\/WhatsApp-Image-2022-08-17-at-4.46.07-PM.jpeg?fit=1600%2C729&ssl=1","jetpack_sharing_enabled":true,"jetpack_shortlink":"https:\/\/wp.me\/p8qtrQ-73N","jetpack-related-posts":[{"id":43106,"url":"https:\/\/larevistadigital.com.ar\/blog\/chascomus-la-gestion-de-las-compuertas-y-su-impacto-en-el-sistema-de-lagunas\/","url_meta":{"origin":27143,"position":0},"title":"Chascom\u00fas: La gesti\u00f3n de las compuertas y su impacto en el sistema de lagunas","author":"Alejandro Sosa Ruda","date":"4 enero, 2026","format":false,"excerpt":"La laguna de Chascom\u00fas es parte de un sistema m\u00e1s amplio, por lo que no se pueden tomar decisiones aisladas que solo beneficien a nuestro espejo lacustre. 02 de enero de 2026 CHASCOM\u00daS -\u00a0 \u00a0 Mantener controlado el nivel del agua de la laguna es clave, especialmente ante la posibilidad\u2026","rel":"","context":"En \u00abREGIONALES\u00bb","block_context":{"text":"REGIONALES","link":"https:\/\/larevistadigital.com.ar\/blog\/category\/regionales\/"},"img":{"alt_text":"","src":"https:\/\/i0.wp.com\/larevistadigital.com.ar\/blog\/wp-content\/uploads\/6958015134c57.png?fit=668%2C445&ssl=1&resize=350%2C200","width":350,"height":200,"srcset":"https:\/\/i0.wp.com\/larevistadigital.com.ar\/blog\/wp-content\/uploads\/6958015134c57.png?fit=668%2C445&ssl=1&resize=350%2C200 1x, https:\/\/i0.wp.com\/larevistadigital.com.ar\/blog\/wp-content\/uploads\/6958015134c57.png?fit=668%2C445&ssl=1&resize=525%2C300 1.5x"},"classes":[]},{"id":44316,"url":"https:\/\/larevistadigital.com.ar\/blog\/chascomus-controles-de-pesca-para-preservar-el-pejerrey-en-la-laguna\/","url_meta":{"origin":27143,"position":1},"title":"Chascom\u00fas: Controles de pesca para preservar el pejerrey en la laguna","author":"Alejandro Sosa Ruda","date":"5 marzo, 2026","format":false,"excerpt":"La Municipalidad realiz\u00f3 operativos para verificar el cumplimiento de las medidas reglamentarias y prevenir la pesca furtiva. 05 de Marzo de 2026 CHASCOM\u00daS -\u00a0 \u00a0La Secretar\u00eda de Seguridad Ciudadana municipal lleva adelante controles de pesca con el objetivo de preservar la especie y la poblaci\u00f3n de pejerrey en la laguna.\u2026","rel":"","context":"En \u00abCHASCOM\u00daS\u00bb","block_context":{"text":"CHASCOM\u00daS","link":"https:\/\/larevistadigital.com.ar\/blog\/category\/chascomus\/"},"img":{"alt_text":"","src":"https:\/\/i0.wp.com\/larevistadigital.com.ar\/blog\/wp-content\/uploads\/69a86a064d510.png?fit=668%2C445&ssl=1&resize=350%2C200","width":350,"height":200,"srcset":"https:\/\/i0.wp.com\/larevistadigital.com.ar\/blog\/wp-content\/uploads\/69a86a064d510.png?fit=668%2C445&ssl=1&resize=350%2C200 1x, https:\/\/i0.wp.com\/larevistadigital.com.ar\/blog\/wp-content\/uploads\/69a86a064d510.png?fit=668%2C445&ssl=1&resize=525%2C300 1.5x"},"classes":[]},{"id":42231,"url":"https:\/\/larevistadigital.com.ar\/blog\/chascomus-colocan-islas-flotantes-artificiales-en-la-laguna\/","url_meta":{"origin":27143,"position":2},"title":"Chascom\u00fas: Colocan islas flotantes artificiales en la laguna","author":"Alejandro Sosa Ruda","date":"24 octubre, 2025","format":false,"excerpt":"Se trata de una investigaci\u00f3n del Instituto Nacional del Agua (INA) que pone a prueba este sistema innovador frente a las particularidades climatol\u00f3gicas. 24 de Octubre de 2025 CHASCOM\u00daS -\u00a0 \u00a0En el d\u00eda de ayer investigadores del INA junto al personal del \u00e1rea de Ambiente municipal, comenzaron la construcci\u00f3n de\u2026","rel":"","context":"En \u00abCHASCOM\u00daS\u00bb","block_context":{"text":"CHASCOM\u00daS","link":"https:\/\/larevistadigital.com.ar\/blog\/category\/chascomus\/"},"img":{"alt_text":"","src":"https:\/\/i0.wp.com\/larevistadigital.com.ar\/blog\/wp-content\/uploads\/68fbab3eb3c4b.png?fit=668%2C445&ssl=1&resize=350%2C200","width":350,"height":200,"srcset":"https:\/\/i0.wp.com\/larevistadigital.com.ar\/blog\/wp-content\/uploads\/68fbab3eb3c4b.png?fit=668%2C445&ssl=1&resize=350%2C200 1x, https:\/\/i0.wp.com\/larevistadigital.com.ar\/blog\/wp-content\/uploads\/68fbab3eb3c4b.png?fit=668%2C445&ssl=1&resize=525%2C300 1.5x"},"classes":[]},{"id":33676,"url":"https:\/\/larevistadigital.com.ar\/blog\/chascomus-el-comando-de-prevension-rural-acudio-a-una-denuncia-y-secuestro-redes-de-pescadores-furtivos-en-la-laguna-la-limpia\/","url_meta":{"origin":27143,"position":3},"title":"CHASCOM\u00daS: EL COMANDO DE PREVENSI\u00d3N RURAL ACUDI\u00d3 A UNA DENUNCIA Y SECUESTRO REDES DE PESCADORES FURTIVOS EN LA LAGUNA \u00abLA LIMPIA\u00bb","author":"Alejandro Sosa Ruda","date":"29 septiembre, 2023","format":false,"excerpt":"La polic\u00eda respondi\u00f3 a una denuncia con rapidez y logr\u00f3 secuestrar redes que fueron incendiadas. 29 de Septiembre de 2023 CHASCOM\u00daS -\u00a0 En la fecha, y tras tomar conocimiento a trav\u00e9s de redes sociales que estar\u00edan realizando la pesca furtiva en la laguna la limpia, se realizaron trabajos de investigaci\u00f3n\u2026","rel":"","context":"En \u00abINTERES GENERAL\u00bb","block_context":{"text":"INTERES GENERAL","link":"https:\/\/larevistadigital.com.ar\/blog\/category\/interes-general\/"},"img":{"alt_text":"","src":"https:\/\/i0.wp.com\/larevistadigital.com.ar\/blog\/wp-content\/uploads\/WhatsApp-Image-2023-09-29-at-11.19.39.jpeg?fit=960%2C1200&ssl=1&resize=350%2C200","width":350,"height":200,"srcset":"https:\/\/i0.wp.com\/larevistadigital.com.ar\/blog\/wp-content\/uploads\/WhatsApp-Image-2023-09-29-at-11.19.39.jpeg?fit=960%2C1200&ssl=1&resize=350%2C200 1x, https:\/\/i0.wp.com\/larevistadigital.com.ar\/blog\/wp-content\/uploads\/WhatsApp-Image-2023-09-29-at-11.19.39.jpeg?fit=960%2C1200&ssl=1&resize=525%2C300 1.5x, https:\/\/i0.wp.com\/larevistadigital.com.ar\/blog\/wp-content\/uploads\/WhatsApp-Image-2023-09-29-at-11.19.39.jpeg?fit=960%2C1200&ssl=1&resize=700%2C400 2x"},"classes":[]},{"id":36812,"url":"https:\/\/larevistadigital.com.ar\/blog\/mortandad-de-peces-en-rios-y-lagunas-bonaerenses\/","url_meta":{"origin":27143,"position":4},"title":"MORTANDAD DE PECES EN R\u00cdOS Y LAGUNAS BONAERENSES","author":"Alejandro Sosa Ruda","date":"28 julio, 2024","format":false,"excerpt":"En las \u00faltimas horas se ha registrado una elevada mortandad de peces en el r\u00edo Luj\u00e1n, con miles de ejemplares flotando. Seg\u00fan los vecinos, este fen\u00f3meno coincide con un vertido del Parque Industrial de Pilar. Esta situaci\u00f3n tambi\u00e9n afecta el mismo curso de agua en \u00e1reas de Tigre y aguas\u2026","rel":"","context":"En \u00abREGIONALES\u00bb","block_context":{"text":"REGIONALES","link":"https:\/\/larevistadigital.com.ar\/blog\/category\/regionales\/"},"img":{"alt_text":"","src":"https:\/\/i0.wp.com\/larevistadigital.com.ar\/blog\/wp-content\/uploads\/20240727175923_peces-muertos-rio-lujan.jpg?fit=880%2C512&ssl=1&resize=350%2C200","width":350,"height":200,"srcset":"https:\/\/i0.wp.com\/larevistadigital.com.ar\/blog\/wp-content\/uploads\/20240727175923_peces-muertos-rio-lujan.jpg?fit=880%2C512&ssl=1&resize=350%2C200 1x, https:\/\/i0.wp.com\/larevistadigital.com.ar\/blog\/wp-content\/uploads\/20240727175923_peces-muertos-rio-lujan.jpg?fit=880%2C512&ssl=1&resize=525%2C300 1.5x, https:\/\/i0.wp.com\/larevistadigital.com.ar\/blog\/wp-content\/uploads\/20240727175923_peces-muertos-rio-lujan.jpg?fit=880%2C512&ssl=1&resize=700%2C400 2x"},"classes":[]},{"id":42725,"url":"https:\/\/larevistadigital.com.ar\/blog\/chascomus-laguna-en-nivel-critico-advierten-por-riesgos-y-piden-extremar-cuidados\/","url_meta":{"origin":27143,"position":5},"title":"Chascom\u00fas: Laguna en nivel cr\u00edtico&#8230; advierten por riesgos y piden extremar cuidados","author":"Alejandro Sosa Ruda","date":"3 diciembre, 2025","format":false,"excerpt":"Marcelo Opici, responsable de Seguridad Lacustre, explic\u00f3 en \u201cAtaque de Radio\u201d por qu\u00e9 la laguna est\u00e1 tan alta y qu\u00e9 medidas deben tomar vecinos y turistas. 03 de Diciembre de 2025 CHASCOM\u00daS -\u00a0 \u00a0El notable incremento en el nivel del agua de la laguna de Chascom\u00fas no pas\u00f3 desapercibido en\u2026","rel":"","context":"En \u00abATAQUE DE RADIO\u00bb","block_context":{"text":"ATAQUE DE RADIO","link":"https:\/\/larevistadigital.com.ar\/blog\/category\/ataque-de-radio\/"},"img":{"alt_text":"","src":"https:\/\/i0.wp.com\/larevistadigital.com.ar\/blog\/wp-content\/uploads\/Captura-de-pantalla-2025-12-03-204055.jpg?fit=686%2C379&ssl=1&resize=350%2C200","width":350,"height":200,"srcset":"https:\/\/i0.wp.com\/larevistadigital.com.ar\/blog\/wp-content\/uploads\/Captura-de-pantalla-2025-12-03-204055.jpg?fit=686%2C379&ssl=1&resize=350%2C200 1x, https:\/\/i0.wp.com\/larevistadigital.com.ar\/blog\/wp-content\/uploads\/Captura-de-pantalla-2025-12-03-204055.jpg?fit=686%2C379&ssl=1&resize=525%2C300 1.5x"},"classes":[]}],"_links":{"self":[{"href":"https:\/\/larevistadigital.com.ar\/blog\/wp-json\/wp\/v2\/posts\/27143","targetHints":{"allow":["GET"]}}],"collection":[{"href":"https:\/\/larevistadigital.com.ar\/blog\/wp-json\/wp\/v2\/posts"}],"about":[{"href":"https:\/\/larevistadigital.com.ar\/blog\/wp-json\/wp\/v2\/types\/post"}],"author":[{"embeddable":true,"href":"https:\/\/larevistadigital.com.ar\/blog\/wp-json\/wp\/v2\/users\/3"}],"replies":[{"embeddable":true,"href":"https:\/\/larevistadigital.com.ar\/blog\/wp-json\/wp\/v2\/comments?post=27143"}],"version-history":[{"count":2,"href":"https:\/\/larevistadigital.com.ar\/blog\/wp-json\/wp\/v2\/posts\/27143\/revisions"}],"predecessor-version":[{"id":27150,"href":"https:\/\/larevistadigital.com.ar\/blog\/wp-json\/wp\/v2\/posts\/27143\/revisions\/27150"}],"wp:featuredmedia":[{"embeddable":true,"href":"https:\/\/larevistadigital.com.ar\/blog\/wp-json\/wp\/v2\/media\/27144"}],"wp:attachment":[{"href":"https:\/\/larevistadigital.com.ar\/blog\/wp-json\/wp\/v2\/media?parent=27143"}],"wp:term":[{"taxonomy":"category","embeddable":true,"href":"https:\/\/larevistadigital.com.ar\/blog\/wp-json\/wp\/v2\/categories?post=27143"},{"taxonomy":"post_tag","embeddable":true,"href":"https:\/\/larevistadigital.com.ar\/blog\/wp-json\/wp\/v2\/tags?post=27143"}],"curies":[{"name":"wp","href":"https:\/\/api.w.org\/{rel}","templated":true}]}}