{"id":27151,"date":"2022-08-19T23:29:22","date_gmt":"2022-08-19T23:29:22","guid":{"rendered":"https:\/\/larevistadigital.com.ar\/blog\/?p=27151"},"modified":"2022-08-19T23:29:22","modified_gmt":"2022-08-19T23:29:22","slug":"un-muerto-por-un-triple-choque-de-camiones-por-el-humo-en-san-pedro","status":"publish","type":"post","link":"https:\/\/larevistadigital.com.ar\/blog\/un-muerto-por-un-triple-choque-de-camiones-por-el-humo-en-san-pedro\/","title":{"rendered":"UN MUERTO POR UN TRIPLE CHOQUE DE CAMIONES POR EL HUMO EN SAN PEDRO"},"content":{"rendered":"<h2 class=\"fparrafo ctext fz18 lh25\">El siniestro ocurri\u00f3 poco antes de las 6.00 en el kil\u00f3metro 167 de ruta nacional 9, sentido hacia la Capital Federal. Como consecuencia de la colisi\u00f3n, uno de los conductores falleci\u00f3 en el acto, mientras que los dos restantes sufrieron politraumatismos.<\/h2>\n<p class=\"selectionShareable\"><strong>SAN PEDRO &#8211;\u00a0<\/strong> Si bien los motivos del accidente son materia de investigaci\u00f3n, lo que si confirmaron las autoridades es que la presencia de humo -producto de los incendios en las islas del Delta- contribuy\u00f3 a una considerable disminuci\u00f3n en la visibilidad.<\/p>\n<p class=\"selectionShareable\">Seg\u00fan informa el portal local Diario San Pedro, el conductor que viajaba a su trabajo y se encontr\u00f3 con el accidente, dijo que \u201cni la polic\u00eda se ve del humo que hay\u201d. (<b>InfoGEI<\/b>)Ap<\/p>\n","protected":false},"excerpt":{"rendered":"<div class=\"mh-excerpt\"><p>El siniestro ocurri\u00f3 poco antes de las 6.00 en el kil\u00f3metro 167 de ruta nacional 9, sentido hacia la Capital Federal. Como consecuencia de la colisi\u00f3n, uno de los conductores falleci\u00f3 en el acto, mientras <a class=\"mh-excerpt-more\" href=\"https:\/\/larevistadigital.com.ar\/blog\/un-muerto-por-un-triple-choque-de-camiones-por-el-humo-en-san-pedro\/\" title=\"UN MUERTO POR UN TRIPLE CHOQUE DE CAMIONES POR EL HUMO EN SAN PEDRO\">[Leer M\u00e1s]<\/a><\/p>\n<\/div>","protected":false},"author":3,"featured_media":27152,"comment_status":"open","ping_status":"open","sticky":false,"template":"","format":"standard","meta":{"_jetpack_memberships_contains_paid_content":false,"footnotes":"","jetpack_publicize_message":"","jetpack_publicize_feature_enabled":true,"jetpack_social_post_already_shared":true,"jetpack_social_options":{"image_generator_settings":{"template":"highway","default_image_id":0,"font":"","enabled":false},"version":2}},"categories":[50,44],"tags":[],"class_list":{"0":"post-27151","1":"post","2":"type-post","3":"status-publish","4":"format-standard","5":"has-post-thumbnail","7":"category-interes-general","8":"category-policiales"},"jetpack_publicize_connections":[],"jetpack_featured_media_url":"https:\/\/i0.wp.com\/larevistadigital.com.ar\/blog\/wp-content\/uploads\/20220819120324_un-muerto-en-un-triple-choque-de-camiones-en-san-pedro.jpg?fit=880%2C512&ssl=1","jetpack_sharing_enabled":true,"jetpack_shortlink":"https:\/\/wp.me\/p8qtrQ-73V","jetpack-related-posts":[{"id":31645,"url":"https:\/\/larevistadigital.com.ar\/blog\/san-pedro-se-incendio-una-escuela-y-debieron-evacuar-a-los-alumnos\/","url_meta":{"origin":27151,"position":0},"title":"SAN PEDRO: SE INCENDI\u00d3 UNA ESCUELA Y DEBIERON EVACUAR A LOS ALUMNOS","author":"Alejandro Sosa Ruda","date":"18 mayo, 2023","format":false,"excerpt":"Bomberos y el 107 acudieron a la escuela industrial por un incendio que se desat\u00f3 en un sector de la planta alta. Las clases fueron suspendidas y los alumnos siguiendo los protocolos pudieron evacuar el colegio sin inconvenientes. 18 de mayo de 2023 SAN PEDRO -\u00a0 \u00a0Este jueves a la\u2026","rel":"","context":"En \u00abPOLICIALES\u00bb","block_context":{"text":"POLICIALES","link":"https:\/\/larevistadigital.com.ar\/blog\/category\/policiales\/"},"img":{"alt_text":"","src":"https:\/\/i0.wp.com\/larevistadigital.com.ar\/blog\/wp-content\/uploads\/20230518175006_escue.jpg?fit=880%2C512&ssl=1&resize=350%2C200","width":350,"height":200,"srcset":"https:\/\/i0.wp.com\/larevistadigital.com.ar\/blog\/wp-content\/uploads\/20230518175006_escue.jpg?fit=880%2C512&ssl=1&resize=350%2C200 1x, https:\/\/i0.wp.com\/larevistadigital.com.ar\/blog\/wp-content\/uploads\/20230518175006_escue.jpg?fit=880%2C512&ssl=1&resize=525%2C300 1.5x, https:\/\/i0.wp.com\/larevistadigital.com.ar\/blog\/wp-content\/uploads\/20230518175006_escue.jpg?fit=880%2C512&ssl=1&resize=700%2C400 2x"},"classes":[]},{"id":29807,"url":"https:\/\/larevistadigital.com.ar\/blog\/san-pedro-fin-de-semana-irrespirable-por-el-humo-de-los-incendios\/","url_meta":{"origin":27151,"position":1},"title":"SAN PEDRO: FIN DE SEMANA \u00abIRRESPIRABLE\u00bb POR EL HUMO DE LOS INCENDIOS","author":"Alejandro Sosa Ruda","date":"18 enero, 2023","format":false,"excerpt":"\"Una noche terrible de humo. As\u00ed, no: llega un momento que tus ojos no dan m\u00e1s, me da mucha pena, \u00bfCu\u00e1ndo se termina esto?\", esa y otras preguntas o reflexiones son s\u00f3lo algunas de las que aquejan a la poblaci\u00f3n que ya no tolera la calidad del aire que inhalamos.\u2026","rel":"","context":"En \u00abREGIONALES\u00bb","block_context":{"text":"REGIONALES","link":"https:\/\/larevistadigital.com.ar\/blog\/category\/regionales\/"},"img":{"alt_text":"","src":"https:\/\/i0.wp.com\/larevistadigital.com.ar\/blog\/wp-content\/uploads\/20230117173507_tapados-humo-san-pedro.jpg?fit=880%2C512&ssl=1&resize=350%2C200","width":350,"height":200,"srcset":"https:\/\/i0.wp.com\/larevistadigital.com.ar\/blog\/wp-content\/uploads\/20230117173507_tapados-humo-san-pedro.jpg?fit=880%2C512&ssl=1&resize=350%2C200 1x, https:\/\/i0.wp.com\/larevistadigital.com.ar\/blog\/wp-content\/uploads\/20230117173507_tapados-humo-san-pedro.jpg?fit=880%2C512&ssl=1&resize=525%2C300 1.5x, https:\/\/i0.wp.com\/larevistadigital.com.ar\/blog\/wp-content\/uploads\/20230117173507_tapados-humo-san-pedro.jpg?fit=880%2C512&ssl=1&resize=700%2C400 2x"},"classes":[]},{"id":39637,"url":"https:\/\/larevistadigital.com.ar\/blog\/fumata-blanca-fumata-negra-el-enigmatico-ritual-del-humo-en-el-vaticano\/","url_meta":{"origin":27151,"position":2},"title":"Fumata blanca, fumata negra: el enigm\u00e1tico ritual del humo en el Vaticano","author":"Alejandro Sosa Ruda","date":"3 mayo, 2025","format":false,"excerpt":"Desde hace siglos, una se\u00f1al de humo que se eleva sobre Roma marca uno de los momentos m\u00e1s solemnes del catolicismo: la elecci\u00f3n de un nuevo Papa. \u00bfC\u00f3mo naci\u00f3 esta costumbre? \u00bfQu\u00e9 significado tiene hoy la fumata que todos esperan en la Plaza San Pedro? 03 de Mayo de 2025\u2026","rel":"","context":"En \u00abCULTURA\u00bb","block_context":{"text":"CULTURA","link":"https:\/\/larevistadigital.com.ar\/blog\/category\/cultura\/"},"img":{"alt_text":"","src":"https:\/\/i0.wp.com\/larevistadigital.com.ar\/blog\/wp-content\/uploads\/Captura-de-pantalla-2025-05-03-201634.jpg?fit=638%2C352&ssl=1&resize=350%2C200","width":350,"height":200,"srcset":"https:\/\/i0.wp.com\/larevistadigital.com.ar\/blog\/wp-content\/uploads\/Captura-de-pantalla-2025-05-03-201634.jpg?fit=638%2C352&ssl=1&resize=350%2C200 1x, https:\/\/i0.wp.com\/larevistadigital.com.ar\/blog\/wp-content\/uploads\/Captura-de-pantalla-2025-05-03-201634.jpg?fit=638%2C352&ssl=1&resize=525%2C300 1.5x"},"classes":[]},{"id":8287,"url":"https:\/\/larevistadigital.com.ar\/blog\/choque-en-cadena-en-ruta-11-al-menos-diez-heridos\/","url_meta":{"origin":27151,"position":3},"title":"CHOQUE EN CADENA EN RUTA 11. AL MENOS DIEZ HERIDOS","author":"Alejandro Sosa Ruda","date":"10 febrero, 2019","format":false,"excerpt":"Se habr\u00eda producido por el humo y la neblina que imped\u00edan la visibilidad. Los motivos y detalles. Al menos diez heridos en un choque en cadena en la Ruta 11 a la altura del kil\u00f3metro 404. Ocurri\u00f3 por la ma\u00f1ana, entre el humo y la neblina imped\u00edan la visibilidad. Un\u2026","rel":"","context":"En \u00abPOLICIALES\u00bb","block_context":{"text":"POLICIALES","link":"https:\/\/larevistadigital.com.ar\/blog\/category\/policiales\/"},"img":{"alt_text":"","src":"https:\/\/i0.wp.com\/larevistadigital.com.ar\/blog\/wp-content\/uploads\/2019\/02\/0e758ef5e97a969bd6b7f5d1fa7454f27ca0224c.jpg?fit=1140%2C760&ssl=1&resize=350%2C200","width":350,"height":200,"srcset":"https:\/\/i0.wp.com\/larevistadigital.com.ar\/blog\/wp-content\/uploads\/2019\/02\/0e758ef5e97a969bd6b7f5d1fa7454f27ca0224c.jpg?fit=1140%2C760&ssl=1&resize=350%2C200 1x, https:\/\/i0.wp.com\/larevistadigital.com.ar\/blog\/wp-content\/uploads\/2019\/02\/0e758ef5e97a969bd6b7f5d1fa7454f27ca0224c.jpg?fit=1140%2C760&ssl=1&resize=525%2C300 1.5x, https:\/\/i0.wp.com\/larevistadigital.com.ar\/blog\/wp-content\/uploads\/2019\/02\/0e758ef5e97a969bd6b7f5d1fa7454f27ca0224c.jpg?fit=1140%2C760&ssl=1&resize=700%2C400 2x, https:\/\/i0.wp.com\/larevistadigital.com.ar\/blog\/wp-content\/uploads\/2019\/02\/0e758ef5e97a969bd6b7f5d1fa7454f27ca0224c.jpg?fit=1140%2C760&ssl=1&resize=1050%2C600 3x"},"classes":[]},{"id":14512,"url":"https:\/\/larevistadigital.com.ar\/blog\/mar-del-plata-incendio-en-deposito-de-rossi-rossi-en-la-peatonal\/","url_meta":{"origin":27151,"position":4},"title":"MAR DEL PLATA: INCENDIO EN DEP\u00d3SITO DE ROSSI-ROSSI EN LA PEATONAL","author":"Alejandro Sosa Ruda","date":"1 febrero, 2020","format":false,"excerpt":"Hubo que evacuar un edificio. Ocurri\u00f3 este mediod\u00eda en San Mart\u00edn y San Luis. Bomberos trabajan en el lugar. El dep\u00f3sito del local de\u00a0Rossi Rossi\u00a0de San Mart\u00edn y San Luis se incendi\u00f3 este mediod\u00eda y los bomberos tuvieron que evacuar preventivamente a todas las personas que se encontraban en la\u00a0Galer\u00eda\u2026","rel":"","context":"En \u00abREGIONALES\u00bb","block_context":{"text":"REGIONALES","link":"https:\/\/larevistadigital.com.ar\/blog\/category\/regionales\/"},"img":{"alt_text":"","src":"https:\/\/i0.wp.com\/larevistadigital.com.ar\/blog\/wp-content\/uploads\/Screenshot_2-78.jpg?fit=1011%2C610&ssl=1&resize=350%2C200","width":350,"height":200,"srcset":"https:\/\/i0.wp.com\/larevistadigital.com.ar\/blog\/wp-content\/uploads\/Screenshot_2-78.jpg?fit=1011%2C610&ssl=1&resize=350%2C200 1x, https:\/\/i0.wp.com\/larevistadigital.com.ar\/blog\/wp-content\/uploads\/Screenshot_2-78.jpg?fit=1011%2C610&ssl=1&resize=525%2C300 1.5x, https:\/\/i0.wp.com\/larevistadigital.com.ar\/blog\/wp-content\/uploads\/Screenshot_2-78.jpg?fit=1011%2C610&ssl=1&resize=700%2C400 2x"},"classes":[]},{"id":41055,"url":"https:\/\/larevistadigital.com.ar\/blog\/conmocion-una-mujer-de-83-anos-murio-en-el-incendio-de-su-vivienda\/","url_meta":{"origin":27151,"position":5},"title":"Conmoci\u00f3n: Una mujer de 83 a\u00f1os muri\u00f3 en el incendio de su vivienda","author":"Alejandro Sosa Ruda","date":"22 agosto, 2025","format":false,"excerpt":"El siniestro ocurri\u00f3 durante la madrugada del mi\u00e9rcoles en Ayacucho. Se incendi\u00f3 una casa de la calle San Mart\u00edn al 300. Una trabajadora que se encontraba en el lugar logr\u00f3 salvar su vida y fue asistida por personal m\u00e9dico. Las causas del fuego a\u00fan se investigan. 22 de agosto de\u2026","rel":"","context":"En \u00abDESTACADAS\u00bb","block_context":{"text":"DESTACADAS","link":"https:\/\/larevistadigital.com.ar\/blog\/category\/destacadas\/"},"img":{"alt_text":"","src":"https:\/\/i0.wp.com\/larevistadigital.com.ar\/blog\/wp-content\/uploads\/7854de0b00c8af3f3086d7f46f5e99f9d44e37d2.png?fit=1140%2C641&ssl=1&resize=350%2C200","width":350,"height":200,"srcset":"https:\/\/i0.wp.com\/larevistadigital.com.ar\/blog\/wp-content\/uploads\/7854de0b00c8af3f3086d7f46f5e99f9d44e37d2.png?fit=1140%2C641&ssl=1&resize=350%2C200 1x, https:\/\/i0.wp.com\/larevistadigital.com.ar\/blog\/wp-content\/uploads\/7854de0b00c8af3f3086d7f46f5e99f9d44e37d2.png?fit=1140%2C641&ssl=1&resize=525%2C300 1.5x, https:\/\/i0.wp.com\/larevistadigital.com.ar\/blog\/wp-content\/uploads\/7854de0b00c8af3f3086d7f46f5e99f9d44e37d2.png?fit=1140%2C641&ssl=1&resize=700%2C400 2x, https:\/\/i0.wp.com\/larevistadigital.com.ar\/blog\/wp-content\/uploads\/7854de0b00c8af3f3086d7f46f5e99f9d44e37d2.png?fit=1140%2C641&ssl=1&resize=1050%2C600 3x"},"classes":[]}],"_links":{"self":[{"href":"https:\/\/larevistadigital.com.ar\/blog\/wp-json\/wp\/v2\/posts\/27151","targetHints":{"allow":["GET"]}}],"collection":[{"href":"https:\/\/larevistadigital.com.ar\/blog\/wp-json\/wp\/v2\/posts"}],"about":[{"href":"https:\/\/larevistadigital.com.ar\/blog\/wp-json\/wp\/v2\/types\/post"}],"author":[{"embeddable":true,"href":"https:\/\/larevistadigital.com.ar\/blog\/wp-json\/wp\/v2\/users\/3"}],"replies":[{"embeddable":true,"href":"https:\/\/larevistadigital.com.ar\/blog\/wp-json\/wp\/v2\/comments?post=27151"}],"version-history":[{"count":1,"href":"https:\/\/larevistadigital.com.ar\/blog\/wp-json\/wp\/v2\/posts\/27151\/revisions"}],"predecessor-version":[{"id":27153,"href":"https:\/\/larevistadigital.com.ar\/blog\/wp-json\/wp\/v2\/posts\/27151\/revisions\/27153"}],"wp:featuredmedia":[{"embeddable":true,"href":"https:\/\/larevistadigital.com.ar\/blog\/wp-json\/wp\/v2\/media\/27152"}],"wp:attachment":[{"href":"https:\/\/larevistadigital.com.ar\/blog\/wp-json\/wp\/v2\/media?parent=27151"}],"wp:term":[{"taxonomy":"category","embeddable":true,"href":"https:\/\/larevistadigital.com.ar\/blog\/wp-json\/wp\/v2\/categories?post=27151"},{"taxonomy":"post_tag","embeddable":true,"href":"https:\/\/larevistadigital.com.ar\/blog\/wp-json\/wp\/v2\/tags?post=27151"}],"curies":[{"name":"wp","href":"https:\/\/api.w.org\/{rel}","templated":true}]}}