{"id":27154,"date":"2022-08-19T23:33:19","date_gmt":"2022-08-19T23:33:19","guid":{"rendered":"https:\/\/larevistadigital.com.ar\/blog\/?p=27154"},"modified":"2022-08-19T23:33:19","modified_gmt":"2022-08-19T23:33:19","slug":"lujan-un-nino-amenazo-a-otro-con-un-arma-blanca-en-un-colectivo","status":"publish","type":"post","link":"https:\/\/larevistadigital.com.ar\/blog\/lujan-un-nino-amenazo-a-otro-con-un-arma-blanca-en-un-colectivo\/","title":{"rendered":"LUJAN: UN NI\u00d1O AMENAZ\u00d3 A OTRO CON UN ARMA BLANCA EN UN COLECTIVO"},"content":{"rendered":"<h2 class=\"fparrafo ctext fz18 lh25\">En Luj\u00e1n un ni\u00f1o de 12 a\u00f1os amenaz\u00f3 a otro de 13 con un cuchillo y una punta cuando viajaban en el colectivo 501. El episodio ocurri\u00f3 en calle San Vicente al 1700 del barrio Lanusse, por donde circulaba el transporte p\u00fablico de pasajeros que se convirti\u00f3 en el escenario de este hecho que ahora investiga la Fiscal\u00eda 8 como \u201caveriguaci\u00f3n de il\u00edcito\u201d.<\/h2>\n<p class=\"selectionShareable\"><b>LUJAN &#8211;\u00a0 <\/b>En consecuencia, los polic\u00edas procedieron a requisar a uno de los ni\u00f1os, quien ten\u00eda en la cintura un cuchillo y una punta, ambos elementos considerados como armas blancas que fueron secuestrados.<\/p>\n<blockquote>\n<h3 class=\"selectionShareable\">Seg\u00fan revela el medio digital El Civismo, quien los portaban es un alumno de la Escuela Primaria 2. El otro menor fue es estudiante de la Escuela Media 1. Ambos fueron trasladados a la Comisaria Luj\u00e1n Primera previo paso por el Hospital Municipal.<\/h3>\n<\/blockquote>\n<p class=\"selectionShareable\">Luego, quedaron a disposici\u00f3n del Dr. Burnes de la Fiscal\u00eda 8 de Menores de Mercedes quien dispuso la entrega a sus respectivos progenitores al tiempo que tom\u00f3 intervenci\u00f3n el Servicio Local creado para atender, entre otros casos, este tipo de situaciones. (<b>InfoGEI<\/b>)Ap<\/p>\n","protected":false},"excerpt":{"rendered":"<div class=\"mh-excerpt\"><p>En Luj\u00e1n un ni\u00f1o de 12 a\u00f1os amenaz\u00f3 a otro de 13 con un cuchillo y una punta cuando viajaban en el colectivo 501. El episodio ocurri\u00f3 en calle San Vicente al 1700 del barrio <a class=\"mh-excerpt-more\" href=\"https:\/\/larevistadigital.com.ar\/blog\/lujan-un-nino-amenazo-a-otro-con-un-arma-blanca-en-un-colectivo\/\" title=\"LUJAN: UN NI\u00d1O AMENAZ\u00d3 A OTRO CON UN ARMA BLANCA EN UN COLECTIVO\">[Leer M\u00e1s]<\/a><\/p>\n<\/div>","protected":false},"author":3,"featured_media":27155,"comment_status":"open","ping_status":"open","sticky":false,"template":"","format":"standard","meta":{"_jetpack_memberships_contains_paid_content":false,"footnotes":"","jetpack_publicize_message":"","jetpack_publicize_feature_enabled":true,"jetpack_social_post_already_shared":true,"jetpack_social_options":{"image_generator_settings":{"template":"highway","default_image_id":0,"font":"","enabled":false},"version":2}},"categories":[44,51],"tags":[],"class_list":{"0":"post-27154","1":"post","2":"type-post","3":"status-publish","4":"format-standard","5":"has-post-thumbnail","7":"category-policiales","8":"category-regionales"},"jetpack_publicize_connections":[],"jetpack_featured_media_url":"https:\/\/i0.wp.com\/larevistadigital.com.ar\/blog\/wp-content\/uploads\/20220819113024_un-nino-amenazo-a-otro-con-arma-blanca-en-el-colectivo-501.jpg?fit=880%2C512&ssl=1","jetpack_sharing_enabled":true,"jetpack_shortlink":"https:\/\/wp.me\/p8qtrQ-73Y","jetpack-related-posts":[{"id":42268,"url":"https:\/\/larevistadigital.com.ar\/blog\/chascomus-formacion-para-el-mundo-del-trabajo-en-la-escuela-nuestra-senora-de-lujan\/","url_meta":{"origin":27154,"position":0},"title":"Chascom\u00fas: Formaci\u00f3n para el mundo del trabajo en la Escuela Nuestra Se\u00f1ora de Luj\u00e1n","author":"Alejandro Sosa Ruda","date":"29 octubre, 2025","format":false,"excerpt":"Este espacio busca brindar a los estudiantes de 5\u00b0 a\u00f1o herramientas clave para su futura inserci\u00f3n laboral. 29 de Octubre de 2025 CHASCOM\u00daS -\u00a0 \u00a0El \u00faltimo martes, en la Escuela Secundaria Nuestra Se\u00f1ora de Luj\u00e1n, la Municipalidad de Chascom\u00fas ofreci\u00f3 un nuevo encuentro del ciclo \u201cHerramientas y habilidades para el\u2026","rel":"","context":"En \u00abCHASCOM\u00daS\u00bb","block_context":{"text":"CHASCOM\u00daS","link":"https:\/\/larevistadigital.com.ar\/blog\/category\/chascomus\/"},"img":{"alt_text":"","src":"https:\/\/i0.wp.com\/larevistadigital.com.ar\/blog\/wp-content\/uploads\/69025525809f1.png?fit=668%2C445&ssl=1&resize=350%2C200","width":350,"height":200,"srcset":"https:\/\/i0.wp.com\/larevistadigital.com.ar\/blog\/wp-content\/uploads\/69025525809f1.png?fit=668%2C445&ssl=1&resize=350%2C200 1x, https:\/\/i0.wp.com\/larevistadigital.com.ar\/blog\/wp-content\/uploads\/69025525809f1.png?fit=668%2C445&ssl=1&resize=525%2C300 1.5x"},"classes":[]},{"id":16718,"url":"https:\/\/larevistadigital.com.ar\/blog\/dolores-camino-20-kilometros-y-llevo-el-pedido-de-sus-vecinos-a-la-virgen-de-lujan\/","url_meta":{"origin":27154,"position":1},"title":"DOLORES: CAMIN\u00d3 20 KIL\u00d3METROS Y LLEV\u00d3 EL PEDIDO DE SUS VECINOS A LA VIRGEN DE LUJ\u00c1N","author":"Alejandro Sosa Ruda","date":"5 octubre, 2020","format":false,"excerpt":"Se trata de de Juan Manuel Alday quien todos los a\u00f1os participa de la Peregrinaci\u00f3n a Luj\u00e1n. Su nombre es Juan Manuel Alday, y todos los a\u00f1os participa de la peregrinaci\u00f3n a Luj\u00e1n, aunque lamentablemente este a\u00f1o la pandemia hizo imposible lo que ocurre siempre: la multitudinaria participaci\u00f3n de los\u2026","rel":"","context":"En \u00abDOLORES\u00bb","block_context":{"text":"DOLORES","link":"https:\/\/larevistadigital.com.ar\/blog\/category\/dolores\/"},"img":{"alt_text":"","src":"https:\/\/i0.wp.com\/larevistadigital.com.ar\/blog\/wp-content\/uploads\/4d05e598015e2d24971eca18d7f9d361f560ba35.jpg?fit=1140%2C829&ssl=1&resize=350%2C200","width":350,"height":200,"srcset":"https:\/\/i0.wp.com\/larevistadigital.com.ar\/blog\/wp-content\/uploads\/4d05e598015e2d24971eca18d7f9d361f560ba35.jpg?fit=1140%2C829&ssl=1&resize=350%2C200 1x, https:\/\/i0.wp.com\/larevistadigital.com.ar\/blog\/wp-content\/uploads\/4d05e598015e2d24971eca18d7f9d361f560ba35.jpg?fit=1140%2C829&ssl=1&resize=525%2C300 1.5x, https:\/\/i0.wp.com\/larevistadigital.com.ar\/blog\/wp-content\/uploads\/4d05e598015e2d24971eca18d7f9d361f560ba35.jpg?fit=1140%2C829&ssl=1&resize=700%2C400 2x, https:\/\/i0.wp.com\/larevistadigital.com.ar\/blog\/wp-content\/uploads\/4d05e598015e2d24971eca18d7f9d361f560ba35.jpg?fit=1140%2C829&ssl=1&resize=1050%2C600 3x"},"classes":[]},{"id":25911,"url":"https:\/\/larevistadigital.com.ar\/blog\/lujan-y-pehuajo-desbaratan-una-banda-que-se-dedicaba-a-estafar-con-el-cuento-del-tio\/","url_meta":{"origin":27154,"position":2},"title":"LUJAN Y PEHUAJ\u00d3: DESBARATAN UNA BANDA QUE SE DEDICABA A ESTAFAR CON EL \u00abCUENTO DEL T\u00cdO\u00bb","author":"Alejandro Sosa Ruda","date":"14 junio, 2022","format":false,"excerpt":"Este s\u00e1bado, efectivos de las fuerzas de seguridad realizaron seis allanamientos en tres barrios de Luj\u00e1n a ra\u00edz de un hecho vinculado al \u201ccuento del t\u00edo\u201d. La investigaci\u00f3n inici\u00f3 en la localidad de Pehuaj\u00f3, donde a una mujer de 83 a\u00f1os le sustrajeron mediante enga\u00f1o telef\u00f3nico USD 200.000 y $80.000.\u2026","rel":"","context":"En \u00abINTERES GENERAL\u00bb","block_context":{"text":"INTERES GENERAL","link":"https:\/\/larevistadigital.com.ar\/blog\/category\/interes-general\/"},"img":{"alt_text":"","src":"https:\/\/i0.wp.com\/larevistadigital.com.ar\/blog\/wp-content\/uploads\/20220614130303_cuento-del-tio-desbaratan-banda-lujan.jpg?fit=880%2C512&ssl=1&resize=350%2C200","width":350,"height":200,"srcset":"https:\/\/i0.wp.com\/larevistadigital.com.ar\/blog\/wp-content\/uploads\/20220614130303_cuento-del-tio-desbaratan-banda-lujan.jpg?fit=880%2C512&ssl=1&resize=350%2C200 1x, https:\/\/i0.wp.com\/larevistadigital.com.ar\/blog\/wp-content\/uploads\/20220614130303_cuento-del-tio-desbaratan-banda-lujan.jpg?fit=880%2C512&ssl=1&resize=525%2C300 1.5x, https:\/\/i0.wp.com\/larevistadigital.com.ar\/blog\/wp-content\/uploads\/20220614130303_cuento-del-tio-desbaratan-banda-lujan.jpg?fit=880%2C512&ssl=1&resize=700%2C400 2x"},"classes":[]},{"id":27679,"url":"https:\/\/larevistadigital.com.ar\/blog\/san-fernando-picada-en-el-rio-lujan-con-choque-de-lanchas-y-un-hombre-desaparecido\/","url_meta":{"origin":27154,"position":3},"title":"SAN FERNANDO: \u00abPICADA\u00bb EN EL R\u00cdO LUJAN CON CHOQUE DE LANCHAS Y UN HOMBRE DESAPARECIDO","author":"Alejandro Sosa Ruda","date":"12 septiembre, 2022","format":false,"excerpt":"Una lancha estaba por ingresar a la guarder\u00eda cuando se cruza una moto de agua a alta velocidad y luego una lancha trucker sin luces \"haciendo picadas\". Como consecuencia, el conductor del trucker se cae al agua y desaparece. 12 de septiembre de 2022 SAN FERNANDO -\u00a0 Una embarcaci\u00f3n dispuesta\u2026","rel":"","context":"En \u00abINTERES GENERAL\u00bb","block_context":{"text":"INTERES GENERAL","link":"https:\/\/larevistadigital.com.ar\/blog\/category\/interes-general\/"},"img":{"alt_text":"","src":"https:\/\/i0.wp.com\/larevistadigital.com.ar\/blog\/wp-content\/uploads\/sf.png?fit=693%2C520&ssl=1&resize=350%2C200","width":350,"height":200,"srcset":"https:\/\/i0.wp.com\/larevistadigital.com.ar\/blog\/wp-content\/uploads\/sf.png?fit=693%2C520&ssl=1&resize=350%2C200 1x, https:\/\/i0.wp.com\/larevistadigital.com.ar\/blog\/wp-content\/uploads\/sf.png?fit=693%2C520&ssl=1&resize=525%2C300 1.5x"},"classes":[]},{"id":41154,"url":"https:\/\/larevistadigital.com.ar\/blog\/kicillof-recorrio-obras-hidraulicas-en-los-municipios-de-lujan-y-mercedes\/","url_meta":{"origin":27154,"position":4},"title":"Kicillof recorri\u00f3 obras hidr\u00e1ulicas en los municipios de Luj\u00e1n y Mercedes","author":"Alejandro Sosa Ruda","date":"30 agosto, 2025","format":false,"excerpt":"Se trata de la readecuaci\u00f3n del R\u00edo Luj\u00e1n para prevenir inundaciones y de los trabajos de construcci\u00f3n del Paseo Ribere\u00f1o. 30 De Agosto de 2025 BUENOS AIRES\u00a0 -\u00a0 \u00a0 El gobernador de la provincia de Buenos Aires, Axel Kicillof, recorri\u00f3 este jueves junto al ministro de Infraestructura y Servicios P\u00fablicos,\u2026","rel":"","context":"En \u00abPOLITICA PROVINCIAL\u00bb","block_context":{"text":"POLITICA PROVINCIAL","link":"https:\/\/larevistadigital.com.ar\/blog\/category\/politica\/politica-provincial\/"},"img":{"alt_text":"","src":"https:\/\/i0.wp.com\/larevistadigital.com.ar\/blog\/wp-content\/uploads\/77A3555.jpg?fit=743%2C530&ssl=1&resize=350%2C200","width":350,"height":200,"srcset":"https:\/\/i0.wp.com\/larevistadigital.com.ar\/blog\/wp-content\/uploads\/77A3555.jpg?fit=743%2C530&ssl=1&resize=350%2C200 1x, https:\/\/i0.wp.com\/larevistadigital.com.ar\/blog\/wp-content\/uploads\/77A3555.jpg?fit=743%2C530&ssl=1&resize=525%2C300 1.5x, https:\/\/i0.wp.com\/larevistadigital.com.ar\/blog\/wp-content\/uploads\/77A3555.jpg?fit=743%2C530&ssl=1&resize=700%2C400 2x"},"classes":[]},{"id":22190,"url":"https:\/\/larevistadigital.com.ar\/blog\/el-sabado-se-realiza-la-47-peregrinacion-juvenil-a-lujan\/","url_meta":{"origin":27154,"position":5},"title":"EL SABADO SE REALIZA LA 47\u00b0 PEREGRINACI\u00d3N JUVENIL A LUJAN","author":"Alejandro Sosa Ruda","date":"30 septiembre, 2021","format":false,"excerpt":"La edici\u00f3n N\u00ba 47 de la tradicional Peregrinaci\u00f3n Juvenil a Luj\u00e1n, que en 2020 fue suspendida debido a las restricciones que impon\u00eda la pandemia del coronavirus, finalmente se realizar\u00e1 entre el s\u00e1bado 2 y el domingo 3 de octubre, con el lema \u201cMadre del Pueblo, te pedimos por la salud\u2026","rel":"","context":"En \u00abINTERES GENERAL\u00bb","block_context":{"text":"INTERES GENERAL","link":"https:\/\/larevistadigital.com.ar\/blog\/category\/interes-general\/"},"img":{"alt_text":"","src":"https:\/\/i0.wp.com\/larevistadigital.com.ar\/blog\/wp-content\/uploads\/20210929160109_47-peregrinacion-juvenil-lujan-basilica.jpg?fit=880%2C512&ssl=1&resize=350%2C200","width":350,"height":200,"srcset":"https:\/\/i0.wp.com\/larevistadigital.com.ar\/blog\/wp-content\/uploads\/20210929160109_47-peregrinacion-juvenil-lujan-basilica.jpg?fit=880%2C512&ssl=1&resize=350%2C200 1x, https:\/\/i0.wp.com\/larevistadigital.com.ar\/blog\/wp-content\/uploads\/20210929160109_47-peregrinacion-juvenil-lujan-basilica.jpg?fit=880%2C512&ssl=1&resize=525%2C300 1.5x, https:\/\/i0.wp.com\/larevistadigital.com.ar\/blog\/wp-content\/uploads\/20210929160109_47-peregrinacion-juvenil-lujan-basilica.jpg?fit=880%2C512&ssl=1&resize=700%2C400 2x"},"classes":[]}],"_links":{"self":[{"href":"https:\/\/larevistadigital.com.ar\/blog\/wp-json\/wp\/v2\/posts\/27154","targetHints":{"allow":["GET"]}}],"collection":[{"href":"https:\/\/larevistadigital.com.ar\/blog\/wp-json\/wp\/v2\/posts"}],"about":[{"href":"https:\/\/larevistadigital.com.ar\/blog\/wp-json\/wp\/v2\/types\/post"}],"author":[{"embeddable":true,"href":"https:\/\/larevistadigital.com.ar\/blog\/wp-json\/wp\/v2\/users\/3"}],"replies":[{"embeddable":true,"href":"https:\/\/larevistadigital.com.ar\/blog\/wp-json\/wp\/v2\/comments?post=27154"}],"version-history":[{"count":1,"href":"https:\/\/larevistadigital.com.ar\/blog\/wp-json\/wp\/v2\/posts\/27154\/revisions"}],"predecessor-version":[{"id":27156,"href":"https:\/\/larevistadigital.com.ar\/blog\/wp-json\/wp\/v2\/posts\/27154\/revisions\/27156"}],"wp:featuredmedia":[{"embeddable":true,"href":"https:\/\/larevistadigital.com.ar\/blog\/wp-json\/wp\/v2\/media\/27155"}],"wp:attachment":[{"href":"https:\/\/larevistadigital.com.ar\/blog\/wp-json\/wp\/v2\/media?parent=27154"}],"wp:term":[{"taxonomy":"category","embeddable":true,"href":"https:\/\/larevistadigital.com.ar\/blog\/wp-json\/wp\/v2\/categories?post=27154"},{"taxonomy":"post_tag","embeddable":true,"href":"https:\/\/larevistadigital.com.ar\/blog\/wp-json\/wp\/v2\/tags?post=27154"}],"curies":[{"name":"wp","href":"https:\/\/api.w.org\/{rel}","templated":true}]}}