{"id":27159,"date":"2022-08-20T00:28:15","date_gmt":"2022-08-20T00:28:15","guid":{"rendered":"https:\/\/larevistadigital.com.ar\/blog\/?p=27159"},"modified":"2022-08-20T02:09:32","modified_gmt":"2022-08-20T02:09:32","slug":"chascomus-un-hombre-tomo-la-tragica-decision-de-quitarse-la-vida","status":"publish","type":"post","link":"https:\/\/larevistadigital.com.ar\/blog\/chascomus-un-hombre-tomo-la-tragica-decision-de-quitarse-la-vida\/","title":{"rendered":"CHASCOM\u00daS: UN HOMBRE TOM\u00d3 LA TR\u00c1GICA DECISI\u00d3N DE QUITARSE LA VIDA"},"content":{"rendered":"<p><strong>CHASCOM\u00daS &#8211;<\/strong>\u00a0 Hace instantes, mediante informaci\u00f3n de la Polic\u00eda Comunal, se tom\u00f3 conocimiento que un hombre\u00a0de 36 a\u00f1os de edad tom\u00f3 la triste decisi\u00f3n de quitarse la vida.<\/p>\n<blockquote>\n<h3>El muchacho, estaba siendo buscado, cuando fue hallado sin vida, a unos cien metros de la rotonda de San Huberto, encontrando el motoveh\u00edculo del muchacho a metros del lugar.<\/h3>\n<\/blockquote>\n<p>Se procedi\u00f3 a preservar el lugar, en espera de la polic\u00eda cient\u00edfica.<\/p>\n<p>El Magistrado interviniente dispuso operaci\u00f3n de autopsia la cual se realizar\u00e1 d\u00eda de ma\u00f1ana, 20\/08\/22 a las 10:00 hs, Dr Jara, declaraci\u00f3n testimonial de familiares, incautaci\u00f3n del rodado y dem\u00e1s diligencias de rigor<\/p>\n","protected":false},"excerpt":{"rendered":"<div class=\"mh-excerpt\"><p>CHASCOM\u00daS &#8211;\u00a0 Hace instantes, mediante informaci\u00f3n de la Polic\u00eda Comunal, se tom\u00f3 conocimiento que un hombre\u00a0de 36 a\u00f1os de edad tom\u00f3 la triste decisi\u00f3n de quitarse la vida. El muchacho, estaba siendo buscado, cuando fue <a class=\"mh-excerpt-more\" href=\"https:\/\/larevistadigital.com.ar\/blog\/chascomus-un-hombre-tomo-la-tragica-decision-de-quitarse-la-vida\/\" title=\"CHASCOM\u00daS: UN HOMBRE TOM\u00d3 LA TR\u00c1GICA DECISI\u00d3N DE QUITARSE LA VIDA\">[Leer M\u00e1s]<\/a><\/p>\n<\/div>","protected":false},"author":3,"featured_media":3439,"comment_status":"open","ping_status":"open","sticky":false,"template":"","format":"standard","meta":{"_jetpack_memberships_contains_paid_content":false,"footnotes":"","jetpack_publicize_message":"","jetpack_publicize_feature_enabled":true,"jetpack_social_post_already_shared":true,"jetpack_social_options":{"image_generator_settings":{"template":"highway","default_image_id":0,"font":"","enabled":false},"version":2}},"categories":[41],"tags":[],"class_list":{"0":"post-27159","1":"post","2":"type-post","3":"status-publish","4":"format-standard","5":"has-post-thumbnail","7":"category-destacadas"},"jetpack_publicize_connections":[],"jetpack_featured_media_url":"https:\/\/i0.wp.com\/larevistadigital.com.ar\/blog\/wp-content\/uploads\/2017\/10\/CRESP%C3%93N-NEGRO.jpg?fit=900%2C900&ssl=1","jetpack_sharing_enabled":true,"jetpack_shortlink":"https:\/\/wp.me\/p8qtrQ-743","jetpack-related-posts":[{"id":19171,"url":"https:\/\/larevistadigital.com.ar\/blog\/chascomus-lamentable-decision-de-un-joven-de-quitarse-la-vida\/","url_meta":{"origin":27159,"position":0},"title":"CHASCOM\u00daS: LAMENTABLE DECISI\u00d3N DE UN JOVEN DE QUITARSE LA VIDA&#8230;","author":"Alejandro Sosa Ruda","date":"5 marzo, 2021","format":false,"excerpt":"CHASCOM\u00daS - Durante la jornada de ayer, lamentablemente un joven tom\u00f3 la triste decisi\u00f3n de quitarse la vida arroj\u00e1ndose a las v\u00edas cuando pasaba el tren que va hacia Mar del Plata. El informe policial dijo lo siguiente: \"NN Masculino que se arroja bajo del tren que circulaba de Buenos\u2026","rel":"","context":"En \u00abCHASCOM\u00daS\u00bb","block_context":{"text":"CHASCOM\u00daS","link":"https:\/\/larevistadigital.com.ar\/blog\/category\/chascomus\/"},"img":{"alt_text":"","src":"https:\/\/i0.wp.com\/larevistadigital.com.ar\/blog\/wp-content\/uploads\/Captura-de-pantalla-2021-03-05-114544.png?fit=937%2C526&ssl=1&resize=350%2C200","width":350,"height":200,"srcset":"https:\/\/i0.wp.com\/larevistadigital.com.ar\/blog\/wp-content\/uploads\/Captura-de-pantalla-2021-03-05-114544.png?fit=937%2C526&ssl=1&resize=350%2C200 1x, https:\/\/i0.wp.com\/larevistadigital.com.ar\/blog\/wp-content\/uploads\/Captura-de-pantalla-2021-03-05-114544.png?fit=937%2C526&ssl=1&resize=525%2C300 1.5x, https:\/\/i0.wp.com\/larevistadigital.com.ar\/blog\/wp-content\/uploads\/Captura-de-pantalla-2021-03-05-114544.png?fit=937%2C526&ssl=1&resize=700%2C400 2x"},"classes":[]},{"id":19705,"url":"https:\/\/larevistadigital.com.ar\/blog\/chascomus-joven-tomo-la-tragica-decision-de-quitarse-la-vida\/","url_meta":{"origin":27159,"position":1},"title":"CHASCOM\u00daS : JOVEN TOM\u00d3 LA TR\u00c1GICA DECISI\u00d3N DE QUITARSE LA VIDA","author":"Alejandro Sosa Ruda","date":"18 abril, 2021","format":false,"excerpt":"CHASCOM\u00daS - Trascendi\u00f3 la noticia de que un joven chascomunense de 30 a\u00f1os de edad, habr\u00eda tomado la triste decisi\u00f3n de quitarse la vida. Seg\u00fan indican fuentes policiales, se tom\u00f3 conocimiento del hecho a trav\u00e9s de un llamado al 911 del padre del muchacho, que lo habr\u00eda encontrado ahorcado en\u2026","rel":"","context":"En \u00abDESTACADAS\u00bb","block_context":{"text":"DESTACADAS","link":"https:\/\/larevistadigital.com.ar\/blog\/category\/destacadas\/"},"img":{"alt_text":"","src":"https:\/\/i0.wp.com\/larevistadigital.com.ar\/blog\/wp-content\/uploads\/2017\/10\/CRESP%C3%93N-NEGRO.jpg?fit=900%2C900&ssl=1&resize=350%2C200","width":350,"height":200,"srcset":"https:\/\/i0.wp.com\/larevistadigital.com.ar\/blog\/wp-content\/uploads\/2017\/10\/CRESP%C3%93N-NEGRO.jpg?fit=900%2C900&ssl=1&resize=350%2C200 1x, https:\/\/i0.wp.com\/larevistadigital.com.ar\/blog\/wp-content\/uploads\/2017\/10\/CRESP%C3%93N-NEGRO.jpg?fit=900%2C900&ssl=1&resize=525%2C300 1.5x, https:\/\/i0.wp.com\/larevistadigital.com.ar\/blog\/wp-content\/uploads\/2017\/10\/CRESP%C3%93N-NEGRO.jpg?fit=900%2C900&ssl=1&resize=700%2C400 2x"},"classes":[]},{"id":16337,"url":"https:\/\/larevistadigital.com.ar\/blog\/chascomus-joven-tomo-la-drastica-decision-de-quitarse-la-vida\/","url_meta":{"origin":27159,"position":2},"title":"CHASCOM\u00daS: JOVEN TOM\u00d3 LA DR\u00c1STICA DECISI\u00d3N DE QUITARSE LA VIDA","author":"Alejandro Sosa Ruda","date":"15 septiembre, 2020","format":false,"excerpt":"Lamentablemente un joven de la ciudad de Chascom\u00fas, tom\u00f3 la triste decisi\u00f3n de acabar con su vida, ahorc\u00e1ndose en su vivienda del Barrio El Hueco. Se tratar\u00eda de un adolescente de 17 a\u00f1os de edad, y la polic\u00eda cient\u00edfica trabaja en el lugar. En estos momentos se estar\u00eda realizando la\u2026","rel":"","context":"En \u00abDESTACADAS\u00bb","block_context":{"text":"DESTACADAS","link":"https:\/\/larevistadigital.com.ar\/blog\/category\/destacadas\/"},"img":{"alt_text":"","src":"https:\/\/i0.wp.com\/larevistadigital.com.ar\/blog\/wp-content\/uploads\/ULTIMO-MOMENTO.jpg?fit=760%2C428&ssl=1&resize=350%2C200","width":350,"height":200,"srcset":"https:\/\/i0.wp.com\/larevistadigital.com.ar\/blog\/wp-content\/uploads\/ULTIMO-MOMENTO.jpg?fit=760%2C428&ssl=1&resize=350%2C200 1x, https:\/\/i0.wp.com\/larevistadigital.com.ar\/blog\/wp-content\/uploads\/ULTIMO-MOMENTO.jpg?fit=760%2C428&ssl=1&resize=525%2C300 1.5x, https:\/\/i0.wp.com\/larevistadigital.com.ar\/blog\/wp-content\/uploads\/ULTIMO-MOMENTO.jpg?fit=760%2C428&ssl=1&resize=700%2C400 2x"},"classes":[]},{"id":8827,"url":"https:\/\/larevistadigital.com.ar\/blog\/castelli-vecino-tomo-la-tragica-decision-de-quitarse-la-vida\/","url_meta":{"origin":27159,"position":3},"title":"CASTELLI: VECINO TOM\u00d3 LA TR\u00c1GICA DECISI\u00d3N DE QUITARSE LA VIDA","author":"Alejandro Sosa Ruda","date":"2 marzo, 2019","format":false,"excerpt":"El cuerpo sin vida de un hombre fue hallado esta ma\u00f1ana en una vivienda ubicada en calle Caseros, entre Av 25 de Mayo y Mitre, confirmaron voceros policiales a castellidiario El hombre fue identificado como David Mattera de 48 a\u00f1os, quien habr\u00eda tomado la tr\u00e1gica de decisi\u00f3n de quitarse la\u2026","rel":"","context":"En \u00abCASTELLI\u00bb","block_context":{"text":"CASTELLI","link":"https:\/\/larevistadigital.com.ar\/blog\/category\/castelli\/"},"img":{"alt_text":"","src":"https:\/\/i0.wp.com\/larevistadigital.com.ar\/blog\/wp-content\/uploads\/2019\/03\/ambulancia.jpg?fit=800%2C600&ssl=1&resize=350%2C200","width":350,"height":200,"srcset":"https:\/\/i0.wp.com\/larevistadigital.com.ar\/blog\/wp-content\/uploads\/2019\/03\/ambulancia.jpg?fit=800%2C600&ssl=1&resize=350%2C200 1x, https:\/\/i0.wp.com\/larevistadigital.com.ar\/blog\/wp-content\/uploads\/2019\/03\/ambulancia.jpg?fit=800%2C600&ssl=1&resize=525%2C300 1.5x, https:\/\/i0.wp.com\/larevistadigital.com.ar\/blog\/wp-content\/uploads\/2019\/03\/ambulancia.jpg?fit=800%2C600&ssl=1&resize=700%2C400 2x"},"classes":[]},{"id":30251,"url":"https:\/\/larevistadigital.com.ar\/blog\/chascomus-una-vecina-tomo-la-triste-determinacion-de-quitarse-la-vida\/","url_meta":{"origin":27159,"position":4},"title":"CHASCOM\u00daS: UNA VECINA TOM\u00d3 LA TRISTE DETERMINACI\u00d3N DE QUITARSE LA VIDA","author":"Alejandro Sosa Ruda","date":"27 febrero, 2023","format":false,"excerpt":"Lamentablemente ocurri\u00f3 por la ma\u00f1ana, donde una persona de sexo femenino termin\u00f3 con su vida arroj\u00e1ndose ante el paso del tren en cercan\u00edas del cruce ferroviario en el acceso de Juan Manuel de Rosas. 27 de febrero de 2023 CHASCOM\u00daS -\u00a0 La informaci\u00f3n que ya circulaba en la ciudad, fue\u2026","rel":"","context":"En \u00abDESTACADAS\u00bb","block_context":{"text":"DESTACADAS","link":"https:\/\/larevistadigital.com.ar\/blog\/category\/destacadas\/"},"img":{"alt_text":"","src":"https:\/\/i0.wp.com\/larevistadigital.com.ar\/blog\/wp-content\/uploads\/2-11.jpg?fit=1024%2C576&ssl=1&resize=350%2C200","width":350,"height":200,"srcset":"https:\/\/i0.wp.com\/larevistadigital.com.ar\/blog\/wp-content\/uploads\/2-11.jpg?fit=1024%2C576&ssl=1&resize=350%2C200 1x, https:\/\/i0.wp.com\/larevistadigital.com.ar\/blog\/wp-content\/uploads\/2-11.jpg?fit=1024%2C576&ssl=1&resize=525%2C300 1.5x, https:\/\/i0.wp.com\/larevistadigital.com.ar\/blog\/wp-content\/uploads\/2-11.jpg?fit=1024%2C576&ssl=1&resize=700%2C400 2x"},"classes":[]},{"id":28370,"url":"https:\/\/larevistadigital.com.ar\/blog\/chascomus-una-mujer-tomo-la-tragica-decision-de-quitarse-la-vida\/","url_meta":{"origin":27159,"position":5},"title":"CHASCOM\u00daS: UNA MUJER TOM\u00d3 LA TR\u00c1GICA DECISI\u00d3N DE QUITARSE LA VIDA","author":"Alejandro Sosa Ruda","date":"12 octubre, 2022","format":false,"excerpt":"Fue arrollada por el tren que iba a Mar del Plata, a unos 3km. de la ruta 20. 11 de Octubre de 2022 CHASCOM\u00daS -\u00a0 Durante la jornada, aproximadamente a las 16:00 hs. y a ra\u00edz de un llamado al 911, la polic\u00eda se constituy\u00f3 en el cruce entre la\u2026","rel":"","context":"En \u00abDESTACADAS\u00bb","block_context":{"text":"DESTACADAS","link":"https:\/\/larevistadigital.com.ar\/blog\/category\/destacadas\/"},"img":{"alt_text":"","src":"https:\/\/i0.wp.com\/larevistadigital.com.ar\/blog\/wp-content\/uploads\/tren-a-mdq.png?fit=842%2C417&ssl=1&resize=350%2C200","width":350,"height":200,"srcset":"https:\/\/i0.wp.com\/larevistadigital.com.ar\/blog\/wp-content\/uploads\/tren-a-mdq.png?fit=842%2C417&ssl=1&resize=350%2C200 1x, https:\/\/i0.wp.com\/larevistadigital.com.ar\/blog\/wp-content\/uploads\/tren-a-mdq.png?fit=842%2C417&ssl=1&resize=525%2C300 1.5x, https:\/\/i0.wp.com\/larevistadigital.com.ar\/blog\/wp-content\/uploads\/tren-a-mdq.png?fit=842%2C417&ssl=1&resize=700%2C400 2x"},"classes":[]}],"_links":{"self":[{"href":"https:\/\/larevistadigital.com.ar\/blog\/wp-json\/wp\/v2\/posts\/27159","targetHints":{"allow":["GET"]}}],"collection":[{"href":"https:\/\/larevistadigital.com.ar\/blog\/wp-json\/wp\/v2\/posts"}],"about":[{"href":"https:\/\/larevistadigital.com.ar\/blog\/wp-json\/wp\/v2\/types\/post"}],"author":[{"embeddable":true,"href":"https:\/\/larevistadigital.com.ar\/blog\/wp-json\/wp\/v2\/users\/3"}],"replies":[{"embeddable":true,"href":"https:\/\/larevistadigital.com.ar\/blog\/wp-json\/wp\/v2\/comments?post=27159"}],"version-history":[{"count":3,"href":"https:\/\/larevistadigital.com.ar\/blog\/wp-json\/wp\/v2\/posts\/27159\/revisions"}],"predecessor-version":[{"id":27164,"href":"https:\/\/larevistadigital.com.ar\/blog\/wp-json\/wp\/v2\/posts\/27159\/revisions\/27164"}],"wp:featuredmedia":[{"embeddable":true,"href":"https:\/\/larevistadigital.com.ar\/blog\/wp-json\/wp\/v2\/media\/3439"}],"wp:attachment":[{"href":"https:\/\/larevistadigital.com.ar\/blog\/wp-json\/wp\/v2\/media?parent=27159"}],"wp:term":[{"taxonomy":"category","embeddable":true,"href":"https:\/\/larevistadigital.com.ar\/blog\/wp-json\/wp\/v2\/categories?post=27159"},{"taxonomy":"post_tag","embeddable":true,"href":"https:\/\/larevistadigital.com.ar\/blog\/wp-json\/wp\/v2\/tags?post=27159"}],"curies":[{"name":"wp","href":"https:\/\/api.w.org\/{rel}","templated":true}]}}