{"id":27166,"date":"2022-08-21T16:09:01","date_gmt":"2022-08-21T16:09:01","guid":{"rendered":"https:\/\/larevistadigital.com.ar\/blog\/?p=27166"},"modified":"2022-08-21T16:09:01","modified_gmt":"2022-08-21T16:09:01","slug":"esto-paso-un-dia-como-hoy-21-8","status":"publish","type":"post","link":"https:\/\/larevistadigital.com.ar\/blog\/esto-paso-un-dia-como-hoy-21-8\/","title":{"rendered":"ESTO PAS\u00d3 UN D\u00cdA COMO HOY, 21\/8"},"content":{"rendered":"<h2>1904. Nace Count Basie<\/h2>\n<p>Nace\u00a0<a href=\"https:\/\/www.pagina12.com.ar\/diario\/suplementos\/espectaculos\/7-4036-2006-10-04.html\"><b>Count Basie<\/b><\/a>. Vino al mundo como William Basie en Carolina del Sur y fue uno de los m\u00fasicos m\u00e1s populares de la historia del jazz. Desde su piano condujo una big band de referencia. Toc\u00f3 y grab\u00f3 con artistas como Oscar Peterson, Dizzie Gillespie y Frank Sinatra. Falleci\u00f3 en 1984.<\/p>\n<h2>1911. El robo de\u00a0<i>La Gioconda<\/i><\/h2>\n<p><a href=\"https:\/\/www.pagina12.com.ar\/diario\/suplementos\/turismo\/9-1221-2008-01-20.html\"><b>La\u00a0<i>Gioconda (<\/i>o<i>\u00a0Mona Lisa)<\/i>\u00a0es robada del Museo del Louvre<\/b><\/a>. El italiano Vincenzo Peruggia, de 32 a\u00f1os, ingresa antes del horario de apertura del museo, vestido como personal de mantenimiento, corta el lienzo, lo enrolla y se lo lleva entre sus ropas. El mism\u00edsimo Pablo Picasso fue se\u00f1alado como sospechoso por la polic\u00eda francesa. El hueco del retrato m\u00e1s famoso de la historia del arte se convirti\u00f3 en una atracci\u00f3n. Peruggia fue arrestado a fines de 1913, cuando intento vender la pintura de Leonardo da Vinci a la Galer\u00eda Uffizi, en Florencia. El ladr\u00f3n dijo que su intenci\u00f3n era llevar el cuadro a la tierra donde hab\u00eda sido pintado.\u00a0<a href=\"https:\/\/www.pagina12.com.ar\/349339-subastan-la-copia-mas-famosa-de-la-gioconda-en-mas-de-3-mill\">La<i>\u00a0Mona Lisa<\/i>\u00a0regres\u00f3 al Louvre a comienzos de 1914<\/a>, y all\u00ed permanece desde entonces. Peruggia pas\u00f3 unos meses en prisi\u00f3n y muri\u00f3 en 1925.<\/p>\n<h2>1940. El asesinato de Le\u00f3n Trotsky<\/h2>\n<p><a href=\"https:\/\/www.pagina12.com.ar\/292057-a-80-anos-de-su-asesinato-leon-trotsky-cobra-relieve-como-fi\"><b>Le\u00f3n Trotsky muere en M\u00e9xico<\/b>\u00a0tras una breve agon\u00eda, luego de haber sufrido un atentado el d\u00eda anterior<\/a>. Un agente del estalinismo, llamado\u00a0<a href=\"https:\/\/www.pagina12.com.ar\/diario\/suplementos\/libros\/10-5023-2013-05-12.html\">Ram\u00f3n Mercader<\/a>, se infiltr\u00f3 en el entorno de Trotsky en su exilio mexicano y le clav\u00f3 un piolet en la cabeza. El fundador de la Cuarta Internacional ten\u00eda 60 a\u00f1os. Nacido en 1879, fue protagonista de la Revoluci\u00f3n Rusa. Negoci\u00f3 la salida de Rusia de la Primera Guerra con el acuerdo de Brest-Litovsk.\u00a0<a href=\"https:\/\/www.pagina12.com.ar\/diario\/elmundo\/4-199239-2012-07-22.html\">Perdi\u00f3 la interna con Stalin despu\u00e9s de la muerte de Lenin y debi\u00f3 partir al exilio<\/a>. Antes del ataque de Mercader hab\u00eda sobrevivido a un atentado a tiros. Sus ideas dieron lugar a una corriente dentro de la izquierda: el trotskismo.<\/p>\n<h2>1986. Nace Usain Bolt<\/h2>\n<p>En\u00a0Trelawny, Jamaica, nace uno de los atletas m\u00e1s grandes de la historia:\u00a0<a href=\"https:\/\/www.pagina12.com.ar\/287193-usain-bolt-dio-positivo-de-coronavirus-despues-de-festejar-s\"><b>Usain Bolt<\/b><\/a>. Gan\u00f3 ocho medallas de oros en Juegos Ol\u00edmpicos entre 2088 y 2016, incluyendo las preseas en 100 metros llanos.\u00a0<a href=\"https:\/\/www.pagina12.com.ar\/diario\/suplementos\/libero\/9-4665-2009-08-17.html\">En esa prueba ostenta el r\u00e9cordo mundial con 9.58 segundos<\/a>\u00a0y el ol\u00edmpico con 9.63. En mundiales de atletismo obtuvo once medallas de oro, dos de plata y una de bronce.<\/p>\n<h2>2010. Muere Rodolfo Fogwill<\/h2>\n<p><a href=\"https:\/\/www.pagina12.com.ar\/diario\/suplementos\/radar\/9-6427-2010-08-29.html\"><b>Rodolfo Fogwill fallece a los 69 a\u00f1os<\/b><\/a>. Graduado en Sociolog\u00eda, trabaj\u00f3 en publicidad. Comenz\u00f3 a tener notoriedad a partir del cuento \u201cMuchacha Punk\u201d. En 1982, durante la guerra de las Malvinas, escribi\u00f3 su novela\u00a0<i>Los Pichiciegos<\/i>. M\u00e1s tarde vendr\u00edan novelas como<i>\u00a0La buena de los Libros del Caminante<\/i>,\u00a0<i>Vivir afuera<\/i>,\u00a0<i>La experiencia sensible\u00a0<\/i>y\u00a0<i>Runa<\/i>. Entre sus vol\u00famenes de cuentos figuran\u00a0<i>M\u00fasica japonesa<\/i>\u00a0y\u00a0<i>Restos diurnos<\/i>. Tambi\u00e9n escribi\u00f3 poes\u00eda.<\/p>\n<h2>2015. Muere Daniel Rabinovich<\/h2>\n<p><a href=\"https:\/\/www.pagina12.com.ar\/diario\/suplementos\/espectaculos\/3-36428-2015-08-22.html\"><b>Muere Daniel Rabinovich<\/b>, integrante de Les Luthiers.<\/a>\u00a0Ten\u00eda 71 a\u00f1os. Se hab\u00eda recibido de escribano y form\u00f3 parte del conjunto de instrumentos informales desde su creaci\u00f3n, en 1967.<\/p>\n<p>Adem\u00e1s, es\u00a0el\u00a0\u00a0<b>D\u00eda Internacional de Conmemoraci\u00f3n y Homenaje a las V\u00edctimas del Terrorismo<\/b>; y, en la Argentina, el\u00a0<b>D\u00eda de la Futbolista y\u00a0<\/b>el<b> D\u00eda del ni\u00f1o.<\/b><\/p>\n","protected":false},"excerpt":{"rendered":"<div class=\"mh-excerpt\"><p>1904. Nace Count Basie Nace\u00a0Count Basie. Vino al mundo como William Basie en Carolina del Sur y fue uno de los m\u00fasicos m\u00e1s populares de la historia del jazz. Desde su piano condujo una big <a class=\"mh-excerpt-more\" href=\"https:\/\/larevistadigital.com.ar\/blog\/esto-paso-un-dia-como-hoy-21-8\/\" title=\"ESTO PAS\u00d3 UN D\u00cdA COMO HOY, 21\/8\">[Leer M\u00e1s]<\/a><\/p>\n<\/div>","protected":false},"author":3,"featured_media":16747,"comment_status":"open","ping_status":"open","sticky":false,"template":"","format":"standard","meta":{"_jetpack_memberships_contains_paid_content":false,"footnotes":"","jetpack_publicize_message":"","jetpack_publicize_feature_enabled":true,"jetpack_social_post_already_shared":true,"jetpack_social_options":{"image_generator_settings":{"template":"highway","default_image_id":0,"font":"","enabled":false},"version":2}},"categories":[15],"tags":[],"class_list":{"0":"post-27166","1":"post","2":"type-post","3":"status-publish","4":"format-standard","5":"has-post-thumbnail","7":"category-cultura"},"jetpack_publicize_connections":[],"jetpack_featured_media_url":"https:\/\/i0.wp.com\/larevistadigital.com.ar\/blog\/wp-content\/uploads\/LOGO-EFEMERIDES.jpg?fit=1268%2C664&ssl=1","jetpack_sharing_enabled":true,"jetpack_shortlink":"https:\/\/wp.me\/p8qtrQ-74a","jetpack-related-posts":[{"id":40944,"url":"https:\/\/larevistadigital.com.ar\/blog\/40944-2\/","url_meta":{"origin":27166,"position":0},"title":"Efem\u00e9rides: Esto pas\u00f3 un d\u00eda como hoy, 18 de agosto&#8230;","author":"Alejandro Sosa Ruda","date":"18 agosto, 2025","format":false,"excerpt":"La fecha tambi\u00e9n es el cumplea\u00f1os de dos reconocidos actores de Hollywood: el ganador del Oscar\u00a0Robert Redford\u00a0y\u00a0Edward Norton, nominado en tres ocasiones al m\u00e1ximo galard\u00f3n del cine estadounidense\u00a0por su participaci\u00f3n en las pel\u00edculas\u00a0Primal Fear,\u00a0American History X\u00a0y\u00a0Birdman. El f\u00fatbol argentino celebra hoy el nacimiento de\u00a0Esteban Cambiasso, un d\u00eda como este de\u2026","rel":"","context":"En \u00abCULTURA\u00bb","block_context":{"text":"CULTURA","link":"https:\/\/larevistadigital.com.ar\/blog\/category\/cultura\/"},"img":{"alt_text":"","src":"https:\/\/i0.wp.com\/larevistadigital.com.ar\/blog\/wp-content\/uploads\/LOGO-EFEMERIDES.jpg?fit=1200%2C628&ssl=1&resize=350%2C200","width":350,"height":200,"srcset":"https:\/\/i0.wp.com\/larevistadigital.com.ar\/blog\/wp-content\/uploads\/LOGO-EFEMERIDES.jpg?fit=1200%2C628&ssl=1&resize=350%2C200 1x, https:\/\/i0.wp.com\/larevistadigital.com.ar\/blog\/wp-content\/uploads\/LOGO-EFEMERIDES.jpg?fit=1200%2C628&ssl=1&resize=525%2C300 1.5x, https:\/\/i0.wp.com\/larevistadigital.com.ar\/blog\/wp-content\/uploads\/LOGO-EFEMERIDES.jpg?fit=1200%2C628&ssl=1&resize=700%2C400 2x, https:\/\/i0.wp.com\/larevistadigital.com.ar\/blog\/wp-content\/uploads\/LOGO-EFEMERIDES.jpg?fit=1200%2C628&ssl=1&resize=1050%2C600 3x"},"classes":[]},{"id":27204,"url":"https:\/\/larevistadigital.com.ar\/blog\/27204-2\/","url_meta":{"origin":27166,"position":1},"title":"QUE PAS\u00d3 UN D\u00cdA COMO HOY, 22\/8","author":"Alejandro Sosa Ruda","date":"22 agosto, 2022","format":false,"excerpt":"Este 22 de agosto las efem\u00e9rides comienzan por el\u00a0D\u00eda Mundial del Folklore, una celebraci\u00f3n establecida por la Asamblea General de las Naciones Unidas que data del a\u00f1o 1960, aunque su objeto est\u00e9 asociado a valorar la memoria cultural y los ritos ancestrales de los diferentes pueblos que conforman al mundo.\u2026","rel":"","context":"En \u00abCULTURA\u00bb","block_context":{"text":"CULTURA","link":"https:\/\/larevistadigital.com.ar\/blog\/category\/cultura\/"},"img":{"alt_text":"","src":"https:\/\/i0.wp.com\/larevistadigital.com.ar\/blog\/wp-content\/uploads\/LOGO-EFEMERIDES.jpg?fit=1200%2C628&ssl=1&resize=350%2C200","width":350,"height":200,"srcset":"https:\/\/i0.wp.com\/larevistadigital.com.ar\/blog\/wp-content\/uploads\/LOGO-EFEMERIDES.jpg?fit=1200%2C628&ssl=1&resize=350%2C200 1x, https:\/\/i0.wp.com\/larevistadigital.com.ar\/blog\/wp-content\/uploads\/LOGO-EFEMERIDES.jpg?fit=1200%2C628&ssl=1&resize=525%2C300 1.5x, https:\/\/i0.wp.com\/larevistadigital.com.ar\/blog\/wp-content\/uploads\/LOGO-EFEMERIDES.jpg?fit=1200%2C628&ssl=1&resize=700%2C400 2x, https:\/\/i0.wp.com\/larevistadigital.com.ar\/blog\/wp-content\/uploads\/LOGO-EFEMERIDES.jpg?fit=1200%2C628&ssl=1&resize=1050%2C600 3x"},"classes":[]},{"id":5353,"url":"https:\/\/larevistadigital.com.ar\/blog\/museo-ferroviario-en-la-vieja-estacion-ferroviaria-de-chascomus\/","url_meta":{"origin":27166,"position":2},"title":"Museo Ferroviario en la Vieja Estaci\u00f3n Ferroviaria de Chascom\u00fas","author":"admin","date":"28 marzo, 2018","format":false,"excerpt":"El Museo Ferroviario Nace a principios de 2016, como continuidad de las actividades de la Agrupaci\u00f3n Amigos de Estaci\u00f3n Chascom\u00fas al conmemorarse los 150 a\u00f1os de la llegada del primer tren a Chascom\u00fas. Es un espacio reservado para el resguardo de la historia de un siglo y medio de la\u2026","rel":"","context":"En \u00abCHASCOM\u00daS\u00bb","block_context":{"text":"CHASCOM\u00daS","link":"https:\/\/larevistadigital.com.ar\/blog\/category\/chascomus\/"},"img":{"alt_text":"","src":"https:\/\/i0.wp.com\/larevistadigital.com.ar\/blog\/wp-content\/uploads\/2018\/03\/16.jpg?fit=376%2C575&ssl=1&resize=350%2C200","width":350,"height":200},"classes":[]},{"id":40913,"url":"https:\/\/larevistadigital.com.ar\/blog\/efemerides-del-14-de-agosto-que-paso-un-dia-como-hoy\/","url_meta":{"origin":27166,"position":3},"title":"Efem\u00e9rides del 14 de agosto: qu\u00e9 pas\u00f3 un d\u00eda como hoy","author":"Alejandro Sosa Ruda","date":"14 agosto, 2025","format":false,"excerpt":"Este 14 de agosto las efem\u00e9rides cuentan el\u00a0D\u00eda del Cerealista, una celebraci\u00f3n argentina que\u00a0saluda a este sector en un nuevo aniversario del primer embarque de trigo al extranjero, que sucedi\u00f3\u00a0un d\u00eda como este en 1926. La fecha tambi\u00e9n es el cumplea\u00f1os de numerosas figuras como\u00a0la leyenda de la NBA \u201cMagic\u201d\u2026","rel":"","context":"En \u00abCULTURA\u00bb","block_context":{"text":"CULTURA","link":"https:\/\/larevistadigital.com.ar\/blog\/category\/cultura\/"},"img":{"alt_text":"","src":"https:\/\/i0.wp.com\/larevistadigital.com.ar\/blog\/wp-content\/uploads\/LOGO-EFEMERIDES.jpg?fit=1200%2C628&ssl=1&resize=350%2C200","width":350,"height":200,"srcset":"https:\/\/i0.wp.com\/larevistadigital.com.ar\/blog\/wp-content\/uploads\/LOGO-EFEMERIDES.jpg?fit=1200%2C628&ssl=1&resize=350%2C200 1x, https:\/\/i0.wp.com\/larevistadigital.com.ar\/blog\/wp-content\/uploads\/LOGO-EFEMERIDES.jpg?fit=1200%2C628&ssl=1&resize=525%2C300 1.5x, https:\/\/i0.wp.com\/larevistadigital.com.ar\/blog\/wp-content\/uploads\/LOGO-EFEMERIDES.jpg?fit=1200%2C628&ssl=1&resize=700%2C400 2x, https:\/\/i0.wp.com\/larevistadigital.com.ar\/blog\/wp-content\/uploads\/LOGO-EFEMERIDES.jpg?fit=1200%2C628&ssl=1&resize=1050%2C600 3x"},"classes":[]},{"id":17720,"url":"https:\/\/larevistadigital.com.ar\/blog\/esto-ocurrio-un-dia-como-hoy-18-de-noviembre\/","url_meta":{"origin":27166,"position":4},"title":"ESTO OCURRI\u00d3 UN D\u00cdA COMO HOY, 18 DE NOVIEMBRE&#8230;","author":"Alejandro Sosa Ruda","date":"18 noviembre, 2020","format":false,"excerpt":"John Haydon Down: descubridor del Sindrome de Down \u00a0Su contribuci\u00f3n ha sido la descripci\u00f3n de la categor\u00eda que \u00e9l denomin\u00f3\u00a0\"idiocia mongoloide\",\u00a0por las similitudes faciales con las razas n\u00f3madas de Mongolia, y en la que se inclu\u00edan individuos portadores de lo que hoy se conoce como trisom\u00eda 21. Nace una nueva\u2026","rel":"","context":"En \u00abSOCIEDAD\u00bb","block_context":{"text":"SOCIEDAD","link":"https:\/\/larevistadigital.com.ar\/blog\/category\/sociedad\/"},"img":{"alt_text":"","src":"https:\/\/i0.wp.com\/larevistadigital.com.ar\/blog\/wp-content\/uploads\/LOGO-EFEMERIDES.jpg?fit=1200%2C628&ssl=1&resize=350%2C200","width":350,"height":200,"srcset":"https:\/\/i0.wp.com\/larevistadigital.com.ar\/blog\/wp-content\/uploads\/LOGO-EFEMERIDES.jpg?fit=1200%2C628&ssl=1&resize=350%2C200 1x, https:\/\/i0.wp.com\/larevistadigital.com.ar\/blog\/wp-content\/uploads\/LOGO-EFEMERIDES.jpg?fit=1200%2C628&ssl=1&resize=525%2C300 1.5x, https:\/\/i0.wp.com\/larevistadigital.com.ar\/blog\/wp-content\/uploads\/LOGO-EFEMERIDES.jpg?fit=1200%2C628&ssl=1&resize=700%2C400 2x, https:\/\/i0.wp.com\/larevistadigital.com.ar\/blog\/wp-content\/uploads\/LOGO-EFEMERIDES.jpg?fit=1200%2C628&ssl=1&resize=1050%2C600 3x"},"classes":[]},{"id":27116,"url":"https:\/\/larevistadigital.com.ar\/blog\/esto-paso-un-dia-como-hoy-17-8\/","url_meta":{"origin":27166,"position":5},"title":"ESTO PAS\u00d3 UN D\u00cdA COMO HOY, 17\/8&#8230;","author":"Alejandro Sosa Ruda","date":"17 agosto, 2022","format":false,"excerpt":"Se conmemora el\u00a0172\u00b0\u00a0aniversario del\u00a0paso a la inmortalidad del\u00a0general Jos\u00e9 de San Mart\u00edn\u00a0en el territorio franc\u00e9s de\u00a0Boulogne-Sur-Mer\u00a0en 1850.\u00a0Obtuvo su primera victoria en la causa de la independencia de Am\u00e9rica en el combate de San Lorenzo, al frente del cuerpo de Granaderos a Caballo. Es uno de los pr\u00f3ceres m\u00e1s emblem\u00e1ticos para\u2026","rel":"","context":"En \u00abCULTURA\u00bb","block_context":{"text":"CULTURA","link":"https:\/\/larevistadigital.com.ar\/blog\/category\/cultura\/"},"img":{"alt_text":"","src":"https:\/\/i0.wp.com\/larevistadigital.com.ar\/blog\/wp-content\/uploads\/LOGO-EFEMERIDES.jpg?fit=1200%2C628&ssl=1&resize=350%2C200","width":350,"height":200,"srcset":"https:\/\/i0.wp.com\/larevistadigital.com.ar\/blog\/wp-content\/uploads\/LOGO-EFEMERIDES.jpg?fit=1200%2C628&ssl=1&resize=350%2C200 1x, https:\/\/i0.wp.com\/larevistadigital.com.ar\/blog\/wp-content\/uploads\/LOGO-EFEMERIDES.jpg?fit=1200%2C628&ssl=1&resize=525%2C300 1.5x, https:\/\/i0.wp.com\/larevistadigital.com.ar\/blog\/wp-content\/uploads\/LOGO-EFEMERIDES.jpg?fit=1200%2C628&ssl=1&resize=700%2C400 2x, https:\/\/i0.wp.com\/larevistadigital.com.ar\/blog\/wp-content\/uploads\/LOGO-EFEMERIDES.jpg?fit=1200%2C628&ssl=1&resize=1050%2C600 3x"},"classes":[]}],"_links":{"self":[{"href":"https:\/\/larevistadigital.com.ar\/blog\/wp-json\/wp\/v2\/posts\/27166","targetHints":{"allow":["GET"]}}],"collection":[{"href":"https:\/\/larevistadigital.com.ar\/blog\/wp-json\/wp\/v2\/posts"}],"about":[{"href":"https:\/\/larevistadigital.com.ar\/blog\/wp-json\/wp\/v2\/types\/post"}],"author":[{"embeddable":true,"href":"https:\/\/larevistadigital.com.ar\/blog\/wp-json\/wp\/v2\/users\/3"}],"replies":[{"embeddable":true,"href":"https:\/\/larevistadigital.com.ar\/blog\/wp-json\/wp\/v2\/comments?post=27166"}],"version-history":[{"count":1,"href":"https:\/\/larevistadigital.com.ar\/blog\/wp-json\/wp\/v2\/posts\/27166\/revisions"}],"predecessor-version":[{"id":27167,"href":"https:\/\/larevistadigital.com.ar\/blog\/wp-json\/wp\/v2\/posts\/27166\/revisions\/27167"}],"wp:featuredmedia":[{"embeddable":true,"href":"https:\/\/larevistadigital.com.ar\/blog\/wp-json\/wp\/v2\/media\/16747"}],"wp:attachment":[{"href":"https:\/\/larevistadigital.com.ar\/blog\/wp-json\/wp\/v2\/media?parent=27166"}],"wp:term":[{"taxonomy":"category","embeddable":true,"href":"https:\/\/larevistadigital.com.ar\/blog\/wp-json\/wp\/v2\/categories?post=27166"},{"taxonomy":"post_tag","embeddable":true,"href":"https:\/\/larevistadigital.com.ar\/blog\/wp-json\/wp\/v2\/tags?post=27166"}],"curies":[{"name":"wp","href":"https:\/\/api.w.org\/{rel}","templated":true}]}}