{"id":27168,"date":"2022-08-21T16:41:17","date_gmt":"2022-08-21T16:41:17","guid":{"rendered":"https:\/\/larevistadigital.com.ar\/blog\/?p=27168"},"modified":"2022-08-21T16:41:17","modified_gmt":"2022-08-21T16:41:17","slug":"se-suman-recursos-de-nacion-para-combatir-los-incendios-en-el-delta","status":"publish","type":"post","link":"https:\/\/larevistadigital.com.ar\/blog\/se-suman-recursos-de-nacion-para-combatir-los-incendios-en-el-delta\/","title":{"rendered":"SE SUMAN RECURSOS DE NACI\u00d3N PARA COMBATIR LOS INCENDIOS EN EL DELTA"},"content":{"rendered":"<h2 class=\"fparrafo ctext fz18 lh25\">El Ministerio de Ambiente y Desarrollo Sostenible informa que se robustecen los recursos operativos en el Delta del Paran\u00e1 para el combate de los distintos focos \u00edgneos, que se presentan en el norte de la provincia de Buenos Aires y las provincias de Entre R\u00edos y Santa Fe, con dos helic\u00f3pteros, uno con helibalde y otro para traslado de personal, un avi\u00f3n hidrante y 11 brigadistas de la Polic\u00eda Federal Argentina.<\/h2>\n<p>21 de agosto de 2022<\/p>\n<p class=\"selectionShareable\">Fueron convocados por el SNMF m\u00e1s de 100 brigadistas y personal de apoyo afectado al combate de incendios, pertenecientes a la Brigada Nacional Sur y Centro, Parques Nacionales y Provincia de Buenos Aires. En la base de Operaciones de San Pedro se encuentra en funciones el Cami\u00f3n Comando de Emergencia (COE). Adem\u00e1s, se brinda apoyo t\u00e9cnico con pron\u00f3stico meteorol\u00f3gico para planificaci\u00f3n.<\/p>\n<blockquote>\n<h3 class=\"selectionShareable\">Seg\u00fan pudo saber InfoGEI, en los parques nacionales Islas de Santa Fe, en la provincia de Santa Fe, y Ciervo de los Pantanos, provincia de Buenos Aires, operan en cada \u00e1rea protegida un helic\u00f3ptero con helibalde perteneciente al SNMF junto a brigadistas y personal de la Administraci\u00f3n de Parques Nacionales (APN).<\/h3>\n<\/blockquote>\n<p class=\"selectionShareable\">El titular de la cartera ambiental de la Naci\u00f3n, Juan Cabandi\u00e9, acompa\u00f1ado por el secretario de Control y Monitoreo Ambiental, Sergio Federovisky, y el director del SNMF, Alberto Seufferheld, sobrevol\u00f3 la zona afectada y recorri\u00f3 ayer la base operativa de San Pedro, en la provincia de Buenos Aires, donde se emplaza el COE y que es uno de los puntos estrat\u00e9gicos desde donde se organiza el combate de los incendios de pastizales. (<b>InfoGEI<\/b>)Ap<\/p>\n","protected":false},"excerpt":{"rendered":"<div class=\"mh-excerpt\"><p>El Ministerio de Ambiente y Desarrollo Sostenible informa que se robustecen los recursos operativos en el Delta del Paran\u00e1 para el combate de los distintos focos \u00edgneos, que se presentan en el norte de la <a class=\"mh-excerpt-more\" href=\"https:\/\/larevistadigital.com.ar\/blog\/se-suman-recursos-de-nacion-para-combatir-los-incendios-en-el-delta\/\" title=\"SE SUMAN RECURSOS DE NACI\u00d3N PARA COMBATIR LOS INCENDIOS EN EL DELTA\">[Leer M\u00e1s]<\/a><\/p>\n<\/div>","protected":false},"author":3,"featured_media":27169,"comment_status":"open","ping_status":"open","sticky":false,"template":"","format":"standard","meta":{"_jetpack_memberships_contains_paid_content":false,"footnotes":"","jetpack_publicize_message":"","jetpack_publicize_feature_enabled":true,"jetpack_social_post_already_shared":true,"jetpack_social_options":{"image_generator_settings":{"template":"highway","default_image_id":0,"font":"","enabled":false},"version":2}},"categories":[50],"tags":[],"class_list":{"0":"post-27168","1":"post","2":"type-post","3":"status-publish","4":"format-standard","5":"has-post-thumbnail","7":"category-interes-general"},"jetpack_publicize_connections":[],"jetpack_featured_media_url":"https:\/\/i0.wp.com\/larevistadigital.com.ar\/blog\/wp-content\/uploads\/20220820155809_nacion-suma-recursos-para-el-combate-de-los-focos-en-el-delta-del-parana.jpg?fit=880%2C512&ssl=1","jetpack_sharing_enabled":true,"jetpack_shortlink":"https:\/\/wp.me\/p8qtrQ-74c","jetpack-related-posts":[{"id":16368,"url":"https:\/\/larevistadigital.com.ar\/blog\/preocupacion-y-alarma-por-incendios-activos-en-el-delta-del-parana-san-luis-y-parque-aconquija-de-tucuman\/","url_meta":{"origin":27168,"position":0},"title":"PREOCUPACI\u00d3N Y ALARMA POR INCENDIOS ACTIVOS EN EL DELTA DEL PARAN\u00c1, SAN LUIS Y PARQUE ACONQUIJA DE TUCUM\u00c1N","author":"Alejandro Sosa Ruda","date":"17 septiembre, 2020","format":false,"excerpt":"Seg\u00fan inform\u00f3 el Servicio Nacional de Manejo de Fuego, cuatro provincias a\u00fan no lograron extinguir las llamas. En tanto, la\u00a0situaci\u00f3n est\u00e1 contenida en C\u00f3rdoba, Mendoza y Jujuy. Mir\u00e1 el impactante video de un incendio nocturno. El\u00a0Servicio Nacional de Manejo del Fuego\u00a0(SNMF) inform\u00f3 este jueves que se\u00a0mantienen activos focos de incendios\u2026","rel":"","context":"En \u00abINTERES GENERAL\u00bb","block_context":{"text":"INTERES GENERAL","link":"https:\/\/larevistadigital.com.ar\/blog\/category\/interes-general\/"},"img":{"alt_text":"","src":"https:\/\/i0.wp.com\/larevistadigital.com.ar\/blog\/wp-content\/uploads\/Screenshot_6-4.jpg?fit=1200%2C606&ssl=1&resize=350%2C200","width":350,"height":200,"srcset":"https:\/\/i0.wp.com\/larevistadigital.com.ar\/blog\/wp-content\/uploads\/Screenshot_6-4.jpg?fit=1200%2C606&ssl=1&resize=350%2C200 1x, https:\/\/i0.wp.com\/larevistadigital.com.ar\/blog\/wp-content\/uploads\/Screenshot_6-4.jpg?fit=1200%2C606&ssl=1&resize=525%2C300 1.5x, https:\/\/i0.wp.com\/larevistadigital.com.ar\/blog\/wp-content\/uploads\/Screenshot_6-4.jpg?fit=1200%2C606&ssl=1&resize=700%2C400 2x, https:\/\/i0.wp.com\/larevistadigital.com.ar\/blog\/wp-content\/uploads\/Screenshot_6-4.jpg?fit=1200%2C606&ssl=1&resize=1050%2C600 3x"},"classes":[]},{"id":34736,"url":"https:\/\/larevistadigital.com.ar\/blog\/el-gobernador-kicillof-da-un-paso-al-frente-por-la-coparticipacion-en-la-provincia-de-buenos-aires\/","url_meta":{"origin":27168,"position":1},"title":"EL GOBERNADOR KICILLOF DA UN PASO AL FRENTE POR LA COPARTICIPACI\u00d3N EN LA PROVINCIA DE BUENOS AIRES","author":"Alejandro Sosa Ruda","date":"4 diciembre, 2023","format":false,"excerpt":"El Gobernador de la Provincia de Buenos Aires, Axel Kicillof advirti\u00f3 el d\u00eda de hoy que se pondr\u00e1 en \"pi\u00e9 de guerra\" por los recursos coparticipables de la provincia. A trav\u00e9s de una publicaci\u00f3n en su cuenta de \"X\" (ex-Twitter), el mandatario asegur\u00f3 que \"va a continuar peleando por los\u2026","rel":"","context":"En \u00abPOLITICA\u00bb","block_context":{"text":"POLITICA","link":"https:\/\/larevistadigital.com.ar\/blog\/category\/politica\/"},"img":{"alt_text":"","src":"https:\/\/i0.wp.com\/larevistadigital.com.ar\/blog\/wp-content\/uploads\/1701645238273.jpg?fit=790%2C493&ssl=1&resize=350%2C200","width":350,"height":200,"srcset":"https:\/\/i0.wp.com\/larevistadigital.com.ar\/blog\/wp-content\/uploads\/1701645238273.jpg?fit=790%2C493&ssl=1&resize=350%2C200 1x, https:\/\/i0.wp.com\/larevistadigital.com.ar\/blog\/wp-content\/uploads\/1701645238273.jpg?fit=790%2C493&ssl=1&resize=525%2C300 1.5x, https:\/\/i0.wp.com\/larevistadigital.com.ar\/blog\/wp-content\/uploads\/1701645238273.jpg?fit=790%2C493&ssl=1&resize=700%2C400 2x"},"classes":[]},{"id":15617,"url":"https:\/\/larevistadigital.com.ar\/blog\/berni-duro-con-nacion-no-hay-voluntad-de-asistir-a-la-provincia-estamos-solos-en-materia-de-seguridad\/","url_meta":{"origin":27168,"position":2},"title":"BERNI DURO CON NACI\u00d3N: \u00abNO HAY VOLUNTAD DE ASISTIR A LA PROVINCIA. ESTAMOS SOLOS EN MATERIA DE SEGURIDAD\u00bb","author":"Alejandro Sosa Ruda","date":"12 junio, 2020","format":false,"excerpt":"El Ministro de Seguridad de la Provincia acus\u00f3 a su par nacional de no atender sus reclamos, y dijo que est\u00e1n \"resignados a estar solos\" en el combate contra el delito. El ministro de seguridad bonaerense,\u00a0Sergio Berni, sali\u00f3 en dur\u00edsimos t\u00e9rminos a acusar a la gesti\u00f3n de\u00a0Alberto Fern\u00e1ndez\u00a0de haber abandonado\u2026","rel":"","context":"En \u00abINTERES GENERAL\u00bb","block_context":{"text":"INTERES GENERAL","link":"https:\/\/larevistadigital.com.ar\/blog\/category\/interes-general\/"},"img":{"alt_text":"","src":"https:\/\/i0.wp.com\/larevistadigital.com.ar\/blog\/wp-content\/uploads\/EaKVBtGU8AMxTBU.jpg?fit=1200%2C800&ssl=1&resize=350%2C200","width":350,"height":200,"srcset":"https:\/\/i0.wp.com\/larevistadigital.com.ar\/blog\/wp-content\/uploads\/EaKVBtGU8AMxTBU.jpg?fit=1200%2C800&ssl=1&resize=350%2C200 1x, https:\/\/i0.wp.com\/larevistadigital.com.ar\/blog\/wp-content\/uploads\/EaKVBtGU8AMxTBU.jpg?fit=1200%2C800&ssl=1&resize=525%2C300 1.5x, https:\/\/i0.wp.com\/larevistadigital.com.ar\/blog\/wp-content\/uploads\/EaKVBtGU8AMxTBU.jpg?fit=1200%2C800&ssl=1&resize=700%2C400 2x, https:\/\/i0.wp.com\/larevistadigital.com.ar\/blog\/wp-content\/uploads\/EaKVBtGU8AMxTBU.jpg?fit=1200%2C800&ssl=1&resize=1050%2C600 3x"},"classes":[]},{"id":3962,"url":"https:\/\/larevistadigital.com.ar\/blog\/se-llevo-cabo-primer-congreso-nacional-seguridad-rural\/","url_meta":{"origin":27168,"position":3},"title":"Se llev\u00f3 a cabo el primer congreso nacional de seguridad rural.","author":"admin","date":"27 noviembre, 2017","format":false,"excerpt":"CPR Pila informa que en los d\u00edas 21 y 22 del mes en curso, se llev\u00f3 a cabo en la ciudad de Mar del Plata el primer congreso nacional de seguridad rural, contando con la presencia del Sr. Superintendente de Seguridad de la provincia de Buenos Aires, Comisario General Fabi\u00e1n\u2026","rel":"","context":"En \u00abPILA\u00bb","block_context":{"text":"PILA","link":"https:\/\/larevistadigital.com.ar\/blog\/category\/pila\/"},"img":{"alt_text":"","src":"https:\/\/i0.wp.com\/larevistadigital.com.ar\/blog\/wp-content\/uploads\/2017\/11\/WhatsApp-Image-2017-11-22-at-14.41.37.jpeg?fit=500%2C282&ssl=1&resize=350%2C200","width":350,"height":200},"classes":[]},{"id":32484,"url":"https:\/\/larevistadigital.com.ar\/blog\/la-provincia-capacito-sobre-el-sistema-de-declaraciones-juradas-patrimoniales-pba-afip-a-64-direcciones-de-personal-de-todos-los-ministerios-y-organismos-de-la-constitucion\/","url_meta":{"origin":27168,"position":4},"title":"LA PROVINCIA CAPACIT\u00d3 SOBRE EL SISTEMA DE DECLARACIONES JURADAS PATRIMONIALES PBA-AFIP A 64 DIRECCIONES DE PERSONAL DE TODOS LOS MINISTERIOS Y ORGANISMOS DE LA CONSTITUCI\u00d3N","author":"Alejandro Sosa Ruda","date":"18 julio, 2023","format":false,"excerpt":"BUENOS AIRES -\u00a0 El Ministerio de Justicia y Derechos Humanos de la Provincia capacit\u00f3 a 64 direcciones de personal de la administraci\u00f3n p\u00fablica, organismos de la constituci\u00f3n y organismos descentralizados, sobre el Sistema de Declaraciones Juradas Patrimoniales PBA-AFIP. Esta iniciativa que se llev\u00f3 adelante a trav\u00e9s de la Subsecretar\u00eda de\u2026","rel":"","context":"En \u00abREGIONALES\u00bb","block_context":{"text":"REGIONALES","link":"https:\/\/larevistadigital.com.ar\/blog\/category\/regionales\/"},"img":{"alt_text":"","src":"https:\/\/i0.wp.com\/larevistadigital.com.ar\/blog\/wp-content\/uploads\/Capacitacion_DDJJ_02.jpeg?fit=1024%2C992&ssl=1&resize=350%2C200","width":350,"height":200,"srcset":"https:\/\/i0.wp.com\/larevistadigital.com.ar\/blog\/wp-content\/uploads\/Capacitacion_DDJJ_02.jpeg?fit=1024%2C992&ssl=1&resize=350%2C200 1x, https:\/\/i0.wp.com\/larevistadigital.com.ar\/blog\/wp-content\/uploads\/Capacitacion_DDJJ_02.jpeg?fit=1024%2C992&ssl=1&resize=525%2C300 1.5x, https:\/\/i0.wp.com\/larevistadigital.com.ar\/blog\/wp-content\/uploads\/Capacitacion_DDJJ_02.jpeg?fit=1024%2C992&ssl=1&resize=700%2C400 2x"},"classes":[]},{"id":38533,"url":"https:\/\/larevistadigital.com.ar\/blog\/avellaneda-reclamo-de-trabajadores-de-shell-por-despidos-en-la-refineria-de-dock-sud\/","url_meta":{"origin":27168,"position":5},"title":"Avellaneda: Reclamo de trabajadores de Shell por despidos en la refiner\u00eda de Dock Sud","author":"Alejandro Sosa Ruda","date":"25 enero, 2025","format":false,"excerpt":"Trabajadores de la refiner\u00eda Shell Raizen de Avellaneda, familiares y vecinos realizaron este viernes un acto frente a la planta, que la petrolera tiene en ese distrito del conurbano bonaerense, para exigir la reincorporaci\u00f3n de 10 operarios despedidos. 25 de Enero de 2025 BUENOS AIRES -\u00a0 La multinacional comenz\u00f3 con\u2026","rel":"","context":"En \u00abGREMIALES\u00bb","block_context":{"text":"GREMIALES","link":"https:\/\/larevistadigital.com.ar\/blog\/category\/gremiales\/"},"img":{"alt_text":"","src":"https:\/\/i0.wp.com\/larevistadigital.com.ar\/blog\/wp-content\/uploads\/20250125134321_protesta-trabajadores-despidos-refineria-shell-avellaneda.jpg?fit=880%2C512&ssl=1&resize=350%2C200","width":350,"height":200,"srcset":"https:\/\/i0.wp.com\/larevistadigital.com.ar\/blog\/wp-content\/uploads\/20250125134321_protesta-trabajadores-despidos-refineria-shell-avellaneda.jpg?fit=880%2C512&ssl=1&resize=350%2C200 1x, https:\/\/i0.wp.com\/larevistadigital.com.ar\/blog\/wp-content\/uploads\/20250125134321_protesta-trabajadores-despidos-refineria-shell-avellaneda.jpg?fit=880%2C512&ssl=1&resize=525%2C300 1.5x, https:\/\/i0.wp.com\/larevistadigital.com.ar\/blog\/wp-content\/uploads\/20250125134321_protesta-trabajadores-despidos-refineria-shell-avellaneda.jpg?fit=880%2C512&ssl=1&resize=700%2C400 2x"},"classes":[]}],"_links":{"self":[{"href":"https:\/\/larevistadigital.com.ar\/blog\/wp-json\/wp\/v2\/posts\/27168","targetHints":{"allow":["GET"]}}],"collection":[{"href":"https:\/\/larevistadigital.com.ar\/blog\/wp-json\/wp\/v2\/posts"}],"about":[{"href":"https:\/\/larevistadigital.com.ar\/blog\/wp-json\/wp\/v2\/types\/post"}],"author":[{"embeddable":true,"href":"https:\/\/larevistadigital.com.ar\/blog\/wp-json\/wp\/v2\/users\/3"}],"replies":[{"embeddable":true,"href":"https:\/\/larevistadigital.com.ar\/blog\/wp-json\/wp\/v2\/comments?post=27168"}],"version-history":[{"count":1,"href":"https:\/\/larevistadigital.com.ar\/blog\/wp-json\/wp\/v2\/posts\/27168\/revisions"}],"predecessor-version":[{"id":27170,"href":"https:\/\/larevistadigital.com.ar\/blog\/wp-json\/wp\/v2\/posts\/27168\/revisions\/27170"}],"wp:featuredmedia":[{"embeddable":true,"href":"https:\/\/larevistadigital.com.ar\/blog\/wp-json\/wp\/v2\/media\/27169"}],"wp:attachment":[{"href":"https:\/\/larevistadigital.com.ar\/blog\/wp-json\/wp\/v2\/media?parent=27168"}],"wp:term":[{"taxonomy":"category","embeddable":true,"href":"https:\/\/larevistadigital.com.ar\/blog\/wp-json\/wp\/v2\/categories?post=27168"},{"taxonomy":"post_tag","embeddable":true,"href":"https:\/\/larevistadigital.com.ar\/blog\/wp-json\/wp\/v2\/tags?post=27168"}],"curies":[{"name":"wp","href":"https:\/\/api.w.org\/{rel}","templated":true}]}}