{"id":27171,"date":"2022-08-21T16:58:24","date_gmt":"2022-08-21T16:58:24","guid":{"rendered":"https:\/\/larevistadigital.com.ar\/blog\/?p=27171"},"modified":"2022-08-21T19:34:45","modified_gmt":"2022-08-21T19:34:45","slug":"chascomus-se-infarto-cantando-en-bochistico-y-murio","status":"publish","type":"post","link":"https:\/\/larevistadigital.com.ar\/blog\/chascomus-se-infarto-cantando-en-bochistico-y-murio\/","title":{"rendered":"CHASCOM\u00daS: SE INFART\u00d3 CANTANDO EN BOCH\u00cdSTICO Y MURI\u00d3 EN EL HOSPITAL"},"content":{"rendered":"<h2 class=\"fparrafo ctext fz18 lh25\">El hecho, sucedi\u00f3 este s\u00e1bado en el club Boch\u00edstico Independiente de la ciudad de Chascom\u00fas, mientras el grupo musical \u201cDesaf\u00edo Tropical\u201d ofrec\u00eda un show, y su cantante y l\u00edder, Patricio Casas, se descompens\u00f3 y cay\u00f3 en el escenario. e dice que la ambulancia habr\u00eda tardado 40 minutos en llegar al lugar.<\/h2>\n<p class=\"selectionShareable\"><strong>CHASCOM\u00daS &#8211;<\/strong>\u00a0 El cantante del grupo musical, \u201cDesaf\u00edo Tropical\u201d, \u00a0<strong>Patricio Casas<\/strong>, sufri\u00f3 una descompensaci\u00f3n mientras ofrec\u00eda un show en el club Boch\u00edstico Independiente de la ciudad bonaerense de Chascom\u00fas, cayendo al piso del escenario antes de comenzar con su tercera canci\u00f3n, ante el desconcierto que gener\u00f3 en sus compa\u00f1eros de grupo y del p\u00fablico que asist\u00eda al evento.<\/p>\n<blockquote>\n<h3 class=\"selectionShareable\"><img data-recalc-dims=\"1\" loading=\"lazy\" decoding=\"async\" class=\"size-full wp-image-27186 alignright\" src=\"https:\/\/i0.wp.com\/larevistadigital.com.ar\/blog\/wp-content\/uploads\/hospital-a-bochistico.png?resize=268%2C219&#038;ssl=1\" alt=\"\" width=\"268\" height=\"219\" \/>Se inform\u00f3, que r\u00e1pidamente se acerc\u00f3 hasta el escenario una enfermera, que participaba del evento, y le practic\u00f3 RCP al tiempo que se solicit\u00f3 una ambulancia del Hospital Municipal, la que seg\u00fan cuentan testigos, habr\u00eda demorado unos 40 minutos en llegar al lugar, pese a encontrarse a solo 4 cuadras de distancia, algo que de haber ocurrido de esa manera, ser\u00eda inexplicable, y dejar\u00eda la duda de lo que podr\u00eda haber ocurrido de llegar m\u00e1s r\u00e1pido.<\/h3>\n<\/blockquote>\n<p class=\"selectionShareable\">Luego, se lo traslad\u00f3 hacia el hospital local, d\u00f3nde se dice que habr\u00eda fallecido minutos m\u00e1s tarde.<\/p>\n<p class=\"selectionShareable\">Las autoridades del club decidieron en consecuencia suspender el evento por el penoso acontecimiento, que dej\u00f3 conmocionado a los seguidores del afamado grupo musical.<\/p>\n<p>&nbsp;<\/p>\n","protected":false},"excerpt":{"rendered":"<div class=\"mh-excerpt\"><p>El hecho, sucedi\u00f3 este s\u00e1bado en el club Boch\u00edstico Independiente de la ciudad de Chascom\u00fas, mientras el grupo musical \u201cDesaf\u00edo Tropical\u201d ofrec\u00eda un show, y su cantante y l\u00edder, Patricio Casas, se descompens\u00f3 y cay\u00f3 <a class=\"mh-excerpt-more\" href=\"https:\/\/larevistadigital.com.ar\/blog\/chascomus-se-infarto-cantando-en-bochistico-y-murio\/\" title=\"CHASCOM\u00daS: SE INFART\u00d3 CANTANDO EN BOCH\u00cdSTICO Y MURI\u00d3 EN EL HOSPITAL\">[Leer M\u00e1s]<\/a><\/p>\n<\/div>","protected":false},"author":3,"featured_media":27172,"comment_status":"open","ping_status":"open","sticky":false,"template":"","format":"standard","meta":{"_jetpack_memberships_contains_paid_content":false,"footnotes":"","jetpack_publicize_message":"","jetpack_publicize_feature_enabled":true,"jetpack_social_post_already_shared":true,"jetpack_social_options":{"image_generator_settings":{"template":"highway","default_image_id":0,"font":"","enabled":false},"version":2}},"categories":[41],"tags":[],"class_list":{"0":"post-27171","1":"post","2":"type-post","3":"status-publish","4":"format-standard","5":"has-post-thumbnail","7":"category-destacadas"},"jetpack_publicize_connections":[],"jetpack_featured_media_url":"https:\/\/i0.wp.com\/larevistadigital.com.ar\/blog\/wp-content\/uploads\/20220821133859_patricio-casas-cantante-desaafio-tropical.jpg?fit=880%2C512&ssl=1","jetpack_sharing_enabled":true,"jetpack_shortlink":"https:\/\/wp.me\/p8qtrQ-74f","jetpack-related-posts":[{"id":25517,"url":"https:\/\/larevistadigital.com.ar\/blog\/incidentes-en-bochistico-denuncia-e-intervencion-de-la-federal\/","url_meta":{"origin":27171,"position":0},"title":"INCIDENTES EN BOCH\u00cdSTICO, DENUNCIA E INTERVENCI\u00d3N DE \u00abLA FEDERAL\u00bb","author":"Alejandro Sosa Ruda","date":"1 junio, 2022","format":false,"excerpt":"CHASCOM\u00daS -\u00a0 El domingo pasado, se produjeron incidentes en las afueras del Club Boch\u00edstico Independiente, donde un grupo de personas peleaban violentamente. Esto provoc\u00f3 el llamado a la polic\u00eda, que intervino en la situaci\u00f3n, realizando un disparo con posta de goma, para calmar los \u00e1nimos y disipar a los revoltosos.\u2026","rel":"","context":"En \u00abCHASCOM\u00daS\u00bb","block_context":{"text":"CHASCOM\u00daS","link":"https:\/\/larevistadigital.com.ar\/blog\/category\/chascomus\/"},"img":{"alt_text":"","src":"https:\/\/i0.wp.com\/larevistadigital.com.ar\/blog\/wp-content\/uploads\/2019\/01\/bbx_755050019_comisaria_chasco_01.jpg?fit=800%2C579&ssl=1&resize=350%2C200","width":350,"height":200,"srcset":"https:\/\/i0.wp.com\/larevistadigital.com.ar\/blog\/wp-content\/uploads\/2019\/01\/bbx_755050019_comisaria_chasco_01.jpg?fit=800%2C579&ssl=1&resize=350%2C200 1x, https:\/\/i0.wp.com\/larevistadigital.com.ar\/blog\/wp-content\/uploads\/2019\/01\/bbx_755050019_comisaria_chasco_01.jpg?fit=800%2C579&ssl=1&resize=525%2C300 1.5x, https:\/\/i0.wp.com\/larevistadigital.com.ar\/blog\/wp-content\/uploads\/2019\/01\/bbx_755050019_comisaria_chasco_01.jpg?fit=800%2C579&ssl=1&resize=700%2C400 2x"},"classes":[]},{"id":40141,"url":"https:\/\/larevistadigital.com.ar\/blog\/chascomus-continua-la-etapa-local-de-los-bonaerenses\/","url_meta":{"origin":27171,"position":1},"title":"Chascom\u00fas: Contin\u00faa la Etapa Local de los Bonaerenses","author":"Alejandro Sosa Ruda","date":"23 junio, 2025","format":false,"excerpt":"El cronograma semanal de los Juegos arranca ma\u00f1ana en el Polideportivo Luego de la semana corta por los feriados de junio, ma\u00f1ana se retoman las competencias para la definici\u00f3n de la Etapa Local de los Juegos Bonaerenses 2025. F\u00fatbol, tenis y tenis de mesa son las disciplinas con actividades seg\u00fan\u2026","rel":"","context":"En \u00abCHASCOM\u00daS\u00bb","block_context":{"text":"CHASCOM\u00daS","link":"https:\/\/larevistadigital.com.ar\/blog\/category\/chascomus\/"},"img":{"alt_text":"","src":"https:\/\/i0.wp.com\/larevistadigital.com.ar\/blog\/wp-content\/uploads\/685990f6e3f2e.png?fit=668%2C445&ssl=1&resize=350%2C200","width":350,"height":200,"srcset":"https:\/\/i0.wp.com\/larevistadigital.com.ar\/blog\/wp-content\/uploads\/685990f6e3f2e.png?fit=668%2C445&ssl=1&resize=350%2C200 1x, https:\/\/i0.wp.com\/larevistadigital.com.ar\/blog\/wp-content\/uploads\/685990f6e3f2e.png?fit=668%2C445&ssl=1&resize=525%2C300 1.5x"},"classes":[]},{"id":41862,"url":"https:\/\/larevistadigital.com.ar\/blog\/chascomus-rocio-quiroz-brindara-un-concierto-sera-a-beneficio-de-milo\/","url_meta":{"origin":27171,"position":2},"title":"Chascom\u00fas: Roc\u00edo Quiroz brindar\u00e1 un concierto ser\u00e1 a beneficio de Milo","author":"Alejandro Sosa Ruda","date":"9 octubre, 2025","format":false,"excerpt":"Junto a integrantes de la Banda Municipal, Orquesta \u2013 Escuela Chascom\u00fas y Conservatorio. 09 de Octubre de 2025 CHASCOM\u00daS -\u00a0 \u00a0El jueves 23 de octubre, subir\u00e1 al escenario del Teatro Municipal Brazzola, a las 20,30 horas, la joven cantante chascomunense Roc\u00edo Quiroz junto a integrantes de la Banda Municipal de\u2026","rel":"","context":"En \u00abCHASCOM\u00daS\u00bb","block_context":{"text":"CHASCOM\u00daS","link":"https:\/\/larevistadigital.com.ar\/blog\/category\/chascomus\/"},"img":{"alt_text":"","src":"https:\/\/i0.wp.com\/larevistadigital.com.ar\/blog\/wp-content\/uploads\/68e7f175bd99b.png?fit=668%2C445&ssl=1&resize=350%2C200","width":350,"height":200,"srcset":"https:\/\/i0.wp.com\/larevistadigital.com.ar\/blog\/wp-content\/uploads\/68e7f175bd99b.png?fit=668%2C445&ssl=1&resize=350%2C200 1x, https:\/\/i0.wp.com\/larevistadigital.com.ar\/blog\/wp-content\/uploads\/68e7f175bd99b.png?fit=668%2C445&ssl=1&resize=525%2C300 1.5x"},"classes":[]},{"id":3068,"url":"https:\/\/larevistadigital.com.ar\/blog\/juan-curuchet-hara-gestiones-para-recuperar-el-anteojo-haedo\/","url_meta":{"origin":27171,"position":3},"title":"Juan Curuchet har\u00e1 gestiones para recuperar el anteojo Haedo","author":"admin","date":"11 agosto, 2017","format":false,"excerpt":"Necesita su reasfaltado El campe\u00f3n ol\u00edmpico y senador provincial Juan Curuchet se reuni\u00f3 el pasado lunes con el intendente de Chascom\u00fas, Javier Gast\u00f3n, y una de las glorias deportivas locales, el tambi\u00e9n ciclista Juan Carlos Haedo, comprometi\u00e9ndose en hacer las gestiones necesarias para recuperar el circuito anteojo del complejo polideportivo\u2026","rel":"","context":"En \u00abCHASCOM\u00daS\u00bb","block_context":{"text":"CHASCOM\u00daS","link":"https:\/\/larevistadigital.com.ar\/blog\/category\/chascomus\/"},"img":{"alt_text":"","src":"https:\/\/i0.wp.com\/larevistadigital.com.ar\/blog\/wp-content\/uploads\/2017\/08\/anteojo_10deagostode2017_elfuerte.jpg?fit=737%2C415&ssl=1&resize=350%2C200","width":350,"height":200,"srcset":"https:\/\/i0.wp.com\/larevistadigital.com.ar\/blog\/wp-content\/uploads\/2017\/08\/anteojo_10deagostode2017_elfuerte.jpg?fit=737%2C415&ssl=1&resize=350%2C200 1x, https:\/\/i0.wp.com\/larevistadigital.com.ar\/blog\/wp-content\/uploads\/2017\/08\/anteojo_10deagostode2017_elfuerte.jpg?fit=737%2C415&ssl=1&resize=525%2C300 1.5x, https:\/\/i0.wp.com\/larevistadigital.com.ar\/blog\/wp-content\/uploads\/2017\/08\/anteojo_10deagostode2017_elfuerte.jpg?fit=737%2C415&ssl=1&resize=700%2C400 2x"},"classes":[]},{"id":40307,"url":"https:\/\/larevistadigital.com.ar\/blog\/en-septiembre-jairo-se-presentara-en-chascomus\/","url_meta":{"origin":27171,"position":4},"title":"En Septiembre, Jairo se presentar\u00e1 en Chascom\u00fas","author":"Alejandro Sosa Ruda","date":"4 julio, 2025","format":false,"excerpt":"En v\u00edsperas del inicio de la primavera, el reconocido cantautor subir\u00e1 al escenario del Brazzola para deleitarnos con su inconfundible voz y sentir. 04 de Julio de 2025 CHASCOM\u00daS\u00a0 -\u00a0 \u00a0El gran espect\u00e1culo donde se recorrer\u00e1n los cl\u00e1sicos de este reconocido y amado cantante nacional, se anuncia para el s\u00e1bado\u2026","rel":"","context":"En \u00abCHASCOM\u00daS\u00bb","block_context":{"text":"CHASCOM\u00daS","link":"https:\/\/larevistadigital.com.ar\/blog\/category\/chascomus\/"},"img":{"alt_text":"","src":"https:\/\/i0.wp.com\/larevistadigital.com.ar\/blog\/wp-content\/uploads\/68680f4cb83c1.png?fit=668%2C445&ssl=1&resize=350%2C200","width":350,"height":200,"srcset":"https:\/\/i0.wp.com\/larevistadigital.com.ar\/blog\/wp-content\/uploads\/68680f4cb83c1.png?fit=668%2C445&ssl=1&resize=350%2C200 1x, https:\/\/i0.wp.com\/larevistadigital.com.ar\/blog\/wp-content\/uploads\/68680f4cb83c1.png?fit=668%2C445&ssl=1&resize=525%2C300 1.5x"},"classes":[]},{"id":4905,"url":"https:\/\/larevistadigital.com.ar\/blog\/castelli-zoe-vizcay-la-nueva-reina-e-independiente-gano-carroza\/","url_meta":{"origin":27171,"position":5},"title":"CASTELLI: ZOE VIZCAY ES LA NUEVA REINA E INDEPENDIENTE GAN\u00d3 CON SU CARROZA","author":"Alejandro Sosa Ruda","date":"14 febrero, 2018","format":false,"excerpt":"Luego de tres noches de carnaval, el lunes culmin\u00f3 la fiesta popular en nuestra ciudad que tuvo como corolario la elecci\u00f3n de la nueva soberana y la mejor carroza. Adem\u00e1s sobre el escenario se present\u00f3 Brian Lanzelotta. Durante este fin de semana se llevaron a cabo los carnavales y en\u2026","rel":"","context":"En \u00abCASTELLI\u00bb","block_context":{"text":"CASTELLI","link":"https:\/\/larevistadigital.com.ar\/blog\/category\/castelli\/"},"img":{"alt_text":"","src":"https:\/\/i0.wp.com\/larevistadigital.com.ar\/blog\/wp-content\/uploads\/2018\/02\/reina.jpg?fit=800%2C532&ssl=1&resize=350%2C200","width":350,"height":200,"srcset":"https:\/\/i0.wp.com\/larevistadigital.com.ar\/blog\/wp-content\/uploads\/2018\/02\/reina.jpg?fit=800%2C532&ssl=1&resize=350%2C200 1x, https:\/\/i0.wp.com\/larevistadigital.com.ar\/blog\/wp-content\/uploads\/2018\/02\/reina.jpg?fit=800%2C532&ssl=1&resize=525%2C300 1.5x, https:\/\/i0.wp.com\/larevistadigital.com.ar\/blog\/wp-content\/uploads\/2018\/02\/reina.jpg?fit=800%2C532&ssl=1&resize=700%2C400 2x"},"classes":[]}],"_links":{"self":[{"href":"https:\/\/larevistadigital.com.ar\/blog\/wp-json\/wp\/v2\/posts\/27171","targetHints":{"allow":["GET"]}}],"collection":[{"href":"https:\/\/larevistadigital.com.ar\/blog\/wp-json\/wp\/v2\/posts"}],"about":[{"href":"https:\/\/larevistadigital.com.ar\/blog\/wp-json\/wp\/v2\/types\/post"}],"author":[{"embeddable":true,"href":"https:\/\/larevistadigital.com.ar\/blog\/wp-json\/wp\/v2\/users\/3"}],"replies":[{"embeddable":true,"href":"https:\/\/larevistadigital.com.ar\/blog\/wp-json\/wp\/v2\/comments?post=27171"}],"version-history":[{"count":5,"href":"https:\/\/larevistadigital.com.ar\/blog\/wp-json\/wp\/v2\/posts\/27171\/revisions"}],"predecessor-version":[{"id":27187,"href":"https:\/\/larevistadigital.com.ar\/blog\/wp-json\/wp\/v2\/posts\/27171\/revisions\/27187"}],"wp:featuredmedia":[{"embeddable":true,"href":"https:\/\/larevistadigital.com.ar\/blog\/wp-json\/wp\/v2\/media\/27172"}],"wp:attachment":[{"href":"https:\/\/larevistadigital.com.ar\/blog\/wp-json\/wp\/v2\/media?parent=27171"}],"wp:term":[{"taxonomy":"category","embeddable":true,"href":"https:\/\/larevistadigital.com.ar\/blog\/wp-json\/wp\/v2\/categories?post=27171"},{"taxonomy":"post_tag","embeddable":true,"href":"https:\/\/larevistadigital.com.ar\/blog\/wp-json\/wp\/v2\/tags?post=27171"}],"curies":[{"name":"wp","href":"https:\/\/api.w.org\/{rel}","templated":true}]}}