{"id":27177,"date":"2022-08-21T18:29:47","date_gmt":"2022-08-21T18:29:47","guid":{"rendered":"https:\/\/larevistadigital.com.ar\/blog\/?p=27177"},"modified":"2022-08-21T18:29:47","modified_gmt":"2022-08-21T18:29:47","slug":"monitoreo-detecto-a-un-automovil-que-realizaba-maniobras-peligrosas-y-la-policia-aprehendio-a-sus-ocupantes","status":"publish","type":"post","link":"https:\/\/larevistadigital.com.ar\/blog\/monitoreo-detecto-a-un-automovil-que-realizaba-maniobras-peligrosas-y-la-policia-aprehendio-a-sus-ocupantes\/","title":{"rendered":"MONITOREO DETECT\u00d3 A UN AUTOM\u00d3VIL QUE REALIZABA MANIOBRAS PELIGROSAS Y LA POLIC\u00cdA APREHENDI\u00d3 A SUS OCUPANTES"},"content":{"rendered":"<h2>Todo fue descubierto por Monitoreo, que di\u00f3 aviso a la Polic\u00eda Comunal. Los aprehendidos ayer, hoy se transformaron en \u00abdetenidos\u00bb, por orden del magistrado interviniente.<\/h2>\n<p>21 de agosto de 2022<\/p>\n<p><strong>CHASCOM\u00daS &#8211;\u00a0 <\/strong>Durante la jornada de ayer, personal de Monitoreo de Chaascom\u00fas, percibi\u00f3 a un autom\u00f3vil que ven\u00eda cometiendo maniobras peligrosas, y exceso de velocidad en calles Ameghino y calle M\u00e9xico, que adem\u00e1s estaba siendo seguido por Patrulla Municipal.<\/p>\n<blockquote>\n<h3>Se intercept\u00f3 el rodado, que era una camioneta Peugeot 504, color blanca con dos ocupantes, los que al advertir presencia policial se tornaron muy agresivos, neg\u00e1ndose a identificar y aportar documentaci\u00f3n,\u00a0 y emprendiendo la fuga, intentando atropellar a los uniformados.<\/h3>\n<\/blockquote>\n<p>Se inicia persecuci\u00f3n la que finaliza en un domicilio en el Boulevar 5 del Barrio 30 de Mayo, donde luego de un forcejeo entre el personal y ambos masculinos se procede a su aprehensi\u00f3n.<\/p>\n<p>Se mantuvo comunicaci\u00f3n con titular de UFID N\u00b010, <strong>Dr. Jonathan Robert<\/strong>, quien aval\u00f3 lo actuado, solicitando Notificaci\u00f3n Art. 1 y 60 por el delito de <strong>\u00abDESOBEDIENCIA-RESISTENCIA A LA AUTORIDAD\u00bb<\/strong> , y disponiendo que se remita actuaciones y alojamiento masculinos en dependencia policial hasta tanto se resuelva la situaci\u00f3n procesal.<\/p>\n<p><strong><span style=\"color: #ff0000\">DE APREHENDIDOS A DETENIDOS<\/span><\/strong><\/p>\n<p>Luego de haberse llevado a cabo audiencia a tenor del Art. 308 C.P.P para con los aprehendidos por lo sucedido ayer, en relaci\u00f3n a \u00abDesobediencia y resistencia a la autoridad\u00bb. el Juzgado de Garant\u00edas dispuso convertir la aprehensi\u00f3n que vienen sufriendo los mismos en <strong>DETENCI\u00d3N<\/strong>. Quedando alojados en Dependencia Policial.<\/p>\n","protected":false},"excerpt":{"rendered":"<div class=\"mh-excerpt\"><p>Todo fue descubierto por Monitoreo, que di\u00f3 aviso a la Polic\u00eda Comunal. Los aprehendidos ayer, hoy se transformaron en \u00abdetenidos\u00bb, por orden del magistrado interviniente. 21 de agosto de 2022 CHASCOM\u00daS &#8211;\u00a0 Durante la jornada <a class=\"mh-excerpt-more\" href=\"https:\/\/larevistadigital.com.ar\/blog\/monitoreo-detecto-a-un-automovil-que-realizaba-maniobras-peligrosas-y-la-policia-aprehendio-a-sus-ocupantes\/\" title=\"MONITOREO DETECT\u00d3 A UN AUTOM\u00d3VIL QUE REALIZABA MANIOBRAS PELIGROSAS Y LA POLIC\u00cdA APREHENDI\u00d3 A SUS OCUPANTES\">[Leer M\u00e1s]<\/a><\/p>\n<\/div>","protected":false},"author":3,"featured_media":7557,"comment_status":"open","ping_status":"open","sticky":false,"template":"","format":"standard","meta":{"_jetpack_memberships_contains_paid_content":false,"footnotes":"","jetpack_publicize_message":"","jetpack_publicize_feature_enabled":true,"jetpack_social_post_already_shared":true,"jetpack_social_options":{"image_generator_settings":{"template":"highway","default_image_id":0,"font":"","enabled":false},"version":2}},"categories":[50,44],"tags":[],"class_list":{"0":"post-27177","1":"post","2":"type-post","3":"status-publish","4":"format-standard","5":"has-post-thumbnail","7":"category-interes-general","8":"category-policiales"},"jetpack_publicize_connections":[],"jetpack_featured_media_url":"https:\/\/i0.wp.com\/larevistadigital.com.ar\/blog\/wp-content\/uploads\/2019\/01\/bbx_755050019_comisaria_chasco_01.jpg?fit=800%2C579&ssl=1","jetpack_sharing_enabled":true,"jetpack_shortlink":"https:\/\/wp.me\/p8qtrQ-74l","jetpack-related-posts":[{"id":35763,"url":"https:\/\/larevistadigital.com.ar\/blog\/chascomus-denuncia-y-retencion-de-motovehiculos-a-conductores-que-realizan-maniobras-peligrosas\/","url_meta":{"origin":27177,"position":0},"title":"CHASCOM\u00daS: DENUNCIA Y RETENCI\u00d3N DE MOTOVEH\u00cdCULOS A CONDUCTORES QUE REALIZAN MANIOBRAS PELIGROSAS","author":"Alejandro Sosa Ruda","date":"5 abril, 2024","format":false,"excerpt":"La Municipalidad present\u00f3 denuncias penales contra vecinos que circulaban por la v\u00eda p\u00fablica poniendo en riesgo a otros conductores. 5 de abril de 2024 CHASCOM\u00daS -\u00a0 Las c\u00e1maras del Centro de Monitoreo captaron a un conductor que circulaba parado sobre el asiento de una motocicleta en la avenida Presidente Alfons\u00edn.\u2026","rel":"","context":"En \u00abCHASCOM\u00daS\u00bb","block_context":{"text":"CHASCOM\u00daS","link":"https:\/\/larevistadigital.com.ar\/blog\/category\/chascomus\/"},"img":{"alt_text":"","src":"https:\/\/i0.wp.com\/larevistadigital.com.ar\/blog\/wp-content\/uploads\/CENTRO-DE-MONITOREO.jpg?fit=600%2C400&ssl=1&resize=350%2C200","width":350,"height":200,"srcset":"https:\/\/i0.wp.com\/larevistadigital.com.ar\/blog\/wp-content\/uploads\/CENTRO-DE-MONITOREO.jpg?fit=600%2C400&ssl=1&resize=350%2C200 1x, https:\/\/i0.wp.com\/larevistadigital.com.ar\/blog\/wp-content\/uploads\/CENTRO-DE-MONITOREO.jpg?fit=600%2C400&ssl=1&resize=525%2C300 1.5x"},"classes":[]},{"id":42433,"url":"https:\/\/larevistadigital.com.ar\/blog\/secuestran-dos-motos-por-realizar-maniobras-peligrosas-en-el-casco-urbano-de-chascomus\/","url_meta":{"origin":27177,"position":1},"title":"Secuestran dos motos por realizar maniobras peligrosas en el casco urbano de Chascom\u00fas","author":"Alejandro Sosa Ruda","date":"8 noviembre, 2025","format":false,"excerpt":"Se lleg\u00f3 por una denuncia del municipio y con el trabajo de las C\u00e1maras del Centro de Monitoreo. 08 de Noviembre de 2025 CHASCOM\u00daS\u00a0 -\u00a0 \u00a0La SubDDI Chascom\u00fas llev\u00f3 adelante un importante operativo que culmin\u00f3 con el secuestro de dos motocicletas tipo enduro o motocross, utilizadas por sus conductores para\u2026","rel":"","context":"En \u00abCHASCOM\u00daS\u00bb","block_context":{"text":"CHASCOM\u00daS","link":"https:\/\/larevistadigital.com.ar\/blog\/category\/chascomus\/"},"img":{"alt_text":"","src":"https:\/\/i0.wp.com\/larevistadigital.com.ar\/blog\/wp-content\/uploads\/Captura-de-pantalla-2025-11-08-161024.jpg?fit=407%2C256&ssl=1&resize=350%2C200","width":350,"height":200},"classes":[]},{"id":38889,"url":"https:\/\/larevistadigital.com.ar\/blog\/chascomus-por-imagenes-de-monitoreo-se-logro-identificar-allanar-e-imputar-a-un-individuo-que-realizo-maniobras-peligrosas-con-su-moto\/","url_meta":{"origin":27177,"position":2},"title":"Chascom\u00fas: Por imagenes de Monitoreo, se logr\u00f3 identificar, allanar e imputar a un individuo que realiz\u00f3 maniobras peligrosas con su moto","author":"Alejandro Sosa Ruda","date":"27 febrero, 2025","format":false,"excerpt":"El imputado, est\u00e1 acusado de atentar contra la seguridad de los vecinos por realizar maniobras temerarias con su moto. 27 de Febrero de 2025 CHASCOM\u00daS -\u00a0 En horas de la tarde y como culminaci\u00f3n de una investigaci\u00f3n iniciada por la secretaria de Seguridad respecto de personas que circulan a bordo\u2026","rel":"","context":"En \u00abDESTACADAS\u00bb","block_context":{"text":"DESTACADAS","link":"https:\/\/larevistadigital.com.ar\/blog\/category\/destacadas\/"},"img":{"alt_text":"","src":"https:\/\/i0.wp.com\/larevistadigital.com.ar\/blog\/wp-content\/uploads\/POLICIA.png?fit=1002%2C658&ssl=1&resize=350%2C200","width":350,"height":200,"srcset":"https:\/\/i0.wp.com\/larevistadigital.com.ar\/blog\/wp-content\/uploads\/POLICIA.png?fit=1002%2C658&ssl=1&resize=350%2C200 1x, https:\/\/i0.wp.com\/larevistadigital.com.ar\/blog\/wp-content\/uploads\/POLICIA.png?fit=1002%2C658&ssl=1&resize=525%2C300 1.5x, https:\/\/i0.wp.com\/larevistadigital.com.ar\/blog\/wp-content\/uploads\/POLICIA.png?fit=1002%2C658&ssl=1&resize=700%2C400 2x"},"classes":[]},{"id":41700,"url":"https:\/\/larevistadigital.com.ar\/blog\/chascomus-retuvieron-cuatro-motos-en-operativos-de-prevencion\/","url_meta":{"origin":27177,"position":3},"title":"Chascom\u00fas: Retuvieron cuatro motos en operativos de prevenci\u00f3n","author":"Alejandro Sosa Ruda","date":"2 octubre, 2025","format":false,"excerpt":"La Patrulla de Prevenci\u00f3n Municipal detect\u00f3 maniobras peligrosas y escapes libres en distintos puntos de la ciudad. 02 de septiembre de 2025 CHASCOM\u00daS -\u00a0 \u00a0En menos de 24 horas, la Patrulla de Prevenci\u00f3n Municipal procedi\u00f3 a la retenci\u00f3n de cuatro motocicletas que circulaban realizando picadas y generando explosiones con escapes\u2026","rel":"","context":"En \u00abCHASCOM\u00daS\u00bb","block_context":{"text":"CHASCOM\u00daS","link":"https:\/\/larevistadigital.com.ar\/blog\/category\/chascomus\/"},"img":{"alt_text":"","src":"https:\/\/i0.wp.com\/larevistadigital.com.ar\/blog\/wp-content\/uploads\/68dd5b09bbc06.png?fit=668%2C445&ssl=1&resize=350%2C200","width":350,"height":200,"srcset":"https:\/\/i0.wp.com\/larevistadigital.com.ar\/blog\/wp-content\/uploads\/68dd5b09bbc06.png?fit=668%2C445&ssl=1&resize=350%2C200 1x, https:\/\/i0.wp.com\/larevistadigital.com.ar\/blog\/wp-content\/uploads\/68dd5b09bbc06.png?fit=668%2C445&ssl=1&resize=525%2C300 1.5x"},"classes":[]},{"id":38065,"url":"https:\/\/larevistadigital.com.ar\/blog\/excelente-medida-se-hicieron-allanamientos-por-maniobras-peligrosas-en-moto\/","url_meta":{"origin":27177,"position":4},"title":"Excelente medida: Se hicieron allanamientos por maniobras peligrosas en moto","author":"Alejandro Sosa Ruda","date":"1 diciembre, 2024","format":false,"excerpt":"Tras detectarse las infracciones, se secuestraron veh\u00edculos y avanzan imputaciones penales contra los conductores. 01 de diciembre de 2024 CHASCOM\u00daS\u00a0 -\u00a0 En el marco de una serie de operativos destinados a erradicar las maniobras peligrosas realizadas en motocicletas, se llevaron a cabo allanamientos en los barrios La Concordia y El\u2026","rel":"","context":"En \u00abCHASCOM\u00daS\u00bb","block_context":{"text":"CHASCOM\u00daS","link":"https:\/\/larevistadigital.com.ar\/blog\/category\/chascomus\/"},"img":{"alt_text":"","src":"https:\/\/i0.wp.com\/larevistadigital.com.ar\/blog\/wp-content\/uploads\/6749f2a192325.png?fit=668%2C445&ssl=1&resize=350%2C200","width":350,"height":200,"srcset":"https:\/\/i0.wp.com\/larevistadigital.com.ar\/blog\/wp-content\/uploads\/6749f2a192325.png?fit=668%2C445&ssl=1&resize=350%2C200 1x, https:\/\/i0.wp.com\/larevistadigital.com.ar\/blog\/wp-content\/uploads\/6749f2a192325.png?fit=668%2C445&ssl=1&resize=525%2C300 1.5x"},"classes":[]},{"id":41498,"url":"https:\/\/larevistadigital.com.ar\/blog\/chascomus-imputan-penalmente-a-un-joven-por-realizar-maniobras-peligrosas\/","url_meta":{"origin":27177,"position":5},"title":"Chascom\u00fas: Imputan penalmente a un joven por realizar maniobras peligrosas","author":"Alejandro Sosa Ruda","date":"18 septiembre, 2025","format":false,"excerpt":"Un joven fue citado a indagatoria tras una investigaci\u00f3n realizada con im\u00e1genes de c\u00e1maras del Centro de Monitoreo municipal. 18 de Septiembre de 2025 CHASCOM\u00daS -\u00a0 \u00a0La Fiscal\u00eda descentralizada de Chascom\u00fas, a cargo del Dr. Jonathan Robert (UFID N\u00b010), inici\u00f3 una a partir de una denuncia del director de Prevenci\u00f3n\u2026","rel":"","context":"En \u00abDESTACADAS\u00bb","block_context":{"text":"DESTACADAS","link":"https:\/\/larevistadigital.com.ar\/blog\/category\/destacadas\/"},"img":{"alt_text":"","src":"https:\/\/i0.wp.com\/larevistadigital.com.ar\/blog\/wp-content\/uploads\/68cc42715abda.png?fit=668%2C445&ssl=1&resize=350%2C200","width":350,"height":200,"srcset":"https:\/\/i0.wp.com\/larevistadigital.com.ar\/blog\/wp-content\/uploads\/68cc42715abda.png?fit=668%2C445&ssl=1&resize=350%2C200 1x, https:\/\/i0.wp.com\/larevistadigital.com.ar\/blog\/wp-content\/uploads\/68cc42715abda.png?fit=668%2C445&ssl=1&resize=525%2C300 1.5x"},"classes":[]}],"_links":{"self":[{"href":"https:\/\/larevistadigital.com.ar\/blog\/wp-json\/wp\/v2\/posts\/27177","targetHints":{"allow":["GET"]}}],"collection":[{"href":"https:\/\/larevistadigital.com.ar\/blog\/wp-json\/wp\/v2\/posts"}],"about":[{"href":"https:\/\/larevistadigital.com.ar\/blog\/wp-json\/wp\/v2\/types\/post"}],"author":[{"embeddable":true,"href":"https:\/\/larevistadigital.com.ar\/blog\/wp-json\/wp\/v2\/users\/3"}],"replies":[{"embeddable":true,"href":"https:\/\/larevistadigital.com.ar\/blog\/wp-json\/wp\/v2\/comments?post=27177"}],"version-history":[{"count":2,"href":"https:\/\/larevistadigital.com.ar\/blog\/wp-json\/wp\/v2\/posts\/27177\/revisions"}],"predecessor-version":[{"id":27179,"href":"https:\/\/larevistadigital.com.ar\/blog\/wp-json\/wp\/v2\/posts\/27177\/revisions\/27179"}],"wp:featuredmedia":[{"embeddable":true,"href":"https:\/\/larevistadigital.com.ar\/blog\/wp-json\/wp\/v2\/media\/7557"}],"wp:attachment":[{"href":"https:\/\/larevistadigital.com.ar\/blog\/wp-json\/wp\/v2\/media?parent=27177"}],"wp:term":[{"taxonomy":"category","embeddable":true,"href":"https:\/\/larevistadigital.com.ar\/blog\/wp-json\/wp\/v2\/categories?post=27177"},{"taxonomy":"post_tag","embeddable":true,"href":"https:\/\/larevistadigital.com.ar\/blog\/wp-json\/wp\/v2\/tags?post=27177"}],"curies":[{"name":"wp","href":"https:\/\/api.w.org\/{rel}","templated":true}]}}