{"id":27180,"date":"2022-08-21T18:38:16","date_gmt":"2022-08-21T18:38:16","guid":{"rendered":"https:\/\/larevistadigital.com.ar\/blog\/?p=27180"},"modified":"2022-08-21T18:38:16","modified_gmt":"2022-08-21T18:38:16","slug":"pilar-suspenden-a-una-jueza-por-graves-irregularidades","status":"publish","type":"post","link":"https:\/\/larevistadigital.com.ar\/blog\/pilar-suspenden-a-una-jueza-por-graves-irregularidades\/","title":{"rendered":"PILAR: SUSPENDEN A UNA JUEZA POR \u00abGRAVES IRREGULARIDADES\u00bb"},"content":{"rendered":"<h2 class=\"fparrafo ctext fz18 lh25\">La Suprema Corte de Justicia de la Provincia de Buenos Aires apart\u00f3 de su cargo a la titular del Juzgado de Familia N\u00b01 de Pilar, Mariana Valentini, medida que se llev\u00f3 a cabo tras corroborar \u201cgraves irregularidades en sus funciones\u201d.<\/h2>\n<p>21 de agosto de 2022<\/p>\n<p><strong>PILAR &#8211;\u00a0 <\/strong>En el escrito, que lleva las firmas de los jueces <strong>Luis Genoud; Sergio Torres; Hilda Kogan y Daniel Soria<\/strong>, se\u00f1alan que <strong><em>\u201cla magistrada habr\u00eda incurrido en graves irregularidades en el desempe\u00f1o de sus funciones\u201d<\/em><\/strong>. Entre ellas mencionan<em><strong> \u201cgraves dificultades en el manejo y un negligente gestionamiento del organismo a su cargo\u201d.<\/strong><\/em><\/p>\n<div class=\"wysiwyg mb15\">\n<blockquote>\n<h3 class=\"selectionShareable\">Seg\u00fan informa el medio digital Pilar de Todos, agregaron que se advirtieron<strong><em> \u201cimportantes demoras y posibles irregularidades en la r\u00fabrica de despachos, en la suscripci\u00f3n de actas de audiencias en las que no habr\u00eda participado como as\u00ed tambi\u00e9n claras omisiones al control de providencias proyectadas por el personal firmadas por la doctora Valentini\u201d.<\/em><\/strong><\/h3>\n<\/blockquote>\n<p class=\"selectionShareable\">Asimismo, sostienen que <em><strong>\u201cresultar\u00eda acreditada una excesiva exigencia y delegaci\u00f3n de tareas en los integrantes del organismo a su cargo, evidenciando una falta de direcci\u00f3n y liderazgo\u201d.<\/strong><\/em><\/p>\n<blockquote>\n<h3 class=\"selectionShareable\">La situaci\u00f3n, evaluada por la Subsecretar\u00eda de Control Disciplinario,<em><strong> \u201creviste mayor gravedad en los procesos de violencia familiar\u201d<\/strong><\/em>, indicaron. En esos casos, consignaron que <strong><em>\u201cla se\u00f1ora magistrada ha delegado en personal despachante la valoraci\u00f3n del riesgo y la conducencia de la medida cautelar\u201d.<\/em><\/strong><\/h3>\n<\/blockquote>\n<p class=\"selectionShareable\">El texto agrega que<em><strong> \u201cla magistrada en la pr\u00e1ctica renunci\u00f3 a ejercer la direcci\u00f3n del organismo ya que no llev\u00f3 adelante \u2013 desde su arribo \u2013 actividad \u00fatil alguna destinada a buscar eficiencia en la labor judicial; concluyendo que ha incumplido pr\u00e1cticamente con todas las funciones que hacen al desarrollo de la judicatura\u201d<\/strong><\/em>.<\/p>\n<p class=\"selectionShareable\">Cabe destacar que <strong>Valentini<\/strong> iba a estar a cargo de un nuevo Juzgado de Familia, el N\u00b03, cuya creaci\u00f3n hab\u00eda sido anunciada el pasado mes de junio. Ahora, el nuevo organismo, se encuentra aplazado. (<b>InfoGEI<\/b>)Ap<\/p>\n<\/div>\n<div id=\"modulo_banners_bajo_noticia\" class=\"\"><\/div>\n","protected":false},"excerpt":{"rendered":"<div class=\"mh-excerpt\"><p>La Suprema Corte de Justicia de la Provincia de Buenos Aires apart\u00f3 de su cargo a la titular del Juzgado de Familia N\u00b01 de Pilar, Mariana Valentini, medida que se llev\u00f3 a cabo tras corroborar <a class=\"mh-excerpt-more\" href=\"https:\/\/larevistadigital.com.ar\/blog\/pilar-suspenden-a-una-jueza-por-graves-irregularidades\/\" title=\"PILAR: SUSPENDEN A UNA JUEZA POR \u00abGRAVES IRREGULARIDADES\u00bb\">[Leer M\u00e1s]<\/a><\/p>\n<\/div>","protected":false},"author":3,"featured_media":27181,"comment_status":"open","ping_status":"open","sticky":false,"template":"","format":"standard","meta":{"_jetpack_memberships_contains_paid_content":false,"footnotes":"","jetpack_publicize_message":"","jetpack_publicize_feature_enabled":true,"jetpack_social_post_already_shared":true,"jetpack_social_options":{"image_generator_settings":{"template":"highway","default_image_id":0,"font":"","enabled":false},"version":2}},"categories":[44,51],"tags":[],"class_list":{"0":"post-27180","1":"post","2":"type-post","3":"status-publish","4":"format-standard","5":"has-post-thumbnail","7":"category-policiales","8":"category-regionales"},"jetpack_publicize_connections":[],"jetpack_featured_media_url":"https:\/\/i0.wp.com\/larevistadigital.com.ar\/blog\/wp-content\/uploads\/20220820102728_suspenden-a-una-jueza-de-pilar-por-graves-irregularidades-en-sus-funciones.jpg?fit=880%2C512&ssl=1","jetpack_sharing_enabled":true,"jetpack_shortlink":"https:\/\/wp.me\/p8qtrQ-74o","jetpack-related-posts":[{"id":31124,"url":"https:\/\/larevistadigital.com.ar\/blog\/destituyeron-a-un-fiscal-por-irregularidades-y-graves-delitos\/","url_meta":{"origin":27180,"position":0},"title":"DESTITUYERON A UN FISCAL POR IRREGULARIDADES Y GRAVES DELITOS","author":"Alejandro Sosa Ruda","date":"19 abril, 2023","format":false,"excerpt":"El Jurado de Enjuiciamiento de Magistrados y Funcionarios de la provincia de Buenos Aires decidi\u00f3 por amplia mayor\u00eda destituir de su cargo de fiscal de San Isidro Claudio Scapolan. 19 de abril de 2023 SAN ISIDRO -\u00a0 Con 9 votos a favor y uno en contra, el Jurado de Enjuiciamiento\u2026","rel":"","context":"En \u00abINTERES GENERAL\u00bb","block_context":{"text":"INTERES GENERAL","link":"https:\/\/larevistadigital.com.ar\/blog\/category\/interes-general\/"},"img":{"alt_text":"","src":"https:\/\/i0.wp.com\/larevistadigital.com.ar\/blog\/wp-content\/uploads\/20230419161947_fiscal-san-isidro-claudio-scapolan.jpg?fit=880%2C512&ssl=1&resize=350%2C200","width":350,"height":200,"srcset":"https:\/\/i0.wp.com\/larevistadigital.com.ar\/blog\/wp-content\/uploads\/20230419161947_fiscal-san-isidro-claudio-scapolan.jpg?fit=880%2C512&ssl=1&resize=350%2C200 1x, https:\/\/i0.wp.com\/larevistadigital.com.ar\/blog\/wp-content\/uploads\/20230419161947_fiscal-san-isidro-claudio-scapolan.jpg?fit=880%2C512&ssl=1&resize=525%2C300 1.5x, https:\/\/i0.wp.com\/larevistadigital.com.ar\/blog\/wp-content\/uploads\/20230419161947_fiscal-san-isidro-claudio-scapolan.jpg?fit=880%2C512&ssl=1&resize=700%2C400 2x"},"classes":[]},{"id":10155,"url":"https:\/\/larevistadigital.com.ar\/blog\/chascomus-uno-de-los-directores-del-hospital-municipal-habria-cometido-graves-irregularidades\/","url_meta":{"origin":27180,"position":1},"title":"CHASCOM\u00daS: UNO DE LOS DIRECTORES DEL HOSPITAL MUNICIPAL HABR\u00cdA COMETIDO GRAVES IRREGULARIDADES","author":"Alejandro Sosa Ruda","date":"14 mayo, 2019","format":false,"excerpt":"El profesional habr\u00eda fraguado m\u00e1s de 200 atenciones que no se hicieron. Todo comenz\u00f3 cuando se evidencia desde el circulo m\u00e9dico un alto descuento por IOMA a la capita de pacientes no atendidos en Chascom\u00fas de la obra social IOMA . Este elevado n\u00famero de atenciones, provoc\u00f3 que desde el\u2026","rel":"","context":"En \u00abDESTACADAS\u00bb","block_context":{"text":"DESTACADAS","link":"https:\/\/larevistadigital.com.ar\/blog\/category\/destacadas\/"},"img":{"alt_text":"","src":"https:\/\/i0.wp.com\/larevistadigital.com.ar\/blog\/wp-content\/uploads\/2019\/05\/120501120629-doctor-money-cash-underpaid-story-top.jpg?fit=621%2C355&ssl=1&resize=350%2C200","width":350,"height":200,"srcset":"https:\/\/i0.wp.com\/larevistadigital.com.ar\/blog\/wp-content\/uploads\/2019\/05\/120501120629-doctor-money-cash-underpaid-story-top.jpg?fit=621%2C355&ssl=1&resize=350%2C200 1x, https:\/\/i0.wp.com\/larevistadigital.com.ar\/blog\/wp-content\/uploads\/2019\/05\/120501120629-doctor-money-cash-underpaid-story-top.jpg?fit=621%2C355&ssl=1&resize=525%2C300 1.5x"},"classes":[]},{"id":22144,"url":"https:\/\/larevistadigital.com.ar\/blog\/la-elegida-como-presidente-de-la-comision-del-barrio-san-cayetano-sufrio-dos-robos-en-el-fin-de-semana-y-denuncia-irregularidades-graves\/","url_meta":{"origin":27180,"position":2},"title":"LA ELEGIDA COMO PRESIDENTE DE LA COMISI\u00d3N DEL BARRIO SAN CAYETANO SUFRI\u00d3 DOS ROBOS EN EL FIN DE SEMANA, Y DENUNCIA IRREGULARIDADES GRAVES","author":"Alejandro Sosa Ruda","date":"28 septiembre, 2021","format":false,"excerpt":"La nueva presidente de la Comisi\u00f3n, denunci\u00f3 dos robos consecutivos (viernes y s\u00e1bado) adem\u00e1s de serias irregularidades por parte de \"Relaciones Institucionales\" del Municipio. CHASCOM\u00daS -\u00a0En una entrevista radial, durante el programa \"Ataque de Radio\" que conducen Alejandro \"El Tano\" Sosa y Carlos Lasserre por la FM ACTIVA (93.1 mhtz)\u2026","rel":"","context":"En \u00abINTERES GENERAL\u00bb","block_context":{"text":"INTERES GENERAL","link":"https:\/\/larevistadigital.com.ar\/blog\/category\/interes-general\/"},"img":{"alt_text":"","src":"https:\/\/i0.wp.com\/larevistadigital.com.ar\/blog\/wp-content\/uploads\/WhatsApp-Image-2021-09-24-at-21.13.20.jpeg?fit=1200%2C675&ssl=1&resize=350%2C200","width":350,"height":200,"srcset":"https:\/\/i0.wp.com\/larevistadigital.com.ar\/blog\/wp-content\/uploads\/WhatsApp-Image-2021-09-24-at-21.13.20.jpeg?fit=1200%2C675&ssl=1&resize=350%2C200 1x, https:\/\/i0.wp.com\/larevistadigital.com.ar\/blog\/wp-content\/uploads\/WhatsApp-Image-2021-09-24-at-21.13.20.jpeg?fit=1200%2C675&ssl=1&resize=525%2C300 1.5x, https:\/\/i0.wp.com\/larevistadigital.com.ar\/blog\/wp-content\/uploads\/WhatsApp-Image-2021-09-24-at-21.13.20.jpeg?fit=1200%2C675&ssl=1&resize=700%2C400 2x, https:\/\/i0.wp.com\/larevistadigital.com.ar\/blog\/wp-content\/uploads\/WhatsApp-Image-2021-09-24-at-21.13.20.jpeg?fit=1200%2C675&ssl=1&resize=1050%2C600 3x"},"classes":[]},{"id":3611,"url":"https:\/\/larevistadigital.com.ar\/blog\/chascomus-lamentable-primicia-fallecio-una-mujer-accidentada-no-habrian-podido-operarla-tiempo\/","url_meta":{"origin":27180,"position":3},"title":"CHASCOM\u00daS: LAMENTABLE PRIMICIA. FALLECI\u00d3 UNA MUJER ACCIDENTADA. NO HABR\u00cdAN PODIDO OPERARLA  CON LA URGENCIA DEL CASO","author":"Alejandro Sosa Ruda","date":"27 octubre, 2017","format":false,"excerpt":"Una mujer que sufri\u00f3 las consecuencias de un accidente automovil\u00edstico ocurrido por la tarde habr\u00eda fallecido por las graves lesiones que tuvo como consecuencia del siniestro, y seg\u00fan comentaron fuentes altamente confiables a LRD el deceso habr\u00eda ocurrido por las graves lesiones que presentaba la se\u00f1ora, y lo peor, es\u2026","rel":"","context":"En \u00abDESTACADAS\u00bb","block_context":{"text":"DESTACADAS","link":"https:\/\/larevistadigital.com.ar\/blog\/category\/destacadas\/"},"img":{"alt_text":"","src":"https:\/\/i0.wp.com\/larevistadigital.com.ar\/blog\/wp-content\/uploads\/2017\/10\/22730318_1588559504497487_4180207929121000854_n.jpg?fit=650%2C596&ssl=1&resize=350%2C200","width":350,"height":200,"srcset":"https:\/\/i0.wp.com\/larevistadigital.com.ar\/blog\/wp-content\/uploads\/2017\/10\/22730318_1588559504497487_4180207929121000854_n.jpg?fit=650%2C596&ssl=1&resize=350%2C200 1x, https:\/\/i0.wp.com\/larevistadigital.com.ar\/blog\/wp-content\/uploads\/2017\/10\/22730318_1588559504497487_4180207929121000854_n.jpg?fit=650%2C596&ssl=1&resize=525%2C300 1.5x"},"classes":[]},{"id":10252,"url":"https:\/\/larevistadigital.com.ar\/blog\/chascomus-el-intendente-removio-del-cargo-de-director-del-hospital-municipal-al-doctor-martin-pezoa\/","url_meta":{"origin":27180,"position":4},"title":"CHASCOM\u00daS: EL INTENDENTE REMOVI\u00d3 DEL CARGO DE DIRECTOR DEL HOSPITAL MUNICIPAL AL DOCTOR MART\u00cdN PEZOA","author":"Alejandro Sosa Ruda","date":"21 mayo, 2019","format":false,"excerpt":"Luego de la informaci\u00f3n que publicamos en primicia de las irregularidades detectadas por Femeba, respecto del cobro de prestaciones por el doctor Mart\u00edn Pesoa a pacientes que no hab\u00edan sido atendidos, el Secretario de gobierno, Cipriano P\u00e9rez del Cerro, respondi\u00f3 el requerimiento de los concejales por el proyecto de comunicaci\u00f3n\u2026","rel":"","context":"En \u00abDESTACADAS\u00bb","block_context":{"text":"DESTACADAS","link":"https:\/\/larevistadigital.com.ar\/blog\/category\/destacadas\/"},"img":{"alt_text":"","src":"https:\/\/i0.wp.com\/larevistadigital.com.ar\/blog\/wp-content\/uploads\/2017\/11\/hospi1-1024x767-111-700x524.jpg?fit=700%2C524&ssl=1&resize=350%2C200","width":350,"height":200,"srcset":"https:\/\/i0.wp.com\/larevistadigital.com.ar\/blog\/wp-content\/uploads\/2017\/11\/hospi1-1024x767-111-700x524.jpg?fit=700%2C524&ssl=1&resize=350%2C200 1x, https:\/\/i0.wp.com\/larevistadigital.com.ar\/blog\/wp-content\/uploads\/2017\/11\/hospi1-1024x767-111-700x524.jpg?fit=700%2C524&ssl=1&resize=525%2C300 1.5x, https:\/\/i0.wp.com\/larevistadigital.com.ar\/blog\/wp-content\/uploads\/2017\/11\/hospi1-1024x767-111-700x524.jpg?fit=700%2C524&ssl=1&resize=700%2C400 2x"},"classes":[]},{"id":23516,"url":"https:\/\/larevistadigital.com.ar\/blog\/nena-de-9-anos-apunalo-a-su-padrastro-cuando-golpeaba-a-su-mama\/","url_meta":{"origin":27180,"position":5},"title":"NENA DE 9 A\u00d1OS APU\u00d1AL\u00d3 A SU PADRASTRO CUANDO GOLPEABA A SU MAM\u00c1","author":"Alejandro Sosa Ruda","date":"22 enero, 2022","format":false,"excerpt":"Mientras el hombre contin\u00faa internado, la causa fue caratulada como \u201cLesiones graves\u201d y qued\u00f3 a cargo del fiscal de la Unidad Funcional N\u00b0 4 de Pilar. Por estas horas se espera la declaraci\u00f3n testimonial de la madre de la nena. PABLO NOGU\u00c9S -\u00a0 Una nena de 9 a\u00f1os sali\u00f3 en\u2026","rel":"","context":"En \u00abINTERES GENERAL\u00bb","block_context":{"text":"INTERES GENERAL","link":"https:\/\/larevistadigital.com.ar\/blog\/category\/interes-general\/"},"img":{"alt_text":"","src":"https:\/\/i0.wp.com\/larevistadigital.com.ar\/blog\/wp-content\/uploads\/20220119175916_patrullero-2.jpg?fit=880%2C512&ssl=1&resize=350%2C200","width":350,"height":200,"srcset":"https:\/\/i0.wp.com\/larevistadigital.com.ar\/blog\/wp-content\/uploads\/20220119175916_patrullero-2.jpg?fit=880%2C512&ssl=1&resize=350%2C200 1x, https:\/\/i0.wp.com\/larevistadigital.com.ar\/blog\/wp-content\/uploads\/20220119175916_patrullero-2.jpg?fit=880%2C512&ssl=1&resize=525%2C300 1.5x, https:\/\/i0.wp.com\/larevistadigital.com.ar\/blog\/wp-content\/uploads\/20220119175916_patrullero-2.jpg?fit=880%2C512&ssl=1&resize=700%2C400 2x"},"classes":[]}],"_links":{"self":[{"href":"https:\/\/larevistadigital.com.ar\/blog\/wp-json\/wp\/v2\/posts\/27180","targetHints":{"allow":["GET"]}}],"collection":[{"href":"https:\/\/larevistadigital.com.ar\/blog\/wp-json\/wp\/v2\/posts"}],"about":[{"href":"https:\/\/larevistadigital.com.ar\/blog\/wp-json\/wp\/v2\/types\/post"}],"author":[{"embeddable":true,"href":"https:\/\/larevistadigital.com.ar\/blog\/wp-json\/wp\/v2\/users\/3"}],"replies":[{"embeddable":true,"href":"https:\/\/larevistadigital.com.ar\/blog\/wp-json\/wp\/v2\/comments?post=27180"}],"version-history":[{"count":1,"href":"https:\/\/larevistadigital.com.ar\/blog\/wp-json\/wp\/v2\/posts\/27180\/revisions"}],"predecessor-version":[{"id":27182,"href":"https:\/\/larevistadigital.com.ar\/blog\/wp-json\/wp\/v2\/posts\/27180\/revisions\/27182"}],"wp:featuredmedia":[{"embeddable":true,"href":"https:\/\/larevistadigital.com.ar\/blog\/wp-json\/wp\/v2\/media\/27181"}],"wp:attachment":[{"href":"https:\/\/larevistadigital.com.ar\/blog\/wp-json\/wp\/v2\/media?parent=27180"}],"wp:term":[{"taxonomy":"category","embeddable":true,"href":"https:\/\/larevistadigital.com.ar\/blog\/wp-json\/wp\/v2\/categories?post=27180"},{"taxonomy":"post_tag","embeddable":true,"href":"https:\/\/larevistadigital.com.ar\/blog\/wp-json\/wp\/v2\/tags?post=27180"}],"curies":[{"name":"wp","href":"https:\/\/api.w.org\/{rel}","templated":true}]}}