{"id":27188,"date":"2022-08-21T23:41:56","date_gmt":"2022-08-21T23:41:56","guid":{"rendered":"https:\/\/larevistadigital.com.ar\/blog\/?p=27188"},"modified":"2022-08-21T23:41:56","modified_gmt":"2022-08-21T23:41:56","slug":"bernal-forcejeo-con-un-ladron-le-arrebato-el-cuchillo-y-lo-mato-de-una-punalada","status":"publish","type":"post","link":"https:\/\/larevistadigital.com.ar\/blog\/bernal-forcejeo-con-un-ladron-le-arrebato-el-cuchillo-y-lo-mato-de-una-punalada\/","title":{"rendered":"BERNAL: FORCEJE\u00d3 CON UN LADR\u00d3N, LE ARREBAT\u00d3 EL CUCHILLO Y LO MAT\u00d3 DE UNA PU\u00d1ALADA"},"content":{"rendered":"<h2 class=\"fparrafo ctext fz18 lh25\">Un hombre que se resisti\u00f3 a un asalto mat\u00f3 este s\u00e1bado a uno de los tres delincuentes que intentaron robarle el auto frente a su casa de Bernal Oeste, mientras que otro fue asesinado de un balazo en el cuello luego de un conflicto vecinal en la misma zona, informaron fuentes judiciales. Un vecino de Bernal se defendi\u00f3 de un asalto y acuchill\u00f3 mortalmente a uno de los tres delincuentes; casi al mismo tiempo, un hombre fue asesinado a pocas cuadras de ese intento de robo.<\/h2>\n<p>21 de agosto de 2022<\/p>\n<p class=\"selectionShareable\"><strong>BERNAL &#8211;\u00a0<\/strong> El hecho se registr\u00f3 este s\u00e1bado a la ma\u00f1ana en la esquina de las calles Roque Cisterna y Calle 169, en dicha localidad, que seg\u00fan informaron fuentes judiciales, un hombre llegaba a bordo de un autom\u00f3vil a su vivienda, fue abordado por tres delincuentes, quienes lo intimidaron con un arma blanca y le exigieron que entregara el rodado, tras lo cual se resisti\u00f3 y comenz\u00f3 a forcejear con ellos.<\/p>\n<blockquote>\n<h3 class=\"selectionShareable\">En determinado momento el conductor logr\u00f3 zafarse, le quit\u00f3 el cuchillo a uno de los ladrones y logr\u00f3 apu\u00f1alarlo. El delincuente cay\u00f3 al suelo malherido y finalmente falleci\u00f3 en el lugar, mientras que los c\u00f3mplices escaparon.<\/h3>\n<\/blockquote>\n<p class=\"selectionShareable\">Seg\u00fan consigna Perspectiva Sur, interviene en la causa la fiscal Mariana Curra Zamaniego, a cargo de la Unidad Funcional de Instrucci\u00f3n (UFI) 6 del Departamento Judicial de Quilmes, quien luego de analizar las c\u00e1maras de seguridad ubicadas en la zona determin\u00f3 que el due\u00f1o del veh\u00edculo actu\u00f3 en leg\u00edtima defensa.<\/p>\n<blockquote>\n<h3 class=\"selectionShareable\">A su vez, un testigo relat\u00f3 que previamente tambi\u00e9n hab\u00eda sufrido el intento de robo de su auto por asaltantes de caracter\u00edsticas similares, informaron fuentes judiciales.<\/h3>\n<\/blockquote>\n<p class=\"selectionShareable\">Por otro lado, en la denominada \u201cVilla Sprinfield\u201d, situada a pocas cuadras del lugar y tambi\u00e9n en esta madrugada, un hombre fue asesinado de un balazo en el cuello. De acuerdo a lo informado, el crimen ocurri\u00f3 en el marco de un conflicto de larga data entre familias del lugar.<\/p>\n<p class=\"selectionShareable\">Tambi\u00e9n intervino en la causa la fiscal Curra Zamaniego, que imparti\u00f3 una serie de directivas tendientes a esclarecer el crimen. (<b>InfoGEI<\/b>)Jd<\/p>\n<p>&nbsp;<\/p>\n","protected":false},"excerpt":{"rendered":"<div class=\"mh-excerpt\"><p>Un hombre que se resisti\u00f3 a un asalto mat\u00f3 este s\u00e1bado a uno de los tres delincuentes que intentaron robarle el auto frente a su casa de Bernal Oeste, mientras que otro fue asesinado de <a class=\"mh-excerpt-more\" href=\"https:\/\/larevistadigital.com.ar\/blog\/bernal-forcejeo-con-un-ladron-le-arrebato-el-cuchillo-y-lo-mato-de-una-punalada\/\" title=\"BERNAL: FORCEJE\u00d3 CON UN LADR\u00d3N, LE ARREBAT\u00d3 EL CUCHILLO Y LO MAT\u00d3 DE UNA PU\u00d1ALADA\">[Leer M\u00e1s]<\/a><\/p>\n<\/div>","protected":false},"author":3,"featured_media":27189,"comment_status":"open","ping_status":"open","sticky":false,"template":"","format":"standard","meta":{"_jetpack_memberships_contains_paid_content":false,"footnotes":"","jetpack_publicize_message":"","jetpack_publicize_feature_enabled":true,"jetpack_social_post_already_shared":true,"jetpack_social_options":{"image_generator_settings":{"template":"highway","default_image_id":0,"font":"","enabled":false},"version":2}},"categories":[44,51],"tags":[],"class_list":{"0":"post-27188","1":"post","2":"type-post","3":"status-publish","4":"format-standard","5":"has-post-thumbnail","7":"category-policiales","8":"category-regionales"},"jetpack_publicize_connections":[],"jetpack_featured_media_url":"https:\/\/i0.wp.com\/larevistadigital.com.ar\/blog\/wp-content\/uploads\/20220821171121_auto-policial-bernal.jpg?fit=880%2C512&ssl=1","jetpack_sharing_enabled":true,"jetpack_shortlink":"https:\/\/wp.me\/p8qtrQ-74w","jetpack-related-posts":[{"id":14470,"url":"https:\/\/larevistadigital.com.ar\/blog\/14470-2\/","url_meta":{"origin":27188,"position":0},"title":"MATAN A UN CAJERO EN INTENTO DE ROBO A BANCO EN ISIDRO CASANOVA","author":"Alejandro Sosa Ruda","date":"31 enero, 2020","format":false,"excerpt":"En un intento de robo fue asesinado un cajero\u00a0de la sucursal Isidro Casanova del\u00a0Banco Naci\u00f3n. El asalto fue protagonizado por al menos tres delincuentes armados con una ametralladora que se enfrentaron a tiros con un integrante de la Polic\u00eda Federal que estaba dentro de la sucursal bancaria. Seg\u00fan inform\u00f3 LA\u2026","rel":"","context":"En \u00abDESTACADAS\u00bb","block_context":{"text":"DESTACADAS","link":"https:\/\/larevistadigital.com.ar\/blog\/category\/destacadas\/"},"img":{"alt_text":"","src":"https:\/\/i0.wp.com\/larevistadigital.com.ar\/blog\/wp-content\/uploads\/3186962w1033.jpg?fit=1033%2C688&ssl=1&resize=350%2C200","width":350,"height":200,"srcset":"https:\/\/i0.wp.com\/larevistadigital.com.ar\/blog\/wp-content\/uploads\/3186962w1033.jpg?fit=1033%2C688&ssl=1&resize=350%2C200 1x, https:\/\/i0.wp.com\/larevistadigital.com.ar\/blog\/wp-content\/uploads\/3186962w1033.jpg?fit=1033%2C688&ssl=1&resize=525%2C300 1.5x, https:\/\/i0.wp.com\/larevistadigital.com.ar\/blog\/wp-content\/uploads\/3186962w1033.jpg?fit=1033%2C688&ssl=1&resize=700%2C400 2x"},"classes":[]},{"id":22505,"url":"https:\/\/larevistadigital.com.ar\/blog\/salvajes-asaltan-a-pareja-de-jubilados-en-villa-gesell-y-el-hombre-murio-por-los-golpes\/","url_meta":{"origin":27188,"position":1},"title":"SALVAJES: ASALTAN A PAREJA DE JUBILADOS EN VILLA GESELL, Y EL HOMBRE MURI\u00d3 POR LOS GOLPES","author":"Alejandro Sosa Ruda","date":"28 octubre, 2021","format":false,"excerpt":"Fuentes judiciales informaron que los delincuentes ataron de pies y manos a la pareja y comenzaron a exigirle sus pertenencias. La titular de la Unidad Funcional de Instrucci\u00f3n (UFI) 6 descentralizada en Villa Gesell orden\u00f3 una autopsia para determinar el hombre muri\u00f3 a ra\u00edz de la golpiza o, si en\u2026","rel":"","context":"En \u00abPOLICIALES\u00bb","block_context":{"text":"POLICIALES","link":"https:\/\/larevistadigital.com.ar\/blog\/category\/policiales\/"},"img":{"alt_text":"","src":"https:\/\/i0.wp.com\/larevistadigital.com.ar\/blog\/wp-content\/uploads\/20211027132227_villa.jpg?fit=880%2C512&ssl=1&resize=350%2C200","width":350,"height":200,"srcset":"https:\/\/i0.wp.com\/larevistadigital.com.ar\/blog\/wp-content\/uploads\/20211027132227_villa.jpg?fit=880%2C512&ssl=1&resize=350%2C200 1x, https:\/\/i0.wp.com\/larevistadigital.com.ar\/blog\/wp-content\/uploads\/20211027132227_villa.jpg?fit=880%2C512&ssl=1&resize=525%2C300 1.5x, https:\/\/i0.wp.com\/larevistadigital.com.ar\/blog\/wp-content\/uploads\/20211027132227_villa.jpg?fit=880%2C512&ssl=1&resize=700%2C400 2x"},"classes":[]},{"id":14216,"url":"https:\/\/larevistadigital.com.ar\/blog\/policia-mato-a-uno-de-los-delincuentes-que-intentaron-asaltarlo\/","url_meta":{"origin":27188,"position":2},"title":"POLIC\u00cdA MAT\u00d3 A UNO DE LOS DELINCUENTES QUE INTENTARON ASALTARLO","author":"Alejandro Sosa Ruda","date":"15 enero, 2020","format":false,"excerpt":"Sucedi\u00f3 despu\u00e9s de las diez de la noche en el interior de Parque Camet. Personal de Asesor\u00eda Pericial trabaja bajo las \u00f3rdenes del fiscal Juan Pablo L\u00f3dola. MAR DEL PLATA- Un efectivo policial que estaba con su novia en el interior de Parque Camet mat\u00f3 el mi\u00e9rcoles por la noche\u2026","rel":"","context":"En \u00abPOLICIALES\u00bb","block_context":{"text":"POLICIALES","link":"https:\/\/larevistadigital.com.ar\/blog\/category\/policiales\/"},"img":{"alt_text":"","src":"https:\/\/i0.wp.com\/larevistadigital.com.ar\/blog\/wp-content\/uploads\/2018\/03\/Policia-allanamiento-noche.jpg?fit=777%2C498&ssl=1&resize=350%2C200","width":350,"height":200,"srcset":"https:\/\/i0.wp.com\/larevistadigital.com.ar\/blog\/wp-content\/uploads\/2018\/03\/Policia-allanamiento-noche.jpg?fit=777%2C498&ssl=1&resize=350%2C200 1x, https:\/\/i0.wp.com\/larevistadigital.com.ar\/blog\/wp-content\/uploads\/2018\/03\/Policia-allanamiento-noche.jpg?fit=777%2C498&ssl=1&resize=525%2C300 1.5x, https:\/\/i0.wp.com\/larevistadigital.com.ar\/blog\/wp-content\/uploads\/2018\/03\/Policia-allanamiento-noche.jpg?fit=777%2C498&ssl=1&resize=700%2C400 2x"},"classes":[]},{"id":16723,"url":"https:\/\/larevistadigital.com.ar\/blog\/comerciante-mata-a-tiros-a-delincuente-mientras-los-vecinos-reducen-a-un-complice\/","url_meta":{"origin":27188,"position":3},"title":"COMERCIANTE MATA A TIROS A DELINCUENTE MIENTRAS LOS VECINOS REDUCEN A UN C\u00d3MPLICE","author":"Alejandro Sosa Ruda","date":"5 octubre, 2020","format":false,"excerpt":"Seg\u00fan testigos, en medio del forcejeo, el panadero le arrebat\u00f3 a un delincuente su arma y efectu\u00f3 varios disparos que impactaron en el segundo c\u00f3mplice, quien cay\u00f3 muerto. Otros dos asaltantes huyeron y est\u00e1n pr\u00f3fugos. Sucedi\u00f3 en La Matanza. LA MATANZA - Un comerciante mat\u00f3 a tiros a uno de\u2026","rel":"","context":"En \u00abINTERES GENERAL\u00bb","block_context":{"text":"INTERES GENERAL","link":"https:\/\/larevistadigital.com.ar\/blog\/category\/interes-general\/"},"img":{"alt_text":"","src":"https:\/\/i0.wp.com\/larevistadigital.com.ar\/blog\/wp-content\/uploads\/20201004194053_5920857ae5643_1004x565.jpg?fit=880%2C586&ssl=1&resize=350%2C200","width":350,"height":200,"srcset":"https:\/\/i0.wp.com\/larevistadigital.com.ar\/blog\/wp-content\/uploads\/20201004194053_5920857ae5643_1004x565.jpg?fit=880%2C586&ssl=1&resize=350%2C200 1x, https:\/\/i0.wp.com\/larevistadigital.com.ar\/blog\/wp-content\/uploads\/20201004194053_5920857ae5643_1004x565.jpg?fit=880%2C586&ssl=1&resize=525%2C300 1.5x, https:\/\/i0.wp.com\/larevistadigital.com.ar\/blog\/wp-content\/uploads\/20201004194053_5920857ae5643_1004x565.jpg?fit=880%2C586&ssl=1&resize=700%2C400 2x"},"classes":[]},{"id":25094,"url":"https:\/\/larevistadigital.com.ar\/blog\/delincuente-ataca-a-un-automovilista-a-piedrazos-para-robarle-y-la-victima-lo-mato-a-balazos\/","url_meta":{"origin":27188,"position":4},"title":"DELINCUENTE ATACA A UN AUTOMOVILISTA A PIEDRAZOS PARA ROBARLE Y LA V\u00cdCTIMA LO MATO A BALAZOS","author":"Alejandro Sosa Ruda","date":"15 abril, 2022","format":false,"excerpt":"Un joven fue asesinado a tiros\u00a0durante un aparente intento de robo en la autopista Rosario-C\u00f3rdoba, antes del ingreso a la ciudad santafesina. El hecho ocurri\u00f3 en la noche del mi\u00e9rcoles, a la altura del Puente Wilde y a 300 metros de la avenida de Circunvalaci\u00f3n. Seg\u00fan el primer reporte policial,\u2026","rel":"","context":"En \u00abINTERES GENERAL\u00bb","block_context":{"text":"INTERES GENERAL","link":"https:\/\/larevistadigital.com.ar\/blog\/category\/interes-general\/"},"img":{"alt_text":"","src":"https:\/\/i0.wp.com\/larevistadigital.com.ar\/blog\/wp-content\/uploads\/PIEDRAS-CONRA-TIROS.jpg?fit=1200%2C591&ssl=1&resize=350%2C200","width":350,"height":200,"srcset":"https:\/\/i0.wp.com\/larevistadigital.com.ar\/blog\/wp-content\/uploads\/PIEDRAS-CONRA-TIROS.jpg?fit=1200%2C591&ssl=1&resize=350%2C200 1x, https:\/\/i0.wp.com\/larevistadigital.com.ar\/blog\/wp-content\/uploads\/PIEDRAS-CONRA-TIROS.jpg?fit=1200%2C591&ssl=1&resize=525%2C300 1.5x, https:\/\/i0.wp.com\/larevistadigital.com.ar\/blog\/wp-content\/uploads\/PIEDRAS-CONRA-TIROS.jpg?fit=1200%2C591&ssl=1&resize=700%2C400 2x, https:\/\/i0.wp.com\/larevistadigital.com.ar\/blog\/wp-content\/uploads\/PIEDRAS-CONRA-TIROS.jpg?fit=1200%2C591&ssl=1&resize=1050%2C600 3x"},"classes":[]},{"id":20833,"url":"https:\/\/larevistadigital.com.ar\/blog\/quiso-defener-a-su-cuanada-y-fue-asesiado-por-su-hermano\/","url_meta":{"origin":27188,"position":5},"title":"QUISO DEFENER A SU CUA\u00d1ADA, Y FUE ASESINADO POR SU HERMANO","author":"Alejandro Sosa Ruda","date":"22 junio, 2021","format":false,"excerpt":"Un\u00a0hombre fue asesinado de un balazo por su hermano cuando sali\u00f3 en defensa de su cu\u00f1ada, que era v\u00edctima de violencia de g\u00e9nero. Un hombre fue asesinado de un balazo por su hermano cuando sali\u00f3 en defensa de su cu\u00f1ada, que era v\u00edctima de violencia de g\u00e9nero, en una vivienda\u2026","rel":"","context":"En \u00abINTERES GENERAL\u00bb","block_context":{"text":"INTERES GENERAL","link":"https:\/\/larevistadigital.com.ar\/blog\/category\/interes-general\/"},"img":{"alt_text":"","src":"https:\/\/i0.wp.com\/larevistadigital.com.ar\/blog\/wp-content\/uploads\/0007698692.jpeg?fit=1004%2C565&ssl=1&resize=350%2C200","width":350,"height":200,"srcset":"https:\/\/i0.wp.com\/larevistadigital.com.ar\/blog\/wp-content\/uploads\/0007698692.jpeg?fit=1004%2C565&ssl=1&resize=350%2C200 1x, https:\/\/i0.wp.com\/larevistadigital.com.ar\/blog\/wp-content\/uploads\/0007698692.jpeg?fit=1004%2C565&ssl=1&resize=525%2C300 1.5x, https:\/\/i0.wp.com\/larevistadigital.com.ar\/blog\/wp-content\/uploads\/0007698692.jpeg?fit=1004%2C565&ssl=1&resize=700%2C400 2x"},"classes":[]}],"_links":{"self":[{"href":"https:\/\/larevistadigital.com.ar\/blog\/wp-json\/wp\/v2\/posts\/27188","targetHints":{"allow":["GET"]}}],"collection":[{"href":"https:\/\/larevistadigital.com.ar\/blog\/wp-json\/wp\/v2\/posts"}],"about":[{"href":"https:\/\/larevistadigital.com.ar\/blog\/wp-json\/wp\/v2\/types\/post"}],"author":[{"embeddable":true,"href":"https:\/\/larevistadigital.com.ar\/blog\/wp-json\/wp\/v2\/users\/3"}],"replies":[{"embeddable":true,"href":"https:\/\/larevistadigital.com.ar\/blog\/wp-json\/wp\/v2\/comments?post=27188"}],"version-history":[{"count":1,"href":"https:\/\/larevistadigital.com.ar\/blog\/wp-json\/wp\/v2\/posts\/27188\/revisions"}],"predecessor-version":[{"id":27190,"href":"https:\/\/larevistadigital.com.ar\/blog\/wp-json\/wp\/v2\/posts\/27188\/revisions\/27190"}],"wp:featuredmedia":[{"embeddable":true,"href":"https:\/\/larevistadigital.com.ar\/blog\/wp-json\/wp\/v2\/media\/27189"}],"wp:attachment":[{"href":"https:\/\/larevistadigital.com.ar\/blog\/wp-json\/wp\/v2\/media?parent=27188"}],"wp:term":[{"taxonomy":"category","embeddable":true,"href":"https:\/\/larevistadigital.com.ar\/blog\/wp-json\/wp\/v2\/categories?post=27188"},{"taxonomy":"post_tag","embeddable":true,"href":"https:\/\/larevistadigital.com.ar\/blog\/wp-json\/wp\/v2\/tags?post=27188"}],"curies":[{"name":"wp","href":"https:\/\/api.w.org\/{rel}","templated":true}]}}