{"id":27191,"date":"2022-08-21T23:51:43","date_gmt":"2022-08-21T23:51:43","guid":{"rendered":"https:\/\/larevistadigital.com.ar\/blog\/?p=27191"},"modified":"2022-08-21T23:51:43","modified_gmt":"2022-08-21T23:51:43","slug":"el-radicalismo-de-la-cuarta-seccion-electoral-se-reunio-en-villegas","status":"publish","type":"post","link":"https:\/\/larevistadigital.com.ar\/blog\/el-radicalismo-de-la-cuarta-seccion-electoral-se-reunio-en-villegas\/","title":{"rendered":"EL RADICALISMO DE LA CUARTA SECCI\u00d3N ELECTORAL SE REUNI\u00d3 EN VILLEGAS"},"content":{"rendered":"<h2 class=\"fparrafo ctext fz18 lh25\">Se llev\u00f3 a cabo este s\u00e1bado en el comit\u00e9 local de la UCR, de General Villegas, un encuentro regional que reuni\u00f3 a m\u00e1s de cien dirigentes y militantes de la Cuarta Secci\u00f3n Electoral de la provincia de Buenos Aires.<\/h2>\n<p class=\"selectionShareable\"><strong>GENERAL VILLEGAS &#8211;\u00a0<\/strong> El prop\u00f3sito del encuentro fue debatir y plantear cuestiones relativas a los municipios, provincia y pa\u00eds, para ir delineando acciones a ejecutar con vistas a las elecciones del 2023.<\/p>\n<blockquote>\n<h3 class=\"selectionShareable\">Si bien, no se dio a conocer las conclusiones del encuentro, varios de los presentes, se manifestaron a trav\u00e9s de sus redes sociales.<\/h3>\n<\/blockquote>\n<p class=\"selectionShareable\">El legislador oriundo de Villegas, <strong>Valent\u00edn Miranda<\/strong>, public\u00f3 en sus cuentas de Facebook e Instagran que, \u201cnuestra historia y nuestros valores nos invitan a intercambiar y compartir para generar las mejores propuestas que las comunidades necesitan ahora y en el futuro\u201d.<\/p>\n<blockquote>\n<h3 class=\"selectionShareable\">En tanto el mandatario comunal trenquelauquense, Miguel Fern\u00e1ndez, expuso que <em>\u201cnos reunimos junto a militantes de la 4ta secci\u00f3n del radicalismo para debatir sobre educaci\u00f3n, econom\u00eda, juventud, entre otros temas, para seguir prepar\u00e1ndonos y proyectando el camino del 2023\u201d.<\/em><\/h3>\n<\/blockquote>\n<p class=\"selectionShareable\">A su vez, el presidente de UCR de General Villegas, Sebasti\u00e1n Cerrajer\u00eda se\u00f1al\u00f3 que \u201cfue una linda jornada en la que se intercambiaron ideas y se busca fortalecer al partido de cara al 2023\u201d.<\/p>\n<blockquote>\n<h3 class=\"selectionShareable\">Por su parte, la vicepresidenta de la UCR bonaerense, \u00c9rica Revilla, tuite\u00f3 en su red social: <em>\u201cEstamos convencidos de que estar al lado de la gente es la \u00fanica manera de sacar al pa\u00eds adelante. El radicalismo est\u00e1 fortalecido y m\u00e1s vivo que nunca\u201d.<\/em><\/h3>\n<\/blockquote>\n<p class=\"selectionShareable\">Seg\u00fan el portal InfoEcos, del encuentro tambi\u00e9n participaron los jefes comunales, <strong>Edgardo Battaglia (Gral Arenales), Salvador Serenal (Lincoln), Calixto Tellechea (Florentino Ameghino), Franco Flexas (General Viamonte) y V\u00edctor Aiola (Chacabuco), as\u00ed como, el senador provincial Agust\u00edn M\u00e1spoli, y la diputada provincial, Vanesa Zuccari<\/strong>, adem\u00e1s de la consejera general de educaci\u00f3n<strong> Natalia Quintana<\/strong>. \u00a0(<b>InfoGEI<\/b>)Jd<\/p>\n","protected":false},"excerpt":{"rendered":"<div class=\"mh-excerpt\"><p>Se llev\u00f3 a cabo este s\u00e1bado en el comit\u00e9 local de la UCR, de General Villegas, un encuentro regional que reuni\u00f3 a m\u00e1s de cien dirigentes y militantes de la Cuarta Secci\u00f3n Electoral de la <a class=\"mh-excerpt-more\" href=\"https:\/\/larevistadigital.com.ar\/blog\/el-radicalismo-de-la-cuarta-seccion-electoral-se-reunio-en-villegas\/\" title=\"EL RADICALISMO DE LA CUARTA SECCI\u00d3N ELECTORAL SE REUNI\u00d3 EN VILLEGAS\">[Leer M\u00e1s]<\/a><\/p>\n<\/div>","protected":false},"author":3,"featured_media":27192,"comment_status":"open","ping_status":"open","sticky":false,"template":"","format":"standard","meta":{"_jetpack_memberships_contains_paid_content":false,"footnotes":"","jetpack_publicize_message":"","jetpack_publicize_feature_enabled":true,"jetpack_social_post_already_shared":true,"jetpack_social_options":{"image_generator_settings":{"template":"highway","default_image_id":0,"font":"","enabled":false},"version":2}},"categories":[24],"tags":[],"class_list":{"0":"post-27191","1":"post","2":"type-post","3":"status-publish","4":"format-standard","5":"has-post-thumbnail","7":"category-politica-provincial"},"jetpack_publicize_connections":[],"jetpack_featured_media_url":"https:\/\/i0.wp.com\/larevistadigital.com.ar\/blog\/wp-content\/uploads\/20220821165535_ucr-cuarta-seccion-electoral.jpg?fit=880%2C512&ssl=1","jetpack_sharing_enabled":true,"jetpack_shortlink":"https:\/\/wp.me\/p8qtrQ-74z","jetpack-related-posts":[{"id":25876,"url":"https:\/\/larevistadigital.com.ar\/blog\/conmocion-en-general-villegas-docentes-dicen-basta-a-las-amenazas-que-reciben-de-los-padres\/","url_meta":{"origin":27191,"position":0},"title":"CONMOCI\u00d3N EN GENERAL VILLEGAS: DOCENTES DICEN BASTA A LAS AMENAZAS QUE RECIBEN DE LOS PADRES","author":"Alejandro Sosa Ruda","date":"13 junio, 2022","format":false,"excerpt":"Un numeroso grupo de docentes se manifest\u00f3 este viernes frente al Colegio Nacional de General Villegas, para visibilizar la situaci\u00f3n de violencia de la que vienen siendo objeto, por parte de algunos padres y madres de sus alumnos. GENERAL VILLEGAS -\u00a0 Con el acompa\u00f1amiento alumnos, algunos de sus pap\u00e1s y\u2026","rel":"","context":"En \u00abREGIONALES\u00bb","block_context":{"text":"REGIONALES","link":"https:\/\/larevistadigital.com.ar\/blog\/category\/regionales\/"},"img":{"alt_text":"","src":"https:\/\/i0.wp.com\/larevistadigital.com.ar\/blog\/wp-content\/uploads\/20220613154833_docentes-villegas-violencia-padres.jpg?fit=880%2C512&ssl=1&resize=350%2C200","width":350,"height":200,"srcset":"https:\/\/i0.wp.com\/larevistadigital.com.ar\/blog\/wp-content\/uploads\/20220613154833_docentes-villegas-violencia-padres.jpg?fit=880%2C512&ssl=1&resize=350%2C200 1x, https:\/\/i0.wp.com\/larevistadigital.com.ar\/blog\/wp-content\/uploads\/20220613154833_docentes-villegas-violencia-padres.jpg?fit=880%2C512&ssl=1&resize=525%2C300 1.5x, https:\/\/i0.wp.com\/larevistadigital.com.ar\/blog\/wp-content\/uploads\/20220613154833_docentes-villegas-violencia-padres.jpg?fit=880%2C512&ssl=1&resize=700%2C400 2x"},"classes":[]},{"id":33600,"url":"https:\/\/larevistadigital.com.ar\/blog\/general-villegas-joven-de-16-anos-asesino-a-otro-de-15-en-un-cumpleanos\/","url_meta":{"origin":27191,"position":1},"title":"GENERAL VILLEGAS: JOVEN DE 16 A\u00d1OS ASESIN\u00d3 A OTRO DE 15 EN UN CUMPLEA\u00d1OS","author":"Alejandro Sosa Ruda","date":"25 septiembre, 2023","format":false,"excerpt":"Ocurri\u00f3 tras una discusi\u00f3n entre dos chicos que \"se ten\u00edan bronca\" y la v\u00edctima, seg\u00fan cont\u00f3 su madre, \"se meti\u00f3 con sus amigos\". 25 de Septiembre de 2023 GENERAL VILLEGAS -\u00a0 \u00a0En la localidad de General Villegas, en el noroeste de la provincia de Buenos Aires, un lamentable suceso cobr\u00f3\u2026","rel":"","context":"En \u00abPOLICIALES\u00bb","block_context":{"text":"POLICIALES","link":"https:\/\/larevistadigital.com.ar\/blog\/category\/policiales\/"},"img":{"alt_text":"","src":"https:\/\/i0.wp.com\/larevistadigital.com.ar\/blog\/wp-content\/uploads\/Captura-de-pantalla-2023-09-25-165608.png?fit=1131%2C503&ssl=1&resize=350%2C200","width":350,"height":200,"srcset":"https:\/\/i0.wp.com\/larevistadigital.com.ar\/blog\/wp-content\/uploads\/Captura-de-pantalla-2023-09-25-165608.png?fit=1131%2C503&ssl=1&resize=350%2C200 1x, https:\/\/i0.wp.com\/larevistadigital.com.ar\/blog\/wp-content\/uploads\/Captura-de-pantalla-2023-09-25-165608.png?fit=1131%2C503&ssl=1&resize=525%2C300 1.5x, https:\/\/i0.wp.com\/larevistadigital.com.ar\/blog\/wp-content\/uploads\/Captura-de-pantalla-2023-09-25-165608.png?fit=1131%2C503&ssl=1&resize=700%2C400 2x, https:\/\/i0.wp.com\/larevistadigital.com.ar\/blog\/wp-content\/uploads\/Captura-de-pantalla-2023-09-25-165608.png?fit=1131%2C503&ssl=1&resize=1050%2C600 3x"},"classes":[]},{"id":39989,"url":"https:\/\/larevistadigital.com.ar\/blog\/general-villegas-kicillof-inauguro-las-obras-de-ampliacion-de-la-escuela-primaria-n45\/","url_meta":{"origin":27191,"position":2},"title":"General Villegas: Kicillof inaugur\u00f3 las obras de ampliaci\u00f3n de la Escuela Primaria N\u00b045","author":"Alejandro Sosa Ruda","date":"6 junio, 2025","format":false,"excerpt":"Adem\u00e1s, el Gobernador puso en funcionamiento la nueva sede de la Polic\u00eda Rural y entreg\u00f3 patrulleros y maquinaria agr\u00edcola. 6 de Junio de 2025 CHASCOM\u00daS\u00a0 -\u00a0 \u00a0El gobernador de la provincia de Buenos Aires, Axel Kicillof, encabez\u00f3 este viernes la inauguraci\u00f3n de la obra de ampliaci\u00f3n de la Escuela Primaria\u2026","rel":"","context":"En \u00abINTERES GENERAL\u00bb","block_context":{"text":"INTERES GENERAL","link":"https:\/\/larevistadigital.com.ar\/blog\/category\/interes-general\/"},"img":{"alt_text":"","src":"https:\/\/i0.wp.com\/larevistadigital.com.ar\/blog\/wp-content\/uploads\/Axel-Kicillof_111.jpg?fit=743%2C530&ssl=1&resize=350%2C200","width":350,"height":200,"srcset":"https:\/\/i0.wp.com\/larevistadigital.com.ar\/blog\/wp-content\/uploads\/Axel-Kicillof_111.jpg?fit=743%2C530&ssl=1&resize=350%2C200 1x, https:\/\/i0.wp.com\/larevistadigital.com.ar\/blog\/wp-content\/uploads\/Axel-Kicillof_111.jpg?fit=743%2C530&ssl=1&resize=525%2C300 1.5x, https:\/\/i0.wp.com\/larevistadigital.com.ar\/blog\/wp-content\/uploads\/Axel-Kicillof_111.jpg?fit=743%2C530&ssl=1&resize=700%2C400 2x"},"classes":[]},{"id":9691,"url":"https:\/\/larevistadigital.com.ar\/blog\/encuentro-educativo-en-dolores-con-participacion-de-consejeros-escolares-de-cambiemos\/","url_meta":{"origin":27191,"position":3},"title":"ENCUENTRO EDUCATIVO EN DOLORES, CON PARTICIPACI\u00d3N DE CONSEJEROS ESCOLARES DE CAMBIEMOS","author":"Alejandro Sosa Ruda","date":"15 abril, 2019","format":false,"excerpt":"Alrededor de mil docentes concurrieron a las instalaciones del Club Ever Ready de Dolores, donde se llev\u00f3 a cabo el Encuentro de Educaci\u00f3n de la Quinta Secci\u00f3n, durante el fin de semana. Consejeros escolares chascomunenses de Cambiemos participaron de este encuentro. Del mismo tomaron parte el Ministro de la Producci\u00f3n\u2026","rel":"","context":"En \u00abPOLITICA\u00bb","block_context":{"text":"POLITICA","link":"https:\/\/larevistadigital.com.ar\/blog\/category\/politica\/"},"img":{"alt_text":"","src":"https:\/\/i0.wp.com\/larevistadigital.com.ar\/blog\/wp-content\/uploads\/2019\/04\/56990156_419957752174685_3386169069618069504_n.jpg?fit=930%2C691&ssl=1&resize=350%2C200","width":350,"height":200,"srcset":"https:\/\/i0.wp.com\/larevistadigital.com.ar\/blog\/wp-content\/uploads\/2019\/04\/56990156_419957752174685_3386169069618069504_n.jpg?fit=930%2C691&ssl=1&resize=350%2C200 1x, https:\/\/i0.wp.com\/larevistadigital.com.ar\/blog\/wp-content\/uploads\/2019\/04\/56990156_419957752174685_3386169069618069504_n.jpg?fit=930%2C691&ssl=1&resize=525%2C300 1.5x, https:\/\/i0.wp.com\/larevistadigital.com.ar\/blog\/wp-content\/uploads\/2019\/04\/56990156_419957752174685_3386169069618069504_n.jpg?fit=930%2C691&ssl=1&resize=700%2C400 2x"},"classes":[]},{"id":34787,"url":"https:\/\/larevistadigital.com.ar\/blog\/gral-villegas-encontraron-el-cuerpo-calcinado-de-un-hombre-que-estaba-desaparecido\/","url_meta":{"origin":27191,"position":4},"title":"GRAL. VILLEGAS: ENCONTRARON EL CUERPO CALCINADO DE UN HOMBRE QUE ESTABA DESAPARECIDO","author":"Alejandro Sosa Ruda","date":"6 diciembre, 2023","format":false,"excerpt":"Aunque el cuerpo resultaba irreconocible, familiares identificaron pertenencias que no resultaron da\u00f1adas por el fuego. Los investigadores descartar\u00edan que se tratase de un accidente o un suicidio. 6 de diciembre de 2023 GRAL. VILLEGAS -\u00a0 La camioneta incendiada con un cuerpo en su interior fue hallada en un camino vecinal\u2026","rel":"","context":"En \u00abPOLICIALES\u00bb","block_context":{"text":"POLICIALES","link":"https:\/\/larevistadigital.com.ar\/blog\/category\/policiales\/"},"img":{"alt_text":"","src":"https:\/\/i0.wp.com\/larevistadigital.com.ar\/blog\/wp-content\/uploads\/20231205173235_camioneta.jpg?fit=880%2C512&ssl=1&resize=350%2C200","width":350,"height":200,"srcset":"https:\/\/i0.wp.com\/larevistadigital.com.ar\/blog\/wp-content\/uploads\/20231205173235_camioneta.jpg?fit=880%2C512&ssl=1&resize=350%2C200 1x, https:\/\/i0.wp.com\/larevistadigital.com.ar\/blog\/wp-content\/uploads\/20231205173235_camioneta.jpg?fit=880%2C512&ssl=1&resize=525%2C300 1.5x, https:\/\/i0.wp.com\/larevistadigital.com.ar\/blog\/wp-content\/uploads\/20231205173235_camioneta.jpg?fit=880%2C512&ssl=1&resize=700%2C400 2x"},"classes":[]},{"id":40050,"url":"https:\/\/larevistadigital.com.ar\/blog\/kicillof-se-reunio-con-intendentes-del-mdf-para-definir-la-estrategia-electoral\/","url_meta":{"origin":27191,"position":5},"title":"Kicillof se reuni\u00f3 con intendentes del MDF para definir la estrategia electoral","author":"Alejandro Sosa Ruda","date":"12 junio, 2025","format":false,"excerpt":"El gobernador bonaerense Axel Kicillof mantuvo un encuentro con los 42 intendentes que integran el Movimiento Derecho al Futuro (MDF), con el objetivo de consolidar el armado pol\u00edtico que respalda su figura y delinear la estrategia electoral de cara a los comicios provinciales del 6 de septiembre. La reuni\u00f3n se\u2026","rel":"","context":"En \u00abPOLITICA PROVINCIAL\u00bb","block_context":{"text":"POLITICA PROVINCIAL","link":"https:\/\/larevistadigital.com.ar\/blog\/category\/politica\/politica-provincial\/"},"img":{"alt_text":"","src":"https:\/\/i0.wp.com\/larevistadigital.com.ar\/blog\/wp-content\/uploads\/20250611161043_kicillof-mdf-estrategia-electoral-intendentes.jpg?fit=880%2C512&ssl=1&resize=350%2C200","width":350,"height":200,"srcset":"https:\/\/i0.wp.com\/larevistadigital.com.ar\/blog\/wp-content\/uploads\/20250611161043_kicillof-mdf-estrategia-electoral-intendentes.jpg?fit=880%2C512&ssl=1&resize=350%2C200 1x, https:\/\/i0.wp.com\/larevistadigital.com.ar\/blog\/wp-content\/uploads\/20250611161043_kicillof-mdf-estrategia-electoral-intendentes.jpg?fit=880%2C512&ssl=1&resize=525%2C300 1.5x, https:\/\/i0.wp.com\/larevistadigital.com.ar\/blog\/wp-content\/uploads\/20250611161043_kicillof-mdf-estrategia-electoral-intendentes.jpg?fit=880%2C512&ssl=1&resize=700%2C400 2x"},"classes":[]}],"_links":{"self":[{"href":"https:\/\/larevistadigital.com.ar\/blog\/wp-json\/wp\/v2\/posts\/27191","targetHints":{"allow":["GET"]}}],"collection":[{"href":"https:\/\/larevistadigital.com.ar\/blog\/wp-json\/wp\/v2\/posts"}],"about":[{"href":"https:\/\/larevistadigital.com.ar\/blog\/wp-json\/wp\/v2\/types\/post"}],"author":[{"embeddable":true,"href":"https:\/\/larevistadigital.com.ar\/blog\/wp-json\/wp\/v2\/users\/3"}],"replies":[{"embeddable":true,"href":"https:\/\/larevistadigital.com.ar\/blog\/wp-json\/wp\/v2\/comments?post=27191"}],"version-history":[{"count":1,"href":"https:\/\/larevistadigital.com.ar\/blog\/wp-json\/wp\/v2\/posts\/27191\/revisions"}],"predecessor-version":[{"id":27193,"href":"https:\/\/larevistadigital.com.ar\/blog\/wp-json\/wp\/v2\/posts\/27191\/revisions\/27193"}],"wp:featuredmedia":[{"embeddable":true,"href":"https:\/\/larevistadigital.com.ar\/blog\/wp-json\/wp\/v2\/media\/27192"}],"wp:attachment":[{"href":"https:\/\/larevistadigital.com.ar\/blog\/wp-json\/wp\/v2\/media?parent=27191"}],"wp:term":[{"taxonomy":"category","embeddable":true,"href":"https:\/\/larevistadigital.com.ar\/blog\/wp-json\/wp\/v2\/categories?post=27191"},{"taxonomy":"post_tag","embeddable":true,"href":"https:\/\/larevistadigital.com.ar\/blog\/wp-json\/wp\/v2\/tags?post=27191"}],"curies":[{"name":"wp","href":"https:\/\/api.w.org\/{rel}","templated":true}]}}