{"id":2754,"date":"2017-07-14T21:03:31","date_gmt":"2017-07-14T21:03:31","guid":{"rendered":"https:\/\/larevistadigital.com.ar\/blog\/?p=2754"},"modified":"2017-07-24T21:05:26","modified_gmt":"2017-07-24T21:05:26","slug":"con-varios-pedidos-al-ejecutivo-sesiono-anoche-el-concejo-deliberante","status":"publish","type":"post","link":"https:\/\/larevistadigital.com.ar\/blog\/con-varios-pedidos-al-ejecutivo-sesiono-anoche-el-concejo-deliberante\/","title":{"rendered":"Con varios pedidos al Ejecutivo, sesion\u00f3 anoche el Concejo Deliberante"},"content":{"rendered":"<p>Anoche se llev\u00f3 adelante la s\u00e9ptima sesi\u00f3n ordinaria del Concejo Deliberante contando con la totalidad de los concejales presentes.\u00a0Anoche se llev\u00f3 adelante la s\u00e9ptima sesi\u00f3n ordinaria del Concejo Deliberante contando con la totalidad de los concejales presentes.\u00a0 All\u00ed entre varios temas tratados, se fueron aprobados varios proyectos de comunicaci\u00f3n que platean la intervenci\u00f3n de la Comuna para su soluci\u00f3n, como lo es la limpieza y entubado de calle Per\u00fa y General Paz, que tuvo el acompa\u00f1amiento por mayor\u00eda del cuerpo, y donde se cont\u00f3 con vecinos presentes en la barra, apoy\u00e1ndolo.\u00a0En el mismo orden, otra comunicaci\u00f3n que present\u00f3 la UCR-Cambiemos y que fue aprobada, se pidi\u00f3 por la reparaci\u00f3n de media calzada de la intersecci\u00f3n de las calles Bartolom\u00e9 Correa, Diagonal 7 de Noviembre y Casalins.\u00a0Como as\u00ed tambi\u00e9n, que se proceda a la limpieza de la basura ubicada en Barrio La Noria, adem\u00e1s de la reparaci\u00f3n y reacondicionamiento de calles del barrio San Cayetano. Tambi\u00e9n fue aprobada una comunicaci\u00f3n que present\u00f3 en bloque del Frente para la Victoria que sosten\u00eda que se regularice la deuda que posee la Obra Social IOMA con la Asociaci\u00f3n ASID, por los servicios prestados a sus afiliados. Agregando que esta iniciativa plantea que la Comuna disponga fondos para poder afrontar los gastos que posee la instituci\u00f3n.\u00a0Dentro de los proyectos entrados y que tuvieron su pase a comisi\u00f3n, vale destacar el proyecto que fija el Presupuesto de Gastos del Concejo Deliberante en la suma de $ 13.289.358,08, que presentaron el FpV-PJ \u00a0y la UCR-Cambiemos.<\/p>\n","protected":false},"excerpt":{"rendered":"<div class=\"mh-excerpt\"><p>Anoche se llev\u00f3 adelante la s\u00e9ptima sesi\u00f3n ordinaria del Concejo Deliberante contando con la totalidad de los concejales presentes.\u00a0Anoche se llev\u00f3 adelante la s\u00e9ptima sesi\u00f3n ordinaria del Concejo Deliberante contando con la totalidad de los <a class=\"mh-excerpt-more\" href=\"https:\/\/larevistadigital.com.ar\/blog\/con-varios-pedidos-al-ejecutivo-sesiono-anoche-el-concejo-deliberante\/\" title=\"Con varios pedidos al Ejecutivo, sesion\u00f3 anoche el Concejo Deliberante\">[Leer M\u00e1s]<\/a><\/p>\n<\/div>","protected":false},"author":1,"featured_media":2755,"comment_status":"open","ping_status":"open","sticky":false,"template":"","format":"standard","meta":{"_jetpack_memberships_contains_paid_content":false,"footnotes":"","jetpack_publicize_message":"","jetpack_publicize_feature_enabled":true,"jetpack_social_post_already_shared":true,"jetpack_social_options":{"image_generator_settings":{"template":"highway","default_image_id":0,"font":"","enabled":false},"version":2}},"categories":[12,23],"tags":[],"class_list":{"0":"post-2754","1":"post","2":"type-post","3":"status-publish","4":"format-standard","5":"has-post-thumbnail","7":"category-politica","8":"category-politica-local"},"jetpack_publicize_connections":[],"jetpack_featured_media_url":"https:\/\/i0.wp.com\/larevistadigital.com.ar\/blog\/wp-content\/uploads\/2017\/07\/consejo_14dejulio_elfuerte.jpg?fit=737%2C415&ssl=1","jetpack_sharing_enabled":true,"jetpack_shortlink":"https:\/\/wp.me\/p8qtrQ-Iq","jetpack-related-posts":[{"id":9102,"url":"https:\/\/larevistadigital.com.ar\/blog\/chascomus-se-llevo-a-cabo-la-primera-sesion-ordinaria-del-concejo-deliberante\/","url_meta":{"origin":2754,"position":0},"title":"CHASCOM\u00daS: SE LLEV\u00d3 A CABO LA PRIMERA SESI\u00d3N ORDINARIA DEL CONCEJO DELIBERANTE","author":"Alejandro Sosa Ruda","date":"14 marzo, 2019","format":false,"excerpt":"En el d\u00eda de la fecha se llev\u00f3 a cabo la 1\u00ba Sesi\u00f3n Ordinaria del HCD del 2019. A la hora de los Homenajes se mencion\u00f3 el d\u00eda internacional de la Mujer y el natalicio de Ra\u00fal\u00a0Alfons\u00edn. De los 34 proyectos entrados 11 pasaron a las Comisiones respectivas y el\u2026","rel":"","context":"En \u00abCHASCOM\u00daS\u00bb","block_context":{"text":"CHASCOM\u00daS","link":"https:\/\/larevistadigital.com.ar\/blog\/category\/chascomus\/"},"img":{"alt_text":"","src":"https:\/\/i0.wp.com\/larevistadigital.com.ar\/blog\/wp-content\/uploads\/2019\/03\/1ra-2019-6-678x381.jpeg?fit=678%2C381&ssl=1&resize=350%2C200","width":350,"height":200,"srcset":"https:\/\/i0.wp.com\/larevistadigital.com.ar\/blog\/wp-content\/uploads\/2019\/03\/1ra-2019-6-678x381.jpeg?fit=678%2C381&ssl=1&resize=350%2C200 1x, https:\/\/i0.wp.com\/larevistadigital.com.ar\/blog\/wp-content\/uploads\/2019\/03\/1ra-2019-6-678x381.jpeg?fit=678%2C381&ssl=1&resize=525%2C300 1.5x"},"classes":[]},{"id":5535,"url":"https:\/\/larevistadigital.com.ar\/blog\/castelli-denuncian-aprietes-en-el-concejo-deliberante-suspenden-sesion\/","url_meta":{"origin":2754,"position":1},"title":"CASTELLI: Denuncian Aprietes en el Concejo Deliberante&#8230; Suspenden sesi\u00f3n.","author":"Alejandro Sosa Ruda","date":"9 mayo, 2018","format":false,"excerpt":"As\u00ed lo inform\u00f3 la Presidenta del cuerpo deliberativo local, Azucena Traverso, que en dialogo con castellidiario manifest\u00f3 \u201chubo concejales que fueron presionados para que no haya sesi\u00f3n\u201d. En la jornada de este martes, el Concejo Deliberante iba a sesionar, en una convocatoria \u201cEspecial\u201d convocada para las 19.30 hs. pero media\u2026","rel":"","context":"En \u00abCASTELLI\u00bb","block_context":{"text":"CASTELLI","link":"https:\/\/larevistadigital.com.ar\/blog\/category\/castelli\/"},"img":{"alt_text":"","src":"https:\/\/i0.wp.com\/larevistadigital.com.ar\/blog\/wp-content\/uploads\/2018\/05\/foto-baja-1.jpg?fit=800%2C534&ssl=1&resize=350%2C200","width":350,"height":200,"srcset":"https:\/\/i0.wp.com\/larevistadigital.com.ar\/blog\/wp-content\/uploads\/2018\/05\/foto-baja-1.jpg?fit=800%2C534&ssl=1&resize=350%2C200 1x, https:\/\/i0.wp.com\/larevistadigital.com.ar\/blog\/wp-content\/uploads\/2018\/05\/foto-baja-1.jpg?fit=800%2C534&ssl=1&resize=525%2C300 1.5x, https:\/\/i0.wp.com\/larevistadigital.com.ar\/blog\/wp-content\/uploads\/2018\/05\/foto-baja-1.jpg?fit=800%2C534&ssl=1&resize=700%2C400 2x"},"classes":[]},{"id":22819,"url":"https:\/\/larevistadigital.com.ar\/blog\/ultimo-momento-chascomus-en-plena-sesion-desalojan-de-urgencia-el-concejo-deliberante-por-una-amenaza-de-bomba\/","url_meta":{"origin":2754,"position":2},"title":"ULTIMO MOMENTO! CHASCOM\u00daS: EN PLENA SESI\u00d3N, DESALOJAN DE URGENCIA EL CONCEJO DELIBERANTE POR UNA AMENAZA DE BOMBA","author":"Alejandro Sosa Ruda","date":"2 diciembre, 2021","format":false,"excerpt":"CHASCOM\u00daS -\u00a0 \u00a0Hace instantes y mientras se desarrollaba la sesi\u00f3n del Concejo se recibi\u00f3 un llamado al 911 dando cuenta que hab\u00eda un aparato explosivo en el recinto. Las autoridades entonces, procedieron a evacuar el edificio, para ser inspeccionado por el personal, haciendo salir a todos los presentes, entre los\u2026","rel":"","context":"En \u00abDESTACADAS\u00bb","block_context":{"text":"DESTACADAS","link":"https:\/\/larevistadigital.com.ar\/blog\/category\/destacadas\/"},"img":{"alt_text":"","src":"https:\/\/i0.wp.com\/larevistadigital.com.ar\/blog\/wp-content\/uploads\/WhatsApp-Image-2021-12-02-at-10.36.41.jpeg?fit=1200%2C898&ssl=1&resize=350%2C200","width":350,"height":200,"srcset":"https:\/\/i0.wp.com\/larevistadigital.com.ar\/blog\/wp-content\/uploads\/WhatsApp-Image-2021-12-02-at-10.36.41.jpeg?fit=1200%2C898&ssl=1&resize=350%2C200 1x, https:\/\/i0.wp.com\/larevistadigital.com.ar\/blog\/wp-content\/uploads\/WhatsApp-Image-2021-12-02-at-10.36.41.jpeg?fit=1200%2C898&ssl=1&resize=525%2C300 1.5x, https:\/\/i0.wp.com\/larevistadigital.com.ar\/blog\/wp-content\/uploads\/WhatsApp-Image-2021-12-02-at-10.36.41.jpeg?fit=1200%2C898&ssl=1&resize=700%2C400 2x, https:\/\/i0.wp.com\/larevistadigital.com.ar\/blog\/wp-content\/uploads\/WhatsApp-Image-2021-12-02-at-10.36.41.jpeg?fit=1200%2C898&ssl=1&resize=1050%2C600 3x"},"classes":[]},{"id":37566,"url":"https:\/\/larevistadigital.com.ar\/blog\/bochorno-en-lezama-dos-concejales-a-las-pinas-y-todo-el-concejo-a-declarar-en-la-comisaria\/","url_meta":{"origin":2754,"position":3},"title":"Bochorno en Lezama: Dos concejales a las pi\u00f1as y todo el concejo a declarar en la comisar\u00eda","author":"Alejandro Sosa Ruda","date":"19 octubre, 2024","format":false,"excerpt":"Se trata de Roberto Palacios, radical del Partido GEN, y Lucas Iturri, del Pro, quienes luego se denunciaron mutuamente en la Justicia. 19 de Octubre de 2024 LEZAMA -\u00a0 \"La pol\u00edtica es el arte de lo imposible\", reza un conocido dicho, y en este caso, parece hab\u00e9rse cumplido a la\u2026","rel":"","context":"En \u00abLEZAMA\u00bb","block_context":{"text":"LEZAMA","link":"https:\/\/larevistadigital.com.ar\/blog\/category\/lezama\/"},"img":{"alt_text":"","src":"https:\/\/i0.wp.com\/larevistadigital.com.ar\/blog\/wp-content\/uploads\/e8c1034a755ebd6dd3e755e890233d07a767a83a.jpg?fit=1140%2C675&ssl=1&resize=350%2C200","width":350,"height":200,"srcset":"https:\/\/i0.wp.com\/larevistadigital.com.ar\/blog\/wp-content\/uploads\/e8c1034a755ebd6dd3e755e890233d07a767a83a.jpg?fit=1140%2C675&ssl=1&resize=350%2C200 1x, https:\/\/i0.wp.com\/larevistadigital.com.ar\/blog\/wp-content\/uploads\/e8c1034a755ebd6dd3e755e890233d07a767a83a.jpg?fit=1140%2C675&ssl=1&resize=525%2C300 1.5x, https:\/\/i0.wp.com\/larevistadigital.com.ar\/blog\/wp-content\/uploads\/e8c1034a755ebd6dd3e755e890233d07a767a83a.jpg?fit=1140%2C675&ssl=1&resize=700%2C400 2x, https:\/\/i0.wp.com\/larevistadigital.com.ar\/blog\/wp-content\/uploads\/e8c1034a755ebd6dd3e755e890233d07a767a83a.jpg?fit=1140%2C675&ssl=1&resize=1050%2C600 3x"},"classes":[]},{"id":34587,"url":"https:\/\/larevistadigital.com.ar\/blog\/desmanejos-en-el-hogar-de-ancianos-la-ucr-presento-un-proyecto-de-comunicacion-por-las-irregularidades\/","url_meta":{"origin":2754,"position":4},"title":"DESMANEJOS EN EL HOGAR DE ANCIANOS: LA UCR PRESENT\u00d3 UN PROYECTO DE COMUNICACI\u00d3N POR LAS IRREGULARIDADES","author":"Alejandro Sosa Ruda","date":"21 noviembre, 2023","format":false,"excerpt":"Se present\u00f3 una comunicaci\u00f3n por las irregularidades en el Hogar Municipal de Ancianos, aunque curiosamente no se incluye el tema de la pol\u00edtica de algunos jefes de favorecer a algunos empleados. 21 de Noviembre de 2023 CHASCOM\u00daS -\u00a0 Luego que se hiciera p\u00fablico el reclamo de empleados y familiares de\u2026","rel":"","context":"En \u00abDESTACADAS\u00bb","block_context":{"text":"DESTACADAS","link":"https:\/\/larevistadigital.com.ar\/blog\/category\/destacadas\/"},"img":{"alt_text":"","src":"https:\/\/i0.wp.com\/larevistadigital.com.ar\/blog\/wp-content\/uploads\/2018\/03\/449787492_1_concejo-chascomus.jpg?fit=825%2C490&ssl=1&resize=350%2C200","width":350,"height":200,"srcset":"https:\/\/i0.wp.com\/larevistadigital.com.ar\/blog\/wp-content\/uploads\/2018\/03\/449787492_1_concejo-chascomus.jpg?fit=825%2C490&ssl=1&resize=350%2C200 1x, https:\/\/i0.wp.com\/larevistadigital.com.ar\/blog\/wp-content\/uploads\/2018\/03\/449787492_1_concejo-chascomus.jpg?fit=825%2C490&ssl=1&resize=525%2C300 1.5x, https:\/\/i0.wp.com\/larevistadigital.com.ar\/blog\/wp-content\/uploads\/2018\/03\/449787492_1_concejo-chascomus.jpg?fit=825%2C490&ssl=1&resize=700%2C400 2x"},"classes":[]},{"id":11249,"url":"https:\/\/larevistadigital.com.ar\/blog\/sesion-del-concejo-deliberante-emotivo-reconocimiento-al-doctor-jorge-ortale\/","url_meta":{"origin":2754,"position":5},"title":"SESI\u00d3N DEL CONCEJO DELIBERANTE: EMOTIVO RECONOCIMIENTO AL DOCTOR JORGE ORTALE","author":"Alejandro Sosa Ruda","date":"13 julio, 2019","format":false,"excerpt":"En la la novena sesi\u00f3n ordinaria del Concejo Deliberante de Chascom\u00fas, los concejales participantes, consensuaron modificar el Orden del D\u00eda establecido, con el objetivo de poder declarar \u201cPersonalidad Destacada de Chascom\u00fas\u201d, al Dr. Jorge Ortale, lo que dio pie a emotivas palabras pronunciadas por concejales de los distintos bloques, ante\u2026","rel":"","context":"En \u00abINTERES GENERAL\u00bb","block_context":{"text":"INTERES GENERAL","link":"https:\/\/larevistadigital.com.ar\/blog\/category\/interes-general\/"},"img":{"alt_text":"","src":"https:\/\/i0.wp.com\/larevistadigital.com.ar\/blog\/wp-content\/uploads\/consejo_13dejuliode2019_elfuerte.jpg?fit=737%2C415&ssl=1&resize=350%2C200","width":350,"height":200,"srcset":"https:\/\/i0.wp.com\/larevistadigital.com.ar\/blog\/wp-content\/uploads\/consejo_13dejuliode2019_elfuerte.jpg?fit=737%2C415&ssl=1&resize=350%2C200 1x, https:\/\/i0.wp.com\/larevistadigital.com.ar\/blog\/wp-content\/uploads\/consejo_13dejuliode2019_elfuerte.jpg?fit=737%2C415&ssl=1&resize=525%2C300 1.5x, https:\/\/i0.wp.com\/larevistadigital.com.ar\/blog\/wp-content\/uploads\/consejo_13dejuliode2019_elfuerte.jpg?fit=737%2C415&ssl=1&resize=700%2C400 2x"},"classes":[]}],"_links":{"self":[{"href":"https:\/\/larevistadigital.com.ar\/blog\/wp-json\/wp\/v2\/posts\/2754","targetHints":{"allow":["GET"]}}],"collection":[{"href":"https:\/\/larevistadigital.com.ar\/blog\/wp-json\/wp\/v2\/posts"}],"about":[{"href":"https:\/\/larevistadigital.com.ar\/blog\/wp-json\/wp\/v2\/types\/post"}],"author":[{"embeddable":true,"href":"https:\/\/larevistadigital.com.ar\/blog\/wp-json\/wp\/v2\/users\/1"}],"replies":[{"embeddable":true,"href":"https:\/\/larevistadigital.com.ar\/blog\/wp-json\/wp\/v2\/comments?post=2754"}],"version-history":[{"count":1,"href":"https:\/\/larevistadigital.com.ar\/blog\/wp-json\/wp\/v2\/posts\/2754\/revisions"}],"predecessor-version":[{"id":2756,"href":"https:\/\/larevistadigital.com.ar\/blog\/wp-json\/wp\/v2\/posts\/2754\/revisions\/2756"}],"wp:featuredmedia":[{"embeddable":true,"href":"https:\/\/larevistadigital.com.ar\/blog\/wp-json\/wp\/v2\/media\/2755"}],"wp:attachment":[{"href":"https:\/\/larevistadigital.com.ar\/blog\/wp-json\/wp\/v2\/media?parent=2754"}],"wp:term":[{"taxonomy":"category","embeddable":true,"href":"https:\/\/larevistadigital.com.ar\/blog\/wp-json\/wp\/v2\/categories?post=2754"},{"taxonomy":"post_tag","embeddable":true,"href":"https:\/\/larevistadigital.com.ar\/blog\/wp-json\/wp\/v2\/tags?post=2754"}],"curies":[{"name":"wp","href":"https:\/\/api.w.org\/{rel}","templated":true}]}}