{"id":27650,"date":"2022-09-11T16:19:50","date_gmt":"2022-09-11T16:19:50","guid":{"rendered":"https:\/\/larevistadigital.com.ar\/blog\/?p=27650"},"modified":"2022-09-11T16:19:50","modified_gmt":"2022-09-11T16:19:50","slug":"chascomus-detectan-casos-de-triquinosis","status":"publish","type":"post","link":"https:\/\/larevistadigital.com.ar\/blog\/chascomus-detectan-casos-de-triquinosis\/","title":{"rendered":"CHASCOM\u00daS: DETECTAN CASOS DE TRIQUINOSIS"},"content":{"rendered":"<h2 class=\"fparrafo ctext fz18 lh25\">La triquinosis es una enfermedad parasitaria causada por un nematodo del g\u00e9nero Trichinella, que se adquiere al consumir carne con larvas del par\u00e1sito y presenta s\u00edntomas gastrointestinales, dolor muscular y articular.<\/h2>\n<p>11 de septiembre de 2022<\/p>\n<div class=\"wysiwyg mb15\">\n<p class=\"selectionShareable\"><strong>CHASCOM\u00daS &#8211;\u00a0<\/strong> \u00a0En los \u00faltimos d\u00edas se conoci\u00f3 un caso de triquinosis, el cual fue notificado en la zona rural de Chascom\u00fas. Ante este motivo, las autoridades sanitarias recordaron las precauciones que hay que tener y c\u00f3mo prevenir la enfermedad.<\/p>\n<blockquote>\n<h3 class=\"selectionShareable\">Previo al consumo o producci\u00f3n de chacinados, es fundamental mandar a an\u00e1lisis del animal faenado. Y al cocinarlo, hacerlo de 70 grados para arriba. Por esto es fundamental no adquirir chacinados sin r\u00f3tulo y a los que lleven adelante la faena de cerdos para consumo propio deber\u00e1n realizar el an\u00e1lisis correspondiente.<\/h3>\n<\/blockquote>\n<p class=\"selectionShareable\">Asimismo, quienes realicen una faena familiar de autoconsumo no deben consumir, ni probar la masa, hasta tener el resultado del an\u00e1lisis. Para hacer el mismo, se debe llevar un trozo de entra\u00f1a (la muestra debe ser del tama\u00f1o de un pu\u00f1o, a bajas concentraciones se observa el par\u00e1sito) al \u00e1rea de Bromatolog\u00eda correspondiente a cada distrito.<\/p>\n<blockquote>\n<h3 class=\"selectionShareable\">La triquinosis es una enfermedad parasitaria causada por un nematodo del g\u00e9nero Trichinella, que se adquiere al consumir carne con larvas del par\u00e1sito y presenta s\u00edntomas gastrointestinales (diarrea), dolor muscular y articular. Cuando una persona come carne infectada de cerdo o de animales salvajes, los quistes de Trichinella son digeridos en el est\u00f3mago, por lo que se liberan las larvas.<\/h3>\n<\/blockquote>\n<p class=\"selectionShareable\">Las larvas generadas son expulsadas a la luz intestinal penetrando en la mucosa y migrando a trav\u00e9s de los capilares linf\u00e1ticos y del torrente sangu\u00edneo, para finalmente llegar la musculatura esquel\u00e9tica donde se acantonan intracelularmente para permanecer vivas durante a\u00f1os; las c\u00e9lulas musculares que albergan las larvas se denominan c\u00e9lulas nodrizas.<\/p>\n<blockquote>\n<h3 class=\"selectionShareable\">La ingesta de la carne infectada origina un nuevo ciclo, permitiendo a las larvas su maduraci\u00f3n y reproducci\u00f3n en el nuevo hospedador.<\/h3>\n<\/blockquote>\n<p class=\"selectionShareable\">La presencia de larvas en la luz intestinal, su diseminaci\u00f3n y su destrucci\u00f3n parcial, la invasi\u00f3n de las fibras musculares esquel\u00e9ticas, originan un proceso de tipo t\u00f3xico-al\u00e9rgico que es responsable de la cl\u00ednica de las varias fases de la triquinosis.<\/p>\n<p class=\"selectionShareable\">Los s\u00edntomas de esta enfermedad son los siguientes: fiebre; dolor abdominal; calambres; diarrea; dolor muscular (especialmente al respirar, masticar o al usar m\u00fasculos largos); palpitaciones; edema palpebral; rash cut\u00e1neo; cefalea, visi\u00f3n borrosa.<\/p>\n<blockquote>\n<h3 class=\"selectionShareable\">Cabe destacar, que no hay un tratamiento espec\u00edfico para la triquinosis una vez que las larvas han invadido los m\u00fasculos.<\/h3>\n<\/blockquote>\n<p class=\"selectionShareable\">La manera de prevenirlo es, principalmente, evitar el consumo de la carne de animales no inspeccionados por las autoridades veterinarias. (<b>InfoGEI<\/b>) Mg<\/p>\n<\/div>\n<div id=\"modulo_banners_bajo_noticia\" class=\"\"><\/div>\n","protected":false},"excerpt":{"rendered":"<div class=\"mh-excerpt\"><p>La triquinosis es una enfermedad parasitaria causada por un nematodo del g\u00e9nero Trichinella, que se adquiere al consumir carne con larvas del par\u00e1sito y presenta s\u00edntomas gastrointestinales, dolor muscular y articular. 11 de septiembre de <a class=\"mh-excerpt-more\" href=\"https:\/\/larevistadigital.com.ar\/blog\/chascomus-detectan-casos-de-triquinosis\/\" title=\"CHASCOM\u00daS: DETECTAN CASOS DE TRIQUINOSIS\">[Leer M\u00e1s]<\/a><\/p>\n<\/div>","protected":false},"author":3,"featured_media":27652,"comment_status":"open","ping_status":"open","sticky":false,"template":"","format":"standard","meta":{"_jetpack_memberships_contains_paid_content":false,"footnotes":"","jetpack_publicize_message":"","jetpack_publicize_feature_enabled":true,"jetpack_social_post_already_shared":true,"jetpack_social_options":{"image_generator_settings":{"template":"highway","default_image_id":0,"font":"","enabled":false},"version":2}},"categories":[6],"tags":[],"class_list":{"0":"post-27650","1":"post","2":"type-post","3":"status-publish","4":"format-standard","5":"has-post-thumbnail","7":"category-chascomus"},"jetpack_publicize_connections":[],"jetpack_featured_media_url":"https:\/\/i0.wp.com\/larevistadigital.com.ar\/blog\/wp-content\/uploads\/20220910175222_triqui-1.jpg?fit=880%2C512&ssl=1","jetpack_sharing_enabled":true,"jetpack_shortlink":"https:\/\/wp.me\/p8qtrQ-7bY","jetpack-related-posts":[{"id":5803,"url":"https:\/\/larevistadigital.com.ar\/blog\/ayudemos-a-prevenir-la-triquinosis\/","url_meta":{"origin":27650,"position":0},"title":"Ayudemos a prevenir la triquinosis","author":"admin","date":"20 junio, 2018","format":false,"excerpt":"Zoonosis y Bromatolog\u00eda advierten sobre la importancia de los controles y los recaudos que hay que tomar para la faena casera de cerdos. Es una enfermedad producida por un par\u00e1sito que se encuentra alojado en los m\u00fasculos de los cerdos y otros animales salvajes, como el jabal\u00ed. Las personas se\u2026","rel":"","context":"En \u00abLEZAMA\u00bb","block_context":{"text":"LEZAMA","link":"https:\/\/larevistadigital.com.ar\/blog\/category\/lezama\/"},"img":{"alt_text":"","src":"https:\/\/i0.wp.com\/larevistadigital.com.ar\/blog\/wp-content\/uploads\/2018\/06\/resize_1529423929.jpg?fit=679%2C452&ssl=1&resize=350%2C200","width":350,"height":200,"srcset":"https:\/\/i0.wp.com\/larevistadigital.com.ar\/blog\/wp-content\/uploads\/2018\/06\/resize_1529423929.jpg?fit=679%2C452&ssl=1&resize=350%2C200 1x, https:\/\/i0.wp.com\/larevistadigital.com.ar\/blog\/wp-content\/uploads\/2018\/06\/resize_1529423929.jpg?fit=679%2C452&ssl=1&resize=525%2C300 1.5x"},"classes":[]},{"id":10137,"url":"https:\/\/larevistadigital.com.ar\/blog\/lezama-prevenir-la-triquinosis-es-una-tarea-de-todos\/","url_meta":{"origin":27650,"position":1},"title":"LEZAMA: PREVENIR LA TRIQUINOSIS ES UNA TAREA DE TODOS","author":"Alejandro Sosa Ruda","date":"11 mayo, 2019","format":false,"excerpt":"El \u00c1rea de Zoonosis y Bromatolog\u00eda recuerda los recaudos que deben tomar los criadores de porcinos y qui\u00e9nes consumen productos de ese origen. La triquinosis es una enfermedad producida por un par\u00e1sito conocido como Trichinella spp. Esta zoonosis est\u00e1 asociada, principalmente, al consumo de carne de cerdo o de jabal\u00ed\u2026","rel":"","context":"En \u00abLEZAMA\u00bb","block_context":{"text":"LEZAMA","link":"https:\/\/larevistadigital.com.ar\/blog\/category\/lezama\/"},"img":{"alt_text":"","src":"https:\/\/i0.wp.com\/larevistadigital.com.ar\/blog\/wp-content\/uploads\/2019\/05\/60349696_1455632254629471_5937283307325620224_n.jpg?fit=960%2C527&ssl=1&resize=350%2C200","width":350,"height":200,"srcset":"https:\/\/i0.wp.com\/larevistadigital.com.ar\/blog\/wp-content\/uploads\/2019\/05\/60349696_1455632254629471_5937283307325620224_n.jpg?fit=960%2C527&ssl=1&resize=350%2C200 1x, https:\/\/i0.wp.com\/larevistadigital.com.ar\/blog\/wp-content\/uploads\/2019\/05\/60349696_1455632254629471_5937283307325620224_n.jpg?fit=960%2C527&ssl=1&resize=525%2C300 1.5x, https:\/\/i0.wp.com\/larevistadigital.com.ar\/blog\/wp-content\/uploads\/2019\/05\/60349696_1455632254629471_5937283307325620224_n.jpg?fit=960%2C527&ssl=1&resize=700%2C400 2x"},"classes":[]},{"id":46518,"url":"https:\/\/larevistadigital.com.ar\/blog\/confirman-seis-casos-de-triquinosis-en-general-madariaga-y-piden-no-consumir-embutidos-sin-rotulo\/","url_meta":{"origin":27650,"position":2},"title":"Confirman seis casos de triquinosis en General Madariaga y piden no consumir embutidos sin r\u00f3tulo","author":"Alejandro Sosa Ruda","date":"12 julio, 2026","format":false,"excerpt":"Las autoridades sanitarias confirmaron seis casos de triquinosis mediante an\u00e1lisis de laboratorio y mantienen bajo observaci\u00f3n a otras 45 personas. Ante el brote, recomendaron no consumir chacinados ni embutidos que no cuenten con identificaci\u00f3n sanitaria. 12 De julio de 2026 GENERAL MADARIAGA -\u00a0 La Municipalidad de General Madariaga confirm\u00f3 la\u2026","rel":"","context":"En \u00abREGIONALES\u00bb","block_context":{"text":"REGIONALES","link":"https:\/\/larevistadigital.com.ar\/blog\/category\/regionales\/"},"img":{"alt_text":"","src":"https:\/\/i0.wp.com\/larevistadigital.com.ar\/blog\/wp-content\/uploads\/Captura-de-pantalla-2026-07-12-014412.jpg?fit=801%2C434&ssl=1&resize=350%2C200","width":350,"height":200,"srcset":"https:\/\/i0.wp.com\/larevistadigital.com.ar\/blog\/wp-content\/uploads\/Captura-de-pantalla-2026-07-12-014412.jpg?fit=801%2C434&ssl=1&resize=350%2C200 1x, https:\/\/i0.wp.com\/larevistadigital.com.ar\/blog\/wp-content\/uploads\/Captura-de-pantalla-2026-07-12-014412.jpg?fit=801%2C434&ssl=1&resize=525%2C300 1.5x, https:\/\/i0.wp.com\/larevistadigital.com.ar\/blog\/wp-content\/uploads\/Captura-de-pantalla-2026-07-12-014412.jpg?fit=801%2C434&ssl=1&resize=700%2C400 2x"},"classes":[]},{"id":46746,"url":"https:\/\/larevistadigital.com.ar\/blog\/triquinosis-hay-18-internos-infectados-en-una-carcel-de-junin\/","url_meta":{"origin":27650,"position":3},"title":"Triquinosis: hay 18 internos infectados en una c\u00e1rcel de Jun\u00edn","author":"Alejandro Sosa Ruda","date":"28 julio, 2026","format":false,"excerpt":"El brote, que apareci\u00f3 tras la ingesta de un chorizo que introdujo una visita, permanece circunscripto a la Unidad Penitenciaria N\u00b0 49. 28 de julio de 2026 JUNIN\u00a0 -\u00a0 Mientras contin\u00faa la preocupaci\u00f3n por los brotes de\u00a0triquinosis\u00a0en la provincia de Buenos Aires, en\u00a0Jun\u00edn\u00a0se confirm\u00f3 que\u00a018 internos est\u00e1n infectados en la\u2026","rel":"","context":"En \u00abINTERES GENERAL\u00bb","block_context":{"text":"INTERES GENERAL","link":"https:\/\/larevistadigital.com.ar\/blog\/category\/interes-general\/"},"img":{"alt_text":"","src":"https:\/\/i0.wp.com\/larevistadigital.com.ar\/blog\/wp-content\/uploads\/Captura-de-pantalla-2026-07-28-164709.jpg?fit=631%2C454&ssl=1&resize=350%2C200","width":350,"height":200,"srcset":"https:\/\/i0.wp.com\/larevistadigital.com.ar\/blog\/wp-content\/uploads\/Captura-de-pantalla-2026-07-28-164709.jpg?fit=631%2C454&ssl=1&resize=350%2C200 1x, https:\/\/i0.wp.com\/larevistadigital.com.ar\/blog\/wp-content\/uploads\/Captura-de-pantalla-2026-07-28-164709.jpg?fit=631%2C454&ssl=1&resize=525%2C300 1.5x"},"classes":[]},{"id":5302,"url":"https:\/\/larevistadigital.com.ar\/blog\/analisis-gratuito-de-triquinosis\/","url_meta":{"origin":27650,"position":4},"title":"AN\u00c1LISIS GRATUITO DE TRIQUINOSIS","author":"admin","date":"27 marzo, 2018","format":false,"excerpt":"\u00a0 El Gobierno Municipal de General Belgrano informa a trav\u00e9s de la Secretar\u00eda de Salud, que se reciben muestras de \u201centra\u00f1as\u201d de\u00a0cerdo para ser analizadas y as\u00ed diagnosticar, fundamentalmente, la presencia o no de triquinosis. Cabe se\u00f1alar que el m\u00e9todo utilizado para determinar existencia de la enfermedad en el animal\u2026","rel":"","context":"En \u00abGENERAL BELGRANO\u00bb","block_context":{"text":"GENERAL BELGRANO","link":"https:\/\/larevistadigital.com.ar\/blog\/category\/general-belgrano\/"},"img":{"alt_text":"","src":"https:\/\/i0.wp.com\/larevistadigital.com.ar\/blog\/wp-content\/uploads\/2018\/03\/29511194_1576716675709231_175917392037441094_n.jpg?fit=710%2C350&ssl=1&resize=350%2C200","width":350,"height":200,"srcset":"https:\/\/i0.wp.com\/larevistadigital.com.ar\/blog\/wp-content\/uploads\/2018\/03\/29511194_1576716675709231_175917392037441094_n.jpg?fit=710%2C350&ssl=1&resize=350%2C200 1x, https:\/\/i0.wp.com\/larevistadigital.com.ar\/blog\/wp-content\/uploads\/2018\/03\/29511194_1576716675709231_175917392037441094_n.jpg?fit=710%2C350&ssl=1&resize=525%2C300 1.5x, https:\/\/i0.wp.com\/larevistadigital.com.ar\/blog\/wp-content\/uploads\/2018\/03\/29511194_1576716675709231_175917392037441094_n.jpg?fit=710%2C350&ssl=1&resize=700%2C400 2x"},"classes":[]},{"id":40675,"url":"https:\/\/larevistadigital.com.ar\/blog\/detectan-nuevos-brotes-de-triquinosis-en-la-provincia-de-buenos-aires\/","url_meta":{"origin":27650,"position":5},"title":"Detectan nuevos brotes de triquinosis en la provincia de Buenos Aires","author":"Alejandro Sosa Ruda","date":"31 julio, 2025","format":false,"excerpt":"El Ministerio de Salud bonaerense volvi\u00f3 a emitir una alerta sanitaria tras la confirmaci\u00f3n de dos nuevos brotes de triquinosis en la provincia. Seg\u00fan el \u00faltimo Bolet\u00edn Epidemiol\u00f3gico correspondiente a la semana del 13 al 19 de julio, en lo que va del a\u00f1o se reportaron 81 casos sospechosos de\u2026","rel":"","context":"En \u00abREGIONALES\u00bb","block_context":{"text":"REGIONALES","link":"https:\/\/larevistadigital.com.ar\/blog\/category\/regionales\/"},"img":{"alt_text":"","src":"https:\/\/i0.wp.com\/larevistadigital.com.ar\/blog\/wp-content\/uploads\/20250730191617_brotes-triquinosis-provincia-buenos-aires.jpg?fit=880%2C512&ssl=1&resize=350%2C200","width":350,"height":200,"srcset":"https:\/\/i0.wp.com\/larevistadigital.com.ar\/blog\/wp-content\/uploads\/20250730191617_brotes-triquinosis-provincia-buenos-aires.jpg?fit=880%2C512&ssl=1&resize=350%2C200 1x, https:\/\/i0.wp.com\/larevistadigital.com.ar\/blog\/wp-content\/uploads\/20250730191617_brotes-triquinosis-provincia-buenos-aires.jpg?fit=880%2C512&ssl=1&resize=525%2C300 1.5x, https:\/\/i0.wp.com\/larevistadigital.com.ar\/blog\/wp-content\/uploads\/20250730191617_brotes-triquinosis-provincia-buenos-aires.jpg?fit=880%2C512&ssl=1&resize=700%2C400 2x"},"classes":[]}],"_links":{"self":[{"href":"https:\/\/larevistadigital.com.ar\/blog\/wp-json\/wp\/v2\/posts\/27650","targetHints":{"allow":["GET"]}}],"collection":[{"href":"https:\/\/larevistadigital.com.ar\/blog\/wp-json\/wp\/v2\/posts"}],"about":[{"href":"https:\/\/larevistadigital.com.ar\/blog\/wp-json\/wp\/v2\/types\/post"}],"author":[{"embeddable":true,"href":"https:\/\/larevistadigital.com.ar\/blog\/wp-json\/wp\/v2\/users\/3"}],"replies":[{"embeddable":true,"href":"https:\/\/larevistadigital.com.ar\/blog\/wp-json\/wp\/v2\/comments?post=27650"}],"version-history":[{"count":1,"href":"https:\/\/larevistadigital.com.ar\/blog\/wp-json\/wp\/v2\/posts\/27650\/revisions"}],"predecessor-version":[{"id":27653,"href":"https:\/\/larevistadigital.com.ar\/blog\/wp-json\/wp\/v2\/posts\/27650\/revisions\/27653"}],"wp:featuredmedia":[{"embeddable":true,"href":"https:\/\/larevistadigital.com.ar\/blog\/wp-json\/wp\/v2\/media\/27652"}],"wp:attachment":[{"href":"https:\/\/larevistadigital.com.ar\/blog\/wp-json\/wp\/v2\/media?parent=27650"}],"wp:term":[{"taxonomy":"category","embeddable":true,"href":"https:\/\/larevistadigital.com.ar\/blog\/wp-json\/wp\/v2\/categories?post=27650"},{"taxonomy":"post_tag","embeddable":true,"href":"https:\/\/larevistadigital.com.ar\/blog\/wp-json\/wp\/v2\/tags?post=27650"}],"curies":[{"name":"wp","href":"https:\/\/api.w.org\/{rel}","templated":true}]}}