{"id":28329,"date":"2022-10-10T16:06:01","date_gmt":"2022-10-10T16:06:01","guid":{"rendered":"https:\/\/larevistadigital.com.ar\/blog\/?p=28329"},"modified":"2022-10-10T16:06:01","modified_gmt":"2022-10-10T16:06:01","slug":"chascomus-tragedia-en-la-costanera-una-criatura-de-3-anos-fue-atropellada-por-una-camioneta-y-fallecio-en-el-hospital","status":"publish","type":"post","link":"https:\/\/larevistadigital.com.ar\/blog\/chascomus-tragedia-en-la-costanera-una-criatura-de-3-anos-fue-atropellada-por-una-camioneta-y-fallecio-en-el-hospital\/","title":{"rendered":"CHASCOM\u00daS: TRAGEDIA EN LA COSTANERA. UNA CRIATURA DE 3 A\u00d1OS FUE ATROPELLADA POR UNA CAMIONETA  Y FALLECI\u00d3 EN EL HOSPITAL."},"content":{"rendered":"<h2>La nena estaba con sus padres y aparentemente se apart\u00f3 cruz\u00e1ndose fatalmente frente a una camioneta que nada pudo hacer para esquivarla&#8230;<\/h2>\n<p><strong>CHASCOM\u00daS &#8211;\u00a0\u00a0<\/strong>El desgraciado episodio ocurri\u00f3 aproximadamente a las 11 hs. de este lunes, en la Costanera de la ciudad, cuando una familia estaba cargando su camioneta para retornar a la ciudad de La Plata, donde residen, y no advirtieron que una de las criaturas se apart\u00f3 y se cruz\u00f3 en la calle al paso de una camioneta, que no la vio y la atropell\u00f3.<\/p>\n<blockquote>\n<h3>El hombre, oriundo de Florencio Varela que manejaba la camioneta Ford Ranger, desconsolado baj\u00f3 de su camioneta y llev\u00f3 a la criatura urgente al Hospital Municipal San Vicente de Paul, donde apenas un ratito despu\u00e9s la nena, de solo tres a\u00f1os de edad, lamentablemente falleci\u00f3.<\/h3>\n<\/blockquote>\n<p><strong>NOTICIA EN DESARROLLO.<\/strong><\/p>\n<p>&nbsp;<\/p>\n","protected":false},"excerpt":{"rendered":"<div class=\"mh-excerpt\"><p>La nena estaba con sus padres y aparentemente se apart\u00f3 cruz\u00e1ndose fatalmente frente a una camioneta que nada pudo hacer para esquivarla&#8230; CHASCOM\u00daS &#8211;\u00a0\u00a0El desgraciado episodio ocurri\u00f3 aproximadamente a las 11 hs. de este lunes, <a class=\"mh-excerpt-more\" href=\"https:\/\/larevistadigital.com.ar\/blog\/chascomus-tragedia-en-la-costanera-una-criatura-de-3-anos-fue-atropellada-por-una-camioneta-y-fallecio-en-el-hospital\/\" title=\"CHASCOM\u00daS: TRAGEDIA EN LA COSTANERA. UNA CRIATURA DE 3 A\u00d1OS FUE ATROPELLADA POR UNA CAMIONETA  Y FALLECI\u00d3 EN EL HOSPITAL.\">[Leer M\u00e1s]<\/a><\/p>\n<\/div>","protected":false},"author":3,"featured_media":28330,"comment_status":"open","ping_status":"open","sticky":false,"template":"","format":"standard","meta":{"_jetpack_memberships_contains_paid_content":false,"footnotes":"","jetpack_publicize_message":"","jetpack_publicize_feature_enabled":true,"jetpack_social_post_already_shared":true,"jetpack_social_options":{"image_generator_settings":{"template":"highway","default_image_id":0,"font":"","enabled":false},"version":2}},"categories":[41],"tags":[],"class_list":{"0":"post-28329","1":"post","2":"type-post","3":"status-publish","4":"format-standard","5":"has-post-thumbnail","7":"category-destacadas"},"jetpack_publicize_connections":[],"jetpack_featured_media_url":"https:\/\/i0.wp.com\/larevistadigital.com.ar\/blog\/wp-content\/uploads\/ACCIDENTE-COSTANERA.jpg?fit=1062%2C704&ssl=1","jetpack_sharing_enabled":true,"jetpack_shortlink":"https:\/\/wp.me\/p8qtrQ-7mV","jetpack-related-posts":[{"id":46848,"url":"https:\/\/larevistadigital.com.ar\/blog\/tragedia-en-maipu-un-joven-mecanico-murio-tras-ser-aplastado-por-una-camioneta\/","url_meta":{"origin":28329,"position":0},"title":"Tragedia en Maip\u00fa: un joven mec\u00e1nico muri\u00f3 tras ser aplastado por una camioneta","author":"Alejandro Sosa Ruda","date":"5 agosto, 2026","format":false,"excerpt":"La v\u00edctima ten\u00eda 34 a\u00f1os y trabajaba en un taller mec\u00e1nico cuando una camioneta Chevrolet S10 cay\u00f3 sobre su cuerpo por causas que a\u00fan son materia de investigaci\u00f3n. Pese a ser trasladado de urgencia al hospital, falleci\u00f3 a los pocos minutos. 05 de agosto de 2026 MAIPU\u00a0 -\u00a0 \u00a0Una profunda\u2026","rel":"","context":"En \u00abPOLICIALES\u00bb","block_context":{"text":"POLICIALES","link":"https:\/\/larevistadigital.com.ar\/blog\/category\/policiales\/"},"img":{"alt_text":"","src":"https:\/\/i0.wp.com\/larevistadigital.com.ar\/blog\/wp-content\/uploads\/b6c6c1224eb6b4f381336662bb2f48b704deaece.jpg?fit=1140%2C641&ssl=1&resize=350%2C200","width":350,"height":200,"srcset":"https:\/\/i0.wp.com\/larevistadigital.com.ar\/blog\/wp-content\/uploads\/b6c6c1224eb6b4f381336662bb2f48b704deaece.jpg?fit=1140%2C641&ssl=1&resize=350%2C200 1x, https:\/\/i0.wp.com\/larevistadigital.com.ar\/blog\/wp-content\/uploads\/b6c6c1224eb6b4f381336662bb2f48b704deaece.jpg?fit=1140%2C641&ssl=1&resize=525%2C300 1.5x, https:\/\/i0.wp.com\/larevistadigital.com.ar\/blog\/wp-content\/uploads\/b6c6c1224eb6b4f381336662bb2f48b704deaece.jpg?fit=1140%2C641&ssl=1&resize=700%2C400 2x, https:\/\/i0.wp.com\/larevistadigital.com.ar\/blog\/wp-content\/uploads\/b6c6c1224eb6b4f381336662bb2f48b704deaece.jpg?fit=1140%2C641&ssl=1&resize=1050%2C600 3x"},"classes":[]},{"id":44917,"url":"https:\/\/larevistadigital.com.ar\/blog\/milagro-en-la-costanera-una-camioneta-cayo-al-rio-y-pescadores-salvaron-a-una-madre-y-su-hija\/","url_meta":{"origin":28329,"position":1},"title":"Milagro en la Costanera: una camioneta cay\u00f3 al r\u00edo y pescadores salvaron a una madre y su hija","author":"Alejandro Sosa Ruda","date":"4 abril, 2026","format":false,"excerpt":"El veh\u00edculo rompi\u00f3 la contenci\u00f3n en la costanera porte\u00f1a y termin\u00f3 en el agua. Tres hombres se arrojaron de inmediato y lograron rescatarlas. 04 de abril de 2026 CABA -\u00a0 \u00a0Una escena dram\u00e1tica con final afortunado se vivi\u00f3 en la madrugada de este viernes en la Costanera, cuando una camioneta\u2026","rel":"","context":"En \u00abINTERES GENERAL\u00bb","block_context":{"text":"INTERES GENERAL","link":"https:\/\/larevistadigital.com.ar\/blog\/category\/interes-general\/"},"img":{"alt_text":"","src":"https:\/\/i0.wp.com\/larevistadigital.com.ar\/blog\/wp-content\/uploads\/Captura-de-pantalla-2026-04-04-002830.jpg?fit=802%2C356&ssl=1&resize=350%2C200","width":350,"height":200,"srcset":"https:\/\/i0.wp.com\/larevistadigital.com.ar\/blog\/wp-content\/uploads\/Captura-de-pantalla-2026-04-04-002830.jpg?fit=802%2C356&ssl=1&resize=350%2C200 1x, https:\/\/i0.wp.com\/larevistadigital.com.ar\/blog\/wp-content\/uploads\/Captura-de-pantalla-2026-04-04-002830.jpg?fit=802%2C356&ssl=1&resize=525%2C300 1.5x, https:\/\/i0.wp.com\/larevistadigital.com.ar\/blog\/wp-content\/uploads\/Captura-de-pantalla-2026-04-04-002830.jpg?fit=802%2C356&ssl=1&resize=700%2C400 2x"},"classes":[]},{"id":46564,"url":"https:\/\/larevistadigital.com.ar\/blog\/una-camioneta-y-una-bicicleta-protagonizaron-un-accidente-en-chascomus-una-joven-y-su-hijo-fueron-hospitalizados\/","url_meta":{"origin":28329,"position":2},"title":"Una camioneta y una bicicleta protagonizaron un accidente en Chascom\u00fas: una joven y su hijo fueron hospitalizados","author":"Alejandro Sosa Ruda","date":"15 julio, 2026","format":false,"excerpt":"El siniestro ocurri\u00f3 en la esquina de Machado y Sol\u00eds. Una joven de 19 a\u00f1os que circulaba en bicicleta junto a su hijo de un a\u00f1o fue trasladada al Hospital Municipal para su evaluaci\u00f3n. Ambos presentaban lesiones que, en principio, no revest\u00edan gravedad. 15 de julio de 2026 CHASCOM\u00daS -\u00a0\u2026","rel":"","context":"En \u00abINTERES GENERAL\u00bb","block_context":{"text":"INTERES GENERAL","link":"https:\/\/larevistadigital.com.ar\/blog\/category\/interes-general\/"},"img":{"alt_text":"","src":"https:\/\/i0.wp.com\/larevistadigital.com.ar\/blog\/wp-content\/uploads\/2025_07_11_20_59_46_1212779-1.jpg?fit=600%2C400&ssl=1&resize=350%2C200","width":350,"height":200,"srcset":"https:\/\/i0.wp.com\/larevistadigital.com.ar\/blog\/wp-content\/uploads\/2025_07_11_20_59_46_1212779-1.jpg?fit=600%2C400&ssl=1&resize=350%2C200 1x, https:\/\/i0.wp.com\/larevistadigital.com.ar\/blog\/wp-content\/uploads\/2025_07_11_20_59_46_1212779-1.jpg?fit=600%2C400&ssl=1&resize=525%2C300 1.5x"},"classes":[]},{"id":28820,"url":"https:\/\/larevistadigital.com.ar\/blog\/chascomus-denuncian-robo-de-pertenencias-de-una-camioneta-en-el-estacionamiento-del-local-de-mac-donalds\/","url_meta":{"origin":28329,"position":3},"title":"CHASCOM\u00daS: DENUNCIAN ROBO DE PERTENENCIAS DE UNA CAMIONETA EN EL ESTACIONAMIENTO DEL LOCAL DE MAC DONALDS","author":"Alejandro Sosa Ruda","date":"8 noviembre, 2022","format":false,"excerpt":"Le sustrajeron distintas pertenencias mientras su camioneta estaba estacionada. 7 de noviembre de 2022 CHASCOM\u00daS -\u00a0\u00a0Un hombre fue v\u00edctima de un robo en la playa de estacionamiento del local de Mac Donalds ubicado en la ruta 2. El hecho, ocurri\u00f3 cuando Miguel Stellatelli, de 66 a\u00f1os y oriundo de la\u2026","rel":"","context":"En \u00abINTERES GENERAL\u00bb","block_context":{"text":"INTERES GENERAL","link":"https:\/\/larevistadigital.com.ar\/blog\/category\/interes-general\/"},"img":{"alt_text":"","src":"https:\/\/i0.wp.com\/larevistadigital.com.ar\/blog\/wp-content\/uploads\/ESTACIONAMIENTO-MAC-DONALDS-CHASCOMUS.jpg?fit=800%2C800&ssl=1&resize=350%2C200","width":350,"height":200,"srcset":"https:\/\/i0.wp.com\/larevistadigital.com.ar\/blog\/wp-content\/uploads\/ESTACIONAMIENTO-MAC-DONALDS-CHASCOMUS.jpg?fit=800%2C800&ssl=1&resize=350%2C200 1x, https:\/\/i0.wp.com\/larevistadigital.com.ar\/blog\/wp-content\/uploads\/ESTACIONAMIENTO-MAC-DONALDS-CHASCOMUS.jpg?fit=800%2C800&ssl=1&resize=525%2C300 1.5x, https:\/\/i0.wp.com\/larevistadigital.com.ar\/blog\/wp-content\/uploads\/ESTACIONAMIENTO-MAC-DONALDS-CHASCOMUS.jpg?fit=800%2C800&ssl=1&resize=700%2C400 2x"},"classes":[]},{"id":46583,"url":"https:\/\/larevistadigital.com.ar\/blog\/tragedia-en-la-ruta-2-murio-una-nena-de-10-anos-tras-un-violento-choque\/","url_meta":{"origin":28329,"position":4},"title":"Tragedia en la Ruta 2: muri\u00f3 una nena de 10 a\u00f1os tras un violento choque","author":"Alejandro Sosa Ruda","date":"17 julio, 2026","format":false,"excerpt":"El fatal accidente ocurri\u00f3 en la localidad de El Peligro, partido de La Plata. La menor viajaba junto a su madre cuando el autom\u00f3vil en el que se desplazaban impact\u00f3 contra una camioneta. Los dos conductores resultaron heridos y fueron hospitalizados. 17 de Julio de 2026 BUENOS AIRES -\u00a0 \u00a0Una\u2026","rel":"","context":"En \u00abPOLICIALES\u00bb","block_context":{"text":"POLICIALES","link":"https:\/\/larevistadigital.com.ar\/blog\/category\/policiales\/"},"img":{"alt_text":"","src":"https:\/\/i0.wp.com\/larevistadigital.com.ar\/blog\/wp-content\/uploads\/Captura-de-pantalla-2026-07-17-124547.jpg?fit=799%2C434&ssl=1&resize=350%2C200","width":350,"height":200,"srcset":"https:\/\/i0.wp.com\/larevistadigital.com.ar\/blog\/wp-content\/uploads\/Captura-de-pantalla-2026-07-17-124547.jpg?fit=799%2C434&ssl=1&resize=350%2C200 1x, https:\/\/i0.wp.com\/larevistadigital.com.ar\/blog\/wp-content\/uploads\/Captura-de-pantalla-2026-07-17-124547.jpg?fit=799%2C434&ssl=1&resize=525%2C300 1.5x, https:\/\/i0.wp.com\/larevistadigital.com.ar\/blog\/wp-content\/uploads\/Captura-de-pantalla-2026-07-17-124547.jpg?fit=799%2C434&ssl=1&resize=700%2C400 2x"},"classes":[]},{"id":40934,"url":"https:\/\/larevistadigital.com.ar\/blog\/tragedia-en-chascomus-muere-un-joven-de-20-anos-luego-de-ser-atropellado-en-la-ruta-2\/","url_meta":{"origin":28329,"position":5},"title":"Tragedia en Chascom\u00fas: Muere un joven de 20 a\u00f1os, luego de ser atropellado en la ruta 2","author":"Alejandro Sosa Ruda","date":"15 agosto, 2025","format":false,"excerpt":"El hecho ocurri\u00f3 en el kil\u00f3metro 116, mano a Mar del Plata. La v\u00edctima fue trasladada de urgencia al hospital, pero falleci\u00f3 horas despu\u00e9s. El tr\u00e1nsito estuvo parcialmente interrumpido mientras trabajaban los peritos. 15 de Agosto de 2025 CHASCOM\u00daS\u00a0 -\u00a0 \u00a0Un tr\u00e1gico accidente conmocion\u00f3 la noche del jueves en la\u2026","rel":"","context":"En \u00abDESTACADAS\u00bb","block_context":{"text":"DESTACADAS","link":"https:\/\/larevistadigital.com.ar\/blog\/category\/destacadas\/"},"img":{"alt_text":"","src":"https:\/\/i0.wp.com\/larevistadigital.com.ar\/blog\/wp-content\/uploads\/Screenshot_1-121.jpg?fit=1007%2C565&ssl=1&resize=350%2C200","width":350,"height":200,"srcset":"https:\/\/i0.wp.com\/larevistadigital.com.ar\/blog\/wp-content\/uploads\/Screenshot_1-121.jpg?fit=1007%2C565&ssl=1&resize=350%2C200 1x, https:\/\/i0.wp.com\/larevistadigital.com.ar\/blog\/wp-content\/uploads\/Screenshot_1-121.jpg?fit=1007%2C565&ssl=1&resize=525%2C300 1.5x, https:\/\/i0.wp.com\/larevistadigital.com.ar\/blog\/wp-content\/uploads\/Screenshot_1-121.jpg?fit=1007%2C565&ssl=1&resize=700%2C400 2x"},"classes":[]}],"_links":{"self":[{"href":"https:\/\/larevistadigital.com.ar\/blog\/wp-json\/wp\/v2\/posts\/28329","targetHints":{"allow":["GET"]}}],"collection":[{"href":"https:\/\/larevistadigital.com.ar\/blog\/wp-json\/wp\/v2\/posts"}],"about":[{"href":"https:\/\/larevistadigital.com.ar\/blog\/wp-json\/wp\/v2\/types\/post"}],"author":[{"embeddable":true,"href":"https:\/\/larevistadigital.com.ar\/blog\/wp-json\/wp\/v2\/users\/3"}],"replies":[{"embeddable":true,"href":"https:\/\/larevistadigital.com.ar\/blog\/wp-json\/wp\/v2\/comments?post=28329"}],"version-history":[{"count":1,"href":"https:\/\/larevistadigital.com.ar\/blog\/wp-json\/wp\/v2\/posts\/28329\/revisions"}],"predecessor-version":[{"id":28331,"href":"https:\/\/larevistadigital.com.ar\/blog\/wp-json\/wp\/v2\/posts\/28329\/revisions\/28331"}],"wp:featuredmedia":[{"embeddable":true,"href":"https:\/\/larevistadigital.com.ar\/blog\/wp-json\/wp\/v2\/media\/28330"}],"wp:attachment":[{"href":"https:\/\/larevistadigital.com.ar\/blog\/wp-json\/wp\/v2\/media?parent=28329"}],"wp:term":[{"taxonomy":"category","embeddable":true,"href":"https:\/\/larevistadigital.com.ar\/blog\/wp-json\/wp\/v2\/categories?post=28329"},{"taxonomy":"post_tag","embeddable":true,"href":"https:\/\/larevistadigital.com.ar\/blog\/wp-json\/wp\/v2\/tags?post=28329"}],"curies":[{"name":"wp","href":"https:\/\/api.w.org\/{rel}","templated":true}]}}