{"id":28744,"date":"2022-11-02T14:57:44","date_gmt":"2022-11-02T14:57:44","guid":{"rendered":"https:\/\/larevistadigital.com.ar\/blog\/?p=28744"},"modified":"2022-11-02T14:57:44","modified_gmt":"2022-11-02T14:57:44","slug":"descontrol-total-insulto-a-policias-escapo-en-su-auto-y-fue-detenido-luego-de-chocar-a-un-patrullero","status":"publish","type":"post","link":"https:\/\/larevistadigital.com.ar\/blog\/descontrol-total-insulto-a-policias-escapo-en-su-auto-y-fue-detenido-luego-de-chocar-a-un-patrullero\/","title":{"rendered":"DESCONTROL TOTAL: INSULT\u00d3 A POLIC\u00cdAS, ESCAP\u00d3 EN SU AUTO Y FUE DETENIDO LUEGO DE CHOCAR A UN PATRULLERO"},"content":{"rendered":"<h2>El hombre de 53 a\u00f1os fue atrapado en avenida Constituci\u00f3n y Ricardo Palma. Fue imputado de da\u00f1o y resistencia a la autoridad.<\/h2>\n<p>2 de noviembre de 2022<\/p>\n<p>Un\u00a0<strong>hombre de 53 a\u00f1os<\/strong>\u00a0fue detenido este martes a la tarde despu\u00e9s de una intensa persecuci\u00f3n que termin\u00f3 en la avenida Constituci\u00f3n y Ricardo Palma<strong>\u00a0cuando choc\u00f3 contra un patrullero.<\/strong><\/p>\n<p>El caso comenz\u00f3 cerca de las 15 cuando el hombre de 53 a\u00f1os,\u00a0<strong>por motivos que est\u00e1n siendo investigados<\/strong>,\u00a0 molestaba a personas que se encontraban en el Juzgado Federal ubicado en Bol\u00edvar y Mendoza. Ante esta situaci\u00f3n, las v\u00edctimas llamaron al 911 y poco despu\u00e9s polic\u00edas de la subcomisar\u00eda Casino llegaron al lugar. Al ver a los efectivos, el hombre no par\u00f3 con las agresiones: fuera de control,\u00a0<strong>los empez\u00f3 a insultar y se neg\u00f3 a ser identificado.<\/strong><\/p>\n<p>Antes de ser detenido, el agresor se subi\u00f3 con rapidez a su auto Subaru gris y se escap\u00f3, lo que desat\u00f3 una intensa\u00a0persecuci\u00f3n por las calles de la ciudad que termin\u00f3 en\u00a0<strong>avenida Constituci\u00f3n y Ricardo Palma<\/strong>\u00a0cuando polic\u00edas de la comisar\u00eda segunda lograron alcanzar al hombre y le cruzaron el patrullero: el pr\u00f3fugo no pudo esquivarlo y choc\u00f3 por detr\u00e1s al m\u00f3vil policial y, a su vez, otro patrullero de la comisar\u00eda primera que se encontraba detr\u00e1s no logr\u00f3 frenar e impact\u00f3 tambi\u00e9n con el Subaru.<\/p>\n<p>Al final, el agresor fue detenido y el caso qued\u00f3 a cargo del fiscal de Flagrancia, Gast\u00f3n De Marco,\u00a0<strong>quien lo imput\u00f3 por resistencia a la autoridad y da\u00f1o.<\/strong><\/p>\n","protected":false},"excerpt":{"rendered":"<div class=\"mh-excerpt\"><p>El hombre de 53 a\u00f1os fue atrapado en avenida Constituci\u00f3n y Ricardo Palma. Fue imputado de da\u00f1o y resistencia a la autoridad. 2 de noviembre de 2022 Un\u00a0hombre de 53 a\u00f1os\u00a0fue detenido este martes a <a class=\"mh-excerpt-more\" href=\"https:\/\/larevistadigital.com.ar\/blog\/descontrol-total-insulto-a-policias-escapo-en-su-auto-y-fue-detenido-luego-de-chocar-a-un-patrullero\/\" title=\"DESCONTROL TOTAL: INSULT\u00d3 A POLIC\u00cdAS, ESCAP\u00d3 EN SU AUTO Y FUE DETENIDO LUEGO DE CHOCAR A UN PATRULLERO\">[Leer M\u00e1s]<\/a><\/p>\n<\/div>","protected":false},"author":3,"featured_media":28745,"comment_status":"open","ping_status":"open","sticky":false,"template":"","format":"standard","meta":{"_jetpack_memberships_contains_paid_content":false,"footnotes":"","jetpack_publicize_message":"","jetpack_publicize_feature_enabled":true,"jetpack_social_post_already_shared":true,"jetpack_social_options":{"image_generator_settings":{"template":"highway","default_image_id":0,"font":"","enabled":false},"version":2}},"categories":[44,51],"tags":[],"class_list":{"0":"post-28744","1":"post","2":"type-post","3":"status-publish","4":"format-standard","5":"has-post-thumbnail","7":"category-policiales","8":"category-regionales"},"jetpack_publicize_connections":[],"jetpack_featured_media_url":"https:\/\/i0.wp.com\/larevistadigital.com.ar\/blog\/wp-content\/uploads\/Captura-de-pantalla-2022-11-02-115549.png?fit=808%2C392&ssl=1","jetpack_sharing_enabled":true,"jetpack_shortlink":"https:\/\/wp.me\/p8qtrQ-7tC","jetpack-related-posts":[{"id":16935,"url":"https:\/\/larevistadigital.com.ar\/blog\/mar-del-plata-detienen-a-un-hombre-que-robaba-en-los-semaforos\/","url_meta":{"origin":28744,"position":0},"title":"MAR DEL PLATA: DETIENEN A UN HOMBRE QUE ROBABA EN LOS SEM\u00c1FOROS","author":"Alejandro Sosa Ruda","date":"13 octubre, 2020","format":false,"excerpt":"Tiene 28 a\u00f1os y cuenta con diferentes antecedentes de hurto y encubrimiento. Fue detenido en la esquina de la avenida Jara y Belgrano. Un\u00a0hombre de 28 a\u00f1os\u00a0acusado de intentar robar a un automovilista en la esquina de la avenida Jara y Belgrano fue detenido el domingo por la tarde. La\u2026","rel":"","context":"En \u00abREGIONALES\u00bb","block_context":{"text":"REGIONALES","link":"https:\/\/larevistadigital.com.ar\/blog\/category\/regionales\/"},"img":{"alt_text":"","src":"https:\/\/i0.wp.com\/larevistadigital.com.ar\/blog\/wp-content\/uploads\/Screenshot_2-109.jpg?fit=1009%2C668&ssl=1&resize=350%2C200","width":350,"height":200,"srcset":"https:\/\/i0.wp.com\/larevistadigital.com.ar\/blog\/wp-content\/uploads\/Screenshot_2-109.jpg?fit=1009%2C668&ssl=1&resize=350%2C200 1x, https:\/\/i0.wp.com\/larevistadigital.com.ar\/blog\/wp-content\/uploads\/Screenshot_2-109.jpg?fit=1009%2C668&ssl=1&resize=525%2C300 1.5x, https:\/\/i0.wp.com\/larevistadigital.com.ar\/blog\/wp-content\/uploads\/Screenshot_2-109.jpg?fit=1009%2C668&ssl=1&resize=700%2C400 2x"},"classes":[]},{"id":15225,"url":"https:\/\/larevistadigital.com.ar\/blog\/sangriento-sorprenden-a-escribano-cuando-arrojaba-una-valija-con-un-cuerpo-descuartizado-al-rio\/","url_meta":{"origin":28744,"position":1},"title":"SANGRIENTO: SORPRENDEN A ESCRIBANO CUANDO ARROJABA UNA VALIJA CON UN CUERPO DESCUARTIZADO AL R\u00cdO","author":"Alejandro Sosa Ruda","date":"14 mayo, 2020","format":false,"excerpt":"El profesional tiene 56 a\u00f1os y es de Mor\u00f3n. A los polic\u00edas les confes\u00f3 el crimen. Dijo que mat\u00f3 a un hombre de 42 a\u00f1os porque lo encontr\u00f3 robando en su oficina. En poder del presunto asesino encontraron 20.700 d\u00f3lares Un escribano del partido de Mor\u00f3n fue detenido cuando descartaba\u2026","rel":"","context":"En \u00abINTERES GENERAL\u00bb","block_context":{"text":"INTERES GENERAL","link":"https:\/\/larevistadigital.com.ar\/blog\/category\/interes-general\/"},"img":{"alt_text":"","src":"https:\/\/i0.wp.com\/larevistadigital.com.ar\/blog\/wp-content\/uploads\/20200514094754_aaa.jpg?fit=887%2C554&ssl=1&resize=350%2C200","width":350,"height":200,"srcset":"https:\/\/i0.wp.com\/larevistadigital.com.ar\/blog\/wp-content\/uploads\/20200514094754_aaa.jpg?fit=887%2C554&ssl=1&resize=350%2C200 1x, https:\/\/i0.wp.com\/larevistadigital.com.ar\/blog\/wp-content\/uploads\/20200514094754_aaa.jpg?fit=887%2C554&ssl=1&resize=525%2C300 1.5x, https:\/\/i0.wp.com\/larevistadigital.com.ar\/blog\/wp-content\/uploads\/20200514094754_aaa.jpg?fit=887%2C554&ssl=1&resize=700%2C400 2x"},"classes":[]},{"id":26464,"url":"https:\/\/larevistadigital.com.ar\/blog\/mar-del-plata-fue-detenido-por-dispararle-en-la-cara-a-su-ex-pareja\/","url_meta":{"origin":28744,"position":2},"title":"MAR DEL PLATA: FUE DETENIDO POR DISPARARLE EN LA CARA A SU EX PAREJA","author":"Alejandro Sosa Ruda","date":"11 julio, 2022","format":false,"excerpt":"Ocurri\u00f3 el domingo a la noche en Avenida Jacinto Peralta Ramos y Puan. La v\u00edctima tiene 36 a\u00f1os y qued\u00f3 internada en el Hospital Interzonal, mientras que el agresor, de 75, fue imputado por \"homicidio en grado de tentativa\". MAR DEL PLATA -\u00a0 Un hombre de 75 a\u00f1os\u00a0fue detenido el\u2026","rel":"","context":"En \u00abPOLICIALES\u00bb","block_context":{"text":"POLICIALES","link":"https:\/\/larevistadigital.com.ar\/blog\/category\/policiales\/"},"img":{"alt_text":"","src":"https:\/\/i0.wp.com\/larevistadigital.com.ar\/blog\/wp-content\/uploads\/Captura-de-pantalla-2022-07-11-114528.png?fit=618%2C455&ssl=1&resize=350%2C200","width":350,"height":200,"srcset":"https:\/\/i0.wp.com\/larevistadigital.com.ar\/blog\/wp-content\/uploads\/Captura-de-pantalla-2022-07-11-114528.png?fit=618%2C455&ssl=1&resize=350%2C200 1x, https:\/\/i0.wp.com\/larevistadigital.com.ar\/blog\/wp-content\/uploads\/Captura-de-pantalla-2022-07-11-114528.png?fit=618%2C455&ssl=1&resize=525%2C300 1.5x"},"classes":[]},{"id":32189,"url":"https:\/\/larevistadigital.com.ar\/blog\/balcarce-aberrante-un-hombre-fue-detenido-por-violar-y-embarazar-a-su-hija-de-11-anos\/","url_meta":{"origin":28744,"position":3},"title":"BALCARCE: ABERRANTE. UN HOMBRE FUE DETENIDO POR VIOLAR Y EMBARAZAR A SU HIJA DE 11 A\u00d1OS","author":"Alejandro Sosa Ruda","date":"30 junio, 2023","format":false,"excerpt":"El caso sali\u00f3 a la luz cuando la ni\u00f1a se anim\u00f3 a contarle a la maestra de la escuela sobre el hecho pero sin mencionar qui\u00e9n hab\u00eda sido. Inmediatamente, las autoridades del establecimiento educativo radicaron la denuncia penal. 30 de junio de 2023 BALCARCE -\u00a0 Un hombre de 41 a\u00f1os\u2026","rel":"","context":"En \u00abPOLICIALES\u00bb","block_context":{"text":"POLICIALES","link":"https:\/\/larevistadigital.com.ar\/blog\/category\/policiales\/"},"img":{"alt_text":"","src":"https:\/\/i0.wp.com\/larevistadigital.com.ar\/blog\/wp-content\/uploads\/20230630172907_balcarce-hijaaa.jpg?fit=880%2C512&ssl=1&resize=350%2C200","width":350,"height":200,"srcset":"https:\/\/i0.wp.com\/larevistadigital.com.ar\/blog\/wp-content\/uploads\/20230630172907_balcarce-hijaaa.jpg?fit=880%2C512&ssl=1&resize=350%2C200 1x, https:\/\/i0.wp.com\/larevistadigital.com.ar\/blog\/wp-content\/uploads\/20230630172907_balcarce-hijaaa.jpg?fit=880%2C512&ssl=1&resize=525%2C300 1.5x, https:\/\/i0.wp.com\/larevistadigital.com.ar\/blog\/wp-content\/uploads\/20230630172907_balcarce-hijaaa.jpg?fit=880%2C512&ssl=1&resize=700%2C400 2x"},"classes":[]},{"id":45401,"url":"https:\/\/larevistadigital.com.ar\/blog\/chascomus-ataco-a-policias-con-un-palo-tras-negarse-a-ser-identificado-y-termino-detenido\/","url_meta":{"origin":28744,"position":4},"title":"Chascom\u00fas: atac\u00f3 a polic\u00edas con un palo tras negarse a ser identificado y termin\u00f3 detenido","author":"Alejandro Sosa Ruda","date":"29 abril, 2026","format":false,"excerpt":"El hecho ocurri\u00f3 sobre Ruta 2, cerca del barrio San Cayetano. El hombre fue aprehendido por lesiones y resistencia a la autoridad. 29 de abril de 2026 CHASCOM\u00daS -\u00a0 \u00a0 Un violento episodio se registr\u00f3 en Chascom\u00fas cuando un hombre fue detenido tras agredir a efectivos policiales que intentaban identificarlo\u2026","rel":"","context":"En \u00abCHASCOM\u00daS\u00bb","block_context":{"text":"CHASCOM\u00daS","link":"https:\/\/larevistadigital.com.ar\/blog\/category\/chascomus\/"},"img":{"alt_text":"","src":"https:\/\/i0.wp.com\/larevistadigital.com.ar\/blog\/wp-content\/uploads\/1620734311775.jpg?fit=1200%2C777&ssl=1&resize=350%2C200","width":350,"height":200,"srcset":"https:\/\/i0.wp.com\/larevistadigital.com.ar\/blog\/wp-content\/uploads\/1620734311775.jpg?fit=1200%2C777&ssl=1&resize=350%2C200 1x, https:\/\/i0.wp.com\/larevistadigital.com.ar\/blog\/wp-content\/uploads\/1620734311775.jpg?fit=1200%2C777&ssl=1&resize=525%2C300 1.5x, https:\/\/i0.wp.com\/larevistadigital.com.ar\/blog\/wp-content\/uploads\/1620734311775.jpg?fit=1200%2C777&ssl=1&resize=700%2C400 2x, https:\/\/i0.wp.com\/larevistadigital.com.ar\/blog\/wp-content\/uploads\/1620734311775.jpg?fit=1200%2C777&ssl=1&resize=1050%2C600 3x"},"classes":[]},{"id":22203,"url":"https:\/\/larevistadigital.com.ar\/blog\/dos-patrulleros-chocaron-persiguiendo-a-un-ladron-y-4-policias-resultaron-heridos\/","url_meta":{"origin":28744,"position":5},"title":"DOS PATRULLEROS CHOCARON PERSIGUIENDO A UN LADR\u00d3N, Y 4 POLIC\u00cdAS RESULTARON HERIDOS","author":"Alejandro Sosa Ruda","date":"30 septiembre, 2021","format":false,"excerpt":"El hecho se origin\u00f3 a partir del robo de una camioneta Jos\u00e9 C. Paz. En el intento de fuga, el delincuente embisti\u00f3 a los m\u00f3viles que lo persegu\u00edan. Finalmente, el ladr\u00f3n fue detenido. Como consecuencia de los choques, cuatro polic\u00edas sufrieron heridas de diversa consideraci\u00f3n y fueron trasladados al hospital\u2026","rel":"","context":"En \u00abPOLICIALES\u00bb","block_context":{"text":"POLICIALES","link":"https:\/\/larevistadigital.com.ar\/blog\/category\/policiales\/"},"img":{"alt_text":"","src":"https:\/\/i0.wp.com\/larevistadigital.com.ar\/blog\/wp-content\/uploads\/Captura-de-pantalla-2021-09-30-203233.jpg?fit=982%2C573&ssl=1&resize=350%2C200","width":350,"height":200,"srcset":"https:\/\/i0.wp.com\/larevistadigital.com.ar\/blog\/wp-content\/uploads\/Captura-de-pantalla-2021-09-30-203233.jpg?fit=982%2C573&ssl=1&resize=350%2C200 1x, https:\/\/i0.wp.com\/larevistadigital.com.ar\/blog\/wp-content\/uploads\/Captura-de-pantalla-2021-09-30-203233.jpg?fit=982%2C573&ssl=1&resize=525%2C300 1.5x, https:\/\/i0.wp.com\/larevistadigital.com.ar\/blog\/wp-content\/uploads\/Captura-de-pantalla-2021-09-30-203233.jpg?fit=982%2C573&ssl=1&resize=700%2C400 2x"},"classes":[]}],"_links":{"self":[{"href":"https:\/\/larevistadigital.com.ar\/blog\/wp-json\/wp\/v2\/posts\/28744","targetHints":{"allow":["GET"]}}],"collection":[{"href":"https:\/\/larevistadigital.com.ar\/blog\/wp-json\/wp\/v2\/posts"}],"about":[{"href":"https:\/\/larevistadigital.com.ar\/blog\/wp-json\/wp\/v2\/types\/post"}],"author":[{"embeddable":true,"href":"https:\/\/larevistadigital.com.ar\/blog\/wp-json\/wp\/v2\/users\/3"}],"replies":[{"embeddable":true,"href":"https:\/\/larevistadigital.com.ar\/blog\/wp-json\/wp\/v2\/comments?post=28744"}],"version-history":[{"count":1,"href":"https:\/\/larevistadigital.com.ar\/blog\/wp-json\/wp\/v2\/posts\/28744\/revisions"}],"predecessor-version":[{"id":28746,"href":"https:\/\/larevistadigital.com.ar\/blog\/wp-json\/wp\/v2\/posts\/28744\/revisions\/28746"}],"wp:featuredmedia":[{"embeddable":true,"href":"https:\/\/larevistadigital.com.ar\/blog\/wp-json\/wp\/v2\/media\/28745"}],"wp:attachment":[{"href":"https:\/\/larevistadigital.com.ar\/blog\/wp-json\/wp\/v2\/media?parent=28744"}],"wp:term":[{"taxonomy":"category","embeddable":true,"href":"https:\/\/larevistadigital.com.ar\/blog\/wp-json\/wp\/v2\/categories?post=28744"},{"taxonomy":"post_tag","embeddable":true,"href":"https:\/\/larevistadigital.com.ar\/blog\/wp-json\/wp\/v2\/tags?post=28744"}],"curies":[{"name":"wp","href":"https:\/\/api.w.org\/{rel}","templated":true}]}}